{"id":14681,"date":"2021-05-07T09:04:21","date_gmt":"2021-05-07T08:04:21","guid":{"rendered":"https:\/\/www.santapola.es\/?p=14681"},"modified":"2024-03-07T18:39:39","modified_gmt":"2024-03-07T17:39:39","slug":"santa-pola-se-une-a-la-celebracion-del-dia-internacional-de-los-museos-2021","status":"publish","type":"post","link":"https:\/\/santapola.es\/ca\/santa-pola-se-une-a-la-celebracion-del-dia-internacional-de-los-museos-2021\/","title":{"rendered":"Santa Pola se une a la celebraci\u00f3n del D\u00eda Internacional de los Museos 2021"},"content":{"rendered":"<p style=\"text-align: justify;\">Convocada por el ICOM bajo el lema \u201cEl futuro de los museos: recuperar y reimaginar\u201c, el Museo del Mar de Santa Pola con la colaboraci\u00f3n de Turismo, se une a la celebraci\u00f3n del #DIM2021 (D\u00eda Internacional de los Museos) el pr\u00f3ximo 18 de mayo, para lo que se llevar\u00e1n a cabo distintas actividades alrededor de esta fecha.<\/p>\n<p style=\"text-align: justify;\">El tema de este a\u00f1o invita a todos los museos del mundo y sus comunidades a crear, imaginar y compartir nuevas pr\u00e1cticas de (co)creaci\u00f3n de valor, nuevos modelos de negocio para las instituciones culturales y soluciones innovadoras para los retos sociales, econ\u00f3micos y medioambientales del presente. En este sentido, la propuesta de este a\u00f1o apuesta por la incorporaci\u00f3n de las nuevas tecnolog\u00edas a la interpretaci\u00f3n y divulgaci\u00f3n del patrimonio local.<\/p>\n<p><strong>ACTIVIDADES PROGRAMADAS<\/strong><\/p>\n<p style=\"text-align: justify;\">14 de mayo 11.00 h.<\/p>\n<p style=\"text-align: justify;\">Visita guiada al Museo del Mar, sede central en el Castillo Fortaleza y salas exteriores Museo al Aire Libre Portus Ilicitanus con Realidad Aumentada. En esta visita podr\u00e1s conocer de primera mano la actuaci\u00f3n desarrollada gracias al proyecto FEDER Puesta en Valor del Portus Ilicitanus.<\/p>\n<p style=\"text-align: justify;\">Inscripciones: <a href=\"https:\/\/bit.ly\/2Scbxkv\" target=\"_blank\" rel=\"noopener\">https:\/\/bit.ly\/2Scbxkv\u00a0<\/a><\/p>\n<p style=\"text-align: justify;\"><strong>18 de mayo 19.00 h.<\/strong><\/p>\n<p style=\"text-align: justify;\">Inauguraci\u00f3n virtual de la primera exposici\u00f3n exclusivamente virtual celebrada por el Museo del Mar. La Mirada Consciente por Rodenas Cerd\u00e1 es el resultado de la importante donaci\u00f3n realizada por el artista al Museo y ser\u00e1 accesible virtualmente en la web del Museo del Mar.<\/p>\n<p style=\"text-align: justify;\"><strong>23 de mayo 11.00 h.<\/strong><\/p>\n<p style=\"text-align: justify;\">Visita guiada al Museo del Mar, sede central en el Castillo Fortaleza y salas exteriores Museo al Aire Libre Portus Ilicitanus con Realidad Aumentada. En esta visita podr\u00e1s conocer de primera mano la actuaci\u00f3n desarrollada gracias al proyecto FEDER Puesta en Valor del Portus Ilicitanus.<\/p>\n<p style=\"text-align: justify;\">Inscripciones: <a href=\"https:\/\/bit.ly\/3tiLFAd\" target=\"_blank\" rel=\"noopener\">https:\/\/bit.ly\/3tiLFAd<\/a><\/p>\n<p style=\"text-align: center;\"><a href=\"https:\/\/museodelmarsantapola.com\/\" target=\"_blank\" rel=\"noopener\"><strong>www.museodelmarsantapola.com\u00a0<\/strong><\/a><\/p>\n<p><img loading=\"lazy\" decoding=\"async\" class=\"aligncenter wp-image-14683 size-large\" src=\"https:\/\/santapola.es\/wp-content\/uploads\/2021\/05\/dim2021_museodelmarsantapola_ok-819x1024.png\" alt=\"\" width=\"819\" height=\"1024\" srcset=\"https:\/\/santapola.es\/wp-content\/uploads\/2021\/05\/dim2021_museodelmarsantapola_ok-819x1024.png 819w, https:\/\/santapola.es\/wp-content\/uploads\/2021\/05\/dim2021_museodelmarsantapola_ok-240x300.png 240w, https:\/\/santapola.es\/wp-content\/uploads\/2021\/05\/dim2021_museodelmarsantapola_ok-768x960.png 768w, https:\/\/santapola.es\/wp-content\/uploads\/2021\/05\/dim2021_museodelmarsantapola_ok-610x763.png 610w, https:\/\/santapola.es\/wp-content\/uploads\/2021\/05\/dim2021_museodelmarsantapola_ok.png 1080w\" sizes=\"(max-width: 819px) 100vw, 819px\" \/><\/p>\n","protected":false},"excerpt":{"rendered":"<p>Convocada por el ICOM bajo el lema \u201cEl futuro de los museos: recuperar y reimaginar\u201c, el Museo del Mar de Santa Pola con la colaboraci\u00f3n de Turismo, se une a la celebraci\u00f3n del #DIM2021 (D\u00eda Internacional de los Museos) el pr\u00f3ximo 18 de mayo, para lo que se llevar\u00e1n a cabo distintas actividades alrededor de [&hellip;]<\/p>\n","protected":false},"author":99,"featured_media":0,"comment_status":"closed","ping_status":"closed","sticky":false,"template":"","format":"standard","meta":{"_et_pb_use_builder":"","_et_pb_old_content":"","_et_gb_content_width":"","footnotes":""},"categories":[51,66,406],"tags":[],"class_list":["post-14681","post","type-post","status-publish","format-standard","hentry","category-cultura-fiestas","category-inicio","category-sin-categorizar-2"],"yoast_head":"<!-- This site is optimized with the Yoast SEO plugin v27.4 - https:\/\/yoast.com\/product\/yoast-seo-wordpress\/ -->\n<title>Santa Pola se une a la celebraci\u00f3n del D\u00eda Internacional de los Museos 2021 - Ajuntament de Santa Pola<\/title>\n<meta name=\"robots\" content=\"index, follow, max-snippet:-1, max-image-preview:large, max-video-preview:-1\" \/>\n<link rel=\"canonical\" href=\"https:\/\/santapola.es\/ca\/santa-pola-se-une-a-la-celebracion-del-dia-internacional-de-los-museos-2021\/\" \/>\n<meta property=\"og:locale\" content=\"ca_ES\" \/>\n<meta property=\"og:type\" content=\"article\" \/>\n<meta property=\"og:title\" content=\"Santa Pola se une a la celebraci\u00f3n del D\u00eda Internacional de los Museos 2021 - Ajuntament de Santa Pola\" \/>\n<meta property=\"og:description\" content=\"Convocada por el ICOM bajo el lema \u201cEl futuro de los museos: recuperar y reimaginar\u201c, el Museo del Mar de Santa Pola con la colaboraci\u00f3n de Turismo, se une a la celebraci\u00f3n del #DIM2021 (D\u00eda Internacional de los Museos) el pr\u00f3ximo 18 de mayo, para lo que se llevar\u00e1n a cabo distintas actividades alrededor de [&hellip;]\" \/>\n<meta property=\"og:url\" content=\"https:\/\/santapola.es\/ca\/santa-pola-se-une-a-la-celebracion-del-dia-internacional-de-los-museos-2021\/\" \/>\n<meta property=\"og:site_name\" content=\"Ajuntament de Santa Pola\" \/>\n<meta property=\"article:publisher\" content=\"https:\/\/www.facebook.com\/AyuntamientoSantaPola\/\" \/>\n<meta property=\"article:published_time\" content=\"2021-05-07T08:04:21+00:00\" \/>\n<meta property=\"article:modified_time\" content=\"2024-03-07T17:39:39+00:00\" \/>\n<meta property=\"og:image\" content=\"https:\/\/santapola.es\/wp-content\/uploads\/2021\/05\/dim2021_museodelmarsantapola_ok-819x1024.png\" \/>\n<meta name=\"author\" content=\"Usuario Gen\u00e9rico Web\" \/>\n<meta name=\"twitter:card\" content=\"summary_large_image\" \/>\n<meta name=\"twitter:creator\" content=\"@SantaPolaAyunt\" \/>\n<meta name=\"twitter:site\" content=\"@SantaPolaAyunt\" \/>\n<script type=\"application\/ld+json\" class=\"yoast-schema-graph\">{\"@context\":\"https:\\\/\\\/schema.org\",\"@graph\":[{\"@type\":\"Article\",\"@id\":\"https:\\\/\\\/santapola.es\\\/ca\\\/santa-pola-se-une-a-la-celebracion-del-dia-internacional-de-los-museos-2021\\\/#article\",\"isPartOf\":{\"@id\":\"https:\\\/\\\/santapola.es\\\/ca\\\/santa-pola-se-une-a-la-celebracion-del-dia-internacional-de-los-museos-2021\\\/\"},\"author\":{\"name\":\"Usuario Gen\u00e9rico Web\",\"@id\":\"https:\\\/\\\/santapola.es\\\/ca\\\/#\\\/schema\\\/person\\\/5c898695593fabd93215e23620b3a9d1\"},\"headline\":\"Santa Pola se une a la celebraci\u00f3n del D\u00eda Internacional de los Museos 2021\",\"datePublished\":\"2021-05-07T08:04:21+00:00\",\"dateModified\":\"2024-03-07T17:39:39+00:00\",\"mainEntityOfPage\":{\"@id\":\"https:\\\/\\\/santapola.es\\\/ca\\\/santa-pola-se-une-a-la-celebracion-del-dia-internacional-de-los-museos-2021\\\/\"},\"wordCount\":321,\"image\":{\"@id\":\"https:\\\/\\\/santapola.es\\\/ca\\\/santa-pola-se-une-a-la-celebracion-del-dia-internacional-de-los-museos-2021\\\/#primaryimage\"},\"thumbnailUrl\":\"https:\\\/\\\/santapola.es\\\/wp-content\\\/uploads\\\/2021\\\/05\\\/dim2021_museodelmarsantapola_ok-819x1024.png\",\"articleSection\":[\"Cultura\\\/ Fiestas\",\"Inicio\",\"Sin categorizar\"],\"inLanguage\":\"ca\"},{\"@type\":\"WebPage\",\"@id\":\"https:\\\/\\\/santapola.es\\\/ca\\\/santa-pola-se-une-a-la-celebracion-del-dia-internacional-de-los-museos-2021\\\/\",\"url\":\"https:\\\/\\\/santapola.es\\\/ca\\\/santa-pola-se-une-a-la-celebracion-del-dia-internacional-de-los-museos-2021\\\/\",\"name\":\"Santa Pola se une a la celebraci\u00f3n del D\u00eda Internacional de los Museos 2021 - Ajuntament de Santa Pola\",\"isPartOf\":{\"@id\":\"https:\\\/\\\/santapola.es\\\/ca\\\/#website\"},\"primaryImageOfPage\":{\"@id\":\"https:\\\/\\\/santapola.es\\\/ca\\\/santa-pola-se-une-a-la-celebracion-del-dia-internacional-de-los-museos-2021\\\/#primaryimage\"},\"image\":{\"@id\":\"https:\\\/\\\/santapola.es\\\/ca\\\/santa-pola-se-une-a-la-celebracion-del-dia-internacional-de-los-museos-2021\\\/#primaryimage\"},\"thumbnailUrl\":\"https:\\\/\\\/santapola.es\\\/wp-content\\\/uploads\\\/2021\\\/05\\\/dim2021_museodelmarsantapola_ok-819x1024.png\",\"datePublished\":\"2021-05-07T08:04:21+00:00\",\"dateModified\":\"2024-03-07T17:39:39+00:00\",\"author\":{\"@id\":\"https:\\\/\\\/santapola.es\\\/ca\\\/#\\\/schema\\\/person\\\/5c898695593fabd93215e23620b3a9d1\"},\"breadcrumb\":{\"@id\":\"https:\\\/\\\/santapola.es\\\/ca\\\/santa-pola-se-une-a-la-celebracion-del-dia-internacional-de-los-museos-2021\\\/#breadcrumb\"},\"inLanguage\":\"ca\",\"potentialAction\":[{\"@type\":\"ReadAction\",\"target\":[\"https:\\\/\\\/santapola.es\\\/ca\\\/santa-pola-se-une-a-la-celebracion-del-dia-internacional-de-los-museos-2021\\\/\"]}]},{\"@type\":\"ImageObject\",\"inLanguage\":\"ca\",\"@id\":\"https:\\\/\\\/santapola.es\\\/ca\\\/santa-pola-se-une-a-la-celebracion-del-dia-internacional-de-los-museos-2021\\\/#primaryimage\",\"url\":\"https:\\\/\\\/santapola.es\\\/wp-content\\\/uploads\\\/2021\\\/05\\\/dim2021_museodelmarsantapola_ok-819x1024.png\",\"contentUrl\":\"https:\\\/\\\/santapola.es\\\/wp-content\\\/uploads\\\/2021\\\/05\\\/dim2021_museodelmarsantapola_ok-819x1024.png\"},{\"@type\":\"BreadcrumbList\",\"@id\":\"https:\\\/\\\/santapola.es\\\/ca\\\/santa-pola-se-une-a-la-celebracion-del-dia-internacional-de-los-museos-2021\\\/#breadcrumb\",\"itemListElement\":[{\"@type\":\"ListItem\",\"position\":1,\"name\":\"Inici\",\"item\":\"https:\\\/\\\/santapola.es\\\/ca\\\/\"},{\"@type\":\"ListItem\",\"position\":2,\"name\":\"Santa Pola se une a la celebraci\u00f3n del D\u00eda Internacional de los Museos 2021\"}]},{\"@type\":\"WebSite\",\"@id\":\"https:\\\/\\\/santapola.es\\\/ca\\\/#website\",\"url\":\"https:\\\/\\\/santapola.es\\\/ca\\\/\",\"name\":\"Ayuntamiento de Santa Pola\",\"description\":\"Web de l'Ajuntament de Santa Pola\",\"potentialAction\":[{\"@type\":\"SearchAction\",\"target\":{\"@type\":\"EntryPoint\",\"urlTemplate\":\"https:\\\/\\\/santapola.es\\\/ca\\\/?s={search_term_string}\"},\"query-input\":{\"@type\":\"PropertyValueSpecification\",\"valueRequired\":true,\"valueName\":\"search_term_string\"}}],\"inLanguage\":\"ca\"},{\"@type\":\"Person\",\"@id\":\"https:\\\/\\\/santapola.es\\\/ca\\\/#\\\/schema\\\/person\\\/5c898695593fabd93215e23620b3a9d1\",\"name\":\"Usuario Gen\u00e9rico Web\"}]}<\/script>\n<!-- \/ Yoast SEO plugin. -->","yoast_head_json":{"title":"Santa Pola se une a la celebraci\u00f3n del D\u00eda Internacional de los Museos 2021 - Ajuntament de Santa Pola","robots":{"index":"index","follow":"follow","max-snippet":"max-snippet:-1","max-image-preview":"max-image-preview:large","max-video-preview":"max-video-preview:-1"},"canonical":"https:\/\/santapola.es\/ca\/santa-pola-se-une-a-la-celebracion-del-dia-internacional-de-los-museos-2021\/","og_locale":"ca_ES","og_type":"article","og_title":"Santa Pola se une a la celebraci\u00f3n del D\u00eda Internacional de los Museos 2021 - Ajuntament de Santa Pola","og_description":"Convocada por el ICOM bajo el lema \u201cEl futuro de los museos: recuperar y reimaginar\u201c, el Museo del Mar de Santa Pola con la colaboraci\u00f3n de Turismo, se une a la celebraci\u00f3n del #DIM2021 (D\u00eda Internacional de los Museos) el pr\u00f3ximo 18 de mayo, para lo que se llevar\u00e1n a cabo distintas actividades alrededor de [&hellip;]","og_url":"https:\/\/santapola.es\/ca\/santa-pola-se-une-a-la-celebracion-del-dia-internacional-de-los-museos-2021\/","og_site_name":"Ajuntament de Santa Pola","article_publisher":"https:\/\/www.facebook.com\/AyuntamientoSantaPola\/","article_published_time":"2021-05-07T08:04:21+00:00","article_modified_time":"2024-03-07T17:39:39+00:00","og_image":[{"url":"https:\/\/santapola.es\/wp-content\/uploads\/2021\/05\/dim2021_museodelmarsantapola_ok-819x1024.png","type":"","width":"","height":""}],"author":"Usuario Gen\u00e9rico Web","twitter_card":"summary_large_image","twitter_creator":"@SantaPolaAyunt","twitter_site":"@SantaPolaAyunt","schema":{"@context":"https:\/\/schema.org","@graph":[{"@type":"Article","@id":"https:\/\/santapola.es\/ca\/santa-pola-se-une-a-la-celebracion-del-dia-internacional-de-los-museos-2021\/#article","isPartOf":{"@id":"https:\/\/santapola.es\/ca\/santa-pola-se-une-a-la-celebracion-del-dia-internacional-de-los-museos-2021\/"},"author":{"name":"Usuario Gen\u00e9rico Web","@id":"https:\/\/santapola.es\/ca\/#\/schema\/person\/5c898695593fabd93215e23620b3a9d1"},"headline":"Santa Pola se une a la celebraci\u00f3n del D\u00eda Internacional de los Museos 2021","datePublished":"2021-05-07T08:04:21+00:00","dateModified":"2024-03-07T17:39:39+00:00","mainEntityOfPage":{"@id":"https:\/\/santapola.es\/ca\/santa-pola-se-une-a-la-celebracion-del-dia-internacional-de-los-museos-2021\/"},"wordCount":321,"image":{"@id":"https:\/\/santapola.es\/ca\/santa-pola-se-une-a-la-celebracion-del-dia-internacional-de-los-museos-2021\/#primaryimage"},"thumbnailUrl":"https:\/\/santapola.es\/wp-content\/uploads\/2021\/05\/dim2021_museodelmarsantapola_ok-819x1024.png","articleSection":["Cultura\/ Fiestas","Inicio","Sin categorizar"],"inLanguage":"ca"},{"@type":"WebPage","@id":"https:\/\/santapola.es\/ca\/santa-pola-se-une-a-la-celebracion-del-dia-internacional-de-los-museos-2021\/","url":"https:\/\/santapola.es\/ca\/santa-pola-se-une-a-la-celebracion-del-dia-internacional-de-los-museos-2021\/","name":"Santa Pola se une a la celebraci\u00f3n del D\u00eda Internacional de los Museos 2021 - Ajuntament de Santa Pola","isPartOf":{"@id":"https:\/\/santapola.es\/ca\/#website"},"primaryImageOfPage":{"@id":"https:\/\/santapola.es\/ca\/santa-pola-se-une-a-la-celebracion-del-dia-internacional-de-los-museos-2021\/#primaryimage"},"image":{"@id":"https:\/\/santapola.es\/ca\/santa-pola-se-une-a-la-celebracion-del-dia-internacional-de-los-museos-2021\/#primaryimage"},"thumbnailUrl":"https:\/\/santapola.es\/wp-content\/uploads\/2021\/05\/dim2021_museodelmarsantapola_ok-819x1024.png","datePublished":"2021-05-07T08:04:21+00:00","dateModified":"2024-03-07T17:39:39+00:00","author":{"@id":"https:\/\/santapola.es\/ca\/#\/schema\/person\/5c898695593fabd93215e23620b3a9d1"},"breadcrumb":{"@id":"https:\/\/santapola.es\/ca\/santa-pola-se-une-a-la-celebracion-del-dia-internacional-de-los-museos-2021\/#breadcrumb"},"inLanguage":"ca","potentialAction":[{"@type":"ReadAction","target":["https:\/\/santapola.es\/ca\/santa-pola-se-une-a-la-celebracion-del-dia-internacional-de-los-museos-2021\/"]}]},{"@type":"ImageObject","inLanguage":"ca","@id":"https:\/\/santapola.es\/ca\/santa-pola-se-une-a-la-celebracion-del-dia-internacional-de-los-museos-2021\/#primaryimage","url":"https:\/\/santapola.es\/wp-content\/uploads\/2021\/05\/dim2021_museodelmarsantapola_ok-819x1024.png","contentUrl":"https:\/\/santapola.es\/wp-content\/uploads\/2021\/05\/dim2021_museodelmarsantapola_ok-819x1024.png"},{"@type":"BreadcrumbList","@id":"https:\/\/santapola.es\/ca\/santa-pola-se-une-a-la-celebracion-del-dia-internacional-de-los-museos-2021\/#breadcrumb","itemListElement":[{"@type":"ListItem","position":1,"name":"Inici","item":"https:\/\/santapola.es\/ca\/"},{"@type":"ListItem","position":2,"name":"Santa Pola se une a la celebraci\u00f3n del D\u00eda Internacional de los Museos 2021"}]},{"@type":"WebSite","@id":"https:\/\/santapola.es\/ca\/#website","url":"https:\/\/santapola.es\/ca\/","name":"Ayuntamiento de Santa Pola","description":"Web de l'Ajuntament de Santa Pola","potentialAction":[{"@type":"SearchAction","target":{"@type":"EntryPoint","urlTemplate":"https:\/\/santapola.es\/ca\/?s={search_term_string}"},"query-input":{"@type":"PropertyValueSpecification","valueRequired":true,"valueName":"search_term_string"}}],"inLanguage":"ca"},{"@type":"Person","@id":"https:\/\/santapola.es\/ca\/#\/schema\/person\/5c898695593fabd93215e23620b3a9d1","name":"Usuario Gen\u00e9rico Web"}]}},"_links":{"self":[{"href":"https:\/\/santapola.es\/ca\/wp-json\/wp\/v2\/posts\/14681","targetHints":{"allow":["GET"]}}],"collection":[{"href":"https:\/\/santapola.es\/ca\/wp-json\/wp\/v2\/posts"}],"about":[{"href":"https:\/\/santapola.es\/ca\/wp-json\/wp\/v2\/types\/post"}],"author":[{"embeddable":true,"href":"https:\/\/santapola.es\/ca\/wp-json\/wp\/v2\/users\/99"}],"replies":[{"embeddable":true,"href":"https:\/\/santapola.es\/ca\/wp-json\/wp\/v2\/comments?post=14681"}],"version-history":[{"count":0,"href":"https:\/\/santapola.es\/ca\/wp-json\/wp\/v2\/posts\/14681\/revisions"}],"wp:attachment":[{"href":"https:\/\/santapola.es\/ca\/wp-json\/wp\/v2\/media?parent=14681"}],"wp:term":[{"taxonomy":"category","embeddable":true,"href":"https:\/\/santapola.es\/ca\/wp-json\/wp\/v2\/categories?post=14681"},{"taxonomy":"post_tag","embeddable":true,"href":"https:\/\/santapola.es\/ca\/wp-json\/wp\/v2\/tags?post=14681"}],"curies":[{"name":"wp","href":"https:\/\/api.w.org\/{rel}","templated":true}]}}