{"id":14645,"date":"2021-05-03T10:55:12","date_gmt":"2021-05-03T09:55:12","guid":{"rendered":"https:\/\/www.santapola.es\/?p=14645"},"modified":"2024-03-07T18:39:39","modified_gmt":"2024-03-07T17:39:39","slug":"santa-pola-participa-en-el-consejo-de-gobierno-de-la-red-espanola-de-ciudades-por-el-clima","status":"publish","type":"post","link":"https:\/\/santapola.es\/ca\/santa-pola-participa-en-el-consejo-de-gobierno-de-la-red-espanola-de-ciudades-por-el-clima\/","title":{"rendered":"Santa Pola participa en el Consejo de Gobierno de la Red Espa\u00f1ola de Ciudades por el Clima"},"content":{"rendered":"<p>La Red Espa\u00f1ola de Ciudades por el Clima es la Secci\u00f3n de la FEMP formada por los Gobiernos Locales que est\u00e1n integrando en sus pol\u00edticas la mitigaci\u00f3n y adaptaci\u00f3n al cambio clim\u00e1tico. La Red surge por la necesidad detectada entre los Ayuntamientos de coordinarse en la lucha contra el cambio clim\u00e1tico. Desde su constituci\u00f3n, coordina e impulsa las pol\u00edticas locales de lucha contra el cambio clim\u00e1tico de las ciudades y pueblos espa\u00f1oles, permitiendo alcanzar mejores resultados en la lucha contra el cambio clim\u00e1tico y en la mitigaci\u00f3n de sus efectos.<\/p>\n<p>Loreto Serrano, Alcaldesa de Santa Pola, particip\u00f3 el pasado viernes 30 de abril en la reuni\u00f3n del Consejo de Gobierno de la Red Espa\u00f1ola de Ciudades por el Clima como vocal y en representaci\u00f3n de Santa Pola.<\/p>\n<p>En dicha reuni\u00f3n se ha tratado el informe de trabajo que se realiz\u00f3 en el a\u00f1o 2020, el nuevo Protocolo General de Actuaciones entre el MITERD y la FEMP para promover y facilitar el desarrollo de iniciativas locales en materia de cambio clim\u00e1tico (2021-2024).<\/p>\n<p><img loading=\"lazy\" decoding=\"async\" class=\"aligncenter wp-image-14648 size-large\" src=\"https:\/\/santapola.es\/wp-content\/uploads\/2021\/05\/30abril_Loreto-1-1024x678.jpg\" alt=\"\" width=\"1024\" height=\"678\" srcset=\"https:\/\/santapola.es\/wp-content\/uploads\/2021\/05\/30abril_Loreto-1-1024x678.jpg 1024w, https:\/\/santapola.es\/wp-content\/uploads\/2021\/05\/30abril_Loreto-1-300x199.jpg 300w, https:\/\/santapola.es\/wp-content\/uploads\/2021\/05\/30abril_Loreto-1-768x509.jpg 768w, https:\/\/santapola.es\/wp-content\/uploads\/2021\/05\/30abril_Loreto-1-1536x1017.jpg 1536w, https:\/\/santapola.es\/wp-content\/uploads\/2021\/05\/30abril_Loreto-1-2048x1356.jpg 2048w, https:\/\/santapola.es\/wp-content\/uploads\/2021\/05\/30abril_Loreto-1-1080x715.jpg 1080w, https:\/\/santapola.es\/wp-content\/uploads\/2021\/05\/30abril_Loreto-1-610x404.jpg 610w\" sizes=\"(max-width: 1024px) 100vw, 1024px\" \/><\/p>\n<p>&nbsp;<\/p>\n","protected":false},"excerpt":{"rendered":"<p>La Red Espa\u00f1ola de Ciudades por el Clima es la Secci\u00f3n de la FEMP formada por los Gobiernos Locales que est\u00e1n integrando en sus pol\u00edticas la mitigaci\u00f3n y adaptaci\u00f3n al cambio clim\u00e1tico. La Red surge por la necesidad detectada entre los Ayuntamientos de coordinarse en la lucha contra el cambio clim\u00e1tico. Desde su constituci\u00f3n, coordina [&hellip;]<\/p>\n","protected":false},"author":99,"featured_media":0,"comment_status":"closed","ping_status":"closed","sticky":false,"template":"","format":"standard","meta":{"_et_pb_use_builder":"","_et_pb_old_content":"","_et_gb_content_width":"","footnotes":""},"categories":[61,66,406,58],"tags":[],"class_list":["post-14645","post","type-post","status-publish","format-standard","hentry","category-alcaldia","category-inicio","category-sin-categorizar-2","category-sostenibilidad-sanidad"],"yoast_head":"<!-- This site is optimized with the Yoast SEO plugin v27.4 - https:\/\/yoast.com\/product\/yoast-seo-wordpress\/ -->\n<title>Santa Pola participa en el Consejo de Gobierno de la Red Espa\u00f1ola de Ciudades por el Clima - Ajuntament de Santa Pola<\/title>\n<meta name=\"robots\" content=\"index, follow, max-snippet:-1, max-image-preview:large, max-video-preview:-1\" \/>\n<link rel=\"canonical\" href=\"https:\/\/santapola.es\/ca\/santa-pola-participa-en-el-consejo-de-gobierno-de-la-red-espanola-de-ciudades-por-el-clima\/\" \/>\n<meta property=\"og:locale\" content=\"ca_ES\" \/>\n<meta property=\"og:type\" content=\"article\" \/>\n<meta property=\"og:title\" content=\"Santa Pola participa en el Consejo de Gobierno de la Red Espa\u00f1ola de Ciudades por el Clima - Ajuntament de Santa Pola\" \/>\n<meta property=\"og:description\" content=\"La Red Espa\u00f1ola de Ciudades por el Clima es la Secci\u00f3n de la FEMP formada por los Gobiernos Locales que est\u00e1n integrando en sus pol\u00edticas la mitigaci\u00f3n y adaptaci\u00f3n al cambio clim\u00e1tico. La Red surge por la necesidad detectada entre los Ayuntamientos de coordinarse en la lucha contra el cambio clim\u00e1tico. Desde su constituci\u00f3n, coordina [&hellip;]\" \/>\n<meta property=\"og:url\" content=\"https:\/\/santapola.es\/ca\/santa-pola-participa-en-el-consejo-de-gobierno-de-la-red-espanola-de-ciudades-por-el-clima\/\" \/>\n<meta property=\"og:site_name\" content=\"Ajuntament de Santa Pola\" \/>\n<meta property=\"article:publisher\" content=\"https:\/\/www.facebook.com\/AyuntamientoSantaPola\/\" \/>\n<meta property=\"article:published_time\" content=\"2021-05-03T09:55:12+00:00\" \/>\n<meta property=\"article:modified_time\" content=\"2024-03-07T17:39:39+00:00\" \/>\n<meta property=\"og:image\" content=\"https:\/\/santapola.es\/wp-content\/uploads\/2021\/05\/30abril_Loreto-1-1024x678.jpg\" \/>\n<meta name=\"author\" content=\"Usuario Gen\u00e9rico Web\" \/>\n<meta name=\"twitter:card\" content=\"summary_large_image\" \/>\n<meta name=\"twitter:creator\" content=\"@SantaPolaAyunt\" \/>\n<meta name=\"twitter:site\" content=\"@SantaPolaAyunt\" \/>\n<script type=\"application\/ld+json\" class=\"yoast-schema-graph\">{\"@context\":\"https:\\\/\\\/schema.org\",\"@graph\":[{\"@type\":\"Article\",\"@id\":\"https:\\\/\\\/santapola.es\\\/ca\\\/santa-pola-participa-en-el-consejo-de-gobierno-de-la-red-espanola-de-ciudades-por-el-clima\\\/#article\",\"isPartOf\":{\"@id\":\"https:\\\/\\\/santapola.es\\\/ca\\\/santa-pola-participa-en-el-consejo-de-gobierno-de-la-red-espanola-de-ciudades-por-el-clima\\\/\"},\"author\":{\"name\":\"Usuario Gen\u00e9rico Web\",\"@id\":\"https:\\\/\\\/santapola.es\\\/ca\\\/#\\\/schema\\\/person\\\/5c898695593fabd93215e23620b3a9d1\"},\"headline\":\"Santa Pola participa en el Consejo de Gobierno de la Red Espa\u00f1ola de Ciudades por el Clima\",\"datePublished\":\"2021-05-03T09:55:12+00:00\",\"dateModified\":\"2024-03-07T17:39:39+00:00\",\"mainEntityOfPage\":{\"@id\":\"https:\\\/\\\/santapola.es\\\/ca\\\/santa-pola-participa-en-el-consejo-de-gobierno-de-la-red-espanola-de-ciudades-por-el-clima\\\/\"},\"wordCount\":208,\"image\":{\"@id\":\"https:\\\/\\\/santapola.es\\\/ca\\\/santa-pola-participa-en-el-consejo-de-gobierno-de-la-red-espanola-de-ciudades-por-el-clima\\\/#primaryimage\"},\"thumbnailUrl\":\"https:\\\/\\\/santapola.es\\\/wp-content\\\/uploads\\\/2021\\\/05\\\/30abril_Loreto-1-1024x678.jpg\",\"articleSection\":[\"Alcald\u00eda\",\"Inicio\",\"Sin categorizar\",\"Sostenibilidad \\\/ Sanidad\"],\"inLanguage\":\"ca\"},{\"@type\":\"WebPage\",\"@id\":\"https:\\\/\\\/santapola.es\\\/ca\\\/santa-pola-participa-en-el-consejo-de-gobierno-de-la-red-espanola-de-ciudades-por-el-clima\\\/\",\"url\":\"https:\\\/\\\/santapola.es\\\/ca\\\/santa-pola-participa-en-el-consejo-de-gobierno-de-la-red-espanola-de-ciudades-por-el-clima\\\/\",\"name\":\"Santa Pola participa en el Consejo de Gobierno de la Red Espa\u00f1ola de Ciudades por el Clima - Ajuntament de Santa Pola\",\"isPartOf\":{\"@id\":\"https:\\\/\\\/santapola.es\\\/ca\\\/#website\"},\"primaryImageOfPage\":{\"@id\":\"https:\\\/\\\/santapola.es\\\/ca\\\/santa-pola-participa-en-el-consejo-de-gobierno-de-la-red-espanola-de-ciudades-por-el-clima\\\/#primaryimage\"},\"image\":{\"@id\":\"https:\\\/\\\/santapola.es\\\/ca\\\/santa-pola-participa-en-el-consejo-de-gobierno-de-la-red-espanola-de-ciudades-por-el-clima\\\/#primaryimage\"},\"thumbnailUrl\":\"https:\\\/\\\/santapola.es\\\/wp-content\\\/uploads\\\/2021\\\/05\\\/30abril_Loreto-1-1024x678.jpg\",\"datePublished\":\"2021-05-03T09:55:12+00:00\",\"dateModified\":\"2024-03-07T17:39:39+00:00\",\"author\":{\"@id\":\"https:\\\/\\\/santapola.es\\\/ca\\\/#\\\/schema\\\/person\\\/5c898695593fabd93215e23620b3a9d1\"},\"breadcrumb\":{\"@id\":\"https:\\\/\\\/santapola.es\\\/ca\\\/santa-pola-participa-en-el-consejo-de-gobierno-de-la-red-espanola-de-ciudades-por-el-clima\\\/#breadcrumb\"},\"inLanguage\":\"ca\",\"potentialAction\":[{\"@type\":\"ReadAction\",\"target\":[\"https:\\\/\\\/santapola.es\\\/ca\\\/santa-pola-participa-en-el-consejo-de-gobierno-de-la-red-espanola-de-ciudades-por-el-clima\\\/\"]}]},{\"@type\":\"ImageObject\",\"inLanguage\":\"ca\",\"@id\":\"https:\\\/\\\/santapola.es\\\/ca\\\/santa-pola-participa-en-el-consejo-de-gobierno-de-la-red-espanola-de-ciudades-por-el-clima\\\/#primaryimage\",\"url\":\"https:\\\/\\\/santapola.es\\\/wp-content\\\/uploads\\\/2021\\\/05\\\/30abril_Loreto-1-1024x678.jpg\",\"contentUrl\":\"https:\\\/\\\/santapola.es\\\/wp-content\\\/uploads\\\/2021\\\/05\\\/30abril_Loreto-1-1024x678.jpg\"},{\"@type\":\"BreadcrumbList\",\"@id\":\"https:\\\/\\\/santapola.es\\\/ca\\\/santa-pola-participa-en-el-consejo-de-gobierno-de-la-red-espanola-de-ciudades-por-el-clima\\\/#breadcrumb\",\"itemListElement\":[{\"@type\":\"ListItem\",\"position\":1,\"name\":\"Inici\",\"item\":\"https:\\\/\\\/santapola.es\\\/ca\\\/\"},{\"@type\":\"ListItem\",\"position\":2,\"name\":\"Santa Pola participa en el Consejo de Gobierno de la Red Espa\u00f1ola de Ciudades por el Clima\"}]},{\"@type\":\"WebSite\",\"@id\":\"https:\\\/\\\/santapola.es\\\/ca\\\/#website\",\"url\":\"https:\\\/\\\/santapola.es\\\/ca\\\/\",\"name\":\"Ayuntamiento de Santa Pola\",\"description\":\"Web de l'Ajuntament de Santa Pola\",\"potentialAction\":[{\"@type\":\"SearchAction\",\"target\":{\"@type\":\"EntryPoint\",\"urlTemplate\":\"https:\\\/\\\/santapola.es\\\/ca\\\/?s={search_term_string}\"},\"query-input\":{\"@type\":\"PropertyValueSpecification\",\"valueRequired\":true,\"valueName\":\"search_term_string\"}}],\"inLanguage\":\"ca\"},{\"@type\":\"Person\",\"@id\":\"https:\\\/\\\/santapola.es\\\/ca\\\/#\\\/schema\\\/person\\\/5c898695593fabd93215e23620b3a9d1\",\"name\":\"Usuario Gen\u00e9rico Web\"}]}<\/script>\n<!-- \/ Yoast SEO plugin. -->","yoast_head_json":{"title":"Santa Pola participa en el Consejo de Gobierno de la Red Espa\u00f1ola de Ciudades por el Clima - Ajuntament de Santa Pola","robots":{"index":"index","follow":"follow","max-snippet":"max-snippet:-1","max-image-preview":"max-image-preview:large","max-video-preview":"max-video-preview:-1"},"canonical":"https:\/\/santapola.es\/ca\/santa-pola-participa-en-el-consejo-de-gobierno-de-la-red-espanola-de-ciudades-por-el-clima\/","og_locale":"ca_ES","og_type":"article","og_title":"Santa Pola participa en el Consejo de Gobierno de la Red Espa\u00f1ola de Ciudades por el Clima - Ajuntament de Santa Pola","og_description":"La Red Espa\u00f1ola de Ciudades por el Clima es la Secci\u00f3n de la FEMP formada por los Gobiernos Locales que est\u00e1n integrando en sus pol\u00edticas la mitigaci\u00f3n y adaptaci\u00f3n al cambio clim\u00e1tico. La Red surge por la necesidad detectada entre los Ayuntamientos de coordinarse en la lucha contra el cambio clim\u00e1tico. Desde su constituci\u00f3n, coordina [&hellip;]","og_url":"https:\/\/santapola.es\/ca\/santa-pola-participa-en-el-consejo-de-gobierno-de-la-red-espanola-de-ciudades-por-el-clima\/","og_site_name":"Ajuntament de Santa Pola","article_publisher":"https:\/\/www.facebook.com\/AyuntamientoSantaPola\/","article_published_time":"2021-05-03T09:55:12+00:00","article_modified_time":"2024-03-07T17:39:39+00:00","og_image":[{"url":"https:\/\/santapola.es\/wp-content\/uploads\/2021\/05\/30abril_Loreto-1-1024x678.jpg","type":"","width":"","height":""}],"author":"Usuario Gen\u00e9rico Web","twitter_card":"summary_large_image","twitter_creator":"@SantaPolaAyunt","twitter_site":"@SantaPolaAyunt","schema":{"@context":"https:\/\/schema.org","@graph":[{"@type":"Article","@id":"https:\/\/santapola.es\/ca\/santa-pola-participa-en-el-consejo-de-gobierno-de-la-red-espanola-de-ciudades-por-el-clima\/#article","isPartOf":{"@id":"https:\/\/santapola.es\/ca\/santa-pola-participa-en-el-consejo-de-gobierno-de-la-red-espanola-de-ciudades-por-el-clima\/"},"author":{"name":"Usuario Gen\u00e9rico Web","@id":"https:\/\/santapola.es\/ca\/#\/schema\/person\/5c898695593fabd93215e23620b3a9d1"},"headline":"Santa Pola participa en el Consejo de Gobierno de la Red Espa\u00f1ola de Ciudades por el Clima","datePublished":"2021-05-03T09:55:12+00:00","dateModified":"2024-03-07T17:39:39+00:00","mainEntityOfPage":{"@id":"https:\/\/santapola.es\/ca\/santa-pola-participa-en-el-consejo-de-gobierno-de-la-red-espanola-de-ciudades-por-el-clima\/"},"wordCount":208,"image":{"@id":"https:\/\/santapola.es\/ca\/santa-pola-participa-en-el-consejo-de-gobierno-de-la-red-espanola-de-ciudades-por-el-clima\/#primaryimage"},"thumbnailUrl":"https:\/\/santapola.es\/wp-content\/uploads\/2021\/05\/30abril_Loreto-1-1024x678.jpg","articleSection":["Alcald\u00eda","Inicio","Sin categorizar","Sostenibilidad \/ Sanidad"],"inLanguage":"ca"},{"@type":"WebPage","@id":"https:\/\/santapola.es\/ca\/santa-pola-participa-en-el-consejo-de-gobierno-de-la-red-espanola-de-ciudades-por-el-clima\/","url":"https:\/\/santapola.es\/ca\/santa-pola-participa-en-el-consejo-de-gobierno-de-la-red-espanola-de-ciudades-por-el-clima\/","name":"Santa Pola participa en el Consejo de Gobierno de la Red Espa\u00f1ola de Ciudades por el Clima - Ajuntament de Santa Pola","isPartOf":{"@id":"https:\/\/santapola.es\/ca\/#website"},"primaryImageOfPage":{"@id":"https:\/\/santapola.es\/ca\/santa-pola-participa-en-el-consejo-de-gobierno-de-la-red-espanola-de-ciudades-por-el-clima\/#primaryimage"},"image":{"@id":"https:\/\/santapola.es\/ca\/santa-pola-participa-en-el-consejo-de-gobierno-de-la-red-espanola-de-ciudades-por-el-clima\/#primaryimage"},"thumbnailUrl":"https:\/\/santapola.es\/wp-content\/uploads\/2021\/05\/30abril_Loreto-1-1024x678.jpg","datePublished":"2021-05-03T09:55:12+00:00","dateModified":"2024-03-07T17:39:39+00:00","author":{"@id":"https:\/\/santapola.es\/ca\/#\/schema\/person\/5c898695593fabd93215e23620b3a9d1"},"breadcrumb":{"@id":"https:\/\/santapola.es\/ca\/santa-pola-participa-en-el-consejo-de-gobierno-de-la-red-espanola-de-ciudades-por-el-clima\/#breadcrumb"},"inLanguage":"ca","potentialAction":[{"@type":"ReadAction","target":["https:\/\/santapola.es\/ca\/santa-pola-participa-en-el-consejo-de-gobierno-de-la-red-espanola-de-ciudades-por-el-clima\/"]}]},{"@type":"ImageObject","inLanguage":"ca","@id":"https:\/\/santapola.es\/ca\/santa-pola-participa-en-el-consejo-de-gobierno-de-la-red-espanola-de-ciudades-por-el-clima\/#primaryimage","url":"https:\/\/santapola.es\/wp-content\/uploads\/2021\/05\/30abril_Loreto-1-1024x678.jpg","contentUrl":"https:\/\/santapola.es\/wp-content\/uploads\/2021\/05\/30abril_Loreto-1-1024x678.jpg"},{"@type":"BreadcrumbList","@id":"https:\/\/santapola.es\/ca\/santa-pola-participa-en-el-consejo-de-gobierno-de-la-red-espanola-de-ciudades-por-el-clima\/#breadcrumb","itemListElement":[{"@type":"ListItem","position":1,"name":"Inici","item":"https:\/\/santapola.es\/ca\/"},{"@type":"ListItem","position":2,"name":"Santa Pola participa en el Consejo de Gobierno de la Red Espa\u00f1ola de Ciudades por el Clima"}]},{"@type":"WebSite","@id":"https:\/\/santapola.es\/ca\/#website","url":"https:\/\/santapola.es\/ca\/","name":"Ayuntamiento de Santa Pola","description":"Web de l'Ajuntament de Santa Pola","potentialAction":[{"@type":"SearchAction","target":{"@type":"EntryPoint","urlTemplate":"https:\/\/santapola.es\/ca\/?s={search_term_string}"},"query-input":{"@type":"PropertyValueSpecification","valueRequired":true,"valueName":"search_term_string"}}],"inLanguage":"ca"},{"@type":"Person","@id":"https:\/\/santapola.es\/ca\/#\/schema\/person\/5c898695593fabd93215e23620b3a9d1","name":"Usuario Gen\u00e9rico Web"}]}},"_links":{"self":[{"href":"https:\/\/santapola.es\/ca\/wp-json\/wp\/v2\/posts\/14645","targetHints":{"allow":["GET"]}}],"collection":[{"href":"https:\/\/santapola.es\/ca\/wp-json\/wp\/v2\/posts"}],"about":[{"href":"https:\/\/santapola.es\/ca\/wp-json\/wp\/v2\/types\/post"}],"author":[{"embeddable":true,"href":"https:\/\/santapola.es\/ca\/wp-json\/wp\/v2\/users\/99"}],"replies":[{"embeddable":true,"href":"https:\/\/santapola.es\/ca\/wp-json\/wp\/v2\/comments?post=14645"}],"version-history":[{"count":0,"href":"https:\/\/santapola.es\/ca\/wp-json\/wp\/v2\/posts\/14645\/revisions"}],"wp:attachment":[{"href":"https:\/\/santapola.es\/ca\/wp-json\/wp\/v2\/media?parent=14645"}],"wp:term":[{"taxonomy":"category","embeddable":true,"href":"https:\/\/santapola.es\/ca\/wp-json\/wp\/v2\/categories?post=14645"},{"taxonomy":"post_tag","embeddable":true,"href":"https:\/\/santapola.es\/ca\/wp-json\/wp\/v2\/tags?post=14645"}],"curies":[{"name":"wp","href":"https:\/\/api.w.org\/{rel}","templated":true}]}}