{"id":14616,"date":"2021-04-29T18:12:19","date_gmt":"2021-04-29T17:12:19","guid":{"rendered":"https:\/\/www.santapola.es\/?p=14616"},"modified":"2024-03-07T18:39:39","modified_gmt":"2024-03-07T17:39:39","slug":"el-ayuntamiento-pide-colaboracion-a-conselleria-para-solucionar-los-problemas-en-la-sierra","status":"publish","type":"post","link":"https:\/\/santapola.es\/ca\/el-ayuntamiento-pide-colaboracion-a-conselleria-para-solucionar-los-problemas-en-la-sierra\/","title":{"rendered":"El Ayuntamiento pide colaboraci\u00f3n a Conselleria para solucionar los problemas en la Sierra"},"content":{"rendered":"<p style=\"text-align: justify;\">El Ayuntamiento de Santa Pola ha mantenido una reuni\u00f3n con el Grup Ecologista Talaiola de Santa Pola con motivo de su reciente creaci\u00f3n. El objetivo de la reuni\u00f3n ha sido conocer de primera mano los acontecimientos que se est\u00e1n produciendo en la sierra del municipio y establecer una colaboraci\u00f3n con el consistorio para la aportaci\u00f3n de sugerencias e ideas.<\/p>\n<p style=\"text-align: justify;\">Desde la Concejal\u00eda de Medio Ambiente se est\u00e1 en contacto con Conselleria, que es la que dispone de las competencias de la Sierra, para buscar una soluci\u00f3n y resolver el problema cuanto antes. Adem\u00e1s se ha solicitado a Conselleria, que tanto el SEPRONA como los vigilantes ambientales, tengan m\u00e1s presencia en nuestro monte y que indiquen al Ayuntamiento que medidas debe tomar para poder contar con un monte p\u00fablico en unas condiciones \u00f3ptimas para el disfrute de todos.<\/p>\n<p style=\"text-align: justify;\">Jorge Diez, Concejal de Medio Ambiente ha destacado que \u201cd<em>esde la concejal\u00eda queremos que se solucione el problema cuanto antes y poder disfrutar de nuestro monte p\u00fablico, por ello estamos trabajando para buscar soluciones a los problema<\/em>s\u201d.<\/p>\n<p><img loading=\"lazy\" decoding=\"async\" class=\"aligncenter wp-image-14620 size-large\" src=\"https:\/\/santapola.es\/wp-content\/uploads\/2021\/04\/29-04-2021-REUNION-GRUP-ECOLOGISTA-1-1024x576.jpeg\" alt=\"\" width=\"1024\" height=\"576\" srcset=\"https:\/\/santapola.es\/wp-content\/uploads\/2021\/04\/29-04-2021-REUNION-GRUP-ECOLOGISTA-1-1024x576.jpeg 1024w, https:\/\/santapola.es\/wp-content\/uploads\/2021\/04\/29-04-2021-REUNION-GRUP-ECOLOGISTA-1-300x169.jpeg 300w, https:\/\/santapola.es\/wp-content\/uploads\/2021\/04\/29-04-2021-REUNION-GRUP-ECOLOGISTA-1-768x432.jpeg 768w, https:\/\/santapola.es\/wp-content\/uploads\/2021\/04\/29-04-2021-REUNION-GRUP-ECOLOGISTA-1-1536x864.jpeg 1536w, https:\/\/santapola.es\/wp-content\/uploads\/2021\/04\/29-04-2021-REUNION-GRUP-ECOLOGISTA-1-1080x608.jpeg 1080w, https:\/\/santapola.es\/wp-content\/uploads\/2021\/04\/29-04-2021-REUNION-GRUP-ECOLOGISTA-1-610x343.jpeg 610w, https:\/\/santapola.es\/wp-content\/uploads\/2021\/04\/29-04-2021-REUNION-GRUP-ECOLOGISTA-1.jpeg 2046w\" sizes=\"(max-width: 1024px) 100vw, 1024px\" \/><\/p>\n","protected":false},"excerpt":{"rendered":"<p>El Ayuntamiento de Santa Pola ha mantenido una reuni\u00f3n con el Grup Ecologista Talaiola de Santa Pola con motivo de su reciente creaci\u00f3n. El objetivo de la reuni\u00f3n ha sido conocer de primera mano los acontecimientos que se est\u00e1n produciendo en la sierra del municipio y establecer una colaboraci\u00f3n con el consistorio para la aportaci\u00f3n [&hellip;]<\/p>\n","protected":false},"author":99,"featured_media":0,"comment_status":"closed","ping_status":"closed","sticky":false,"template":"","format":"standard","meta":{"_et_pb_use_builder":"","_et_pb_old_content":"","_et_gb_content_width":"","footnotes":""},"categories":[61,66,406,58],"tags":[],"class_list":["post-14616","post","type-post","status-publish","format-standard","hentry","category-alcaldia","category-inicio","category-sin-categorizar-2","category-sostenibilidad-sanidad"],"yoast_head":"<!-- This site is optimized with the Yoast SEO plugin v27.4 - https:\/\/yoast.com\/product\/yoast-seo-wordpress\/ -->\n<title>El Ayuntamiento pide colaboraci\u00f3n a Conselleria para solucionar los problemas en la Sierra - Ajuntament de Santa Pola<\/title>\n<meta name=\"robots\" content=\"index, follow, max-snippet:-1, max-image-preview:large, max-video-preview:-1\" \/>\n<link rel=\"canonical\" href=\"https:\/\/santapola.es\/ca\/el-ayuntamiento-pide-colaboracion-a-conselleria-para-solucionar-los-problemas-en-la-sierra\/\" \/>\n<meta property=\"og:locale\" content=\"ca_ES\" \/>\n<meta property=\"og:type\" content=\"article\" \/>\n<meta property=\"og:title\" content=\"El Ayuntamiento pide colaboraci\u00f3n a Conselleria para solucionar los problemas en la Sierra - Ajuntament de Santa Pola\" \/>\n<meta property=\"og:description\" content=\"El Ayuntamiento de Santa Pola ha mantenido una reuni\u00f3n con el Grup Ecologista Talaiola de Santa Pola con motivo de su reciente creaci\u00f3n. El objetivo de la reuni\u00f3n ha sido conocer de primera mano los acontecimientos que se est\u00e1n produciendo en la sierra del municipio y establecer una colaboraci\u00f3n con el consistorio para la aportaci\u00f3n [&hellip;]\" \/>\n<meta property=\"og:url\" content=\"https:\/\/santapola.es\/ca\/el-ayuntamiento-pide-colaboracion-a-conselleria-para-solucionar-los-problemas-en-la-sierra\/\" \/>\n<meta property=\"og:site_name\" content=\"Ajuntament de Santa Pola\" \/>\n<meta property=\"article:publisher\" content=\"https:\/\/www.facebook.com\/AyuntamientoSantaPola\/\" \/>\n<meta property=\"article:published_time\" content=\"2021-04-29T17:12:19+00:00\" \/>\n<meta property=\"article:modified_time\" content=\"2024-03-07T17:39:39+00:00\" \/>\n<meta property=\"og:image\" content=\"https:\/\/santapola.es\/wp-content\/uploads\/2021\/04\/29-04-2021-REUNION-GRUP-ECOLOGISTA-1-1024x576.jpeg\" \/>\n<meta name=\"author\" content=\"Usuario Gen\u00e9rico Web\" \/>\n<meta name=\"twitter:card\" content=\"summary_large_image\" \/>\n<meta name=\"twitter:creator\" content=\"@SantaPolaAyunt\" \/>\n<meta name=\"twitter:site\" content=\"@SantaPolaAyunt\" \/>\n<script type=\"application\/ld+json\" class=\"yoast-schema-graph\">{\"@context\":\"https:\\\/\\\/schema.org\",\"@graph\":[{\"@type\":\"Article\",\"@id\":\"https:\\\/\\\/santapola.es\\\/ca\\\/el-ayuntamiento-pide-colaboracion-a-conselleria-para-solucionar-los-problemas-en-la-sierra\\\/#article\",\"isPartOf\":{\"@id\":\"https:\\\/\\\/santapola.es\\\/ca\\\/el-ayuntamiento-pide-colaboracion-a-conselleria-para-solucionar-los-problemas-en-la-sierra\\\/\"},\"author\":{\"name\":\"Usuario Gen\u00e9rico Web\",\"@id\":\"https:\\\/\\\/santapola.es\\\/ca\\\/#\\\/schema\\\/person\\\/5c898695593fabd93215e23620b3a9d1\"},\"headline\":\"El Ayuntamiento pide colaboraci\u00f3n a Conselleria para solucionar los problemas en la Sierra\",\"datePublished\":\"2021-04-29T17:12:19+00:00\",\"dateModified\":\"2024-03-07T17:39:39+00:00\",\"mainEntityOfPage\":{\"@id\":\"https:\\\/\\\/santapola.es\\\/ca\\\/el-ayuntamiento-pide-colaboracion-a-conselleria-para-solucionar-los-problemas-en-la-sierra\\\/\"},\"wordCount\":201,\"image\":{\"@id\":\"https:\\\/\\\/santapola.es\\\/ca\\\/el-ayuntamiento-pide-colaboracion-a-conselleria-para-solucionar-los-problemas-en-la-sierra\\\/#primaryimage\"},\"thumbnailUrl\":\"https:\\\/\\\/santapola.es\\\/wp-content\\\/uploads\\\/2021\\\/04\\\/29-04-2021-REUNION-GRUP-ECOLOGISTA-1-1024x576.jpeg\",\"articleSection\":[\"Alcald\u00eda\",\"Inicio\",\"Sin categorizar\",\"Sostenibilidad \\\/ Sanidad\"],\"inLanguage\":\"ca\"},{\"@type\":\"WebPage\",\"@id\":\"https:\\\/\\\/santapola.es\\\/ca\\\/el-ayuntamiento-pide-colaboracion-a-conselleria-para-solucionar-los-problemas-en-la-sierra\\\/\",\"url\":\"https:\\\/\\\/santapola.es\\\/ca\\\/el-ayuntamiento-pide-colaboracion-a-conselleria-para-solucionar-los-problemas-en-la-sierra\\\/\",\"name\":\"El Ayuntamiento pide colaboraci\u00f3n a Conselleria para solucionar los problemas en la Sierra - Ajuntament de Santa Pola\",\"isPartOf\":{\"@id\":\"https:\\\/\\\/santapola.es\\\/ca\\\/#website\"},\"primaryImageOfPage\":{\"@id\":\"https:\\\/\\\/santapola.es\\\/ca\\\/el-ayuntamiento-pide-colaboracion-a-conselleria-para-solucionar-los-problemas-en-la-sierra\\\/#primaryimage\"},\"image\":{\"@id\":\"https:\\\/\\\/santapola.es\\\/ca\\\/el-ayuntamiento-pide-colaboracion-a-conselleria-para-solucionar-los-problemas-en-la-sierra\\\/#primaryimage\"},\"thumbnailUrl\":\"https:\\\/\\\/santapola.es\\\/wp-content\\\/uploads\\\/2021\\\/04\\\/29-04-2021-REUNION-GRUP-ECOLOGISTA-1-1024x576.jpeg\",\"datePublished\":\"2021-04-29T17:12:19+00:00\",\"dateModified\":\"2024-03-07T17:39:39+00:00\",\"author\":{\"@id\":\"https:\\\/\\\/santapola.es\\\/ca\\\/#\\\/schema\\\/person\\\/5c898695593fabd93215e23620b3a9d1\"},\"breadcrumb\":{\"@id\":\"https:\\\/\\\/santapola.es\\\/ca\\\/el-ayuntamiento-pide-colaboracion-a-conselleria-para-solucionar-los-problemas-en-la-sierra\\\/#breadcrumb\"},\"inLanguage\":\"ca\",\"potentialAction\":[{\"@type\":\"ReadAction\",\"target\":[\"https:\\\/\\\/santapola.es\\\/ca\\\/el-ayuntamiento-pide-colaboracion-a-conselleria-para-solucionar-los-problemas-en-la-sierra\\\/\"]}]},{\"@type\":\"ImageObject\",\"inLanguage\":\"ca\",\"@id\":\"https:\\\/\\\/santapola.es\\\/ca\\\/el-ayuntamiento-pide-colaboracion-a-conselleria-para-solucionar-los-problemas-en-la-sierra\\\/#primaryimage\",\"url\":\"https:\\\/\\\/santapola.es\\\/wp-content\\\/uploads\\\/2021\\\/04\\\/29-04-2021-REUNION-GRUP-ECOLOGISTA-1-1024x576.jpeg\",\"contentUrl\":\"https:\\\/\\\/santapola.es\\\/wp-content\\\/uploads\\\/2021\\\/04\\\/29-04-2021-REUNION-GRUP-ECOLOGISTA-1-1024x576.jpeg\"},{\"@type\":\"BreadcrumbList\",\"@id\":\"https:\\\/\\\/santapola.es\\\/ca\\\/el-ayuntamiento-pide-colaboracion-a-conselleria-para-solucionar-los-problemas-en-la-sierra\\\/#breadcrumb\",\"itemListElement\":[{\"@type\":\"ListItem\",\"position\":1,\"name\":\"Inici\",\"item\":\"https:\\\/\\\/santapola.es\\\/ca\\\/\"},{\"@type\":\"ListItem\",\"position\":2,\"name\":\"El Ayuntamiento pide colaboraci\u00f3n a Conselleria para solucionar los problemas en la Sierra\"}]},{\"@type\":\"WebSite\",\"@id\":\"https:\\\/\\\/santapola.es\\\/ca\\\/#website\",\"url\":\"https:\\\/\\\/santapola.es\\\/ca\\\/\",\"name\":\"Ayuntamiento de Santa Pola\",\"description\":\"Web de l'Ajuntament de Santa Pola\",\"potentialAction\":[{\"@type\":\"SearchAction\",\"target\":{\"@type\":\"EntryPoint\",\"urlTemplate\":\"https:\\\/\\\/santapola.es\\\/ca\\\/?s={search_term_string}\"},\"query-input\":{\"@type\":\"PropertyValueSpecification\",\"valueRequired\":true,\"valueName\":\"search_term_string\"}}],\"inLanguage\":\"ca\"},{\"@type\":\"Person\",\"@id\":\"https:\\\/\\\/santapola.es\\\/ca\\\/#\\\/schema\\\/person\\\/5c898695593fabd93215e23620b3a9d1\",\"name\":\"Usuario Gen\u00e9rico Web\"}]}<\/script>\n<!-- \/ Yoast SEO plugin. -->","yoast_head_json":{"title":"El Ayuntamiento pide colaboraci\u00f3n a Conselleria para solucionar los problemas en la Sierra - Ajuntament de Santa Pola","robots":{"index":"index","follow":"follow","max-snippet":"max-snippet:-1","max-image-preview":"max-image-preview:large","max-video-preview":"max-video-preview:-1"},"canonical":"https:\/\/santapola.es\/ca\/el-ayuntamiento-pide-colaboracion-a-conselleria-para-solucionar-los-problemas-en-la-sierra\/","og_locale":"ca_ES","og_type":"article","og_title":"El Ayuntamiento pide colaboraci\u00f3n a Conselleria para solucionar los problemas en la Sierra - Ajuntament de Santa Pola","og_description":"El Ayuntamiento de Santa Pola ha mantenido una reuni\u00f3n con el Grup Ecologista Talaiola de Santa Pola con motivo de su reciente creaci\u00f3n. El objetivo de la reuni\u00f3n ha sido conocer de primera mano los acontecimientos que se est\u00e1n produciendo en la sierra del municipio y establecer una colaboraci\u00f3n con el consistorio para la aportaci\u00f3n [&hellip;]","og_url":"https:\/\/santapola.es\/ca\/el-ayuntamiento-pide-colaboracion-a-conselleria-para-solucionar-los-problemas-en-la-sierra\/","og_site_name":"Ajuntament de Santa Pola","article_publisher":"https:\/\/www.facebook.com\/AyuntamientoSantaPola\/","article_published_time":"2021-04-29T17:12:19+00:00","article_modified_time":"2024-03-07T17:39:39+00:00","og_image":[{"url":"https:\/\/santapola.es\/wp-content\/uploads\/2021\/04\/29-04-2021-REUNION-GRUP-ECOLOGISTA-1-1024x576.jpeg","type":"","width":"","height":""}],"author":"Usuario Gen\u00e9rico Web","twitter_card":"summary_large_image","twitter_creator":"@SantaPolaAyunt","twitter_site":"@SantaPolaAyunt","schema":{"@context":"https:\/\/schema.org","@graph":[{"@type":"Article","@id":"https:\/\/santapola.es\/ca\/el-ayuntamiento-pide-colaboracion-a-conselleria-para-solucionar-los-problemas-en-la-sierra\/#article","isPartOf":{"@id":"https:\/\/santapola.es\/ca\/el-ayuntamiento-pide-colaboracion-a-conselleria-para-solucionar-los-problemas-en-la-sierra\/"},"author":{"name":"Usuario Gen\u00e9rico Web","@id":"https:\/\/santapola.es\/ca\/#\/schema\/person\/5c898695593fabd93215e23620b3a9d1"},"headline":"El Ayuntamiento pide colaboraci\u00f3n a Conselleria para solucionar los problemas en la Sierra","datePublished":"2021-04-29T17:12:19+00:00","dateModified":"2024-03-07T17:39:39+00:00","mainEntityOfPage":{"@id":"https:\/\/santapola.es\/ca\/el-ayuntamiento-pide-colaboracion-a-conselleria-para-solucionar-los-problemas-en-la-sierra\/"},"wordCount":201,"image":{"@id":"https:\/\/santapola.es\/ca\/el-ayuntamiento-pide-colaboracion-a-conselleria-para-solucionar-los-problemas-en-la-sierra\/#primaryimage"},"thumbnailUrl":"https:\/\/santapola.es\/wp-content\/uploads\/2021\/04\/29-04-2021-REUNION-GRUP-ECOLOGISTA-1-1024x576.jpeg","articleSection":["Alcald\u00eda","Inicio","Sin categorizar","Sostenibilidad \/ Sanidad"],"inLanguage":"ca"},{"@type":"WebPage","@id":"https:\/\/santapola.es\/ca\/el-ayuntamiento-pide-colaboracion-a-conselleria-para-solucionar-los-problemas-en-la-sierra\/","url":"https:\/\/santapola.es\/ca\/el-ayuntamiento-pide-colaboracion-a-conselleria-para-solucionar-los-problemas-en-la-sierra\/","name":"El Ayuntamiento pide colaboraci\u00f3n a Conselleria para solucionar los problemas en la Sierra - Ajuntament de Santa Pola","isPartOf":{"@id":"https:\/\/santapola.es\/ca\/#website"},"primaryImageOfPage":{"@id":"https:\/\/santapola.es\/ca\/el-ayuntamiento-pide-colaboracion-a-conselleria-para-solucionar-los-problemas-en-la-sierra\/#primaryimage"},"image":{"@id":"https:\/\/santapola.es\/ca\/el-ayuntamiento-pide-colaboracion-a-conselleria-para-solucionar-los-problemas-en-la-sierra\/#primaryimage"},"thumbnailUrl":"https:\/\/santapola.es\/wp-content\/uploads\/2021\/04\/29-04-2021-REUNION-GRUP-ECOLOGISTA-1-1024x576.jpeg","datePublished":"2021-04-29T17:12:19+00:00","dateModified":"2024-03-07T17:39:39+00:00","author":{"@id":"https:\/\/santapola.es\/ca\/#\/schema\/person\/5c898695593fabd93215e23620b3a9d1"},"breadcrumb":{"@id":"https:\/\/santapola.es\/ca\/el-ayuntamiento-pide-colaboracion-a-conselleria-para-solucionar-los-problemas-en-la-sierra\/#breadcrumb"},"inLanguage":"ca","potentialAction":[{"@type":"ReadAction","target":["https:\/\/santapola.es\/ca\/el-ayuntamiento-pide-colaboracion-a-conselleria-para-solucionar-los-problemas-en-la-sierra\/"]}]},{"@type":"ImageObject","inLanguage":"ca","@id":"https:\/\/santapola.es\/ca\/el-ayuntamiento-pide-colaboracion-a-conselleria-para-solucionar-los-problemas-en-la-sierra\/#primaryimage","url":"https:\/\/santapola.es\/wp-content\/uploads\/2021\/04\/29-04-2021-REUNION-GRUP-ECOLOGISTA-1-1024x576.jpeg","contentUrl":"https:\/\/santapola.es\/wp-content\/uploads\/2021\/04\/29-04-2021-REUNION-GRUP-ECOLOGISTA-1-1024x576.jpeg"},{"@type":"BreadcrumbList","@id":"https:\/\/santapola.es\/ca\/el-ayuntamiento-pide-colaboracion-a-conselleria-para-solucionar-los-problemas-en-la-sierra\/#breadcrumb","itemListElement":[{"@type":"ListItem","position":1,"name":"Inici","item":"https:\/\/santapola.es\/ca\/"},{"@type":"ListItem","position":2,"name":"El Ayuntamiento pide colaboraci\u00f3n a Conselleria para solucionar los problemas en la Sierra"}]},{"@type":"WebSite","@id":"https:\/\/santapola.es\/ca\/#website","url":"https:\/\/santapola.es\/ca\/","name":"Ayuntamiento de Santa Pola","description":"Web de l'Ajuntament de Santa Pola","potentialAction":[{"@type":"SearchAction","target":{"@type":"EntryPoint","urlTemplate":"https:\/\/santapola.es\/ca\/?s={search_term_string}"},"query-input":{"@type":"PropertyValueSpecification","valueRequired":true,"valueName":"search_term_string"}}],"inLanguage":"ca"},{"@type":"Person","@id":"https:\/\/santapola.es\/ca\/#\/schema\/person\/5c898695593fabd93215e23620b3a9d1","name":"Usuario Gen\u00e9rico Web"}]}},"_links":{"self":[{"href":"https:\/\/santapola.es\/ca\/wp-json\/wp\/v2\/posts\/14616","targetHints":{"allow":["GET"]}}],"collection":[{"href":"https:\/\/santapola.es\/ca\/wp-json\/wp\/v2\/posts"}],"about":[{"href":"https:\/\/santapola.es\/ca\/wp-json\/wp\/v2\/types\/post"}],"author":[{"embeddable":true,"href":"https:\/\/santapola.es\/ca\/wp-json\/wp\/v2\/users\/99"}],"replies":[{"embeddable":true,"href":"https:\/\/santapola.es\/ca\/wp-json\/wp\/v2\/comments?post=14616"}],"version-history":[{"count":0,"href":"https:\/\/santapola.es\/ca\/wp-json\/wp\/v2\/posts\/14616\/revisions"}],"wp:attachment":[{"href":"https:\/\/santapola.es\/ca\/wp-json\/wp\/v2\/media?parent=14616"}],"wp:term":[{"taxonomy":"category","embeddable":true,"href":"https:\/\/santapola.es\/ca\/wp-json\/wp\/v2\/categories?post=14616"},{"taxonomy":"post_tag","embeddable":true,"href":"https:\/\/santapola.es\/ca\/wp-json\/wp\/v2\/tags?post=14616"}],"curies":[{"name":"wp","href":"https:\/\/api.w.org\/{rel}","templated":true}]}}