{"id":14572,"date":"2021-04-19T13:49:12","date_gmt":"2021-04-19T12:49:12","guid":{"rendered":"https:\/\/www.santapola.es\/?p=14572"},"modified":"2024-03-07T18:39:37","modified_gmt":"2024-03-07T17:39:37","slug":"comienza-la-vacunacion-masiva-en-ifa","status":"publish","type":"post","link":"https:\/\/santapola.es\/ca\/comienza-la-vacunacion-masiva-en-ifa\/","title":{"rendered":"Comienza la vacunaci\u00f3n masiva en IFA"},"content":{"rendered":"<p style=\"text-align: justify;\">La alcaldesa de Santa Pola, Loreto Serrano y la concejala de Sanidad, Gela Roche, acudieron ayer a la presentaci\u00f3n del Punto de Vacunaci\u00f3n que se ha instalado en la Instituci\u00f3n Ferial Alicantina (IFA) y que dar\u00e1 servicio al \u00e1rea de salud de Elche, Santa Pola y Crevillente.<\/p>\n<p style=\"text-align: justify;\">En un primer momento, se ten\u00eda previsto que la vacunaci\u00f3n en el municipio se llevara a cabo en el Pabell\u00f3n Lara Gonz\u00e1lez, pero tal y como ha informado la Conselleria de Sanidad, debido a la falta de dosis, se centrar\u00e1 la vacunaci\u00f3n en IFA hasta disponer de nuevas dosis. Desde el consistorio de la villa marinera se ha trasladado a la consellera que en el momento que se pueda, realicen la vacunaci\u00f3n en la poblaci\u00f3n como estaba previsto inicialmente y un punto de salida desde el barrio de Gran Alacant.<\/p>\n<p style=\"text-align: justify;\"><strong>Transporte gratuito<\/strong><br \/>\nDesde la Conselleria de Sanidad y la Conselleria de Movilidad, se ha puesto a disposici\u00f3n de los municipios, una lanzadera de autobuses para poder desplazarse de forma gratuita y con un acompa\u00f1ante hasta el punto de vacunaci\u00f3n. En Santa Pola, el punto de salida escogido por conselleria ha sido la Estaci\u00f3n de Autobuses. Los horarios estar\u00e1n actualizados y disponibles en el siguiente enlace: <a href=\"https:\/\/bit.ly\/32pvs1l\">https:\/\/bit.ly\/32pvs1l<\/a><\/p>\n<a href='https:\/\/bit.ly\/32pvs1l' class='small-button smallblue' target=\"_blank\">HORARIOS TRANSPORTE VACUNACI\u00d3N IFA<\/a>\n<a href='http:\/\/coronavirus.san.gva.es\/es\/web\/vacunacion\/inicio' class='small-button smallblue' target=\"_blank\">INFORMACI\u00d3N VACUNACI\u00d3N<\/a>\n<p><img loading=\"lazy\" decoding=\"async\" class=\"aligncenter wp-image-14576 size-large\" src=\"https:\/\/santapola.es\/wp-content\/uploads\/2021\/04\/19-04-2021-VACUNACION_IFA-1-1024x683.jpg\" alt=\"\" width=\"1024\" height=\"683\" srcset=\"https:\/\/santapola.es\/wp-content\/uploads\/2021\/04\/19-04-2021-VACUNACION_IFA-1-1024x683.jpg 1024w, https:\/\/santapola.es\/wp-content\/uploads\/2021\/04\/19-04-2021-VACUNACION_IFA-1-300x200.jpg 300w, https:\/\/santapola.es\/wp-content\/uploads\/2021\/04\/19-04-2021-VACUNACION_IFA-1-768x512.jpg 768w, https:\/\/santapola.es\/wp-content\/uploads\/2021\/04\/19-04-2021-VACUNACION_IFA-1-1080x720.jpg 1080w, https:\/\/santapola.es\/wp-content\/uploads\/2021\/04\/19-04-2021-VACUNACION_IFA-1-610x407.jpg 610w, https:\/\/santapola.es\/wp-content\/uploads\/2021\/04\/19-04-2021-VACUNACION_IFA-1.jpg 1500w\" sizes=\"(max-width: 1024px) 100vw, 1024px\" \/><\/p>\n","protected":false},"excerpt":{"rendered":"<p>La alcaldesa de Santa Pola, Loreto Serrano y la concejala de Sanidad, Gela Roche, acudieron ayer a la presentaci\u00f3n del Punto de Vacunaci\u00f3n que se ha instalado en la Instituci\u00f3n Ferial Alicantina (IFA) y que dar\u00e1 servicio al \u00e1rea de salud de Elche, Santa Pola y Crevillente. En un primer momento, se ten\u00eda previsto que [&hellip;]<\/p>\n","protected":false},"author":99,"featured_media":0,"comment_status":"closed","ping_status":"closed","sticky":false,"template":"","format":"standard","meta":{"_et_pb_use_builder":"","_et_pb_old_content":"","_et_gb_content_width":"","footnotes":""},"categories":[66,406,58],"tags":[],"class_list":["post-14572","post","type-post","status-publish","format-standard","hentry","category-inicio","category-sin-categorizar-2","category-sostenibilidad-sanidad"],"yoast_head":"<!-- This site is optimized with the Yoast SEO plugin v27.4 - https:\/\/yoast.com\/product\/yoast-seo-wordpress\/ -->\n<title>Comienza la vacunaci\u00f3n masiva en IFA - Ajuntament de Santa Pola<\/title>\n<meta name=\"robots\" content=\"index, follow, max-snippet:-1, max-image-preview:large, max-video-preview:-1\" \/>\n<link rel=\"canonical\" href=\"https:\/\/santapola.es\/ca\/comienza-la-vacunacion-masiva-en-ifa\/\" \/>\n<meta property=\"og:locale\" content=\"ca_ES\" \/>\n<meta property=\"og:type\" content=\"article\" \/>\n<meta property=\"og:title\" content=\"Comienza la vacunaci\u00f3n masiva en IFA - Ajuntament de Santa Pola\" \/>\n<meta property=\"og:description\" content=\"La alcaldesa de Santa Pola, Loreto Serrano y la concejala de Sanidad, Gela Roche, acudieron ayer a la presentaci\u00f3n del Punto de Vacunaci\u00f3n que se ha instalado en la Instituci\u00f3n Ferial Alicantina (IFA) y que dar\u00e1 servicio al \u00e1rea de salud de Elche, Santa Pola y Crevillente. En un primer momento, se ten\u00eda previsto que [&hellip;]\" \/>\n<meta property=\"og:url\" content=\"https:\/\/santapola.es\/ca\/comienza-la-vacunacion-masiva-en-ifa\/\" \/>\n<meta property=\"og:site_name\" content=\"Ajuntament de Santa Pola\" \/>\n<meta property=\"article:publisher\" content=\"https:\/\/www.facebook.com\/AyuntamientoSantaPola\/\" \/>\n<meta property=\"article:published_time\" content=\"2021-04-19T12:49:12+00:00\" \/>\n<meta property=\"article:modified_time\" content=\"2024-03-07T17:39:37+00:00\" \/>\n<meta property=\"og:image\" content=\"https:\/\/santapola.es\/wp-content\/uploads\/2021\/04\/19-04-2021-VACUNACION_IFA-1-1024x683.jpg\" \/>\n<meta name=\"author\" content=\"Usuario Gen\u00e9rico Web\" \/>\n<meta name=\"twitter:card\" content=\"summary_large_image\" \/>\n<meta name=\"twitter:creator\" content=\"@SantaPolaAyunt\" \/>\n<meta name=\"twitter:site\" content=\"@SantaPolaAyunt\" \/>\n<script type=\"application\/ld+json\" class=\"yoast-schema-graph\">{\"@context\":\"https:\\\/\\\/schema.org\",\"@graph\":[{\"@type\":\"Article\",\"@id\":\"https:\\\/\\\/santapola.es\\\/ca\\\/comienza-la-vacunacion-masiva-en-ifa\\\/#article\",\"isPartOf\":{\"@id\":\"https:\\\/\\\/santapola.es\\\/ca\\\/comienza-la-vacunacion-masiva-en-ifa\\\/\"},\"author\":{\"name\":\"Usuario Gen\u00e9rico Web\",\"@id\":\"https:\\\/\\\/santapola.es\\\/ca\\\/#\\\/schema\\\/person\\\/5c898695593fabd93215e23620b3a9d1\"},\"headline\":\"Comienza la vacunaci\u00f3n masiva en IFA\",\"datePublished\":\"2021-04-19T12:49:12+00:00\",\"dateModified\":\"2024-03-07T17:39:37+00:00\",\"mainEntityOfPage\":{\"@id\":\"https:\\\/\\\/santapola.es\\\/ca\\\/comienza-la-vacunacion-masiva-en-ifa\\\/\"},\"wordCount\":262,\"image\":{\"@id\":\"https:\\\/\\\/santapola.es\\\/ca\\\/comienza-la-vacunacion-masiva-en-ifa\\\/#primaryimage\"},\"thumbnailUrl\":\"https:\\\/\\\/santapola.es\\\/wp-content\\\/uploads\\\/2021\\\/04\\\/19-04-2021-VACUNACION_IFA-1-1024x683.jpg\",\"articleSection\":[\"Inicio\",\"Sin categorizar\",\"Sostenibilidad \\\/ Sanidad\"],\"inLanguage\":\"ca\"},{\"@type\":\"WebPage\",\"@id\":\"https:\\\/\\\/santapola.es\\\/ca\\\/comienza-la-vacunacion-masiva-en-ifa\\\/\",\"url\":\"https:\\\/\\\/santapola.es\\\/ca\\\/comienza-la-vacunacion-masiva-en-ifa\\\/\",\"name\":\"Comienza la vacunaci\u00f3n masiva en IFA - Ajuntament de Santa Pola\",\"isPartOf\":{\"@id\":\"https:\\\/\\\/santapola.es\\\/ca\\\/#website\"},\"primaryImageOfPage\":{\"@id\":\"https:\\\/\\\/santapola.es\\\/ca\\\/comienza-la-vacunacion-masiva-en-ifa\\\/#primaryimage\"},\"image\":{\"@id\":\"https:\\\/\\\/santapola.es\\\/ca\\\/comienza-la-vacunacion-masiva-en-ifa\\\/#primaryimage\"},\"thumbnailUrl\":\"https:\\\/\\\/santapola.es\\\/wp-content\\\/uploads\\\/2021\\\/04\\\/19-04-2021-VACUNACION_IFA-1-1024x683.jpg\",\"datePublished\":\"2021-04-19T12:49:12+00:00\",\"dateModified\":\"2024-03-07T17:39:37+00:00\",\"author\":{\"@id\":\"https:\\\/\\\/santapola.es\\\/ca\\\/#\\\/schema\\\/person\\\/5c898695593fabd93215e23620b3a9d1\"},\"breadcrumb\":{\"@id\":\"https:\\\/\\\/santapola.es\\\/ca\\\/comienza-la-vacunacion-masiva-en-ifa\\\/#breadcrumb\"},\"inLanguage\":\"ca\",\"potentialAction\":[{\"@type\":\"ReadAction\",\"target\":[\"https:\\\/\\\/santapola.es\\\/ca\\\/comienza-la-vacunacion-masiva-en-ifa\\\/\"]}]},{\"@type\":\"ImageObject\",\"inLanguage\":\"ca\",\"@id\":\"https:\\\/\\\/santapola.es\\\/ca\\\/comienza-la-vacunacion-masiva-en-ifa\\\/#primaryimage\",\"url\":\"https:\\\/\\\/santapola.es\\\/wp-content\\\/uploads\\\/2021\\\/04\\\/19-04-2021-VACUNACION_IFA-1-1024x683.jpg\",\"contentUrl\":\"https:\\\/\\\/santapola.es\\\/wp-content\\\/uploads\\\/2021\\\/04\\\/19-04-2021-VACUNACION_IFA-1-1024x683.jpg\"},{\"@type\":\"BreadcrumbList\",\"@id\":\"https:\\\/\\\/santapola.es\\\/ca\\\/comienza-la-vacunacion-masiva-en-ifa\\\/#breadcrumb\",\"itemListElement\":[{\"@type\":\"ListItem\",\"position\":1,\"name\":\"Inici\",\"item\":\"https:\\\/\\\/santapola.es\\\/ca\\\/\"},{\"@type\":\"ListItem\",\"position\":2,\"name\":\"Comienza la vacunaci\u00f3n masiva en IFA\"}]},{\"@type\":\"WebSite\",\"@id\":\"https:\\\/\\\/santapola.es\\\/ca\\\/#website\",\"url\":\"https:\\\/\\\/santapola.es\\\/ca\\\/\",\"name\":\"Ayuntamiento de Santa Pola\",\"description\":\"Web de l'Ajuntament de Santa Pola\",\"potentialAction\":[{\"@type\":\"SearchAction\",\"target\":{\"@type\":\"EntryPoint\",\"urlTemplate\":\"https:\\\/\\\/santapola.es\\\/ca\\\/?s={search_term_string}\"},\"query-input\":{\"@type\":\"PropertyValueSpecification\",\"valueRequired\":true,\"valueName\":\"search_term_string\"}}],\"inLanguage\":\"ca\"},{\"@type\":\"Person\",\"@id\":\"https:\\\/\\\/santapola.es\\\/ca\\\/#\\\/schema\\\/person\\\/5c898695593fabd93215e23620b3a9d1\",\"name\":\"Usuario Gen\u00e9rico Web\"}]}<\/script>\n<!-- \/ Yoast SEO plugin. -->","yoast_head_json":{"title":"Comienza la vacunaci\u00f3n masiva en IFA - Ajuntament de Santa Pola","robots":{"index":"index","follow":"follow","max-snippet":"max-snippet:-1","max-image-preview":"max-image-preview:large","max-video-preview":"max-video-preview:-1"},"canonical":"https:\/\/santapola.es\/ca\/comienza-la-vacunacion-masiva-en-ifa\/","og_locale":"ca_ES","og_type":"article","og_title":"Comienza la vacunaci\u00f3n masiva en IFA - Ajuntament de Santa Pola","og_description":"La alcaldesa de Santa Pola, Loreto Serrano y la concejala de Sanidad, Gela Roche, acudieron ayer a la presentaci\u00f3n del Punto de Vacunaci\u00f3n que se ha instalado en la Instituci\u00f3n Ferial Alicantina (IFA) y que dar\u00e1 servicio al \u00e1rea de salud de Elche, Santa Pola y Crevillente. En un primer momento, se ten\u00eda previsto que [&hellip;]","og_url":"https:\/\/santapola.es\/ca\/comienza-la-vacunacion-masiva-en-ifa\/","og_site_name":"Ajuntament de Santa Pola","article_publisher":"https:\/\/www.facebook.com\/AyuntamientoSantaPola\/","article_published_time":"2021-04-19T12:49:12+00:00","article_modified_time":"2024-03-07T17:39:37+00:00","og_image":[{"url":"https:\/\/santapola.es\/wp-content\/uploads\/2021\/04\/19-04-2021-VACUNACION_IFA-1-1024x683.jpg","type":"","width":"","height":""}],"author":"Usuario Gen\u00e9rico Web","twitter_card":"summary_large_image","twitter_creator":"@SantaPolaAyunt","twitter_site":"@SantaPolaAyunt","schema":{"@context":"https:\/\/schema.org","@graph":[{"@type":"Article","@id":"https:\/\/santapola.es\/ca\/comienza-la-vacunacion-masiva-en-ifa\/#article","isPartOf":{"@id":"https:\/\/santapola.es\/ca\/comienza-la-vacunacion-masiva-en-ifa\/"},"author":{"name":"Usuario Gen\u00e9rico Web","@id":"https:\/\/santapola.es\/ca\/#\/schema\/person\/5c898695593fabd93215e23620b3a9d1"},"headline":"Comienza la vacunaci\u00f3n masiva en IFA","datePublished":"2021-04-19T12:49:12+00:00","dateModified":"2024-03-07T17:39:37+00:00","mainEntityOfPage":{"@id":"https:\/\/santapola.es\/ca\/comienza-la-vacunacion-masiva-en-ifa\/"},"wordCount":262,"image":{"@id":"https:\/\/santapola.es\/ca\/comienza-la-vacunacion-masiva-en-ifa\/#primaryimage"},"thumbnailUrl":"https:\/\/santapola.es\/wp-content\/uploads\/2021\/04\/19-04-2021-VACUNACION_IFA-1-1024x683.jpg","articleSection":["Inicio","Sin categorizar","Sostenibilidad \/ Sanidad"],"inLanguage":"ca"},{"@type":"WebPage","@id":"https:\/\/santapola.es\/ca\/comienza-la-vacunacion-masiva-en-ifa\/","url":"https:\/\/santapola.es\/ca\/comienza-la-vacunacion-masiva-en-ifa\/","name":"Comienza la vacunaci\u00f3n masiva en IFA - Ajuntament de Santa Pola","isPartOf":{"@id":"https:\/\/santapola.es\/ca\/#website"},"primaryImageOfPage":{"@id":"https:\/\/santapola.es\/ca\/comienza-la-vacunacion-masiva-en-ifa\/#primaryimage"},"image":{"@id":"https:\/\/santapola.es\/ca\/comienza-la-vacunacion-masiva-en-ifa\/#primaryimage"},"thumbnailUrl":"https:\/\/santapola.es\/wp-content\/uploads\/2021\/04\/19-04-2021-VACUNACION_IFA-1-1024x683.jpg","datePublished":"2021-04-19T12:49:12+00:00","dateModified":"2024-03-07T17:39:37+00:00","author":{"@id":"https:\/\/santapola.es\/ca\/#\/schema\/person\/5c898695593fabd93215e23620b3a9d1"},"breadcrumb":{"@id":"https:\/\/santapola.es\/ca\/comienza-la-vacunacion-masiva-en-ifa\/#breadcrumb"},"inLanguage":"ca","potentialAction":[{"@type":"ReadAction","target":["https:\/\/santapola.es\/ca\/comienza-la-vacunacion-masiva-en-ifa\/"]}]},{"@type":"ImageObject","inLanguage":"ca","@id":"https:\/\/santapola.es\/ca\/comienza-la-vacunacion-masiva-en-ifa\/#primaryimage","url":"https:\/\/santapola.es\/wp-content\/uploads\/2021\/04\/19-04-2021-VACUNACION_IFA-1-1024x683.jpg","contentUrl":"https:\/\/santapola.es\/wp-content\/uploads\/2021\/04\/19-04-2021-VACUNACION_IFA-1-1024x683.jpg"},{"@type":"BreadcrumbList","@id":"https:\/\/santapola.es\/ca\/comienza-la-vacunacion-masiva-en-ifa\/#breadcrumb","itemListElement":[{"@type":"ListItem","position":1,"name":"Inici","item":"https:\/\/santapola.es\/ca\/"},{"@type":"ListItem","position":2,"name":"Comienza la vacunaci\u00f3n masiva en IFA"}]},{"@type":"WebSite","@id":"https:\/\/santapola.es\/ca\/#website","url":"https:\/\/santapola.es\/ca\/","name":"Ayuntamiento de Santa Pola","description":"Web de l'Ajuntament de Santa Pola","potentialAction":[{"@type":"SearchAction","target":{"@type":"EntryPoint","urlTemplate":"https:\/\/santapola.es\/ca\/?s={search_term_string}"},"query-input":{"@type":"PropertyValueSpecification","valueRequired":true,"valueName":"search_term_string"}}],"inLanguage":"ca"},{"@type":"Person","@id":"https:\/\/santapola.es\/ca\/#\/schema\/person\/5c898695593fabd93215e23620b3a9d1","name":"Usuario Gen\u00e9rico Web"}]}},"_links":{"self":[{"href":"https:\/\/santapola.es\/ca\/wp-json\/wp\/v2\/posts\/14572","targetHints":{"allow":["GET"]}}],"collection":[{"href":"https:\/\/santapola.es\/ca\/wp-json\/wp\/v2\/posts"}],"about":[{"href":"https:\/\/santapola.es\/ca\/wp-json\/wp\/v2\/types\/post"}],"author":[{"embeddable":true,"href":"https:\/\/santapola.es\/ca\/wp-json\/wp\/v2\/users\/99"}],"replies":[{"embeddable":true,"href":"https:\/\/santapola.es\/ca\/wp-json\/wp\/v2\/comments?post=14572"}],"version-history":[{"count":0,"href":"https:\/\/santapola.es\/ca\/wp-json\/wp\/v2\/posts\/14572\/revisions"}],"wp:attachment":[{"href":"https:\/\/santapola.es\/ca\/wp-json\/wp\/v2\/media?parent=14572"}],"wp:term":[{"taxonomy":"category","embeddable":true,"href":"https:\/\/santapola.es\/ca\/wp-json\/wp\/v2\/categories?post=14572"},{"taxonomy":"post_tag","embeddable":true,"href":"https:\/\/santapola.es\/ca\/wp-json\/wp\/v2\/tags?post=14572"}],"curies":[{"name":"wp","href":"https:\/\/api.w.org\/{rel}","templated":true}]}}