{"id":14567,"date":"2021-04-19T08:27:15","date_gmt":"2021-04-19T07:27:15","guid":{"rendered":"https:\/\/www.santapola.es\/?p=14567"},"modified":"2024-03-07T18:39:36","modified_gmt":"2024-03-07T17:39:36","slug":"segittur-incorpora-a-santa-pola-en-su-red-dti","status":"publish","type":"post","link":"https:\/\/santapola.es\/ca\/segittur-incorpora-a-santa-pola-en-su-red-dti\/","title":{"rendered":"SEGITTUR incorpora a Santa Pola en su red DTI"},"content":{"rendered":"<p style=\"text-align: justify;\">Segittur, dependiente del Ministerio de Industria, Comercio y Turismo, y adscrita a la Secretar\u00eda de Estado de Turismo, ha dado oficialmente la bienvenida a SANTA POLA a su red de destinos tur\u00edsticos inteligentes.<\/p>\n<p style=\"text-align: justify;\">Es un gran reto y un orgullo poder pertenecer a esta prestigiosa red inteligente, puesto que ello demuestra una vez m\u00e1s que turismo Santa Pola est\u00e1 trabajando en la direcci\u00f3n correcta para convertir a su municipio en un destino que apuesta por un modelo de desarrollo tur\u00edstico basado en los ejes de innovaci\u00f3n, sostenibilidad, accesibilidad, tecnolog\u00eda y gobernanza.<\/p>\n<p style=\"text-align: justify;\">El equipo de turismo, liderado por su concejal Julio Miguel Baeza Andreu, est\u00e1 trabajando actualmente en la implementaci\u00f3n de su plan director de turismo DTI, y pr\u00f3ximamente podr\u00e1n informar de todas las actuaciones DTI que se est\u00e1n llevando a cabo, con la esperanza de satisfacer las necesidades tecnol\u00f3gicas tanto de los turistas potenciales como de los habitantes del municipio.<\/p>\n<p style=\"text-align: justify;\">Santa Pola, destino tur\u00edstico inteligente de la Comunidad Valenciana, en un futuro inmediato podr\u00e1 desarrollar proyectos tecnol\u00f3gicos muy interesantes que la posicionar\u00e1n como referente nacional en materia DTI, gracias al apoyo de organismos como Invat-tur, el Patronato de Turismo Costa Blanca y ahora Segittur.<\/p>\n","protected":false},"excerpt":{"rendered":"<p>Segittur, dependiente del Ministerio de Industria, Comercio y Turismo, y adscrita a la Secretar\u00eda de Estado de Turismo, ha dado oficialmente la bienvenida a SANTA POLA a su red de destinos tur\u00edsticos inteligentes. Es un gran reto y un orgullo poder pertenecer a esta prestigiosa red inteligente, puesto que ello demuestra una vez m\u00e1s que [&hellip;]<\/p>\n","protected":false},"author":99,"featured_media":0,"comment_status":"closed","ping_status":"closed","sticky":false,"template":"","format":"standard","meta":{"_et_pb_use_builder":"","_et_pb_old_content":"","_et_gb_content_width":"","footnotes":""},"categories":[66,57,406],"tags":[],"class_list":["post-14567","post","type-post","status-publish","format-standard","hentry","category-inicio","category-playas-turismo-pesca","category-sin-categorizar-2"],"yoast_head":"<!-- This site is optimized with the Yoast SEO plugin v27.4 - https:\/\/yoast.com\/product\/yoast-seo-wordpress\/ -->\n<title>SEGITTUR incorpora a Santa Pola en su red DTI - Ajuntament de Santa Pola<\/title>\n<meta name=\"robots\" content=\"index, follow, max-snippet:-1, max-image-preview:large, max-video-preview:-1\" \/>\n<link rel=\"canonical\" href=\"https:\/\/santapola.es\/ca\/segittur-incorpora-a-santa-pola-en-su-red-dti\/\" \/>\n<meta property=\"og:locale\" content=\"ca_ES\" \/>\n<meta property=\"og:type\" content=\"article\" \/>\n<meta property=\"og:title\" content=\"SEGITTUR incorpora a Santa Pola en su red DTI - Ajuntament de Santa Pola\" \/>\n<meta property=\"og:description\" content=\"Segittur, dependiente del Ministerio de Industria, Comercio y Turismo, y adscrita a la Secretar\u00eda de Estado de Turismo, ha dado oficialmente la bienvenida a SANTA POLA a su red de destinos tur\u00edsticos inteligentes. Es un gran reto y un orgullo poder pertenecer a esta prestigiosa red inteligente, puesto que ello demuestra una vez m\u00e1s que [&hellip;]\" \/>\n<meta property=\"og:url\" content=\"https:\/\/santapola.es\/ca\/segittur-incorpora-a-santa-pola-en-su-red-dti\/\" \/>\n<meta property=\"og:site_name\" content=\"Ajuntament de Santa Pola\" \/>\n<meta property=\"article:publisher\" content=\"https:\/\/www.facebook.com\/AyuntamientoSantaPola\/\" \/>\n<meta property=\"article:published_time\" content=\"2021-04-19T07:27:15+00:00\" \/>\n<meta property=\"article:modified_time\" content=\"2024-03-07T17:39:36+00:00\" \/>\n<meta name=\"author\" content=\"Usuario Gen\u00e9rico Web\" \/>\n<meta name=\"twitter:card\" content=\"summary_large_image\" \/>\n<meta name=\"twitter:creator\" content=\"@SantaPolaAyunt\" \/>\n<meta name=\"twitter:site\" content=\"@SantaPolaAyunt\" \/>\n<script type=\"application\/ld+json\" class=\"yoast-schema-graph\">{\"@context\":\"https:\\\/\\\/schema.org\",\"@graph\":[{\"@type\":\"Article\",\"@id\":\"https:\\\/\\\/santapola.es\\\/ca\\\/segittur-incorpora-a-santa-pola-en-su-red-dti\\\/#article\",\"isPartOf\":{\"@id\":\"https:\\\/\\\/santapola.es\\\/ca\\\/segittur-incorpora-a-santa-pola-en-su-red-dti\\\/\"},\"author\":{\"name\":\"Usuario Gen\u00e9rico Web\",\"@id\":\"https:\\\/\\\/santapola.es\\\/ca\\\/#\\\/schema\\\/person\\\/5c898695593fabd93215e23620b3a9d1\"},\"headline\":\"SEGITTUR incorpora a Santa Pola en su red DTI\",\"datePublished\":\"2021-04-19T07:27:15+00:00\",\"dateModified\":\"2024-03-07T17:39:36+00:00\",\"mainEntityOfPage\":{\"@id\":\"https:\\\/\\\/santapola.es\\\/ca\\\/segittur-incorpora-a-santa-pola-en-su-red-dti\\\/\"},\"wordCount\":218,\"articleSection\":[\"Inicio\",\"Playas \\\/ Turismo \\\/ Pesca\",\"Sin categorizar\"],\"inLanguage\":\"ca\"},{\"@type\":\"WebPage\",\"@id\":\"https:\\\/\\\/santapola.es\\\/ca\\\/segittur-incorpora-a-santa-pola-en-su-red-dti\\\/\",\"url\":\"https:\\\/\\\/santapola.es\\\/ca\\\/segittur-incorpora-a-santa-pola-en-su-red-dti\\\/\",\"name\":\"SEGITTUR incorpora a Santa Pola en su red DTI - Ajuntament de Santa Pola\",\"isPartOf\":{\"@id\":\"https:\\\/\\\/santapola.es\\\/ca\\\/#website\"},\"datePublished\":\"2021-04-19T07:27:15+00:00\",\"dateModified\":\"2024-03-07T17:39:36+00:00\",\"author\":{\"@id\":\"https:\\\/\\\/santapola.es\\\/ca\\\/#\\\/schema\\\/person\\\/5c898695593fabd93215e23620b3a9d1\"},\"breadcrumb\":{\"@id\":\"https:\\\/\\\/santapola.es\\\/ca\\\/segittur-incorpora-a-santa-pola-en-su-red-dti\\\/#breadcrumb\"},\"inLanguage\":\"ca\",\"potentialAction\":[{\"@type\":\"ReadAction\",\"target\":[\"https:\\\/\\\/santapola.es\\\/ca\\\/segittur-incorpora-a-santa-pola-en-su-red-dti\\\/\"]}]},{\"@type\":\"BreadcrumbList\",\"@id\":\"https:\\\/\\\/santapola.es\\\/ca\\\/segittur-incorpora-a-santa-pola-en-su-red-dti\\\/#breadcrumb\",\"itemListElement\":[{\"@type\":\"ListItem\",\"position\":1,\"name\":\"Inici\",\"item\":\"https:\\\/\\\/santapola.es\\\/ca\\\/\"},{\"@type\":\"ListItem\",\"position\":2,\"name\":\"SEGITTUR incorpora a Santa Pola en su red DTI\"}]},{\"@type\":\"WebSite\",\"@id\":\"https:\\\/\\\/santapola.es\\\/ca\\\/#website\",\"url\":\"https:\\\/\\\/santapola.es\\\/ca\\\/\",\"name\":\"Ayuntamiento de Santa Pola\",\"description\":\"Web de l'Ajuntament de Santa Pola\",\"potentialAction\":[{\"@type\":\"SearchAction\",\"target\":{\"@type\":\"EntryPoint\",\"urlTemplate\":\"https:\\\/\\\/santapola.es\\\/ca\\\/?s={search_term_string}\"},\"query-input\":{\"@type\":\"PropertyValueSpecification\",\"valueRequired\":true,\"valueName\":\"search_term_string\"}}],\"inLanguage\":\"ca\"},{\"@type\":\"Person\",\"@id\":\"https:\\\/\\\/santapola.es\\\/ca\\\/#\\\/schema\\\/person\\\/5c898695593fabd93215e23620b3a9d1\",\"name\":\"Usuario Gen\u00e9rico Web\"}]}<\/script>\n<!-- \/ Yoast SEO plugin. -->","yoast_head_json":{"title":"SEGITTUR incorpora a Santa Pola en su red DTI - Ajuntament de Santa Pola","robots":{"index":"index","follow":"follow","max-snippet":"max-snippet:-1","max-image-preview":"max-image-preview:large","max-video-preview":"max-video-preview:-1"},"canonical":"https:\/\/santapola.es\/ca\/segittur-incorpora-a-santa-pola-en-su-red-dti\/","og_locale":"ca_ES","og_type":"article","og_title":"SEGITTUR incorpora a Santa Pola en su red DTI - Ajuntament de Santa Pola","og_description":"Segittur, dependiente del Ministerio de Industria, Comercio y Turismo, y adscrita a la Secretar\u00eda de Estado de Turismo, ha dado oficialmente la bienvenida a SANTA POLA a su red de destinos tur\u00edsticos inteligentes. Es un gran reto y un orgullo poder pertenecer a esta prestigiosa red inteligente, puesto que ello demuestra una vez m\u00e1s que [&hellip;]","og_url":"https:\/\/santapola.es\/ca\/segittur-incorpora-a-santa-pola-en-su-red-dti\/","og_site_name":"Ajuntament de Santa Pola","article_publisher":"https:\/\/www.facebook.com\/AyuntamientoSantaPola\/","article_published_time":"2021-04-19T07:27:15+00:00","article_modified_time":"2024-03-07T17:39:36+00:00","author":"Usuario Gen\u00e9rico Web","twitter_card":"summary_large_image","twitter_creator":"@SantaPolaAyunt","twitter_site":"@SantaPolaAyunt","schema":{"@context":"https:\/\/schema.org","@graph":[{"@type":"Article","@id":"https:\/\/santapola.es\/ca\/segittur-incorpora-a-santa-pola-en-su-red-dti\/#article","isPartOf":{"@id":"https:\/\/santapola.es\/ca\/segittur-incorpora-a-santa-pola-en-su-red-dti\/"},"author":{"name":"Usuario Gen\u00e9rico Web","@id":"https:\/\/santapola.es\/ca\/#\/schema\/person\/5c898695593fabd93215e23620b3a9d1"},"headline":"SEGITTUR incorpora a Santa Pola en su red DTI","datePublished":"2021-04-19T07:27:15+00:00","dateModified":"2024-03-07T17:39:36+00:00","mainEntityOfPage":{"@id":"https:\/\/santapola.es\/ca\/segittur-incorpora-a-santa-pola-en-su-red-dti\/"},"wordCount":218,"articleSection":["Inicio","Playas \/ Turismo \/ Pesca","Sin categorizar"],"inLanguage":"ca"},{"@type":"WebPage","@id":"https:\/\/santapola.es\/ca\/segittur-incorpora-a-santa-pola-en-su-red-dti\/","url":"https:\/\/santapola.es\/ca\/segittur-incorpora-a-santa-pola-en-su-red-dti\/","name":"SEGITTUR incorpora a Santa Pola en su red DTI - Ajuntament de Santa Pola","isPartOf":{"@id":"https:\/\/santapola.es\/ca\/#website"},"datePublished":"2021-04-19T07:27:15+00:00","dateModified":"2024-03-07T17:39:36+00:00","author":{"@id":"https:\/\/santapola.es\/ca\/#\/schema\/person\/5c898695593fabd93215e23620b3a9d1"},"breadcrumb":{"@id":"https:\/\/santapola.es\/ca\/segittur-incorpora-a-santa-pola-en-su-red-dti\/#breadcrumb"},"inLanguage":"ca","potentialAction":[{"@type":"ReadAction","target":["https:\/\/santapola.es\/ca\/segittur-incorpora-a-santa-pola-en-su-red-dti\/"]}]},{"@type":"BreadcrumbList","@id":"https:\/\/santapola.es\/ca\/segittur-incorpora-a-santa-pola-en-su-red-dti\/#breadcrumb","itemListElement":[{"@type":"ListItem","position":1,"name":"Inici","item":"https:\/\/santapola.es\/ca\/"},{"@type":"ListItem","position":2,"name":"SEGITTUR incorpora a Santa Pola en su red DTI"}]},{"@type":"WebSite","@id":"https:\/\/santapola.es\/ca\/#website","url":"https:\/\/santapola.es\/ca\/","name":"Ayuntamiento de Santa Pola","description":"Web de l'Ajuntament de Santa Pola","potentialAction":[{"@type":"SearchAction","target":{"@type":"EntryPoint","urlTemplate":"https:\/\/santapola.es\/ca\/?s={search_term_string}"},"query-input":{"@type":"PropertyValueSpecification","valueRequired":true,"valueName":"search_term_string"}}],"inLanguage":"ca"},{"@type":"Person","@id":"https:\/\/santapola.es\/ca\/#\/schema\/person\/5c898695593fabd93215e23620b3a9d1","name":"Usuario Gen\u00e9rico Web"}]}},"_links":{"self":[{"href":"https:\/\/santapola.es\/ca\/wp-json\/wp\/v2\/posts\/14567","targetHints":{"allow":["GET"]}}],"collection":[{"href":"https:\/\/santapola.es\/ca\/wp-json\/wp\/v2\/posts"}],"about":[{"href":"https:\/\/santapola.es\/ca\/wp-json\/wp\/v2\/types\/post"}],"author":[{"embeddable":true,"href":"https:\/\/santapola.es\/ca\/wp-json\/wp\/v2\/users\/99"}],"replies":[{"embeddable":true,"href":"https:\/\/santapola.es\/ca\/wp-json\/wp\/v2\/comments?post=14567"}],"version-history":[{"count":0,"href":"https:\/\/santapola.es\/ca\/wp-json\/wp\/v2\/posts\/14567\/revisions"}],"wp:attachment":[{"href":"https:\/\/santapola.es\/ca\/wp-json\/wp\/v2\/media?parent=14567"}],"wp:term":[{"taxonomy":"category","embeddable":true,"href":"https:\/\/santapola.es\/ca\/wp-json\/wp\/v2\/categories?post=14567"},{"taxonomy":"post_tag","embeddable":true,"href":"https:\/\/santapola.es\/ca\/wp-json\/wp\/v2\/tags?post=14567"}],"curies":[{"name":"wp","href":"https:\/\/api.w.org\/{rel}","templated":true}]}}