{"id":14559,"date":"2021-04-16T10:29:45","date_gmt":"2021-04-16T09:29:45","guid":{"rendered":"https:\/\/www.santapola.es\/?p=14559"},"modified":"2024-03-07T18:39:36","modified_gmt":"2024-03-07T17:39:36","slug":"juventud-quiere-inundar-las-redes-sociales-con-jovenes-con-valores","status":"publish","type":"post","link":"https:\/\/santapola.es\/ca\/juventud-quiere-inundar-las-redes-sociales-con-jovenes-con-valores\/","title":{"rendered":"Juventud quiere inundar las redes sociales con j\u00f3venes con valores"},"content":{"rendered":"<p>La Concejal\u00eda de Juventud lanza un nuevo concurso fotogr\u00e1fico a trav\u00e9s de Instagram, con el objetivo de dar voz a los\/las j\u00f3venes y mostrar su visi\u00f3n positiva de la juventud santapolera.<\/p>\n<p style=\"text-align: justify;\">Las personas que deseen participar, mayores de 14 a\u00f1os, deber\u00e1n publicar en su perfil abierto de Instagram cualquier imagen que muestre diferentes puntos de vista sobre los j\u00f3venes de la localidad y valores como el esfuerzo, el compa\u00f1erismo, la solidaridad, el trabajo en equipo, o la superaci\u00f3n, entre otros temas.<\/p>\n<p>Deber\u00e1n utilizar el hasthag #JovesEnValors, y etiquetar a <a href=\"https:\/\/www.instagram.com\/racojovesantapola\/\">@racojovesantapola<\/a> pudiendo presentar una o varias fotos, hasta el 8 de julio, fecha en la finaliza el concurso.<\/p>\n<p>Las fotos ganadoras recibir\u00e1n premios como altavoces bluetooth, as\u00ed como otros premios para las diez mejores fotograf\u00edas.<\/p>\n<p>Una selecci\u00f3n de las im\u00e1genes ser\u00e1n proyectadas en la Gala de Juventud prevista para el mes de agosto.<\/p>\n<p><img loading=\"lazy\" decoding=\"async\" class=\"aligncenter wp-image-14562 size-large\" src=\"https:\/\/santapola.es\/wp-content\/uploads\/2021\/04\/concurso-fotografia-_joves-en-valors_-1-1-1024x1024.png\" alt=\"\" width=\"1024\" height=\"1024\" srcset=\"https:\/\/santapola.es\/wp-content\/uploads\/2021\/04\/concurso-fotografia-_joves-en-valors_-1-1-1024x1024.png 1024w, https:\/\/santapola.es\/wp-content\/uploads\/2021\/04\/concurso-fotografia-_joves-en-valors_-1-1-300x300.png 300w, https:\/\/santapola.es\/wp-content\/uploads\/2021\/04\/concurso-fotografia-_joves-en-valors_-1-1-150x150.png 150w, https:\/\/santapola.es\/wp-content\/uploads\/2021\/04\/concurso-fotografia-_joves-en-valors_-1-1-768x768.png 768w, https:\/\/santapola.es\/wp-content\/uploads\/2021\/04\/concurso-fotografia-_joves-en-valors_-1-1-610x610.png 610w, https:\/\/santapola.es\/wp-content\/uploads\/2021\/04\/concurso-fotografia-_joves-en-valors_-1-1-100x100.png 100w, https:\/\/santapola.es\/wp-content\/uploads\/2021\/04\/concurso-fotografia-_joves-en-valors_-1-1.png 1080w\" sizes=\"(max-width: 1024px) 100vw, 1024px\" \/><\/p>\n","protected":false},"excerpt":{"rendered":"<p>La Concejal\u00eda de Juventud lanza un nuevo concurso fotogr\u00e1fico a trav\u00e9s de Instagram, con el objetivo de dar voz a los\/las j\u00f3venes y mostrar su visi\u00f3n positiva de la juventud santapolera. Las personas que deseen participar, mayores de 14 a\u00f1os, deber\u00e1n publicar en su perfil abierto de Instagram cualquier imagen que muestre diferentes puntos de [&hellip;]<\/p>\n","protected":false},"author":99,"featured_media":0,"comment_status":"closed","ping_status":"closed","sticky":false,"template":"","format":"standard","meta":{"_et_pb_use_builder":"","_et_pb_old_content":"","_et_gb_content_width":"","footnotes":""},"categories":[60,66,406],"tags":[],"class_list":["post-14559","post","type-post","status-publish","format-standard","hentry","category-educacion-juventud","category-inicio","category-sin-categorizar-2"],"yoast_head":"<!-- This site is optimized with the Yoast SEO plugin v27.4 - https:\/\/yoast.com\/product\/yoast-seo-wordpress\/ -->\n<title>Juventud quiere inundar las redes sociales con j\u00f3venes con valores - Ajuntament de Santa Pola<\/title>\n<meta name=\"robots\" content=\"index, follow, max-snippet:-1, max-image-preview:large, max-video-preview:-1\" \/>\n<link rel=\"canonical\" href=\"https:\/\/santapola.es\/ca\/juventud-quiere-inundar-las-redes-sociales-con-jovenes-con-valores\/\" \/>\n<meta property=\"og:locale\" content=\"ca_ES\" \/>\n<meta property=\"og:type\" content=\"article\" \/>\n<meta property=\"og:title\" content=\"Juventud quiere inundar las redes sociales con j\u00f3venes con valores - Ajuntament de Santa Pola\" \/>\n<meta property=\"og:description\" content=\"La Concejal\u00eda de Juventud lanza un nuevo concurso fotogr\u00e1fico a trav\u00e9s de Instagram, con el objetivo de dar voz a los\/las j\u00f3venes y mostrar su visi\u00f3n positiva de la juventud santapolera. Las personas que deseen participar, mayores de 14 a\u00f1os, deber\u00e1n publicar en su perfil abierto de Instagram cualquier imagen que muestre diferentes puntos de [&hellip;]\" \/>\n<meta property=\"og:url\" content=\"https:\/\/santapola.es\/ca\/juventud-quiere-inundar-las-redes-sociales-con-jovenes-con-valores\/\" \/>\n<meta property=\"og:site_name\" content=\"Ajuntament de Santa Pola\" \/>\n<meta property=\"article:publisher\" content=\"https:\/\/www.facebook.com\/AyuntamientoSantaPola\/\" \/>\n<meta property=\"article:published_time\" content=\"2021-04-16T09:29:45+00:00\" \/>\n<meta property=\"article:modified_time\" content=\"2024-03-07T17:39:36+00:00\" \/>\n<meta property=\"og:image\" content=\"https:\/\/santapola.es\/wp-content\/uploads\/2021\/04\/concurso-fotografia-_joves-en-valors_-1-1-1024x1024.png\" \/>\n<meta name=\"author\" content=\"Usuario Gen\u00e9rico Web\" \/>\n<meta name=\"twitter:card\" content=\"summary_large_image\" \/>\n<meta name=\"twitter:creator\" content=\"@SantaPolaAyunt\" \/>\n<meta name=\"twitter:site\" content=\"@SantaPolaAyunt\" \/>\n<script type=\"application\/ld+json\" class=\"yoast-schema-graph\">{\"@context\":\"https:\\\/\\\/schema.org\",\"@graph\":[{\"@type\":\"Article\",\"@id\":\"https:\\\/\\\/santapola.es\\\/ca\\\/juventud-quiere-inundar-las-redes-sociales-con-jovenes-con-valores\\\/#article\",\"isPartOf\":{\"@id\":\"https:\\\/\\\/santapola.es\\\/ca\\\/juventud-quiere-inundar-las-redes-sociales-con-jovenes-con-valores\\\/\"},\"author\":{\"name\":\"Usuario Gen\u00e9rico Web\",\"@id\":\"https:\\\/\\\/santapola.es\\\/ca\\\/#\\\/schema\\\/person\\\/5c898695593fabd93215e23620b3a9d1\"},\"headline\":\"Juventud quiere inundar las redes sociales con j\u00f3venes con valores\",\"datePublished\":\"2021-04-16T09:29:45+00:00\",\"dateModified\":\"2024-03-07T17:39:36+00:00\",\"mainEntityOfPage\":{\"@id\":\"https:\\\/\\\/santapola.es\\\/ca\\\/juventud-quiere-inundar-las-redes-sociales-con-jovenes-con-valores\\\/\"},\"wordCount\":168,\"image\":{\"@id\":\"https:\\\/\\\/santapola.es\\\/ca\\\/juventud-quiere-inundar-las-redes-sociales-con-jovenes-con-valores\\\/#primaryimage\"},\"thumbnailUrl\":\"https:\\\/\\\/santapola.es\\\/wp-content\\\/uploads\\\/2021\\\/04\\\/concurso-fotografia-_joves-en-valors_-1-1-1024x1024.png\",\"articleSection\":[\"Educaci\u00f3n \\\/ Juventud\",\"Inicio\",\"Sin categorizar\"],\"inLanguage\":\"ca\"},{\"@type\":\"WebPage\",\"@id\":\"https:\\\/\\\/santapola.es\\\/ca\\\/juventud-quiere-inundar-las-redes-sociales-con-jovenes-con-valores\\\/\",\"url\":\"https:\\\/\\\/santapola.es\\\/ca\\\/juventud-quiere-inundar-las-redes-sociales-con-jovenes-con-valores\\\/\",\"name\":\"Juventud quiere inundar las redes sociales con j\u00f3venes con valores - Ajuntament de Santa Pola\",\"isPartOf\":{\"@id\":\"https:\\\/\\\/santapola.es\\\/ca\\\/#website\"},\"primaryImageOfPage\":{\"@id\":\"https:\\\/\\\/santapola.es\\\/ca\\\/juventud-quiere-inundar-las-redes-sociales-con-jovenes-con-valores\\\/#primaryimage\"},\"image\":{\"@id\":\"https:\\\/\\\/santapola.es\\\/ca\\\/juventud-quiere-inundar-las-redes-sociales-con-jovenes-con-valores\\\/#primaryimage\"},\"thumbnailUrl\":\"https:\\\/\\\/santapola.es\\\/wp-content\\\/uploads\\\/2021\\\/04\\\/concurso-fotografia-_joves-en-valors_-1-1-1024x1024.png\",\"datePublished\":\"2021-04-16T09:29:45+00:00\",\"dateModified\":\"2024-03-07T17:39:36+00:00\",\"author\":{\"@id\":\"https:\\\/\\\/santapola.es\\\/ca\\\/#\\\/schema\\\/person\\\/5c898695593fabd93215e23620b3a9d1\"},\"breadcrumb\":{\"@id\":\"https:\\\/\\\/santapola.es\\\/ca\\\/juventud-quiere-inundar-las-redes-sociales-con-jovenes-con-valores\\\/#breadcrumb\"},\"inLanguage\":\"ca\",\"potentialAction\":[{\"@type\":\"ReadAction\",\"target\":[\"https:\\\/\\\/santapola.es\\\/ca\\\/juventud-quiere-inundar-las-redes-sociales-con-jovenes-con-valores\\\/\"]}]},{\"@type\":\"ImageObject\",\"inLanguage\":\"ca\",\"@id\":\"https:\\\/\\\/santapola.es\\\/ca\\\/juventud-quiere-inundar-las-redes-sociales-con-jovenes-con-valores\\\/#primaryimage\",\"url\":\"https:\\\/\\\/santapola.es\\\/wp-content\\\/uploads\\\/2021\\\/04\\\/concurso-fotografia-_joves-en-valors_-1-1-1024x1024.png\",\"contentUrl\":\"https:\\\/\\\/santapola.es\\\/wp-content\\\/uploads\\\/2021\\\/04\\\/concurso-fotografia-_joves-en-valors_-1-1-1024x1024.png\"},{\"@type\":\"BreadcrumbList\",\"@id\":\"https:\\\/\\\/santapola.es\\\/ca\\\/juventud-quiere-inundar-las-redes-sociales-con-jovenes-con-valores\\\/#breadcrumb\",\"itemListElement\":[{\"@type\":\"ListItem\",\"position\":1,\"name\":\"Inici\",\"item\":\"https:\\\/\\\/santapola.es\\\/ca\\\/\"},{\"@type\":\"ListItem\",\"position\":2,\"name\":\"Juventud quiere inundar las redes sociales con j\u00f3venes con valores\"}]},{\"@type\":\"WebSite\",\"@id\":\"https:\\\/\\\/santapola.es\\\/ca\\\/#website\",\"url\":\"https:\\\/\\\/santapola.es\\\/ca\\\/\",\"name\":\"Ayuntamiento de Santa Pola\",\"description\":\"Web de l'Ajuntament de Santa Pola\",\"potentialAction\":[{\"@type\":\"SearchAction\",\"target\":{\"@type\":\"EntryPoint\",\"urlTemplate\":\"https:\\\/\\\/santapola.es\\\/ca\\\/?s={search_term_string}\"},\"query-input\":{\"@type\":\"PropertyValueSpecification\",\"valueRequired\":true,\"valueName\":\"search_term_string\"}}],\"inLanguage\":\"ca\"},{\"@type\":\"Person\",\"@id\":\"https:\\\/\\\/santapola.es\\\/ca\\\/#\\\/schema\\\/person\\\/5c898695593fabd93215e23620b3a9d1\",\"name\":\"Usuario Gen\u00e9rico Web\"}]}<\/script>\n<!-- \/ Yoast SEO plugin. -->","yoast_head_json":{"title":"Juventud quiere inundar las redes sociales con j\u00f3venes con valores - Ajuntament de Santa Pola","robots":{"index":"index","follow":"follow","max-snippet":"max-snippet:-1","max-image-preview":"max-image-preview:large","max-video-preview":"max-video-preview:-1"},"canonical":"https:\/\/santapola.es\/ca\/juventud-quiere-inundar-las-redes-sociales-con-jovenes-con-valores\/","og_locale":"ca_ES","og_type":"article","og_title":"Juventud quiere inundar las redes sociales con j\u00f3venes con valores - Ajuntament de Santa Pola","og_description":"La Concejal\u00eda de Juventud lanza un nuevo concurso fotogr\u00e1fico a trav\u00e9s de Instagram, con el objetivo de dar voz a los\/las j\u00f3venes y mostrar su visi\u00f3n positiva de la juventud santapolera. Las personas que deseen participar, mayores de 14 a\u00f1os, deber\u00e1n publicar en su perfil abierto de Instagram cualquier imagen que muestre diferentes puntos de [&hellip;]","og_url":"https:\/\/santapola.es\/ca\/juventud-quiere-inundar-las-redes-sociales-con-jovenes-con-valores\/","og_site_name":"Ajuntament de Santa Pola","article_publisher":"https:\/\/www.facebook.com\/AyuntamientoSantaPola\/","article_published_time":"2021-04-16T09:29:45+00:00","article_modified_time":"2024-03-07T17:39:36+00:00","og_image":[{"url":"https:\/\/santapola.es\/wp-content\/uploads\/2021\/04\/concurso-fotografia-_joves-en-valors_-1-1-1024x1024.png","type":"","width":"","height":""}],"author":"Usuario Gen\u00e9rico Web","twitter_card":"summary_large_image","twitter_creator":"@SantaPolaAyunt","twitter_site":"@SantaPolaAyunt","schema":{"@context":"https:\/\/schema.org","@graph":[{"@type":"Article","@id":"https:\/\/santapola.es\/ca\/juventud-quiere-inundar-las-redes-sociales-con-jovenes-con-valores\/#article","isPartOf":{"@id":"https:\/\/santapola.es\/ca\/juventud-quiere-inundar-las-redes-sociales-con-jovenes-con-valores\/"},"author":{"name":"Usuario Gen\u00e9rico Web","@id":"https:\/\/santapola.es\/ca\/#\/schema\/person\/5c898695593fabd93215e23620b3a9d1"},"headline":"Juventud quiere inundar las redes sociales con j\u00f3venes con valores","datePublished":"2021-04-16T09:29:45+00:00","dateModified":"2024-03-07T17:39:36+00:00","mainEntityOfPage":{"@id":"https:\/\/santapola.es\/ca\/juventud-quiere-inundar-las-redes-sociales-con-jovenes-con-valores\/"},"wordCount":168,"image":{"@id":"https:\/\/santapola.es\/ca\/juventud-quiere-inundar-las-redes-sociales-con-jovenes-con-valores\/#primaryimage"},"thumbnailUrl":"https:\/\/santapola.es\/wp-content\/uploads\/2021\/04\/concurso-fotografia-_joves-en-valors_-1-1-1024x1024.png","articleSection":["Educaci\u00f3n \/ Juventud","Inicio","Sin categorizar"],"inLanguage":"ca"},{"@type":"WebPage","@id":"https:\/\/santapola.es\/ca\/juventud-quiere-inundar-las-redes-sociales-con-jovenes-con-valores\/","url":"https:\/\/santapola.es\/ca\/juventud-quiere-inundar-las-redes-sociales-con-jovenes-con-valores\/","name":"Juventud quiere inundar las redes sociales con j\u00f3venes con valores - Ajuntament de Santa Pola","isPartOf":{"@id":"https:\/\/santapola.es\/ca\/#website"},"primaryImageOfPage":{"@id":"https:\/\/santapola.es\/ca\/juventud-quiere-inundar-las-redes-sociales-con-jovenes-con-valores\/#primaryimage"},"image":{"@id":"https:\/\/santapola.es\/ca\/juventud-quiere-inundar-las-redes-sociales-con-jovenes-con-valores\/#primaryimage"},"thumbnailUrl":"https:\/\/santapola.es\/wp-content\/uploads\/2021\/04\/concurso-fotografia-_joves-en-valors_-1-1-1024x1024.png","datePublished":"2021-04-16T09:29:45+00:00","dateModified":"2024-03-07T17:39:36+00:00","author":{"@id":"https:\/\/santapola.es\/ca\/#\/schema\/person\/5c898695593fabd93215e23620b3a9d1"},"breadcrumb":{"@id":"https:\/\/santapola.es\/ca\/juventud-quiere-inundar-las-redes-sociales-con-jovenes-con-valores\/#breadcrumb"},"inLanguage":"ca","potentialAction":[{"@type":"ReadAction","target":["https:\/\/santapola.es\/ca\/juventud-quiere-inundar-las-redes-sociales-con-jovenes-con-valores\/"]}]},{"@type":"ImageObject","inLanguage":"ca","@id":"https:\/\/santapola.es\/ca\/juventud-quiere-inundar-las-redes-sociales-con-jovenes-con-valores\/#primaryimage","url":"https:\/\/santapola.es\/wp-content\/uploads\/2021\/04\/concurso-fotografia-_joves-en-valors_-1-1-1024x1024.png","contentUrl":"https:\/\/santapola.es\/wp-content\/uploads\/2021\/04\/concurso-fotografia-_joves-en-valors_-1-1-1024x1024.png"},{"@type":"BreadcrumbList","@id":"https:\/\/santapola.es\/ca\/juventud-quiere-inundar-las-redes-sociales-con-jovenes-con-valores\/#breadcrumb","itemListElement":[{"@type":"ListItem","position":1,"name":"Inici","item":"https:\/\/santapola.es\/ca\/"},{"@type":"ListItem","position":2,"name":"Juventud quiere inundar las redes sociales con j\u00f3venes con valores"}]},{"@type":"WebSite","@id":"https:\/\/santapola.es\/ca\/#website","url":"https:\/\/santapola.es\/ca\/","name":"Ayuntamiento de Santa Pola","description":"Web de l'Ajuntament de Santa Pola","potentialAction":[{"@type":"SearchAction","target":{"@type":"EntryPoint","urlTemplate":"https:\/\/santapola.es\/ca\/?s={search_term_string}"},"query-input":{"@type":"PropertyValueSpecification","valueRequired":true,"valueName":"search_term_string"}}],"inLanguage":"ca"},{"@type":"Person","@id":"https:\/\/santapola.es\/ca\/#\/schema\/person\/5c898695593fabd93215e23620b3a9d1","name":"Usuario Gen\u00e9rico Web"}]}},"_links":{"self":[{"href":"https:\/\/santapola.es\/ca\/wp-json\/wp\/v2\/posts\/14559","targetHints":{"allow":["GET"]}}],"collection":[{"href":"https:\/\/santapola.es\/ca\/wp-json\/wp\/v2\/posts"}],"about":[{"href":"https:\/\/santapola.es\/ca\/wp-json\/wp\/v2\/types\/post"}],"author":[{"embeddable":true,"href":"https:\/\/santapola.es\/ca\/wp-json\/wp\/v2\/users\/99"}],"replies":[{"embeddable":true,"href":"https:\/\/santapola.es\/ca\/wp-json\/wp\/v2\/comments?post=14559"}],"version-history":[{"count":0,"href":"https:\/\/santapola.es\/ca\/wp-json\/wp\/v2\/posts\/14559\/revisions"}],"wp:attachment":[{"href":"https:\/\/santapola.es\/ca\/wp-json\/wp\/v2\/media?parent=14559"}],"wp:term":[{"taxonomy":"category","embeddable":true,"href":"https:\/\/santapola.es\/ca\/wp-json\/wp\/v2\/categories?post=14559"},{"taxonomy":"post_tag","embeddable":true,"href":"https:\/\/santapola.es\/ca\/wp-json\/wp\/v2\/tags?post=14559"}],"curies":[{"name":"wp","href":"https:\/\/api.w.org\/{rel}","templated":true}]}}