{"id":14501,"date":"2021-04-08T12:30:41","date_gmt":"2021-04-08T11:30:41","guid":{"rendered":"https:\/\/www.santapola.es\/?p=14501"},"modified":"2024-03-07T18:39:35","modified_gmt":"2024-03-07T17:39:35","slug":"el-ayuntamiento-y-la-direccion-general-de-infraestructuras-educativas-mantienen-una-reunion-sobre-las-actuaciones-a-llevar-a-cabo-en-los-centros-educativos","status":"publish","type":"post","link":"https:\/\/santapola.es\/ca\/el-ayuntamiento-y-la-direccion-general-de-infraestructuras-educativas-mantienen-una-reunion-sobre-las-actuaciones-a-llevar-a-cabo-en-los-centros-educativos\/","title":{"rendered":"El Ayuntamiento y la Direcci\u00f3n General de Infraestructuras Educativas mantienen una reuni\u00f3n sobre las actuaciones a llevar a cabo en los centros educativos"},"content":{"rendered":"<p style=\"text-align: justify;\">La alcaldesa de Santa Pola, Loreto Serrano junto a la concejala de Educaci\u00f3n, Trini Ortiz, y el concejal de Gran Alacant Oscar Valenzuela, han mantenido una reuni\u00f3n telem\u00e1tica con Victor Garcia y Tom\u00e1s, Director General de Infraestructuras Educativas y Carmen Salcedo, Coordinadora de Proyectos de Infraestructuras Educativas.<\/p>\n<p style=\"text-align: justify;\">El objetivo de la reuni\u00f3n ha sido trasladar a la Conselleria de Educaci\u00f3n las necesidades del municipio, haciendo hincapi\u00e9 en la situaci\u00f3n actual de Gran Alacant, donde est\u00e1 programada la construcci\u00f3n de un colegio y un instituto.<\/p>\n<p style=\"text-align: justify;\">Desde la Direcci\u00f3n General de Infraestructuras Educativas est\u00e1 previsto que este verano se inicie la licitaci\u00f3n del proyecto para la construcci\u00f3n del colegio ya que el actual cuenta con un n\u00famero de alumnos mayoral habitual. En lo que respecta al Instituto, desde el Ayuntamiento se ha reiterado la petici\u00f3n de la colocaci\u00f3n de m\u00f3dulos en la parcela anexa al Polideportivo Jos\u00e9 Antonio Alemany, hasta la construcci\u00f3n del edificio, siendo estos una secci\u00f3n del IES Cap de L\u2019Aljub.<\/p>\n<p style=\"text-align: justify;\">En cuanto al CEIP Hispanidad, el Ayuntamiento y la Direcci\u00f3n General van a colaborar con los pliegos para la licitaci\u00f3n de la redacci\u00f3n del proyecto, esperando as\u00ed ser m\u00e1s \u00e1giles.<\/p>\n<p style=\"text-align: justify;\">Loreto Serrano le ha trasladado al Director General la necesidad de llevar a cabo de forma urgente actuaciones como la sustituci\u00f3n del fibrocemento del techo en el CEIP Azor\u00edn, renovar todos los aseos del CEIP Ram\u00f3n Cuesta y ampliar el pabell\u00f3n infantil del CEIP Cervantes. Comprometi\u00e9ndose este, a acelerar la tramitaci\u00f3n de lo solicitado.<\/p>\n<p style=\"text-align: justify;\">Trini Ortiz, Concejal de Educaci\u00f3n apuntaba que \u201ces primordial para este Equipo de Gobierno el estado de nuestros colegios, por ello, hemos visitado todos los centros educativos para saber sus necesidades y as\u00ed ir preparando las memorias valoradas que se incluir\u00e1n en el Plan Edificant y otras que se realizar\u00e1n con medios municipales.\u201d<\/p>\n<p><img loading=\"lazy\" decoding=\"async\" class=\"aligncenter wp-image-14508 size-full\" src=\"https:\/\/santapola.es\/wp-content\/uploads\/2021\/04\/08-04-2021-NP_REUNION_CONSELLERIA-1.jpeg\" alt=\"\" width=\"1024\" height=\"576\" srcset=\"https:\/\/santapola.es\/wp-content\/uploads\/2021\/04\/08-04-2021-NP_REUNION_CONSELLERIA-1.jpeg 1024w, https:\/\/santapola.es\/wp-content\/uploads\/2021\/04\/08-04-2021-NP_REUNION_CONSELLERIA-1-300x169.jpeg 300w, https:\/\/santapola.es\/wp-content\/uploads\/2021\/04\/08-04-2021-NP_REUNION_CONSELLERIA-1-768x432.jpeg 768w, https:\/\/santapola.es\/wp-content\/uploads\/2021\/04\/08-04-2021-NP_REUNION_CONSELLERIA-1-610x343.jpeg 610w\" sizes=\"(max-width: 1024px) 100vw, 1024px\" \/><\/p>\n","protected":false},"excerpt":{"rendered":"<p>La alcaldesa de Santa Pola, Loreto Serrano junto a la concejala de Educaci\u00f3n, Trini Ortiz, y el concejal de Gran Alacant Oscar Valenzuela, han mantenido una reuni\u00f3n telem\u00e1tica con Victor Garcia y Tom\u00e1s, Director General de Infraestructuras Educativas y Carmen Salcedo, Coordinadora de Proyectos de Infraestructuras Educativas. El objetivo de la reuni\u00f3n ha sido trasladar [&hellip;]<\/p>\n","protected":false},"author":99,"featured_media":0,"comment_status":"closed","ping_status":"closed","sticky":false,"template":"","format":"standard","meta":{"_et_pb_use_builder":"","_et_pb_old_content":"","_et_gb_content_width":"","footnotes":""},"categories":[60,66,406],"tags":[],"class_list":["post-14501","post","type-post","status-publish","format-standard","hentry","category-educacion-juventud","category-inicio","category-sin-categorizar-2"],"yoast_head":"<!-- This site is optimized with the Yoast SEO plugin v27.4 - https:\/\/yoast.com\/product\/yoast-seo-wordpress\/ -->\n<title>El Ayuntamiento y la Direcci\u00f3n General de Infraestructuras Educativas mantienen una reuni\u00f3n sobre las actuaciones a llevar a cabo en los centros educativos - Ajuntament de Santa Pola<\/title>\n<meta name=\"robots\" content=\"index, follow, max-snippet:-1, max-image-preview:large, max-video-preview:-1\" \/>\n<link rel=\"canonical\" href=\"https:\/\/santapola.es\/ca\/el-ayuntamiento-y-la-direccion-general-de-infraestructuras-educativas-mantienen-una-reunion-sobre-las-actuaciones-a-llevar-a-cabo-en-los-centros-educativos\/\" \/>\n<meta property=\"og:locale\" content=\"ca_ES\" \/>\n<meta property=\"og:type\" content=\"article\" \/>\n<meta property=\"og:title\" content=\"El Ayuntamiento y la Direcci\u00f3n General de Infraestructuras Educativas mantienen una reuni\u00f3n sobre las actuaciones a llevar a cabo en los centros educativos - Ajuntament de Santa Pola\" \/>\n<meta property=\"og:description\" content=\"La alcaldesa de Santa Pola, Loreto Serrano junto a la concejala de Educaci\u00f3n, Trini Ortiz, y el concejal de Gran Alacant Oscar Valenzuela, han mantenido una reuni\u00f3n telem\u00e1tica con Victor Garcia y Tom\u00e1s, Director General de Infraestructuras Educativas y Carmen Salcedo, Coordinadora de Proyectos de Infraestructuras Educativas. El objetivo de la reuni\u00f3n ha sido trasladar [&hellip;]\" \/>\n<meta property=\"og:url\" content=\"https:\/\/santapola.es\/ca\/el-ayuntamiento-y-la-direccion-general-de-infraestructuras-educativas-mantienen-una-reunion-sobre-las-actuaciones-a-llevar-a-cabo-en-los-centros-educativos\/\" \/>\n<meta property=\"og:site_name\" content=\"Ajuntament de Santa Pola\" \/>\n<meta property=\"article:publisher\" content=\"https:\/\/www.facebook.com\/AyuntamientoSantaPola\/\" \/>\n<meta property=\"article:published_time\" content=\"2021-04-08T11:30:41+00:00\" \/>\n<meta property=\"article:modified_time\" content=\"2024-03-07T17:39:35+00:00\" \/>\n<meta property=\"og:image\" content=\"https:\/\/santapola.es\/wp-content\/uploads\/2021\/04\/08-04-2021-NP_REUNION_CONSELLERIA-1.jpeg\" \/>\n<meta name=\"author\" content=\"Usuario Gen\u00e9rico Web\" \/>\n<meta name=\"twitter:card\" content=\"summary_large_image\" \/>\n<meta name=\"twitter:creator\" content=\"@SantaPolaAyunt\" \/>\n<meta name=\"twitter:site\" content=\"@SantaPolaAyunt\" \/>\n<script type=\"application\/ld+json\" class=\"yoast-schema-graph\">{\"@context\":\"https:\\\/\\\/schema.org\",\"@graph\":[{\"@type\":\"Article\",\"@id\":\"https:\\\/\\\/santapola.es\\\/ca\\\/el-ayuntamiento-y-la-direccion-general-de-infraestructuras-educativas-mantienen-una-reunion-sobre-las-actuaciones-a-llevar-a-cabo-en-los-centros-educativos\\\/#article\",\"isPartOf\":{\"@id\":\"https:\\\/\\\/santapola.es\\\/ca\\\/el-ayuntamiento-y-la-direccion-general-de-infraestructuras-educativas-mantienen-una-reunion-sobre-las-actuaciones-a-llevar-a-cabo-en-los-centros-educativos\\\/\"},\"author\":{\"name\":\"Usuario Gen\u00e9rico Web\",\"@id\":\"https:\\\/\\\/santapola.es\\\/ca\\\/#\\\/schema\\\/person\\\/5c898695593fabd93215e23620b3a9d1\"},\"headline\":\"El Ayuntamiento y la Direcci\u00f3n General de Infraestructuras Educativas mantienen una reuni\u00f3n sobre las actuaciones a llevar a cabo en los centros educativos\",\"datePublished\":\"2021-04-08T11:30:41+00:00\",\"dateModified\":\"2024-03-07T17:39:35+00:00\",\"mainEntityOfPage\":{\"@id\":\"https:\\\/\\\/santapola.es\\\/ca\\\/el-ayuntamiento-y-la-direccion-general-de-infraestructuras-educativas-mantienen-una-reunion-sobre-las-actuaciones-a-llevar-a-cabo-en-los-centros-educativos\\\/\"},\"wordCount\":354,\"image\":{\"@id\":\"https:\\\/\\\/santapola.es\\\/ca\\\/el-ayuntamiento-y-la-direccion-general-de-infraestructuras-educativas-mantienen-una-reunion-sobre-las-actuaciones-a-llevar-a-cabo-en-los-centros-educativos\\\/#primaryimage\"},\"thumbnailUrl\":\"https:\\\/\\\/santapola.es\\\/wp-content\\\/uploads\\\/2021\\\/04\\\/08-04-2021-NP_REUNION_CONSELLERIA-1.jpeg\",\"articleSection\":[\"Educaci\u00f3n \\\/ Juventud\",\"Inicio\",\"Sin categorizar\"],\"inLanguage\":\"ca\"},{\"@type\":\"WebPage\",\"@id\":\"https:\\\/\\\/santapola.es\\\/ca\\\/el-ayuntamiento-y-la-direccion-general-de-infraestructuras-educativas-mantienen-una-reunion-sobre-las-actuaciones-a-llevar-a-cabo-en-los-centros-educativos\\\/\",\"url\":\"https:\\\/\\\/santapola.es\\\/ca\\\/el-ayuntamiento-y-la-direccion-general-de-infraestructuras-educativas-mantienen-una-reunion-sobre-las-actuaciones-a-llevar-a-cabo-en-los-centros-educativos\\\/\",\"name\":\"El Ayuntamiento y la Direcci\u00f3n General de Infraestructuras Educativas mantienen una reuni\u00f3n sobre las actuaciones a llevar a cabo en los centros educativos - Ajuntament de Santa Pola\",\"isPartOf\":{\"@id\":\"https:\\\/\\\/santapola.es\\\/ca\\\/#website\"},\"primaryImageOfPage\":{\"@id\":\"https:\\\/\\\/santapola.es\\\/ca\\\/el-ayuntamiento-y-la-direccion-general-de-infraestructuras-educativas-mantienen-una-reunion-sobre-las-actuaciones-a-llevar-a-cabo-en-los-centros-educativos\\\/#primaryimage\"},\"image\":{\"@id\":\"https:\\\/\\\/santapola.es\\\/ca\\\/el-ayuntamiento-y-la-direccion-general-de-infraestructuras-educativas-mantienen-una-reunion-sobre-las-actuaciones-a-llevar-a-cabo-en-los-centros-educativos\\\/#primaryimage\"},\"thumbnailUrl\":\"https:\\\/\\\/santapola.es\\\/wp-content\\\/uploads\\\/2021\\\/04\\\/08-04-2021-NP_REUNION_CONSELLERIA-1.jpeg\",\"datePublished\":\"2021-04-08T11:30:41+00:00\",\"dateModified\":\"2024-03-07T17:39:35+00:00\",\"author\":{\"@id\":\"https:\\\/\\\/santapola.es\\\/ca\\\/#\\\/schema\\\/person\\\/5c898695593fabd93215e23620b3a9d1\"},\"breadcrumb\":{\"@id\":\"https:\\\/\\\/santapola.es\\\/ca\\\/el-ayuntamiento-y-la-direccion-general-de-infraestructuras-educativas-mantienen-una-reunion-sobre-las-actuaciones-a-llevar-a-cabo-en-los-centros-educativos\\\/#breadcrumb\"},\"inLanguage\":\"ca\",\"potentialAction\":[{\"@type\":\"ReadAction\",\"target\":[\"https:\\\/\\\/santapola.es\\\/ca\\\/el-ayuntamiento-y-la-direccion-general-de-infraestructuras-educativas-mantienen-una-reunion-sobre-las-actuaciones-a-llevar-a-cabo-en-los-centros-educativos\\\/\"]}]},{\"@type\":\"ImageObject\",\"inLanguage\":\"ca\",\"@id\":\"https:\\\/\\\/santapola.es\\\/ca\\\/el-ayuntamiento-y-la-direccion-general-de-infraestructuras-educativas-mantienen-una-reunion-sobre-las-actuaciones-a-llevar-a-cabo-en-los-centros-educativos\\\/#primaryimage\",\"url\":\"https:\\\/\\\/santapola.es\\\/wp-content\\\/uploads\\\/2021\\\/04\\\/08-04-2021-NP_REUNION_CONSELLERIA-1.jpeg\",\"contentUrl\":\"https:\\\/\\\/santapola.es\\\/wp-content\\\/uploads\\\/2021\\\/04\\\/08-04-2021-NP_REUNION_CONSELLERIA-1.jpeg\"},{\"@type\":\"BreadcrumbList\",\"@id\":\"https:\\\/\\\/santapola.es\\\/ca\\\/el-ayuntamiento-y-la-direccion-general-de-infraestructuras-educativas-mantienen-una-reunion-sobre-las-actuaciones-a-llevar-a-cabo-en-los-centros-educativos\\\/#breadcrumb\",\"itemListElement\":[{\"@type\":\"ListItem\",\"position\":1,\"name\":\"Inici\",\"item\":\"https:\\\/\\\/santapola.es\\\/ca\\\/\"},{\"@type\":\"ListItem\",\"position\":2,\"name\":\"El Ayuntamiento y la Direcci\u00f3n General de Infraestructuras Educativas mantienen una reuni\u00f3n sobre las actuaciones a llevar a cabo en los centros educativos\"}]},{\"@type\":\"WebSite\",\"@id\":\"https:\\\/\\\/santapola.es\\\/ca\\\/#website\",\"url\":\"https:\\\/\\\/santapola.es\\\/ca\\\/\",\"name\":\"Ayuntamiento de Santa Pola\",\"description\":\"Web de l'Ajuntament de Santa Pola\",\"potentialAction\":[{\"@type\":\"SearchAction\",\"target\":{\"@type\":\"EntryPoint\",\"urlTemplate\":\"https:\\\/\\\/santapola.es\\\/ca\\\/?s={search_term_string}\"},\"query-input\":{\"@type\":\"PropertyValueSpecification\",\"valueRequired\":true,\"valueName\":\"search_term_string\"}}],\"inLanguage\":\"ca\"},{\"@type\":\"Person\",\"@id\":\"https:\\\/\\\/santapola.es\\\/ca\\\/#\\\/schema\\\/person\\\/5c898695593fabd93215e23620b3a9d1\",\"name\":\"Usuario Gen\u00e9rico Web\"}]}<\/script>\n<!-- \/ Yoast SEO plugin. -->","yoast_head_json":{"title":"El Ayuntamiento y la Direcci\u00f3n General de Infraestructuras Educativas mantienen una reuni\u00f3n sobre las actuaciones a llevar a cabo en los centros educativos - Ajuntament de Santa Pola","robots":{"index":"index","follow":"follow","max-snippet":"max-snippet:-1","max-image-preview":"max-image-preview:large","max-video-preview":"max-video-preview:-1"},"canonical":"https:\/\/santapola.es\/ca\/el-ayuntamiento-y-la-direccion-general-de-infraestructuras-educativas-mantienen-una-reunion-sobre-las-actuaciones-a-llevar-a-cabo-en-los-centros-educativos\/","og_locale":"ca_ES","og_type":"article","og_title":"El Ayuntamiento y la Direcci\u00f3n General de Infraestructuras Educativas mantienen una reuni\u00f3n sobre las actuaciones a llevar a cabo en los centros educativos - Ajuntament de Santa Pola","og_description":"La alcaldesa de Santa Pola, Loreto Serrano junto a la concejala de Educaci\u00f3n, Trini Ortiz, y el concejal de Gran Alacant Oscar Valenzuela, han mantenido una reuni\u00f3n telem\u00e1tica con Victor Garcia y Tom\u00e1s, Director General de Infraestructuras Educativas y Carmen Salcedo, Coordinadora de Proyectos de Infraestructuras Educativas. El objetivo de la reuni\u00f3n ha sido trasladar [&hellip;]","og_url":"https:\/\/santapola.es\/ca\/el-ayuntamiento-y-la-direccion-general-de-infraestructuras-educativas-mantienen-una-reunion-sobre-las-actuaciones-a-llevar-a-cabo-en-los-centros-educativos\/","og_site_name":"Ajuntament de Santa Pola","article_publisher":"https:\/\/www.facebook.com\/AyuntamientoSantaPola\/","article_published_time":"2021-04-08T11:30:41+00:00","article_modified_time":"2024-03-07T17:39:35+00:00","og_image":[{"url":"https:\/\/santapola.es\/wp-content\/uploads\/2021\/04\/08-04-2021-NP_REUNION_CONSELLERIA-1.jpeg","type":"","width":"","height":""}],"author":"Usuario Gen\u00e9rico Web","twitter_card":"summary_large_image","twitter_creator":"@SantaPolaAyunt","twitter_site":"@SantaPolaAyunt","schema":{"@context":"https:\/\/schema.org","@graph":[{"@type":"Article","@id":"https:\/\/santapola.es\/ca\/el-ayuntamiento-y-la-direccion-general-de-infraestructuras-educativas-mantienen-una-reunion-sobre-las-actuaciones-a-llevar-a-cabo-en-los-centros-educativos\/#article","isPartOf":{"@id":"https:\/\/santapola.es\/ca\/el-ayuntamiento-y-la-direccion-general-de-infraestructuras-educativas-mantienen-una-reunion-sobre-las-actuaciones-a-llevar-a-cabo-en-los-centros-educativos\/"},"author":{"name":"Usuario Gen\u00e9rico Web","@id":"https:\/\/santapola.es\/ca\/#\/schema\/person\/5c898695593fabd93215e23620b3a9d1"},"headline":"El Ayuntamiento y la Direcci\u00f3n General de Infraestructuras Educativas mantienen una reuni\u00f3n sobre las actuaciones a llevar a cabo en los centros educativos","datePublished":"2021-04-08T11:30:41+00:00","dateModified":"2024-03-07T17:39:35+00:00","mainEntityOfPage":{"@id":"https:\/\/santapola.es\/ca\/el-ayuntamiento-y-la-direccion-general-de-infraestructuras-educativas-mantienen-una-reunion-sobre-las-actuaciones-a-llevar-a-cabo-en-los-centros-educativos\/"},"wordCount":354,"image":{"@id":"https:\/\/santapola.es\/ca\/el-ayuntamiento-y-la-direccion-general-de-infraestructuras-educativas-mantienen-una-reunion-sobre-las-actuaciones-a-llevar-a-cabo-en-los-centros-educativos\/#primaryimage"},"thumbnailUrl":"https:\/\/santapola.es\/wp-content\/uploads\/2021\/04\/08-04-2021-NP_REUNION_CONSELLERIA-1.jpeg","articleSection":["Educaci\u00f3n \/ Juventud","Inicio","Sin categorizar"],"inLanguage":"ca"},{"@type":"WebPage","@id":"https:\/\/santapola.es\/ca\/el-ayuntamiento-y-la-direccion-general-de-infraestructuras-educativas-mantienen-una-reunion-sobre-las-actuaciones-a-llevar-a-cabo-en-los-centros-educativos\/","url":"https:\/\/santapola.es\/ca\/el-ayuntamiento-y-la-direccion-general-de-infraestructuras-educativas-mantienen-una-reunion-sobre-las-actuaciones-a-llevar-a-cabo-en-los-centros-educativos\/","name":"El Ayuntamiento y la Direcci\u00f3n General de Infraestructuras Educativas mantienen una reuni\u00f3n sobre las actuaciones a llevar a cabo en los centros educativos - Ajuntament de Santa Pola","isPartOf":{"@id":"https:\/\/santapola.es\/ca\/#website"},"primaryImageOfPage":{"@id":"https:\/\/santapola.es\/ca\/el-ayuntamiento-y-la-direccion-general-de-infraestructuras-educativas-mantienen-una-reunion-sobre-las-actuaciones-a-llevar-a-cabo-en-los-centros-educativos\/#primaryimage"},"image":{"@id":"https:\/\/santapola.es\/ca\/el-ayuntamiento-y-la-direccion-general-de-infraestructuras-educativas-mantienen-una-reunion-sobre-las-actuaciones-a-llevar-a-cabo-en-los-centros-educativos\/#primaryimage"},"thumbnailUrl":"https:\/\/santapola.es\/wp-content\/uploads\/2021\/04\/08-04-2021-NP_REUNION_CONSELLERIA-1.jpeg","datePublished":"2021-04-08T11:30:41+00:00","dateModified":"2024-03-07T17:39:35+00:00","author":{"@id":"https:\/\/santapola.es\/ca\/#\/schema\/person\/5c898695593fabd93215e23620b3a9d1"},"breadcrumb":{"@id":"https:\/\/santapola.es\/ca\/el-ayuntamiento-y-la-direccion-general-de-infraestructuras-educativas-mantienen-una-reunion-sobre-las-actuaciones-a-llevar-a-cabo-en-los-centros-educativos\/#breadcrumb"},"inLanguage":"ca","potentialAction":[{"@type":"ReadAction","target":["https:\/\/santapola.es\/ca\/el-ayuntamiento-y-la-direccion-general-de-infraestructuras-educativas-mantienen-una-reunion-sobre-las-actuaciones-a-llevar-a-cabo-en-los-centros-educativos\/"]}]},{"@type":"ImageObject","inLanguage":"ca","@id":"https:\/\/santapola.es\/ca\/el-ayuntamiento-y-la-direccion-general-de-infraestructuras-educativas-mantienen-una-reunion-sobre-las-actuaciones-a-llevar-a-cabo-en-los-centros-educativos\/#primaryimage","url":"https:\/\/santapola.es\/wp-content\/uploads\/2021\/04\/08-04-2021-NP_REUNION_CONSELLERIA-1.jpeg","contentUrl":"https:\/\/santapola.es\/wp-content\/uploads\/2021\/04\/08-04-2021-NP_REUNION_CONSELLERIA-1.jpeg"},{"@type":"BreadcrumbList","@id":"https:\/\/santapola.es\/ca\/el-ayuntamiento-y-la-direccion-general-de-infraestructuras-educativas-mantienen-una-reunion-sobre-las-actuaciones-a-llevar-a-cabo-en-los-centros-educativos\/#breadcrumb","itemListElement":[{"@type":"ListItem","position":1,"name":"Inici","item":"https:\/\/santapola.es\/ca\/"},{"@type":"ListItem","position":2,"name":"El Ayuntamiento y la Direcci\u00f3n General de Infraestructuras Educativas mantienen una reuni\u00f3n sobre las actuaciones a llevar a cabo en los centros educativos"}]},{"@type":"WebSite","@id":"https:\/\/santapola.es\/ca\/#website","url":"https:\/\/santapola.es\/ca\/","name":"Ayuntamiento de Santa Pola","description":"Web de l'Ajuntament de Santa Pola","potentialAction":[{"@type":"SearchAction","target":{"@type":"EntryPoint","urlTemplate":"https:\/\/santapola.es\/ca\/?s={search_term_string}"},"query-input":{"@type":"PropertyValueSpecification","valueRequired":true,"valueName":"search_term_string"}}],"inLanguage":"ca"},{"@type":"Person","@id":"https:\/\/santapola.es\/ca\/#\/schema\/person\/5c898695593fabd93215e23620b3a9d1","name":"Usuario Gen\u00e9rico Web"}]}},"_links":{"self":[{"href":"https:\/\/santapola.es\/ca\/wp-json\/wp\/v2\/posts\/14501","targetHints":{"allow":["GET"]}}],"collection":[{"href":"https:\/\/santapola.es\/ca\/wp-json\/wp\/v2\/posts"}],"about":[{"href":"https:\/\/santapola.es\/ca\/wp-json\/wp\/v2\/types\/post"}],"author":[{"embeddable":true,"href":"https:\/\/santapola.es\/ca\/wp-json\/wp\/v2\/users\/99"}],"replies":[{"embeddable":true,"href":"https:\/\/santapola.es\/ca\/wp-json\/wp\/v2\/comments?post=14501"}],"version-history":[{"count":0,"href":"https:\/\/santapola.es\/ca\/wp-json\/wp\/v2\/posts\/14501\/revisions"}],"wp:attachment":[{"href":"https:\/\/santapola.es\/ca\/wp-json\/wp\/v2\/media?parent=14501"}],"wp:term":[{"taxonomy":"category","embeddable":true,"href":"https:\/\/santapola.es\/ca\/wp-json\/wp\/v2\/categories?post=14501"},{"taxonomy":"post_tag","embeddable":true,"href":"https:\/\/santapola.es\/ca\/wp-json\/wp\/v2\/tags?post=14501"}],"curies":[{"name":"wp","href":"https:\/\/api.w.org\/{rel}","templated":true}]}}