{"id":14495,"date":"2021-04-08T11:55:53","date_gmt":"2021-04-08T10:55:53","guid":{"rendered":"https:\/\/www.santapola.es\/?p=14495"},"modified":"2024-03-07T18:39:34","modified_gmt":"2024-03-07T17:39:34","slug":"santa-pola-conmemora-el-dia-internacional-del-pueblo-gitano","status":"publish","type":"post","link":"https:\/\/santapola.es\/ca\/santa-pola-conmemora-el-dia-internacional-del-pueblo-gitano\/","title":{"rendered":"Santa Pola conmemora el D\u00eda Internacional del Pueblo Gitano"},"content":{"rendered":"<p style=\"text-align: justify;\">El D\u00eda Internacional del Pueblo Gitano se conmemora el 8 de abril. Esta fecha recuerda el Primer Congreso Mundial roman\u00ed\/gitano celebrado en Londres el 8 de abril de 1971 en el que se instituy\u00f3 la bandera y el himno gitano.<\/p>\n<p style=\"text-align: justify;\">La bandera es verde y azul, simbolizando el cielo y el campo, con una rueda de carro roja en el centro, que simboliza el camino desde la India y la libertad. El himno gitano, Gelem, gelem (Anduve, anduve), fue compuesto por Jarko Jovanovic y recuerda a los gitanos y gitanas v\u00edctimas del nazismo.<\/p>\n<p style=\"text-align: justify;\">En el 4\u00ba Congreso Internacional Gitano en Serok, Polonia se design\u00f3 el 8 de abril como D\u00eda Internacional del Pueblo Gitano en recuerdo de aquel Congreso de Londres. Desde hace unos a\u00f1os la fecha del 8 de abril est\u00e1 adquiriendo gran notoriedad, sirviendo de ocasi\u00f3n para distintas celebraciones y comunicaciones por parte de m\u00faltiples instituciones nacionales e internacionales.<\/p>\n<p style=\"text-align: justify;\">En Santa Pola tenemos una gran comunidad gitana representada a trav\u00e9s de la Asociaci\u00f3n del Pueblo Gitano de Santa Pola, por ello debemos dar visibilidad a este d\u00eda y promover la inclusi\u00f3n de la poblaci\u00f3n gitana. Teniendo en cuenta la solicitud presentada por la Asociaci\u00f3n el Ayuntamiento iluminar\u00e1 del 8 al 11 de abril la fachada del Castillo Fortaleza con focos de color azul y verde para conmemorar este d\u00eda.<\/p>\n<p><img loading=\"lazy\" decoding=\"async\" class=\"aligncenter wp-image-14499 size-full\" src=\"https:\/\/santapola.es\/wp-content\/uploads\/2021\/04\/castillo_pueblogitano-1.png\" alt=\"\" width=\"940\" height=\"788\" srcset=\"https:\/\/santapola.es\/wp-content\/uploads\/2021\/04\/castillo_pueblogitano-1.png 940w, https:\/\/santapola.es\/wp-content\/uploads\/2021\/04\/castillo_pueblogitano-1-300x251.png 300w, https:\/\/santapola.es\/wp-content\/uploads\/2021\/04\/castillo_pueblogitano-1-768x644.png 768w, https:\/\/santapola.es\/wp-content\/uploads\/2021\/04\/castillo_pueblogitano-1-610x511.png 610w\" sizes=\"(max-width: 940px) 100vw, 940px\" \/><\/p>\n<p>&nbsp;<\/p>\n<p>&nbsp;<\/p>\n","protected":false},"excerpt":{"rendered":"<p>El D\u00eda Internacional del Pueblo Gitano se conmemora el 8 de abril. Esta fecha recuerda el Primer Congreso Mundial roman\u00ed\/gitano celebrado en Londres el 8 de abril de 1971 en el que se instituy\u00f3 la bandera y el himno gitano. La bandera es verde y azul, simbolizando el cielo y el campo, con una rueda [&hellip;]<\/p>\n","protected":false},"author":99,"featured_media":0,"comment_status":"closed","ping_status":"closed","sticky":false,"template":"","format":"standard","meta":{"_et_pb_use_builder":"","_et_pb_old_content":"","_et_gb_content_width":"","footnotes":""},"categories":[51,66,406],"tags":[],"class_list":["post-14495","post","type-post","status-publish","format-standard","hentry","category-cultura-fiestas","category-inicio","category-sin-categorizar-2"],"yoast_head":"<!-- This site is optimized with the Yoast SEO plugin v27.4 - https:\/\/yoast.com\/product\/yoast-seo-wordpress\/ -->\n<title>Santa Pola conmemora el D\u00eda Internacional del Pueblo Gitano - Ajuntament de Santa Pola<\/title>\n<meta name=\"robots\" content=\"index, follow, max-snippet:-1, max-image-preview:large, max-video-preview:-1\" \/>\n<link rel=\"canonical\" href=\"https:\/\/santapola.es\/ca\/santa-pola-conmemora-el-dia-internacional-del-pueblo-gitano\/\" \/>\n<meta property=\"og:locale\" content=\"ca_ES\" \/>\n<meta property=\"og:type\" content=\"article\" \/>\n<meta property=\"og:title\" content=\"Santa Pola conmemora el D\u00eda Internacional del Pueblo Gitano - Ajuntament de Santa Pola\" \/>\n<meta property=\"og:description\" content=\"El D\u00eda Internacional del Pueblo Gitano se conmemora el 8 de abril. Esta fecha recuerda el Primer Congreso Mundial roman\u00ed\/gitano celebrado en Londres el 8 de abril de 1971 en el que se instituy\u00f3 la bandera y el himno gitano. La bandera es verde y azul, simbolizando el cielo y el campo, con una rueda [&hellip;]\" \/>\n<meta property=\"og:url\" content=\"https:\/\/santapola.es\/ca\/santa-pola-conmemora-el-dia-internacional-del-pueblo-gitano\/\" \/>\n<meta property=\"og:site_name\" content=\"Ajuntament de Santa Pola\" \/>\n<meta property=\"article:publisher\" content=\"https:\/\/www.facebook.com\/AyuntamientoSantaPola\/\" \/>\n<meta property=\"article:published_time\" content=\"2021-04-08T10:55:53+00:00\" \/>\n<meta property=\"article:modified_time\" content=\"2024-03-07T17:39:34+00:00\" \/>\n<meta property=\"og:image\" content=\"https:\/\/santapola.es\/wp-content\/uploads\/2021\/04\/castillo_pueblogitano-1.png\" \/>\n<meta name=\"author\" content=\"Usuario Gen\u00e9rico Web\" \/>\n<meta name=\"twitter:card\" content=\"summary_large_image\" \/>\n<meta name=\"twitter:creator\" content=\"@SantaPolaAyunt\" \/>\n<meta name=\"twitter:site\" content=\"@SantaPolaAyunt\" \/>\n<script type=\"application\/ld+json\" class=\"yoast-schema-graph\">{\"@context\":\"https:\\\/\\\/schema.org\",\"@graph\":[{\"@type\":\"Article\",\"@id\":\"https:\\\/\\\/santapola.es\\\/ca\\\/santa-pola-conmemora-el-dia-internacional-del-pueblo-gitano\\\/#article\",\"isPartOf\":{\"@id\":\"https:\\\/\\\/santapola.es\\\/ca\\\/santa-pola-conmemora-el-dia-internacional-del-pueblo-gitano\\\/\"},\"author\":{\"name\":\"Usuario Gen\u00e9rico Web\",\"@id\":\"https:\\\/\\\/santapola.es\\\/ca\\\/#\\\/schema\\\/person\\\/5c898695593fabd93215e23620b3a9d1\"},\"headline\":\"Santa Pola conmemora el D\u00eda Internacional del Pueblo Gitano\",\"datePublished\":\"2021-04-08T10:55:53+00:00\",\"dateModified\":\"2024-03-07T17:39:34+00:00\",\"mainEntityOfPage\":{\"@id\":\"https:\\\/\\\/santapola.es\\\/ca\\\/santa-pola-conmemora-el-dia-internacional-del-pueblo-gitano\\\/\"},\"wordCount\":239,\"image\":{\"@id\":\"https:\\\/\\\/santapola.es\\\/ca\\\/santa-pola-conmemora-el-dia-internacional-del-pueblo-gitano\\\/#primaryimage\"},\"thumbnailUrl\":\"https:\\\/\\\/santapola.es\\\/wp-content\\\/uploads\\\/2021\\\/04\\\/castillo_pueblogitano-1.png\",\"articleSection\":[\"Cultura\\\/ Fiestas\",\"Inicio\",\"Sin categorizar\"],\"inLanguage\":\"ca\"},{\"@type\":\"WebPage\",\"@id\":\"https:\\\/\\\/santapola.es\\\/ca\\\/santa-pola-conmemora-el-dia-internacional-del-pueblo-gitano\\\/\",\"url\":\"https:\\\/\\\/santapola.es\\\/ca\\\/santa-pola-conmemora-el-dia-internacional-del-pueblo-gitano\\\/\",\"name\":\"Santa Pola conmemora el D\u00eda Internacional del Pueblo Gitano - Ajuntament de Santa Pola\",\"isPartOf\":{\"@id\":\"https:\\\/\\\/santapola.es\\\/ca\\\/#website\"},\"primaryImageOfPage\":{\"@id\":\"https:\\\/\\\/santapola.es\\\/ca\\\/santa-pola-conmemora-el-dia-internacional-del-pueblo-gitano\\\/#primaryimage\"},\"image\":{\"@id\":\"https:\\\/\\\/santapola.es\\\/ca\\\/santa-pola-conmemora-el-dia-internacional-del-pueblo-gitano\\\/#primaryimage\"},\"thumbnailUrl\":\"https:\\\/\\\/santapola.es\\\/wp-content\\\/uploads\\\/2021\\\/04\\\/castillo_pueblogitano-1.png\",\"datePublished\":\"2021-04-08T10:55:53+00:00\",\"dateModified\":\"2024-03-07T17:39:34+00:00\",\"author\":{\"@id\":\"https:\\\/\\\/santapola.es\\\/ca\\\/#\\\/schema\\\/person\\\/5c898695593fabd93215e23620b3a9d1\"},\"breadcrumb\":{\"@id\":\"https:\\\/\\\/santapola.es\\\/ca\\\/santa-pola-conmemora-el-dia-internacional-del-pueblo-gitano\\\/#breadcrumb\"},\"inLanguage\":\"ca\",\"potentialAction\":[{\"@type\":\"ReadAction\",\"target\":[\"https:\\\/\\\/santapola.es\\\/ca\\\/santa-pola-conmemora-el-dia-internacional-del-pueblo-gitano\\\/\"]}]},{\"@type\":\"ImageObject\",\"inLanguage\":\"ca\",\"@id\":\"https:\\\/\\\/santapola.es\\\/ca\\\/santa-pola-conmemora-el-dia-internacional-del-pueblo-gitano\\\/#primaryimage\",\"url\":\"https:\\\/\\\/santapola.es\\\/wp-content\\\/uploads\\\/2021\\\/04\\\/castillo_pueblogitano-1.png\",\"contentUrl\":\"https:\\\/\\\/santapola.es\\\/wp-content\\\/uploads\\\/2021\\\/04\\\/castillo_pueblogitano-1.png\"},{\"@type\":\"BreadcrumbList\",\"@id\":\"https:\\\/\\\/santapola.es\\\/ca\\\/santa-pola-conmemora-el-dia-internacional-del-pueblo-gitano\\\/#breadcrumb\",\"itemListElement\":[{\"@type\":\"ListItem\",\"position\":1,\"name\":\"Inici\",\"item\":\"https:\\\/\\\/santapola.es\\\/ca\\\/\"},{\"@type\":\"ListItem\",\"position\":2,\"name\":\"Santa Pola conmemora el D\u00eda Internacional del Pueblo Gitano\"}]},{\"@type\":\"WebSite\",\"@id\":\"https:\\\/\\\/santapola.es\\\/ca\\\/#website\",\"url\":\"https:\\\/\\\/santapola.es\\\/ca\\\/\",\"name\":\"Ayuntamiento de Santa Pola\",\"description\":\"Web de l'Ajuntament de Santa Pola\",\"potentialAction\":[{\"@type\":\"SearchAction\",\"target\":{\"@type\":\"EntryPoint\",\"urlTemplate\":\"https:\\\/\\\/santapola.es\\\/ca\\\/?s={search_term_string}\"},\"query-input\":{\"@type\":\"PropertyValueSpecification\",\"valueRequired\":true,\"valueName\":\"search_term_string\"}}],\"inLanguage\":\"ca\"},{\"@type\":\"Person\",\"@id\":\"https:\\\/\\\/santapola.es\\\/ca\\\/#\\\/schema\\\/person\\\/5c898695593fabd93215e23620b3a9d1\",\"name\":\"Usuario Gen\u00e9rico Web\"}]}<\/script>\n<!-- \/ Yoast SEO plugin. -->","yoast_head_json":{"title":"Santa Pola conmemora el D\u00eda Internacional del Pueblo Gitano - Ajuntament de Santa Pola","robots":{"index":"index","follow":"follow","max-snippet":"max-snippet:-1","max-image-preview":"max-image-preview:large","max-video-preview":"max-video-preview:-1"},"canonical":"https:\/\/santapola.es\/ca\/santa-pola-conmemora-el-dia-internacional-del-pueblo-gitano\/","og_locale":"ca_ES","og_type":"article","og_title":"Santa Pola conmemora el D\u00eda Internacional del Pueblo Gitano - Ajuntament de Santa Pola","og_description":"El D\u00eda Internacional del Pueblo Gitano se conmemora el 8 de abril. Esta fecha recuerda el Primer Congreso Mundial roman\u00ed\/gitano celebrado en Londres el 8 de abril de 1971 en el que se instituy\u00f3 la bandera y el himno gitano. La bandera es verde y azul, simbolizando el cielo y el campo, con una rueda [&hellip;]","og_url":"https:\/\/santapola.es\/ca\/santa-pola-conmemora-el-dia-internacional-del-pueblo-gitano\/","og_site_name":"Ajuntament de Santa Pola","article_publisher":"https:\/\/www.facebook.com\/AyuntamientoSantaPola\/","article_published_time":"2021-04-08T10:55:53+00:00","article_modified_time":"2024-03-07T17:39:34+00:00","og_image":[{"url":"https:\/\/santapola.es\/wp-content\/uploads\/2021\/04\/castillo_pueblogitano-1.png","type":"","width":"","height":""}],"author":"Usuario Gen\u00e9rico Web","twitter_card":"summary_large_image","twitter_creator":"@SantaPolaAyunt","twitter_site":"@SantaPolaAyunt","schema":{"@context":"https:\/\/schema.org","@graph":[{"@type":"Article","@id":"https:\/\/santapola.es\/ca\/santa-pola-conmemora-el-dia-internacional-del-pueblo-gitano\/#article","isPartOf":{"@id":"https:\/\/santapola.es\/ca\/santa-pola-conmemora-el-dia-internacional-del-pueblo-gitano\/"},"author":{"name":"Usuario Gen\u00e9rico Web","@id":"https:\/\/santapola.es\/ca\/#\/schema\/person\/5c898695593fabd93215e23620b3a9d1"},"headline":"Santa Pola conmemora el D\u00eda Internacional del Pueblo Gitano","datePublished":"2021-04-08T10:55:53+00:00","dateModified":"2024-03-07T17:39:34+00:00","mainEntityOfPage":{"@id":"https:\/\/santapola.es\/ca\/santa-pola-conmemora-el-dia-internacional-del-pueblo-gitano\/"},"wordCount":239,"image":{"@id":"https:\/\/santapola.es\/ca\/santa-pola-conmemora-el-dia-internacional-del-pueblo-gitano\/#primaryimage"},"thumbnailUrl":"https:\/\/santapola.es\/wp-content\/uploads\/2021\/04\/castillo_pueblogitano-1.png","articleSection":["Cultura\/ Fiestas","Inicio","Sin categorizar"],"inLanguage":"ca"},{"@type":"WebPage","@id":"https:\/\/santapola.es\/ca\/santa-pola-conmemora-el-dia-internacional-del-pueblo-gitano\/","url":"https:\/\/santapola.es\/ca\/santa-pola-conmemora-el-dia-internacional-del-pueblo-gitano\/","name":"Santa Pola conmemora el D\u00eda Internacional del Pueblo Gitano - Ajuntament de Santa Pola","isPartOf":{"@id":"https:\/\/santapola.es\/ca\/#website"},"primaryImageOfPage":{"@id":"https:\/\/santapola.es\/ca\/santa-pola-conmemora-el-dia-internacional-del-pueblo-gitano\/#primaryimage"},"image":{"@id":"https:\/\/santapola.es\/ca\/santa-pola-conmemora-el-dia-internacional-del-pueblo-gitano\/#primaryimage"},"thumbnailUrl":"https:\/\/santapola.es\/wp-content\/uploads\/2021\/04\/castillo_pueblogitano-1.png","datePublished":"2021-04-08T10:55:53+00:00","dateModified":"2024-03-07T17:39:34+00:00","author":{"@id":"https:\/\/santapola.es\/ca\/#\/schema\/person\/5c898695593fabd93215e23620b3a9d1"},"breadcrumb":{"@id":"https:\/\/santapola.es\/ca\/santa-pola-conmemora-el-dia-internacional-del-pueblo-gitano\/#breadcrumb"},"inLanguage":"ca","potentialAction":[{"@type":"ReadAction","target":["https:\/\/santapola.es\/ca\/santa-pola-conmemora-el-dia-internacional-del-pueblo-gitano\/"]}]},{"@type":"ImageObject","inLanguage":"ca","@id":"https:\/\/santapola.es\/ca\/santa-pola-conmemora-el-dia-internacional-del-pueblo-gitano\/#primaryimage","url":"https:\/\/santapola.es\/wp-content\/uploads\/2021\/04\/castillo_pueblogitano-1.png","contentUrl":"https:\/\/santapola.es\/wp-content\/uploads\/2021\/04\/castillo_pueblogitano-1.png"},{"@type":"BreadcrumbList","@id":"https:\/\/santapola.es\/ca\/santa-pola-conmemora-el-dia-internacional-del-pueblo-gitano\/#breadcrumb","itemListElement":[{"@type":"ListItem","position":1,"name":"Inici","item":"https:\/\/santapola.es\/ca\/"},{"@type":"ListItem","position":2,"name":"Santa Pola conmemora el D\u00eda Internacional del Pueblo Gitano"}]},{"@type":"WebSite","@id":"https:\/\/santapola.es\/ca\/#website","url":"https:\/\/santapola.es\/ca\/","name":"Ayuntamiento de Santa Pola","description":"Web de l'Ajuntament de Santa Pola","potentialAction":[{"@type":"SearchAction","target":{"@type":"EntryPoint","urlTemplate":"https:\/\/santapola.es\/ca\/?s={search_term_string}"},"query-input":{"@type":"PropertyValueSpecification","valueRequired":true,"valueName":"search_term_string"}}],"inLanguage":"ca"},{"@type":"Person","@id":"https:\/\/santapola.es\/ca\/#\/schema\/person\/5c898695593fabd93215e23620b3a9d1","name":"Usuario Gen\u00e9rico Web"}]}},"_links":{"self":[{"href":"https:\/\/santapola.es\/ca\/wp-json\/wp\/v2\/posts\/14495","targetHints":{"allow":["GET"]}}],"collection":[{"href":"https:\/\/santapola.es\/ca\/wp-json\/wp\/v2\/posts"}],"about":[{"href":"https:\/\/santapola.es\/ca\/wp-json\/wp\/v2\/types\/post"}],"author":[{"embeddable":true,"href":"https:\/\/santapola.es\/ca\/wp-json\/wp\/v2\/users\/99"}],"replies":[{"embeddable":true,"href":"https:\/\/santapola.es\/ca\/wp-json\/wp\/v2\/comments?post=14495"}],"version-history":[{"count":0,"href":"https:\/\/santapola.es\/ca\/wp-json\/wp\/v2\/posts\/14495\/revisions"}],"wp:attachment":[{"href":"https:\/\/santapola.es\/ca\/wp-json\/wp\/v2\/media?parent=14495"}],"wp:term":[{"taxonomy":"category","embeddable":true,"href":"https:\/\/santapola.es\/ca\/wp-json\/wp\/v2\/categories?post=14495"},{"taxonomy":"post_tag","embeddable":true,"href":"https:\/\/santapola.es\/ca\/wp-json\/wp\/v2\/tags?post=14495"}],"curies":[{"name":"wp","href":"https:\/\/api.w.org\/{rel}","templated":true}]}}