{"id":14457,"date":"2021-04-13T10:42:32","date_gmt":"2021-04-13T09:42:32","guid":{"rendered":"https:\/\/www.santapola.es\/?p=14457"},"modified":"2024-03-07T18:39:35","modified_gmt":"2024-03-07T17:39:35","slug":"xxviie-premi-sant-jordi","status":"publish","type":"post","link":"https:\/\/santapola.es\/ca\/xxviie-premi-sant-jordi\/","title":{"rendered":"XXVII\u00e9 Premi Sant Jordi"},"content":{"rendered":"<p style=\"text-align: justify;\">Como cada a\u00f1o la Concejal\u00eda de Cultura del Ayuntamiento de Santa Pola y la Asociaci\u00f3n Cultural Antina convocan el &#8220;XXVII Premi Sant Jordi&#8221; para todos los alumnos de 3\u00ba hasta 2\u00ba de ESO que sean estudiantes en un centro de Santa Pola.<\/p>\n<p style=\"text-align: justify;\">Las obras se podr\u00e1n presentar tanto en papel como digital antes del 17 de mayo de 2021 en la Biblioteca Infantil.<\/p>\n<p style=\"text-align: justify;\">Se convocan dos modalidades:<br \/>\n&#8211; Poes\u00eda (m\u00ednimo 10 versos)<br \/>\n&#8211; Narrativa: cuentos (2 a 5 hojas), relato corto (1 a 2 hojas) y c\u00f3mic (24 vi\u00f1etas con texto)<\/p>\n<p style=\"text-align: justify;\">Premios de 30 euros cada uno:<br \/>\n&#8211; 4 premios narrativa<br \/>\n&#8211; 4 premios poes\u00eda<br \/>\n&#8211; 1 premio a la clase con m\u00e1s trabajos seleccionados<\/p>\n<p style=\"text-align: justify;\">El jurado, formado por personas destacadas de la cultura local, emitir\u00e1 un veredicto que ser\u00e1 inapelable, y se reservar\u00e1 el derecho de poder declarar los premios desiertos. La entrega de premios est\u00e1 prevista el viernes 4 de junio en el Castillo Fortaleza.<\/p>\n<a href='https:\/\/santapola.es\/wp-content\/uploads\/2021\/04\/2021_SantJordi_SantaPola_Bases-1.pdf' class='small-button smallblue' target=\"_blank\">BASES<\/a>\n<p><strong>M\u00e1s informaci\u00f3n:<br \/>\n<\/strong><br \/>\nMari\u00e1n Sempere &#8211; Biblioteca Infantil &#8211; Juvenil Santa Pola<br \/>\nTlf.\/Wa. 966 694 008<br \/>\nbiblioteca.infantilsantapola@gmail.com<\/p>\n<p>Herminia Buades<br \/>\nPresidenta de la Asociaci\u00f3n Antina<\/p>\n<p><img loading=\"lazy\" decoding=\"async\" class=\"wp-image-14464 size-large aligncenter\" src=\"https:\/\/santapola.es\/wp-content\/uploads\/2021\/04\/2021_SANTJORDI_SANTAPOLA-1-725x1024.jpg\" alt=\"\" width=\"725\" height=\"1024\" srcset=\"https:\/\/santapola.es\/wp-content\/uploads\/2021\/04\/2021_SANTJORDI_SANTAPOLA-1-725x1024.jpg 725w, https:\/\/santapola.es\/wp-content\/uploads\/2021\/04\/2021_SANTJORDI_SANTAPOLA-1-212x300.jpg 212w, https:\/\/santapola.es\/wp-content\/uploads\/2021\/04\/2021_SANTJORDI_SANTAPOLA-1-768x1085.jpg 768w, https:\/\/santapola.es\/wp-content\/uploads\/2021\/04\/2021_SANTJORDI_SANTAPOLA-1-1088x1536.jpg 1088w, https:\/\/santapola.es\/wp-content\/uploads\/2021\/04\/2021_SANTJORDI_SANTAPOLA-1-1080x1525.jpg 1080w, https:\/\/santapola.es\/wp-content\/uploads\/2021\/04\/2021_SANTJORDI_SANTAPOLA-1-610x861.jpg 610w, https:\/\/santapola.es\/wp-content\/uploads\/2021\/04\/2021_SANTJORDI_SANTAPOLA-1.jpg 1242w\" sizes=\"(max-width: 725px) 100vw, 725px\" \/><\/p>\n<p>&nbsp;<\/p>\n","protected":false},"excerpt":{"rendered":"<p>Como cada a\u00f1o la Concejal\u00eda de Cultura del Ayuntamiento de Santa Pola y la Asociaci\u00f3n Cultural Antina convocan el &#8220;XXVII Premi Sant Jordi&#8221; para todos los alumnos de 3\u00ba hasta 2\u00ba de ESO que sean estudiantes en un centro de Santa Pola. Las obras se podr\u00e1n presentar tanto en papel como digital antes del 17 [&hellip;]<\/p>\n","protected":false},"author":99,"featured_media":0,"comment_status":"closed","ping_status":"closed","sticky":false,"template":"","format":"standard","meta":{"_et_pb_use_builder":"","_et_pb_old_content":"","_et_gb_content_width":"","footnotes":""},"categories":[51,66,406],"tags":[],"class_list":["post-14457","post","type-post","status-publish","format-standard","hentry","category-cultura-fiestas","category-inicio","category-sin-categorizar-2"],"yoast_head":"<!-- This site is optimized with the Yoast SEO plugin v27.4 - https:\/\/yoast.com\/product\/yoast-seo-wordpress\/ -->\n<title>XXVII\u00e9 Premi Sant Jordi - Ajuntament de Santa Pola<\/title>\n<meta name=\"robots\" content=\"index, follow, max-snippet:-1, max-image-preview:large, max-video-preview:-1\" \/>\n<link rel=\"canonical\" href=\"https:\/\/santapola.es\/ca\/xxviie-premi-sant-jordi\/\" \/>\n<meta property=\"og:locale\" content=\"ca_ES\" \/>\n<meta property=\"og:type\" content=\"article\" \/>\n<meta property=\"og:title\" content=\"XXVII\u00e9 Premi Sant Jordi - Ajuntament de Santa Pola\" \/>\n<meta property=\"og:description\" content=\"Como cada a\u00f1o la Concejal\u00eda de Cultura del Ayuntamiento de Santa Pola y la Asociaci\u00f3n Cultural Antina convocan el &#8220;XXVII Premi Sant Jordi&#8221; para todos los alumnos de 3\u00ba hasta 2\u00ba de ESO que sean estudiantes en un centro de Santa Pola. Las obras se podr\u00e1n presentar tanto en papel como digital antes del 17 [&hellip;]\" \/>\n<meta property=\"og:url\" content=\"https:\/\/santapola.es\/ca\/xxviie-premi-sant-jordi\/\" \/>\n<meta property=\"og:site_name\" content=\"Ajuntament de Santa Pola\" \/>\n<meta property=\"article:publisher\" content=\"https:\/\/www.facebook.com\/AyuntamientoSantaPola\/\" \/>\n<meta property=\"article:published_time\" content=\"2021-04-13T09:42:32+00:00\" \/>\n<meta property=\"article:modified_time\" content=\"2024-03-07T17:39:35+00:00\" \/>\n<meta property=\"og:image\" content=\"https:\/\/santapola.es\/wp-content\/uploads\/2021\/04\/2021_SANTJORDI_SANTAPOLA-1-725x1024.jpg\" \/>\n<meta name=\"author\" content=\"Usuario Gen\u00e9rico Web\" \/>\n<meta name=\"twitter:card\" content=\"summary_large_image\" \/>\n<meta name=\"twitter:creator\" content=\"@SantaPolaAyunt\" \/>\n<meta name=\"twitter:site\" content=\"@SantaPolaAyunt\" \/>\n<script type=\"application\/ld+json\" class=\"yoast-schema-graph\">{\"@context\":\"https:\\\/\\\/schema.org\",\"@graph\":[{\"@type\":\"Article\",\"@id\":\"https:\\\/\\\/santapola.es\\\/ca\\\/xxviie-premi-sant-jordi\\\/#article\",\"isPartOf\":{\"@id\":\"https:\\\/\\\/santapola.es\\\/ca\\\/xxviie-premi-sant-jordi\\\/\"},\"author\":{\"name\":\"Usuario Gen\u00e9rico Web\",\"@id\":\"https:\\\/\\\/santapola.es\\\/ca\\\/#\\\/schema\\\/person\\\/5c898695593fabd93215e23620b3a9d1\"},\"headline\":\"XXVII\u00e9 Premi Sant Jordi\",\"datePublished\":\"2021-04-13T09:42:32+00:00\",\"dateModified\":\"2024-03-07T17:39:35+00:00\",\"mainEntityOfPage\":{\"@id\":\"https:\\\/\\\/santapola.es\\\/ca\\\/xxviie-premi-sant-jordi\\\/\"},\"wordCount\":200,\"image\":{\"@id\":\"https:\\\/\\\/santapola.es\\\/ca\\\/xxviie-premi-sant-jordi\\\/#primaryimage\"},\"thumbnailUrl\":\"https:\\\/\\\/santapola.es\\\/wp-content\\\/uploads\\\/2021\\\/04\\\/2021_SANTJORDI_SANTAPOLA-1-725x1024.jpg\",\"articleSection\":[\"Cultura\\\/ Fiestas\",\"Inicio\",\"Sin categorizar\"],\"inLanguage\":\"ca\"},{\"@type\":\"WebPage\",\"@id\":\"https:\\\/\\\/santapola.es\\\/ca\\\/xxviie-premi-sant-jordi\\\/\",\"url\":\"https:\\\/\\\/santapola.es\\\/ca\\\/xxviie-premi-sant-jordi\\\/\",\"name\":\"XXVII\u00e9 Premi Sant Jordi - Ajuntament de Santa Pola\",\"isPartOf\":{\"@id\":\"https:\\\/\\\/santapola.es\\\/ca\\\/#website\"},\"primaryImageOfPage\":{\"@id\":\"https:\\\/\\\/santapola.es\\\/ca\\\/xxviie-premi-sant-jordi\\\/#primaryimage\"},\"image\":{\"@id\":\"https:\\\/\\\/santapola.es\\\/ca\\\/xxviie-premi-sant-jordi\\\/#primaryimage\"},\"thumbnailUrl\":\"https:\\\/\\\/santapola.es\\\/wp-content\\\/uploads\\\/2021\\\/04\\\/2021_SANTJORDI_SANTAPOLA-1-725x1024.jpg\",\"datePublished\":\"2021-04-13T09:42:32+00:00\",\"dateModified\":\"2024-03-07T17:39:35+00:00\",\"author\":{\"@id\":\"https:\\\/\\\/santapola.es\\\/ca\\\/#\\\/schema\\\/person\\\/5c898695593fabd93215e23620b3a9d1\"},\"breadcrumb\":{\"@id\":\"https:\\\/\\\/santapola.es\\\/ca\\\/xxviie-premi-sant-jordi\\\/#breadcrumb\"},\"inLanguage\":\"ca\",\"potentialAction\":[{\"@type\":\"ReadAction\",\"target\":[\"https:\\\/\\\/santapola.es\\\/ca\\\/xxviie-premi-sant-jordi\\\/\"]}]},{\"@type\":\"ImageObject\",\"inLanguage\":\"ca\",\"@id\":\"https:\\\/\\\/santapola.es\\\/ca\\\/xxviie-premi-sant-jordi\\\/#primaryimage\",\"url\":\"https:\\\/\\\/santapola.es\\\/wp-content\\\/uploads\\\/2021\\\/04\\\/2021_SANTJORDI_SANTAPOLA-1-725x1024.jpg\",\"contentUrl\":\"https:\\\/\\\/santapola.es\\\/wp-content\\\/uploads\\\/2021\\\/04\\\/2021_SANTJORDI_SANTAPOLA-1-725x1024.jpg\"},{\"@type\":\"BreadcrumbList\",\"@id\":\"https:\\\/\\\/santapola.es\\\/ca\\\/xxviie-premi-sant-jordi\\\/#breadcrumb\",\"itemListElement\":[{\"@type\":\"ListItem\",\"position\":1,\"name\":\"Inici\",\"item\":\"https:\\\/\\\/santapola.es\\\/ca\\\/\"},{\"@type\":\"ListItem\",\"position\":2,\"name\":\"XXVII\u00e9 Premi Sant Jordi\"}]},{\"@type\":\"WebSite\",\"@id\":\"https:\\\/\\\/santapola.es\\\/ca\\\/#website\",\"url\":\"https:\\\/\\\/santapola.es\\\/ca\\\/\",\"name\":\"Ayuntamiento de Santa Pola\",\"description\":\"Web de l'Ajuntament de Santa Pola\",\"potentialAction\":[{\"@type\":\"SearchAction\",\"target\":{\"@type\":\"EntryPoint\",\"urlTemplate\":\"https:\\\/\\\/santapola.es\\\/ca\\\/?s={search_term_string}\"},\"query-input\":{\"@type\":\"PropertyValueSpecification\",\"valueRequired\":true,\"valueName\":\"search_term_string\"}}],\"inLanguage\":\"ca\"},{\"@type\":\"Person\",\"@id\":\"https:\\\/\\\/santapola.es\\\/ca\\\/#\\\/schema\\\/person\\\/5c898695593fabd93215e23620b3a9d1\",\"name\":\"Usuario Gen\u00e9rico Web\"}]}<\/script>\n<!-- \/ Yoast SEO plugin. -->","yoast_head_json":{"title":"XXVII\u00e9 Premi Sant Jordi - Ajuntament de Santa Pola","robots":{"index":"index","follow":"follow","max-snippet":"max-snippet:-1","max-image-preview":"max-image-preview:large","max-video-preview":"max-video-preview:-1"},"canonical":"https:\/\/santapola.es\/ca\/xxviie-premi-sant-jordi\/","og_locale":"ca_ES","og_type":"article","og_title":"XXVII\u00e9 Premi Sant Jordi - Ajuntament de Santa Pola","og_description":"Como cada a\u00f1o la Concejal\u00eda de Cultura del Ayuntamiento de Santa Pola y la Asociaci\u00f3n Cultural Antina convocan el &#8220;XXVII Premi Sant Jordi&#8221; para todos los alumnos de 3\u00ba hasta 2\u00ba de ESO que sean estudiantes en un centro de Santa Pola. Las obras se podr\u00e1n presentar tanto en papel como digital antes del 17 [&hellip;]","og_url":"https:\/\/santapola.es\/ca\/xxviie-premi-sant-jordi\/","og_site_name":"Ajuntament de Santa Pola","article_publisher":"https:\/\/www.facebook.com\/AyuntamientoSantaPola\/","article_published_time":"2021-04-13T09:42:32+00:00","article_modified_time":"2024-03-07T17:39:35+00:00","og_image":[{"url":"https:\/\/santapola.es\/wp-content\/uploads\/2021\/04\/2021_SANTJORDI_SANTAPOLA-1-725x1024.jpg","type":"","width":"","height":""}],"author":"Usuario Gen\u00e9rico Web","twitter_card":"summary_large_image","twitter_creator":"@SantaPolaAyunt","twitter_site":"@SantaPolaAyunt","schema":{"@context":"https:\/\/schema.org","@graph":[{"@type":"Article","@id":"https:\/\/santapola.es\/ca\/xxviie-premi-sant-jordi\/#article","isPartOf":{"@id":"https:\/\/santapola.es\/ca\/xxviie-premi-sant-jordi\/"},"author":{"name":"Usuario Gen\u00e9rico Web","@id":"https:\/\/santapola.es\/ca\/#\/schema\/person\/5c898695593fabd93215e23620b3a9d1"},"headline":"XXVII\u00e9 Premi Sant Jordi","datePublished":"2021-04-13T09:42:32+00:00","dateModified":"2024-03-07T17:39:35+00:00","mainEntityOfPage":{"@id":"https:\/\/santapola.es\/ca\/xxviie-premi-sant-jordi\/"},"wordCount":200,"image":{"@id":"https:\/\/santapola.es\/ca\/xxviie-premi-sant-jordi\/#primaryimage"},"thumbnailUrl":"https:\/\/santapola.es\/wp-content\/uploads\/2021\/04\/2021_SANTJORDI_SANTAPOLA-1-725x1024.jpg","articleSection":["Cultura\/ Fiestas","Inicio","Sin categorizar"],"inLanguage":"ca"},{"@type":"WebPage","@id":"https:\/\/santapola.es\/ca\/xxviie-premi-sant-jordi\/","url":"https:\/\/santapola.es\/ca\/xxviie-premi-sant-jordi\/","name":"XXVII\u00e9 Premi Sant Jordi - Ajuntament de Santa Pola","isPartOf":{"@id":"https:\/\/santapola.es\/ca\/#website"},"primaryImageOfPage":{"@id":"https:\/\/santapola.es\/ca\/xxviie-premi-sant-jordi\/#primaryimage"},"image":{"@id":"https:\/\/santapola.es\/ca\/xxviie-premi-sant-jordi\/#primaryimage"},"thumbnailUrl":"https:\/\/santapola.es\/wp-content\/uploads\/2021\/04\/2021_SANTJORDI_SANTAPOLA-1-725x1024.jpg","datePublished":"2021-04-13T09:42:32+00:00","dateModified":"2024-03-07T17:39:35+00:00","author":{"@id":"https:\/\/santapola.es\/ca\/#\/schema\/person\/5c898695593fabd93215e23620b3a9d1"},"breadcrumb":{"@id":"https:\/\/santapola.es\/ca\/xxviie-premi-sant-jordi\/#breadcrumb"},"inLanguage":"ca","potentialAction":[{"@type":"ReadAction","target":["https:\/\/santapola.es\/ca\/xxviie-premi-sant-jordi\/"]}]},{"@type":"ImageObject","inLanguage":"ca","@id":"https:\/\/santapola.es\/ca\/xxviie-premi-sant-jordi\/#primaryimage","url":"https:\/\/santapola.es\/wp-content\/uploads\/2021\/04\/2021_SANTJORDI_SANTAPOLA-1-725x1024.jpg","contentUrl":"https:\/\/santapola.es\/wp-content\/uploads\/2021\/04\/2021_SANTJORDI_SANTAPOLA-1-725x1024.jpg"},{"@type":"BreadcrumbList","@id":"https:\/\/santapola.es\/ca\/xxviie-premi-sant-jordi\/#breadcrumb","itemListElement":[{"@type":"ListItem","position":1,"name":"Inici","item":"https:\/\/santapola.es\/ca\/"},{"@type":"ListItem","position":2,"name":"XXVII\u00e9 Premi Sant Jordi"}]},{"@type":"WebSite","@id":"https:\/\/santapola.es\/ca\/#website","url":"https:\/\/santapola.es\/ca\/","name":"Ayuntamiento de Santa Pola","description":"Web de l'Ajuntament de Santa Pola","potentialAction":[{"@type":"SearchAction","target":{"@type":"EntryPoint","urlTemplate":"https:\/\/santapola.es\/ca\/?s={search_term_string}"},"query-input":{"@type":"PropertyValueSpecification","valueRequired":true,"valueName":"search_term_string"}}],"inLanguage":"ca"},{"@type":"Person","@id":"https:\/\/santapola.es\/ca\/#\/schema\/person\/5c898695593fabd93215e23620b3a9d1","name":"Usuario Gen\u00e9rico Web"}]}},"_links":{"self":[{"href":"https:\/\/santapola.es\/ca\/wp-json\/wp\/v2\/posts\/14457","targetHints":{"allow":["GET"]}}],"collection":[{"href":"https:\/\/santapola.es\/ca\/wp-json\/wp\/v2\/posts"}],"about":[{"href":"https:\/\/santapola.es\/ca\/wp-json\/wp\/v2\/types\/post"}],"author":[{"embeddable":true,"href":"https:\/\/santapola.es\/ca\/wp-json\/wp\/v2\/users\/99"}],"replies":[{"embeddable":true,"href":"https:\/\/santapola.es\/ca\/wp-json\/wp\/v2\/comments?post=14457"}],"version-history":[{"count":0,"href":"https:\/\/santapola.es\/ca\/wp-json\/wp\/v2\/posts\/14457\/revisions"}],"wp:attachment":[{"href":"https:\/\/santapola.es\/ca\/wp-json\/wp\/v2\/media?parent=14457"}],"wp:term":[{"taxonomy":"category","embeddable":true,"href":"https:\/\/santapola.es\/ca\/wp-json\/wp\/v2\/categories?post=14457"},{"taxonomy":"post_tag","embeddable":true,"href":"https:\/\/santapola.es\/ca\/wp-json\/wp\/v2\/tags?post=14457"}],"curies":[{"name":"wp","href":"https:\/\/api.w.org\/{rel}","templated":true}]}}