{"id":14419,"date":"2021-03-30T12:55:16","date_gmt":"2021-03-30T11:55:16","guid":{"rendered":"https:\/\/www.santapola.es\/?p=14419"},"modified":"2024-03-07T18:39:32","modified_gmt":"2024-03-07T17:39:32","slug":"preocupacion-ante-la-reconversion-encubierta-sobre-el-sector-de-pesca-de-arrastre-del-mediterraneo-por-parte-de-la-administracion-estatal","status":"publish","type":"post","link":"https:\/\/santapola.es\/ca\/preocupacion-ante-la-reconversion-encubierta-sobre-el-sector-de-pesca-de-arrastre-del-mediterraneo-por-parte-de-la-administracion-estatal\/","title":{"rendered":"Preocupaci\u00f3n ante la reconversi\u00f3n encubierta sobre el sector de pesca de arrastre del Mediterr\u00e1neo por parte de la administraci\u00f3n estatal"},"content":{"rendered":"<p style=\"text-align: justify;\">Este lunes Loreto Serrano, alcaldesa de Santa Pola, ha mantenido una nueva reuni\u00f3n con \u00c1ngel Luchoro, Patr\u00f3n Mayor de la Cofrad\u00eda de Pescadores acerca del sector pesquero.<\/p>\n<p style=\"text-align: justify;\">El plan de gesti\u00f3n para la conservaci\u00f3n de los recursos pesqueros demersales en el mar Mediterr\u00e1neo prosigue su curso y con ello la ruina del sector pesquero en el Mediterr\u00e1neo. En palabras de \u00c1ngel Luchoro &#8220;se trata de una reconversi\u00f3n encubierta en contra de la pesca de arrastre que perjudica gravemente a la econom\u00eda de muchas familias&#8221;.<\/p>\n<p style=\"text-align: justify;\">A pesar de la reducci\u00f3n de flota en los \u00faltimos a\u00f1os, el Gobierno Espa\u00f1ol contin\u00faa exigiendo m\u00e1s y m\u00e1s reducciones. Desde la Cofrad\u00eda de Pescadores han manifestado en numerosas ocasiones alegaciones y propuestas a trav\u00e9s de la Federaci\u00f3n Nacional de Cofrad\u00edas Pesqueras y directamente, tanto al propio Ministerio de Pesca como a la Comisi\u00f3n y Parlamento Europeos. Adem\u00e1s, las Cofrad\u00edas de Pescadores ya han presentado, con datos reales, como ya han reducido un porcentaje que no se est\u00e1 valorando ni teniendo en cuenta. Nuestra flota ya tiene una reducci\u00f3n bastante importante comparada con otros pa\u00edses. Por ejemplo Italia y Francia ya han indicado que ya cumplen con los objetivos al haber reducido su flota, sin embargo en Espa\u00f1a cada a\u00f1o van reduciendo m\u00e1s la actividad, forzando a la extinci\u00f3n de la flota pesquera en el Mediterr\u00e1neo.<\/p>\n<p style=\"text-align: justify;\">La alcaldesa muestra su total apoyo puesto que la repercusi\u00f3n ser\u00eda nefasta para el municipio afectando a puestos de trabajo directos e indirectos ya que el Peix de Santa Pola abarca al sector pesquero, la cultura santapolera e incluso el turismo al ser un producto que comercializan muchos hosteleros de la localidad.<\/p>\n<p style=\"text-align: justify;\">El pr\u00f3ximo 16 de abril el sector pesquero del Mediterr\u00e1neo se est\u00e1 planteando una manifestaci\u00f3n acudiendo a todas las Subdelegaciones del Gobierno de su provincia para reivindicar su derecho a subsistir y poder vivir de su esfuerzo y trabajo diario. En el 2020 se vieron obligados a una reducci\u00f3n del 10% y este a\u00f1o un 8,3%, unas reducciones que cada vez son mayores adem\u00e1s de tener que cumplir medidas t\u00e9cnicas que requieren adaptar las artes de pesca con sus consiguientes gastos. La Orden plantea una reducci\u00f3n de hasta un 40% en 2025, permitiendo pescar tan solo seis meses al a\u00f1o y con una pesca selectiva que condiciona las jornadas de pesca y perjudica al pescador, lo que causar\u00eda un da\u00f1o irreparable en la villa marinera.<\/p>\n<p style=\"text-align: justify;\">El equipo de gobierno se solidariza con esta situaci\u00f3n, muestra su m\u00e1ximo apoyo en todo lo posible y si es necesario les acompa\u00f1ar\u00e1n el pr\u00f3ximo 16 de abril.<\/p>\n<p><img loading=\"lazy\" decoding=\"async\" class=\"alignnone wp-image-14437 size-full\" src=\"https:\/\/santapola.es\/wp-content\/uploads\/2021\/03\/Pesca_Cofradia1-2.jpeg\" alt=\"\" width=\"768\" height=\"1024\" srcset=\"https:\/\/santapola.es\/wp-content\/uploads\/2021\/03\/Pesca_Cofradia1-2.jpeg 768w, https:\/\/santapola.es\/wp-content\/uploads\/2021\/03\/Pesca_Cofradia1-2-225x300.jpeg 225w, https:\/\/santapola.es\/wp-content\/uploads\/2021\/03\/Pesca_Cofradia1-2-610x813.jpeg 610w\" sizes=\"(max-width: 768px) 100vw, 768px\" \/><\/p>\n<p><img loading=\"lazy\" decoding=\"async\" class=\"alignnone wp-image-14438 size-full\" src=\"https:\/\/santapola.es\/wp-content\/uploads\/2021\/03\/Pesca_Cofradia-1.jpeg\" alt=\"\" width=\"768\" height=\"1024\" srcset=\"https:\/\/santapola.es\/wp-content\/uploads\/2021\/03\/Pesca_Cofradia-1.jpeg 768w, https:\/\/santapola.es\/wp-content\/uploads\/2021\/03\/Pesca_Cofradia-1-225x300.jpeg 225w, https:\/\/santapola.es\/wp-content\/uploads\/2021\/03\/Pesca_Cofradia-1-610x813.jpeg 610w\" sizes=\"(max-width: 768px) 100vw, 768px\" \/><\/p>\n<p>&nbsp;<\/p>\n","protected":false},"excerpt":{"rendered":"<p>Este lunes Loreto Serrano, alcaldesa de Santa Pola, ha mantenido una nueva reuni\u00f3n con \u00c1ngel Luchoro, Patr\u00f3n Mayor de la Cofrad\u00eda de Pescadores acerca del sector pesquero. El plan de gesti\u00f3n para la conservaci\u00f3n de los recursos pesqueros demersales en el mar Mediterr\u00e1neo prosigue su curso y con ello la ruina del sector pesquero en [&hellip;]<\/p>\n","protected":false},"author":99,"featured_media":0,"comment_status":"closed","ping_status":"closed","sticky":false,"template":"","format":"standard","meta":{"_et_pb_use_builder":"","_et_pb_old_content":"","_et_gb_content_width":"","footnotes":""},"categories":[66,57,406],"tags":[],"class_list":["post-14419","post","type-post","status-publish","format-standard","hentry","category-inicio","category-playas-turismo-pesca","category-sin-categorizar-2"],"yoast_head":"<!-- This site is optimized with the Yoast SEO plugin v27.4 - https:\/\/yoast.com\/product\/yoast-seo-wordpress\/ -->\n<title>Preocupaci\u00f3n ante la reconversi\u00f3n encubierta sobre el sector de pesca de arrastre del Mediterr\u00e1neo por parte de la administraci\u00f3n estatal - Ajuntament de Santa Pola<\/title>\n<meta name=\"robots\" content=\"index, follow, max-snippet:-1, max-image-preview:large, max-video-preview:-1\" \/>\n<link rel=\"canonical\" href=\"https:\/\/santapola.es\/ca\/preocupacion-ante-la-reconversion-encubierta-sobre-el-sector-de-pesca-de-arrastre-del-mediterraneo-por-parte-de-la-administracion-estatal\/\" \/>\n<meta property=\"og:locale\" content=\"ca_ES\" \/>\n<meta property=\"og:type\" content=\"article\" \/>\n<meta property=\"og:title\" content=\"Preocupaci\u00f3n ante la reconversi\u00f3n encubierta sobre el sector de pesca de arrastre del Mediterr\u00e1neo por parte de la administraci\u00f3n estatal - Ajuntament de Santa Pola\" \/>\n<meta property=\"og:description\" content=\"Este lunes Loreto Serrano, alcaldesa de Santa Pola, ha mantenido una nueva reuni\u00f3n con \u00c1ngel Luchoro, Patr\u00f3n Mayor de la Cofrad\u00eda de Pescadores acerca del sector pesquero. El plan de gesti\u00f3n para la conservaci\u00f3n de los recursos pesqueros demersales en el mar Mediterr\u00e1neo prosigue su curso y con ello la ruina del sector pesquero en [&hellip;]\" \/>\n<meta property=\"og:url\" content=\"https:\/\/santapola.es\/ca\/preocupacion-ante-la-reconversion-encubierta-sobre-el-sector-de-pesca-de-arrastre-del-mediterraneo-por-parte-de-la-administracion-estatal\/\" \/>\n<meta property=\"og:site_name\" content=\"Ajuntament de Santa Pola\" \/>\n<meta property=\"article:publisher\" content=\"https:\/\/www.facebook.com\/AyuntamientoSantaPola\/\" \/>\n<meta property=\"article:published_time\" content=\"2021-03-30T11:55:16+00:00\" \/>\n<meta property=\"article:modified_time\" content=\"2024-03-07T17:39:32+00:00\" \/>\n<meta property=\"og:image\" content=\"https:\/\/santapola.es\/wp-content\/uploads\/2021\/03\/Pesca_Cofradia1-2.jpeg\" \/>\n<meta name=\"author\" content=\"Usuario Gen\u00e9rico Web\" \/>\n<meta name=\"twitter:card\" content=\"summary_large_image\" \/>\n<meta name=\"twitter:creator\" content=\"@SantaPolaAyunt\" \/>\n<meta name=\"twitter:site\" content=\"@SantaPolaAyunt\" \/>\n<script type=\"application\/ld+json\" class=\"yoast-schema-graph\">{\"@context\":\"https:\\\/\\\/schema.org\",\"@graph\":[{\"@type\":\"Article\",\"@id\":\"https:\\\/\\\/santapola.es\\\/ca\\\/preocupacion-ante-la-reconversion-encubierta-sobre-el-sector-de-pesca-de-arrastre-del-mediterraneo-por-parte-de-la-administracion-estatal\\\/#article\",\"isPartOf\":{\"@id\":\"https:\\\/\\\/santapola.es\\\/ca\\\/preocupacion-ante-la-reconversion-encubierta-sobre-el-sector-de-pesca-de-arrastre-del-mediterraneo-por-parte-de-la-administracion-estatal\\\/\"},\"author\":{\"name\":\"Usuario Gen\u00e9rico Web\",\"@id\":\"https:\\\/\\\/santapola.es\\\/ca\\\/#\\\/schema\\\/person\\\/5c898695593fabd93215e23620b3a9d1\"},\"headline\":\"Preocupaci\u00f3n ante la reconversi\u00f3n encubierta sobre el sector de pesca de arrastre del Mediterr\u00e1neo por parte de la administraci\u00f3n estatal\",\"datePublished\":\"2021-03-30T11:55:16+00:00\",\"dateModified\":\"2024-03-07T17:39:32+00:00\",\"mainEntityOfPage\":{\"@id\":\"https:\\\/\\\/santapola.es\\\/ca\\\/preocupacion-ante-la-reconversion-encubierta-sobre-el-sector-de-pesca-de-arrastre-del-mediterraneo-por-parte-de-la-administracion-estatal\\\/\"},\"wordCount\":490,\"image\":{\"@id\":\"https:\\\/\\\/santapola.es\\\/ca\\\/preocupacion-ante-la-reconversion-encubierta-sobre-el-sector-de-pesca-de-arrastre-del-mediterraneo-por-parte-de-la-administracion-estatal\\\/#primaryimage\"},\"thumbnailUrl\":\"https:\\\/\\\/santapola.es\\\/wp-content\\\/uploads\\\/2021\\\/03\\\/Pesca_Cofradia1-2.jpeg\",\"articleSection\":[\"Inicio\",\"Playas \\\/ Turismo \\\/ Pesca\",\"Sin categorizar\"],\"inLanguage\":\"ca\"},{\"@type\":\"WebPage\",\"@id\":\"https:\\\/\\\/santapola.es\\\/ca\\\/preocupacion-ante-la-reconversion-encubierta-sobre-el-sector-de-pesca-de-arrastre-del-mediterraneo-por-parte-de-la-administracion-estatal\\\/\",\"url\":\"https:\\\/\\\/santapola.es\\\/ca\\\/preocupacion-ante-la-reconversion-encubierta-sobre-el-sector-de-pesca-de-arrastre-del-mediterraneo-por-parte-de-la-administracion-estatal\\\/\",\"name\":\"Preocupaci\u00f3n ante la reconversi\u00f3n encubierta sobre el sector de pesca de arrastre del Mediterr\u00e1neo por parte de la administraci\u00f3n estatal - Ajuntament de Santa Pola\",\"isPartOf\":{\"@id\":\"https:\\\/\\\/santapola.es\\\/ca\\\/#website\"},\"primaryImageOfPage\":{\"@id\":\"https:\\\/\\\/santapola.es\\\/ca\\\/preocupacion-ante-la-reconversion-encubierta-sobre-el-sector-de-pesca-de-arrastre-del-mediterraneo-por-parte-de-la-administracion-estatal\\\/#primaryimage\"},\"image\":{\"@id\":\"https:\\\/\\\/santapola.es\\\/ca\\\/preocupacion-ante-la-reconversion-encubierta-sobre-el-sector-de-pesca-de-arrastre-del-mediterraneo-por-parte-de-la-administracion-estatal\\\/#primaryimage\"},\"thumbnailUrl\":\"https:\\\/\\\/santapola.es\\\/wp-content\\\/uploads\\\/2021\\\/03\\\/Pesca_Cofradia1-2.jpeg\",\"datePublished\":\"2021-03-30T11:55:16+00:00\",\"dateModified\":\"2024-03-07T17:39:32+00:00\",\"author\":{\"@id\":\"https:\\\/\\\/santapola.es\\\/ca\\\/#\\\/schema\\\/person\\\/5c898695593fabd93215e23620b3a9d1\"},\"breadcrumb\":{\"@id\":\"https:\\\/\\\/santapola.es\\\/ca\\\/preocupacion-ante-la-reconversion-encubierta-sobre-el-sector-de-pesca-de-arrastre-del-mediterraneo-por-parte-de-la-administracion-estatal\\\/#breadcrumb\"},\"inLanguage\":\"ca\",\"potentialAction\":[{\"@type\":\"ReadAction\",\"target\":[\"https:\\\/\\\/santapola.es\\\/ca\\\/preocupacion-ante-la-reconversion-encubierta-sobre-el-sector-de-pesca-de-arrastre-del-mediterraneo-por-parte-de-la-administracion-estatal\\\/\"]}]},{\"@type\":\"ImageObject\",\"inLanguage\":\"ca\",\"@id\":\"https:\\\/\\\/santapola.es\\\/ca\\\/preocupacion-ante-la-reconversion-encubierta-sobre-el-sector-de-pesca-de-arrastre-del-mediterraneo-por-parte-de-la-administracion-estatal\\\/#primaryimage\",\"url\":\"https:\\\/\\\/santapola.es\\\/wp-content\\\/uploads\\\/2021\\\/03\\\/Pesca_Cofradia1-2.jpeg\",\"contentUrl\":\"https:\\\/\\\/santapola.es\\\/wp-content\\\/uploads\\\/2021\\\/03\\\/Pesca_Cofradia1-2.jpeg\"},{\"@type\":\"BreadcrumbList\",\"@id\":\"https:\\\/\\\/santapola.es\\\/ca\\\/preocupacion-ante-la-reconversion-encubierta-sobre-el-sector-de-pesca-de-arrastre-del-mediterraneo-por-parte-de-la-administracion-estatal\\\/#breadcrumb\",\"itemListElement\":[{\"@type\":\"ListItem\",\"position\":1,\"name\":\"Inici\",\"item\":\"https:\\\/\\\/santapola.es\\\/ca\\\/\"},{\"@type\":\"ListItem\",\"position\":2,\"name\":\"Preocupaci\u00f3n ante la reconversi\u00f3n encubierta sobre el sector de pesca de arrastre del Mediterr\u00e1neo por parte de la administraci\u00f3n estatal\"}]},{\"@type\":\"WebSite\",\"@id\":\"https:\\\/\\\/santapola.es\\\/ca\\\/#website\",\"url\":\"https:\\\/\\\/santapola.es\\\/ca\\\/\",\"name\":\"Ayuntamiento de Santa Pola\",\"description\":\"Web de l'Ajuntament de Santa Pola\",\"potentialAction\":[{\"@type\":\"SearchAction\",\"target\":{\"@type\":\"EntryPoint\",\"urlTemplate\":\"https:\\\/\\\/santapola.es\\\/ca\\\/?s={search_term_string}\"},\"query-input\":{\"@type\":\"PropertyValueSpecification\",\"valueRequired\":true,\"valueName\":\"search_term_string\"}}],\"inLanguage\":\"ca\"},{\"@type\":\"Person\",\"@id\":\"https:\\\/\\\/santapola.es\\\/ca\\\/#\\\/schema\\\/person\\\/5c898695593fabd93215e23620b3a9d1\",\"name\":\"Usuario Gen\u00e9rico Web\"}]}<\/script>\n<!-- \/ Yoast SEO plugin. -->","yoast_head_json":{"title":"Preocupaci\u00f3n ante la reconversi\u00f3n encubierta sobre el sector de pesca de arrastre del Mediterr\u00e1neo por parte de la administraci\u00f3n estatal - Ajuntament de Santa Pola","robots":{"index":"index","follow":"follow","max-snippet":"max-snippet:-1","max-image-preview":"max-image-preview:large","max-video-preview":"max-video-preview:-1"},"canonical":"https:\/\/santapola.es\/ca\/preocupacion-ante-la-reconversion-encubierta-sobre-el-sector-de-pesca-de-arrastre-del-mediterraneo-por-parte-de-la-administracion-estatal\/","og_locale":"ca_ES","og_type":"article","og_title":"Preocupaci\u00f3n ante la reconversi\u00f3n encubierta sobre el sector de pesca de arrastre del Mediterr\u00e1neo por parte de la administraci\u00f3n estatal - Ajuntament de Santa Pola","og_description":"Este lunes Loreto Serrano, alcaldesa de Santa Pola, ha mantenido una nueva reuni\u00f3n con \u00c1ngel Luchoro, Patr\u00f3n Mayor de la Cofrad\u00eda de Pescadores acerca del sector pesquero. El plan de gesti\u00f3n para la conservaci\u00f3n de los recursos pesqueros demersales en el mar Mediterr\u00e1neo prosigue su curso y con ello la ruina del sector pesquero en [&hellip;]","og_url":"https:\/\/santapola.es\/ca\/preocupacion-ante-la-reconversion-encubierta-sobre-el-sector-de-pesca-de-arrastre-del-mediterraneo-por-parte-de-la-administracion-estatal\/","og_site_name":"Ajuntament de Santa Pola","article_publisher":"https:\/\/www.facebook.com\/AyuntamientoSantaPola\/","article_published_time":"2021-03-30T11:55:16+00:00","article_modified_time":"2024-03-07T17:39:32+00:00","og_image":[{"url":"https:\/\/santapola.es\/wp-content\/uploads\/2021\/03\/Pesca_Cofradia1-2.jpeg","type":"","width":"","height":""}],"author":"Usuario Gen\u00e9rico Web","twitter_card":"summary_large_image","twitter_creator":"@SantaPolaAyunt","twitter_site":"@SantaPolaAyunt","schema":{"@context":"https:\/\/schema.org","@graph":[{"@type":"Article","@id":"https:\/\/santapola.es\/ca\/preocupacion-ante-la-reconversion-encubierta-sobre-el-sector-de-pesca-de-arrastre-del-mediterraneo-por-parte-de-la-administracion-estatal\/#article","isPartOf":{"@id":"https:\/\/santapola.es\/ca\/preocupacion-ante-la-reconversion-encubierta-sobre-el-sector-de-pesca-de-arrastre-del-mediterraneo-por-parte-de-la-administracion-estatal\/"},"author":{"name":"Usuario Gen\u00e9rico Web","@id":"https:\/\/santapola.es\/ca\/#\/schema\/person\/5c898695593fabd93215e23620b3a9d1"},"headline":"Preocupaci\u00f3n ante la reconversi\u00f3n encubierta sobre el sector de pesca de arrastre del Mediterr\u00e1neo por parte de la administraci\u00f3n estatal","datePublished":"2021-03-30T11:55:16+00:00","dateModified":"2024-03-07T17:39:32+00:00","mainEntityOfPage":{"@id":"https:\/\/santapola.es\/ca\/preocupacion-ante-la-reconversion-encubierta-sobre-el-sector-de-pesca-de-arrastre-del-mediterraneo-por-parte-de-la-administracion-estatal\/"},"wordCount":490,"image":{"@id":"https:\/\/santapola.es\/ca\/preocupacion-ante-la-reconversion-encubierta-sobre-el-sector-de-pesca-de-arrastre-del-mediterraneo-por-parte-de-la-administracion-estatal\/#primaryimage"},"thumbnailUrl":"https:\/\/santapola.es\/wp-content\/uploads\/2021\/03\/Pesca_Cofradia1-2.jpeg","articleSection":["Inicio","Playas \/ Turismo \/ Pesca","Sin categorizar"],"inLanguage":"ca"},{"@type":"WebPage","@id":"https:\/\/santapola.es\/ca\/preocupacion-ante-la-reconversion-encubierta-sobre-el-sector-de-pesca-de-arrastre-del-mediterraneo-por-parte-de-la-administracion-estatal\/","url":"https:\/\/santapola.es\/ca\/preocupacion-ante-la-reconversion-encubierta-sobre-el-sector-de-pesca-de-arrastre-del-mediterraneo-por-parte-de-la-administracion-estatal\/","name":"Preocupaci\u00f3n ante la reconversi\u00f3n encubierta sobre el sector de pesca de arrastre del Mediterr\u00e1neo por parte de la administraci\u00f3n estatal - Ajuntament de Santa Pola","isPartOf":{"@id":"https:\/\/santapola.es\/ca\/#website"},"primaryImageOfPage":{"@id":"https:\/\/santapola.es\/ca\/preocupacion-ante-la-reconversion-encubierta-sobre-el-sector-de-pesca-de-arrastre-del-mediterraneo-por-parte-de-la-administracion-estatal\/#primaryimage"},"image":{"@id":"https:\/\/santapola.es\/ca\/preocupacion-ante-la-reconversion-encubierta-sobre-el-sector-de-pesca-de-arrastre-del-mediterraneo-por-parte-de-la-administracion-estatal\/#primaryimage"},"thumbnailUrl":"https:\/\/santapola.es\/wp-content\/uploads\/2021\/03\/Pesca_Cofradia1-2.jpeg","datePublished":"2021-03-30T11:55:16+00:00","dateModified":"2024-03-07T17:39:32+00:00","author":{"@id":"https:\/\/santapola.es\/ca\/#\/schema\/person\/5c898695593fabd93215e23620b3a9d1"},"breadcrumb":{"@id":"https:\/\/santapola.es\/ca\/preocupacion-ante-la-reconversion-encubierta-sobre-el-sector-de-pesca-de-arrastre-del-mediterraneo-por-parte-de-la-administracion-estatal\/#breadcrumb"},"inLanguage":"ca","potentialAction":[{"@type":"ReadAction","target":["https:\/\/santapola.es\/ca\/preocupacion-ante-la-reconversion-encubierta-sobre-el-sector-de-pesca-de-arrastre-del-mediterraneo-por-parte-de-la-administracion-estatal\/"]}]},{"@type":"ImageObject","inLanguage":"ca","@id":"https:\/\/santapola.es\/ca\/preocupacion-ante-la-reconversion-encubierta-sobre-el-sector-de-pesca-de-arrastre-del-mediterraneo-por-parte-de-la-administracion-estatal\/#primaryimage","url":"https:\/\/santapola.es\/wp-content\/uploads\/2021\/03\/Pesca_Cofradia1-2.jpeg","contentUrl":"https:\/\/santapola.es\/wp-content\/uploads\/2021\/03\/Pesca_Cofradia1-2.jpeg"},{"@type":"BreadcrumbList","@id":"https:\/\/santapola.es\/ca\/preocupacion-ante-la-reconversion-encubierta-sobre-el-sector-de-pesca-de-arrastre-del-mediterraneo-por-parte-de-la-administracion-estatal\/#breadcrumb","itemListElement":[{"@type":"ListItem","position":1,"name":"Inici","item":"https:\/\/santapola.es\/ca\/"},{"@type":"ListItem","position":2,"name":"Preocupaci\u00f3n ante la reconversi\u00f3n encubierta sobre el sector de pesca de arrastre del Mediterr\u00e1neo por parte de la administraci\u00f3n estatal"}]},{"@type":"WebSite","@id":"https:\/\/santapola.es\/ca\/#website","url":"https:\/\/santapola.es\/ca\/","name":"Ayuntamiento de Santa Pola","description":"Web de l'Ajuntament de Santa Pola","potentialAction":[{"@type":"SearchAction","target":{"@type":"EntryPoint","urlTemplate":"https:\/\/santapola.es\/ca\/?s={search_term_string}"},"query-input":{"@type":"PropertyValueSpecification","valueRequired":true,"valueName":"search_term_string"}}],"inLanguage":"ca"},{"@type":"Person","@id":"https:\/\/santapola.es\/ca\/#\/schema\/person\/5c898695593fabd93215e23620b3a9d1","name":"Usuario Gen\u00e9rico Web"}]}},"_links":{"self":[{"href":"https:\/\/santapola.es\/ca\/wp-json\/wp\/v2\/posts\/14419","targetHints":{"allow":["GET"]}}],"collection":[{"href":"https:\/\/santapola.es\/ca\/wp-json\/wp\/v2\/posts"}],"about":[{"href":"https:\/\/santapola.es\/ca\/wp-json\/wp\/v2\/types\/post"}],"author":[{"embeddable":true,"href":"https:\/\/santapola.es\/ca\/wp-json\/wp\/v2\/users\/99"}],"replies":[{"embeddable":true,"href":"https:\/\/santapola.es\/ca\/wp-json\/wp\/v2\/comments?post=14419"}],"version-history":[{"count":0,"href":"https:\/\/santapola.es\/ca\/wp-json\/wp\/v2\/posts\/14419\/revisions"}],"wp:attachment":[{"href":"https:\/\/santapola.es\/ca\/wp-json\/wp\/v2\/media?parent=14419"}],"wp:term":[{"taxonomy":"category","embeddable":true,"href":"https:\/\/santapola.es\/ca\/wp-json\/wp\/v2\/categories?post=14419"},{"taxonomy":"post_tag","embeddable":true,"href":"https:\/\/santapola.es\/ca\/wp-json\/wp\/v2\/tags?post=14419"}],"curies":[{"name":"wp","href":"https:\/\/api.w.org\/{rel}","templated":true}]}}