{"id":14417,"date":"2021-03-30T13:21:48","date_gmt":"2021-03-30T12:21:48","guid":{"rendered":"https:\/\/www.santapola.es\/?p=14417"},"modified":"2024-03-07T18:39:33","modified_gmt":"2024-03-07T17:39:33","slug":"las-bibliotecas-aumentan-su-coleccion-gracias-al-premio-maria-moliner","status":"publish","type":"post","link":"https:\/\/santapola.es\/ca\/las-bibliotecas-aumentan-su-coleccion-gracias-al-premio-maria-moliner\/","title":{"rendered":"Las bibliotecas aumentan su colecci\u00f3n gracias al Premio Mar\u00eda Moliner"},"content":{"rendered":"<p style=\"text-align: justify;\">Las Bibliotecas Municipales de Santa Pola se presentaron en 2020 a la XX Campa\u00f1a de Animaci\u00f3n Lectora Mar\u00eda Moliner que convoca todos los a\u00f1os el Ministerio de Cultura junto a la Federaci\u00f3n de Municipios y Provincias, haci\u00e9ndose entrega al a\u00f1o siguiente.<\/p>\n<p style=\"text-align: justify;\">La Convocatoria se crea para premiar a 300 bibliotecas de toda Espa\u00f1a de municipios con poblaci\u00f3n inferior a 50000 habitantes y en los \u00faltimos a\u00f1os los premios consisten en 2000\u20ac para la compra de libros o publicaciones peri\u00f3dicas para las bibliotecas.<\/p>\n<p style=\"text-align: justify;\">Las Bibliotecas de Santa Pola han sido premiadas todas las veces que se han presentado, lo que es una muestra del esfuerzo y buen hacer del personal para programar todos los a\u00f1os campa\u00f1as de animaci\u00f3n lectora y cultural para diferentes tipos de usuarios y grupos de edad.<\/p>\n<p style=\"text-align: justify;\">Este a\u00f1o el proyecto presentado ha sido \u201cBibliotecas de Santa Pola 2020: Traves\u00eda por la pandemia\u201d, y en \u00e9l se pueden ver las estrategias que se han tenido que utilizar y los malabares que se han tenido que hacer para seguir dando servicio a los usuarios y el papel importante que han tenido las nuevas tecnolog\u00edas y las redes sociales.<\/p>\n<p style=\"text-align: justify;\">Los 2000 \u20ac en libros del premio se han adquirido en las librer\u00edas locales, en una muestra por parte del Ayuntamiento de Santa Pola y de la Concejal de Cultura, Trinidad Ortiz G\u00f3mez, de apoyar al peque\u00f1o comercio local.<\/p>\n<p><img loading=\"lazy\" decoding=\"async\" class=\"aligncenter wp-image-14428 size-large\" src=\"https:\/\/santapola.es\/wp-content\/uploads\/2021\/03\/MariaMoliner_Bibliotecas_SantaPola-1-1024x630.jpg\" alt=\"\" width=\"1024\" height=\"630\" srcset=\"https:\/\/santapola.es\/wp-content\/uploads\/2021\/03\/MariaMoliner_Bibliotecas_SantaPola-1-1024x630.jpg 1024w, https:\/\/santapola.es\/wp-content\/uploads\/2021\/03\/MariaMoliner_Bibliotecas_SantaPola-1-300x185.jpg 300w, https:\/\/santapola.es\/wp-content\/uploads\/2021\/03\/MariaMoliner_Bibliotecas_SantaPola-1-768x473.jpg 768w, https:\/\/santapola.es\/wp-content\/uploads\/2021\/03\/MariaMoliner_Bibliotecas_SantaPola-1-1536x945.jpg 1536w, https:\/\/santapola.es\/wp-content\/uploads\/2021\/03\/MariaMoliner_Bibliotecas_SantaPola-1-1080x665.jpg 1080w, https:\/\/santapola.es\/wp-content\/uploads\/2021\/03\/MariaMoliner_Bibliotecas_SantaPola-1-610x375.jpg 610w, https:\/\/santapola.es\/wp-content\/uploads\/2021\/03\/MariaMoliner_Bibliotecas_SantaPola-1.jpg 1802w\" sizes=\"(max-width: 1024px) 100vw, 1024px\" \/><\/p>\n<p><img loading=\"lazy\" decoding=\"async\" class=\"aligncenter wp-image-14429 size-large\" src=\"https:\/\/santapola.es\/wp-content\/uploads\/2021\/03\/Libros_Bibliotecas_SantaPola_MariaMoliner_2021-1024x678.jpg\" alt=\"\" width=\"1024\" height=\"678\" srcset=\"https:\/\/santapola.es\/wp-content\/uploads\/2021\/03\/Libros_Bibliotecas_SantaPola_MariaMoliner_2021-1024x678.jpg 1024w, https:\/\/santapola.es\/wp-content\/uploads\/2021\/03\/Libros_Bibliotecas_SantaPola_MariaMoliner_2021-300x199.jpg 300w, https:\/\/santapola.es\/wp-content\/uploads\/2021\/03\/Libros_Bibliotecas_SantaPola_MariaMoliner_2021-768x508.jpg 768w, https:\/\/santapola.es\/wp-content\/uploads\/2021\/03\/Libros_Bibliotecas_SantaPola_MariaMoliner_2021-1080x715.jpg 1080w, https:\/\/santapola.es\/wp-content\/uploads\/2021\/03\/Libros_Bibliotecas_SantaPola_MariaMoliner_2021-610x404.jpg 610w, https:\/\/santapola.es\/wp-content\/uploads\/2021\/03\/Libros_Bibliotecas_SantaPola_MariaMoliner_2021.jpg 1200w\" sizes=\"(max-width: 1024px) 100vw, 1024px\" \/><\/p>\n","protected":false},"excerpt":{"rendered":"<p>Las Bibliotecas Municipales de Santa Pola se presentaron en 2020 a la XX Campa\u00f1a de Animaci\u00f3n Lectora Mar\u00eda Moliner que convoca todos los a\u00f1os el Ministerio de Cultura junto a la Federaci\u00f3n de Municipios y Provincias, haci\u00e9ndose entrega al a\u00f1o siguiente. La Convocatoria se crea para premiar a 300 bibliotecas de toda Espa\u00f1a de municipios [&hellip;]<\/p>\n","protected":false},"author":99,"featured_media":0,"comment_status":"closed","ping_status":"closed","sticky":false,"template":"","format":"standard","meta":{"_et_pb_use_builder":"","_et_pb_old_content":"","_et_gb_content_width":"","footnotes":""},"categories":[51,66,406],"tags":[],"class_list":["post-14417","post","type-post","status-publish","format-standard","hentry","category-cultura-fiestas","category-inicio","category-sin-categorizar-2"],"yoast_head":"<!-- This site is optimized with the Yoast SEO plugin v27.4 - https:\/\/yoast.com\/product\/yoast-seo-wordpress\/ -->\n<title>Las bibliotecas aumentan su colecci\u00f3n gracias al Premio Mar\u00eda Moliner - Ajuntament de Santa Pola<\/title>\n<meta name=\"robots\" content=\"index, follow, max-snippet:-1, max-image-preview:large, max-video-preview:-1\" \/>\n<link rel=\"canonical\" href=\"https:\/\/santapola.es\/ca\/las-bibliotecas-aumentan-su-coleccion-gracias-al-premio-maria-moliner\/\" \/>\n<meta property=\"og:locale\" content=\"ca_ES\" \/>\n<meta property=\"og:type\" content=\"article\" \/>\n<meta property=\"og:title\" content=\"Las bibliotecas aumentan su colecci\u00f3n gracias al Premio Mar\u00eda Moliner - Ajuntament de Santa Pola\" \/>\n<meta property=\"og:description\" content=\"Las Bibliotecas Municipales de Santa Pola se presentaron en 2020 a la XX Campa\u00f1a de Animaci\u00f3n Lectora Mar\u00eda Moliner que convoca todos los a\u00f1os el Ministerio de Cultura junto a la Federaci\u00f3n de Municipios y Provincias, haci\u00e9ndose entrega al a\u00f1o siguiente. La Convocatoria se crea para premiar a 300 bibliotecas de toda Espa\u00f1a de municipios [&hellip;]\" \/>\n<meta property=\"og:url\" content=\"https:\/\/santapola.es\/ca\/las-bibliotecas-aumentan-su-coleccion-gracias-al-premio-maria-moliner\/\" \/>\n<meta property=\"og:site_name\" content=\"Ajuntament de Santa Pola\" \/>\n<meta property=\"article:publisher\" content=\"https:\/\/www.facebook.com\/AyuntamientoSantaPola\/\" \/>\n<meta property=\"article:published_time\" content=\"2021-03-30T12:21:48+00:00\" \/>\n<meta property=\"article:modified_time\" content=\"2024-03-07T17:39:33+00:00\" \/>\n<meta property=\"og:image\" content=\"https:\/\/santapola.es\/wp-content\/uploads\/2021\/03\/MariaMoliner_Bibliotecas_SantaPola-1-1024x630.jpg\" \/>\n<meta name=\"author\" content=\"Usuario Gen\u00e9rico Web\" \/>\n<meta name=\"twitter:card\" content=\"summary_large_image\" \/>\n<meta name=\"twitter:creator\" content=\"@SantaPolaAyunt\" \/>\n<meta name=\"twitter:site\" content=\"@SantaPolaAyunt\" \/>\n<script type=\"application\/ld+json\" class=\"yoast-schema-graph\">{\"@context\":\"https:\\\/\\\/schema.org\",\"@graph\":[{\"@type\":\"Article\",\"@id\":\"https:\\\/\\\/santapola.es\\\/ca\\\/las-bibliotecas-aumentan-su-coleccion-gracias-al-premio-maria-moliner\\\/#article\",\"isPartOf\":{\"@id\":\"https:\\\/\\\/santapola.es\\\/ca\\\/las-bibliotecas-aumentan-su-coleccion-gracias-al-premio-maria-moliner\\\/\"},\"author\":{\"name\":\"Usuario Gen\u00e9rico Web\",\"@id\":\"https:\\\/\\\/santapola.es\\\/ca\\\/#\\\/schema\\\/person\\\/5c898695593fabd93215e23620b3a9d1\"},\"headline\":\"Las bibliotecas aumentan su colecci\u00f3n gracias al Premio Mar\u00eda Moliner\",\"datePublished\":\"2021-03-30T12:21:48+00:00\",\"dateModified\":\"2024-03-07T17:39:33+00:00\",\"mainEntityOfPage\":{\"@id\":\"https:\\\/\\\/santapola.es\\\/ca\\\/las-bibliotecas-aumentan-su-coleccion-gracias-al-premio-maria-moliner\\\/\"},\"wordCount\":253,\"image\":{\"@id\":\"https:\\\/\\\/santapola.es\\\/ca\\\/las-bibliotecas-aumentan-su-coleccion-gracias-al-premio-maria-moliner\\\/#primaryimage\"},\"thumbnailUrl\":\"https:\\\/\\\/santapola.es\\\/wp-content\\\/uploads\\\/2021\\\/03\\\/MariaMoliner_Bibliotecas_SantaPola-1-1024x630.jpg\",\"articleSection\":[\"Cultura\\\/ Fiestas\",\"Inicio\",\"Sin categorizar\"],\"inLanguage\":\"ca\"},{\"@type\":\"WebPage\",\"@id\":\"https:\\\/\\\/santapola.es\\\/ca\\\/las-bibliotecas-aumentan-su-coleccion-gracias-al-premio-maria-moliner\\\/\",\"url\":\"https:\\\/\\\/santapola.es\\\/ca\\\/las-bibliotecas-aumentan-su-coleccion-gracias-al-premio-maria-moliner\\\/\",\"name\":\"Las bibliotecas aumentan su colecci\u00f3n gracias al Premio Mar\u00eda Moliner - Ajuntament de Santa Pola\",\"isPartOf\":{\"@id\":\"https:\\\/\\\/santapola.es\\\/ca\\\/#website\"},\"primaryImageOfPage\":{\"@id\":\"https:\\\/\\\/santapola.es\\\/ca\\\/las-bibliotecas-aumentan-su-coleccion-gracias-al-premio-maria-moliner\\\/#primaryimage\"},\"image\":{\"@id\":\"https:\\\/\\\/santapola.es\\\/ca\\\/las-bibliotecas-aumentan-su-coleccion-gracias-al-premio-maria-moliner\\\/#primaryimage\"},\"thumbnailUrl\":\"https:\\\/\\\/santapola.es\\\/wp-content\\\/uploads\\\/2021\\\/03\\\/MariaMoliner_Bibliotecas_SantaPola-1-1024x630.jpg\",\"datePublished\":\"2021-03-30T12:21:48+00:00\",\"dateModified\":\"2024-03-07T17:39:33+00:00\",\"author\":{\"@id\":\"https:\\\/\\\/santapola.es\\\/ca\\\/#\\\/schema\\\/person\\\/5c898695593fabd93215e23620b3a9d1\"},\"breadcrumb\":{\"@id\":\"https:\\\/\\\/santapola.es\\\/ca\\\/las-bibliotecas-aumentan-su-coleccion-gracias-al-premio-maria-moliner\\\/#breadcrumb\"},\"inLanguage\":\"ca\",\"potentialAction\":[{\"@type\":\"ReadAction\",\"target\":[\"https:\\\/\\\/santapola.es\\\/ca\\\/las-bibliotecas-aumentan-su-coleccion-gracias-al-premio-maria-moliner\\\/\"]}]},{\"@type\":\"ImageObject\",\"inLanguage\":\"ca\",\"@id\":\"https:\\\/\\\/santapola.es\\\/ca\\\/las-bibliotecas-aumentan-su-coleccion-gracias-al-premio-maria-moliner\\\/#primaryimage\",\"url\":\"https:\\\/\\\/santapola.es\\\/wp-content\\\/uploads\\\/2021\\\/03\\\/MariaMoliner_Bibliotecas_SantaPola-1-1024x630.jpg\",\"contentUrl\":\"https:\\\/\\\/santapola.es\\\/wp-content\\\/uploads\\\/2021\\\/03\\\/MariaMoliner_Bibliotecas_SantaPola-1-1024x630.jpg\"},{\"@type\":\"BreadcrumbList\",\"@id\":\"https:\\\/\\\/santapola.es\\\/ca\\\/las-bibliotecas-aumentan-su-coleccion-gracias-al-premio-maria-moliner\\\/#breadcrumb\",\"itemListElement\":[{\"@type\":\"ListItem\",\"position\":1,\"name\":\"Inici\",\"item\":\"https:\\\/\\\/santapola.es\\\/ca\\\/\"},{\"@type\":\"ListItem\",\"position\":2,\"name\":\"Las bibliotecas aumentan su colecci\u00f3n gracias al Premio Mar\u00eda Moliner\"}]},{\"@type\":\"WebSite\",\"@id\":\"https:\\\/\\\/santapola.es\\\/ca\\\/#website\",\"url\":\"https:\\\/\\\/santapola.es\\\/ca\\\/\",\"name\":\"Ayuntamiento de Santa Pola\",\"description\":\"Web de l'Ajuntament de Santa Pola\",\"potentialAction\":[{\"@type\":\"SearchAction\",\"target\":{\"@type\":\"EntryPoint\",\"urlTemplate\":\"https:\\\/\\\/santapola.es\\\/ca\\\/?s={search_term_string}\"},\"query-input\":{\"@type\":\"PropertyValueSpecification\",\"valueRequired\":true,\"valueName\":\"search_term_string\"}}],\"inLanguage\":\"ca\"},{\"@type\":\"Person\",\"@id\":\"https:\\\/\\\/santapola.es\\\/ca\\\/#\\\/schema\\\/person\\\/5c898695593fabd93215e23620b3a9d1\",\"name\":\"Usuario Gen\u00e9rico Web\"}]}<\/script>\n<!-- \/ Yoast SEO plugin. -->","yoast_head_json":{"title":"Las bibliotecas aumentan su colecci\u00f3n gracias al Premio Mar\u00eda Moliner - Ajuntament de Santa Pola","robots":{"index":"index","follow":"follow","max-snippet":"max-snippet:-1","max-image-preview":"max-image-preview:large","max-video-preview":"max-video-preview:-1"},"canonical":"https:\/\/santapola.es\/ca\/las-bibliotecas-aumentan-su-coleccion-gracias-al-premio-maria-moliner\/","og_locale":"ca_ES","og_type":"article","og_title":"Las bibliotecas aumentan su colecci\u00f3n gracias al Premio Mar\u00eda Moliner - Ajuntament de Santa Pola","og_description":"Las Bibliotecas Municipales de Santa Pola se presentaron en 2020 a la XX Campa\u00f1a de Animaci\u00f3n Lectora Mar\u00eda Moliner que convoca todos los a\u00f1os el Ministerio de Cultura junto a la Federaci\u00f3n de Municipios y Provincias, haci\u00e9ndose entrega al a\u00f1o siguiente. La Convocatoria se crea para premiar a 300 bibliotecas de toda Espa\u00f1a de municipios [&hellip;]","og_url":"https:\/\/santapola.es\/ca\/las-bibliotecas-aumentan-su-coleccion-gracias-al-premio-maria-moliner\/","og_site_name":"Ajuntament de Santa Pola","article_publisher":"https:\/\/www.facebook.com\/AyuntamientoSantaPola\/","article_published_time":"2021-03-30T12:21:48+00:00","article_modified_time":"2024-03-07T17:39:33+00:00","og_image":[{"url":"https:\/\/santapola.es\/wp-content\/uploads\/2021\/03\/MariaMoliner_Bibliotecas_SantaPola-1-1024x630.jpg","type":"","width":"","height":""}],"author":"Usuario Gen\u00e9rico Web","twitter_card":"summary_large_image","twitter_creator":"@SantaPolaAyunt","twitter_site":"@SantaPolaAyunt","schema":{"@context":"https:\/\/schema.org","@graph":[{"@type":"Article","@id":"https:\/\/santapola.es\/ca\/las-bibliotecas-aumentan-su-coleccion-gracias-al-premio-maria-moliner\/#article","isPartOf":{"@id":"https:\/\/santapola.es\/ca\/las-bibliotecas-aumentan-su-coleccion-gracias-al-premio-maria-moliner\/"},"author":{"name":"Usuario Gen\u00e9rico Web","@id":"https:\/\/santapola.es\/ca\/#\/schema\/person\/5c898695593fabd93215e23620b3a9d1"},"headline":"Las bibliotecas aumentan su colecci\u00f3n gracias al Premio Mar\u00eda Moliner","datePublished":"2021-03-30T12:21:48+00:00","dateModified":"2024-03-07T17:39:33+00:00","mainEntityOfPage":{"@id":"https:\/\/santapola.es\/ca\/las-bibliotecas-aumentan-su-coleccion-gracias-al-premio-maria-moliner\/"},"wordCount":253,"image":{"@id":"https:\/\/santapola.es\/ca\/las-bibliotecas-aumentan-su-coleccion-gracias-al-premio-maria-moliner\/#primaryimage"},"thumbnailUrl":"https:\/\/santapola.es\/wp-content\/uploads\/2021\/03\/MariaMoliner_Bibliotecas_SantaPola-1-1024x630.jpg","articleSection":["Cultura\/ Fiestas","Inicio","Sin categorizar"],"inLanguage":"ca"},{"@type":"WebPage","@id":"https:\/\/santapola.es\/ca\/las-bibliotecas-aumentan-su-coleccion-gracias-al-premio-maria-moliner\/","url":"https:\/\/santapola.es\/ca\/las-bibliotecas-aumentan-su-coleccion-gracias-al-premio-maria-moliner\/","name":"Las bibliotecas aumentan su colecci\u00f3n gracias al Premio Mar\u00eda Moliner - Ajuntament de Santa Pola","isPartOf":{"@id":"https:\/\/santapola.es\/ca\/#website"},"primaryImageOfPage":{"@id":"https:\/\/santapola.es\/ca\/las-bibliotecas-aumentan-su-coleccion-gracias-al-premio-maria-moliner\/#primaryimage"},"image":{"@id":"https:\/\/santapola.es\/ca\/las-bibliotecas-aumentan-su-coleccion-gracias-al-premio-maria-moliner\/#primaryimage"},"thumbnailUrl":"https:\/\/santapola.es\/wp-content\/uploads\/2021\/03\/MariaMoliner_Bibliotecas_SantaPola-1-1024x630.jpg","datePublished":"2021-03-30T12:21:48+00:00","dateModified":"2024-03-07T17:39:33+00:00","author":{"@id":"https:\/\/santapola.es\/ca\/#\/schema\/person\/5c898695593fabd93215e23620b3a9d1"},"breadcrumb":{"@id":"https:\/\/santapola.es\/ca\/las-bibliotecas-aumentan-su-coleccion-gracias-al-premio-maria-moliner\/#breadcrumb"},"inLanguage":"ca","potentialAction":[{"@type":"ReadAction","target":["https:\/\/santapola.es\/ca\/las-bibliotecas-aumentan-su-coleccion-gracias-al-premio-maria-moliner\/"]}]},{"@type":"ImageObject","inLanguage":"ca","@id":"https:\/\/santapola.es\/ca\/las-bibliotecas-aumentan-su-coleccion-gracias-al-premio-maria-moliner\/#primaryimage","url":"https:\/\/santapola.es\/wp-content\/uploads\/2021\/03\/MariaMoliner_Bibliotecas_SantaPola-1-1024x630.jpg","contentUrl":"https:\/\/santapola.es\/wp-content\/uploads\/2021\/03\/MariaMoliner_Bibliotecas_SantaPola-1-1024x630.jpg"},{"@type":"BreadcrumbList","@id":"https:\/\/santapola.es\/ca\/las-bibliotecas-aumentan-su-coleccion-gracias-al-premio-maria-moliner\/#breadcrumb","itemListElement":[{"@type":"ListItem","position":1,"name":"Inici","item":"https:\/\/santapola.es\/ca\/"},{"@type":"ListItem","position":2,"name":"Las bibliotecas aumentan su colecci\u00f3n gracias al Premio Mar\u00eda Moliner"}]},{"@type":"WebSite","@id":"https:\/\/santapola.es\/ca\/#website","url":"https:\/\/santapola.es\/ca\/","name":"Ayuntamiento de Santa Pola","description":"Web de l'Ajuntament de Santa Pola","potentialAction":[{"@type":"SearchAction","target":{"@type":"EntryPoint","urlTemplate":"https:\/\/santapola.es\/ca\/?s={search_term_string}"},"query-input":{"@type":"PropertyValueSpecification","valueRequired":true,"valueName":"search_term_string"}}],"inLanguage":"ca"},{"@type":"Person","@id":"https:\/\/santapola.es\/ca\/#\/schema\/person\/5c898695593fabd93215e23620b3a9d1","name":"Usuario Gen\u00e9rico Web"}]}},"_links":{"self":[{"href":"https:\/\/santapola.es\/ca\/wp-json\/wp\/v2\/posts\/14417","targetHints":{"allow":["GET"]}}],"collection":[{"href":"https:\/\/santapola.es\/ca\/wp-json\/wp\/v2\/posts"}],"about":[{"href":"https:\/\/santapola.es\/ca\/wp-json\/wp\/v2\/types\/post"}],"author":[{"embeddable":true,"href":"https:\/\/santapola.es\/ca\/wp-json\/wp\/v2\/users\/99"}],"replies":[{"embeddable":true,"href":"https:\/\/santapola.es\/ca\/wp-json\/wp\/v2\/comments?post=14417"}],"version-history":[{"count":0,"href":"https:\/\/santapola.es\/ca\/wp-json\/wp\/v2\/posts\/14417\/revisions"}],"wp:attachment":[{"href":"https:\/\/santapola.es\/ca\/wp-json\/wp\/v2\/media?parent=14417"}],"wp:term":[{"taxonomy":"category","embeddable":true,"href":"https:\/\/santapola.es\/ca\/wp-json\/wp\/v2\/categories?post=14417"},{"taxonomy":"post_tag","embeddable":true,"href":"https:\/\/santapola.es\/ca\/wp-json\/wp\/v2\/tags?post=14417"}],"curies":[{"name":"wp","href":"https:\/\/api.w.org\/{rel}","templated":true}]}}