{"id":14331,"date":"2021-03-22T14:53:14","date_gmt":"2021-03-22T13:53:14","guid":{"rendered":"https:\/\/www.santapola.es\/?p=14331"},"modified":"2024-03-07T18:39:29","modified_gmt":"2024-03-07T17:39:29","slug":"el-ayuntamiento-se-beneficiara-de-la-ayuda-de-la-diputacion-de-alicante-para-los-residentes-internacionales","status":"publish","type":"post","link":"https:\/\/santapola.es\/ca\/el-ayuntamiento-se-beneficiara-de-la-ayuda-de-la-diputacion-de-alicante-para-los-residentes-internacionales\/","title":{"rendered":"El Ayuntamiento se beneficiar\u00e1 de la ayuda de la Diputaci\u00f3n de Alicante para los residentes internacionales"},"content":{"rendered":"<p style=\"text-align: justify;\">El Ayuntamiento de Santa Pola ha presentado la documentaci\u00f3n necesaria para optar a la ayuda que la Diputaci\u00f3n de Alicante ha puesto a disposici\u00f3n de ayuntamientos y mancomunidades para el desarrollo de proyectos, programas y actividades en materia de residentes internacionales con una partida de 215.000 \u20ac que se repartir\u00e1n entre ayuntamientos y entidades.<\/p>\n<p style=\"text-align: justify;\">Esta ma\u00f1ana se han reunido en el consistorio, la alcaldesa de Santa Pola, Loreto Serrano y el diputado provincial de Residentes Europeos, Juan de Dios Navarro para conocer el estado actual de la poblaci\u00f3n extranjera en el municipio.<\/p>\n<p style=\"text-align: justify;\">Seg\u00fan los \u00faltimos datos que recoge el Instituto Nacional de Estad\u00edstica, en Santa Pola el 17,05% de la poblaci\u00f3n es extranjera, este porcentaje se traduce en 5.511 personas censadas. Esta ayuda est\u00e1 destinada a la elaboraci\u00f3n de planes de integraci\u00f3n y al fomento de la participaci\u00f3n de este colectivo en el municipio, el desarrollo de servicio de atenci\u00f3n y asesoramiento o la puesta en marcha de campa\u00f1as de sensibilizaci\u00f3n e igualdad.<\/p>\n<p style=\"text-align: justify;\">Loreto Serrano, ha destacado que \u201ces de vital importancia que estos colectivos est\u00e9n empadronados en Santa Pola, para poder optar a una demanda mayor de los servicios para el municipio.\u201d<\/p>\n<p style=\"text-align: justify;\">Adem\u00e1s, a trav\u00e9s de estas ayudas, la Diputaci\u00f3n colaborar\u00e1 con el municipio en la ejecuci\u00f3n de campa\u00f1as de empadronamiento y cursos de aprendizaje de castellano o valenciano.<\/p>\n<p style=\"text-align: justify;\">\u201cPara aquellos ciudadanos de otros pa\u00edses que eligen nuestra provincia para residir es importante conocer el idioma y las cuestiones legales, jur\u00eddicas o laborales que les ata\u00f1en con la finalidad de conseguir su plena integraci\u00f3n\u201d, ha se\u00f1alado el diputado, quien ha a\u00f1adido que \u201ceste tipo de programas persiguen, precisamente, este objetivo\u201d.<\/p>\n<p><img loading=\"lazy\" decoding=\"async\" class=\"aligncenter wp-image-14333 size-large\" src=\"https:\/\/santapola.es\/wp-content\/uploads\/2021\/03\/Alcaldesa_DiputadoJuandeDios_22marzo-1-1024x678.jpeg\" alt=\"\" width=\"1024\" height=\"678\" srcset=\"https:\/\/santapola.es\/wp-content\/uploads\/2021\/03\/Alcaldesa_DiputadoJuandeDios_22marzo-1-1024x678.jpeg 1024w, https:\/\/santapola.es\/wp-content\/uploads\/2021\/03\/Alcaldesa_DiputadoJuandeDios_22marzo-1-300x199.jpeg 300w, https:\/\/santapola.es\/wp-content\/uploads\/2021\/03\/Alcaldesa_DiputadoJuandeDios_22marzo-1-768x509.jpeg 768w, https:\/\/santapola.es\/wp-content\/uploads\/2021\/03\/Alcaldesa_DiputadoJuandeDios_22marzo-1-1536x1017.jpeg 1536w, https:\/\/santapola.es\/wp-content\/uploads\/2021\/03\/Alcaldesa_DiputadoJuandeDios_22marzo-1-2048x1356.jpeg 2048w, https:\/\/santapola.es\/wp-content\/uploads\/2021\/03\/Alcaldesa_DiputadoJuandeDios_22marzo-1-1080x715.jpeg 1080w, https:\/\/santapola.es\/wp-content\/uploads\/2021\/03\/Alcaldesa_DiputadoJuandeDios_22marzo-1-610x404.jpeg 610w\" sizes=\"(max-width: 1024px) 100vw, 1024px\" \/><\/p>\n","protected":false},"excerpt":{"rendered":"<p>El Ayuntamiento de Santa Pola ha presentado la documentaci\u00f3n necesaria para optar a la ayuda que la Diputaci\u00f3n de Alicante ha puesto a disposici\u00f3n de ayuntamientos y mancomunidades para el desarrollo de proyectos, programas y actividades en materia de residentes internacionales con una partida de 215.000 \u20ac que se repartir\u00e1n entre ayuntamientos y entidades. Esta [&hellip;]<\/p>\n","protected":false},"author":99,"featured_media":0,"comment_status":"closed","ping_status":"closed","sticky":false,"template":"","format":"standard","meta":{"_et_pb_use_builder":"","_et_pb_old_content":"","_et_gb_content_width":"","footnotes":""},"categories":[61,66,406],"tags":[],"class_list":["post-14331","post","type-post","status-publish","format-standard","hentry","category-alcaldia","category-inicio","category-sin-categorizar-2"],"yoast_head":"<!-- This site is optimized with the Yoast SEO plugin v27.4 - https:\/\/yoast.com\/product\/yoast-seo-wordpress\/ -->\n<title>El Ayuntamiento se beneficiar\u00e1 de la ayuda de la Diputaci\u00f3n de Alicante para los residentes internacionales - Ajuntament de Santa Pola<\/title>\n<meta name=\"robots\" content=\"index, follow, max-snippet:-1, max-image-preview:large, max-video-preview:-1\" \/>\n<link rel=\"canonical\" href=\"https:\/\/santapola.es\/ca\/el-ayuntamiento-se-beneficiara-de-la-ayuda-de-la-diputacion-de-alicante-para-los-residentes-internacionales\/\" \/>\n<meta property=\"og:locale\" content=\"ca_ES\" \/>\n<meta property=\"og:type\" content=\"article\" \/>\n<meta property=\"og:title\" content=\"El Ayuntamiento se beneficiar\u00e1 de la ayuda de la Diputaci\u00f3n de Alicante para los residentes internacionales - Ajuntament de Santa Pola\" \/>\n<meta property=\"og:description\" content=\"El Ayuntamiento de Santa Pola ha presentado la documentaci\u00f3n necesaria para optar a la ayuda que la Diputaci\u00f3n de Alicante ha puesto a disposici\u00f3n de ayuntamientos y mancomunidades para el desarrollo de proyectos, programas y actividades en materia de residentes internacionales con una partida de 215.000 \u20ac que se repartir\u00e1n entre ayuntamientos y entidades. Esta [&hellip;]\" \/>\n<meta property=\"og:url\" content=\"https:\/\/santapola.es\/ca\/el-ayuntamiento-se-beneficiara-de-la-ayuda-de-la-diputacion-de-alicante-para-los-residentes-internacionales\/\" \/>\n<meta property=\"og:site_name\" content=\"Ajuntament de Santa Pola\" \/>\n<meta property=\"article:publisher\" content=\"https:\/\/www.facebook.com\/AyuntamientoSantaPola\/\" \/>\n<meta property=\"article:published_time\" content=\"2021-03-22T13:53:14+00:00\" \/>\n<meta property=\"article:modified_time\" content=\"2024-03-07T17:39:29+00:00\" \/>\n<meta property=\"og:image\" content=\"https:\/\/santapola.es\/wp-content\/uploads\/2021\/03\/Alcaldesa_DiputadoJuandeDios_22marzo-1-1024x678.jpeg\" \/>\n<meta name=\"author\" content=\"Usuario Gen\u00e9rico Web\" \/>\n<meta name=\"twitter:card\" content=\"summary_large_image\" \/>\n<meta name=\"twitter:creator\" content=\"@SantaPolaAyunt\" \/>\n<meta name=\"twitter:site\" content=\"@SantaPolaAyunt\" \/>\n<script type=\"application\/ld+json\" class=\"yoast-schema-graph\">{\"@context\":\"https:\\\/\\\/schema.org\",\"@graph\":[{\"@type\":\"Article\",\"@id\":\"https:\\\/\\\/santapola.es\\\/ca\\\/el-ayuntamiento-se-beneficiara-de-la-ayuda-de-la-diputacion-de-alicante-para-los-residentes-internacionales\\\/#article\",\"isPartOf\":{\"@id\":\"https:\\\/\\\/santapola.es\\\/ca\\\/el-ayuntamiento-se-beneficiara-de-la-ayuda-de-la-diputacion-de-alicante-para-los-residentes-internacionales\\\/\"},\"author\":{\"name\":\"Usuario Gen\u00e9rico Web\",\"@id\":\"https:\\\/\\\/santapola.es\\\/ca\\\/#\\\/schema\\\/person\\\/5c898695593fabd93215e23620b3a9d1\"},\"headline\":\"El Ayuntamiento se beneficiar\u00e1 de la ayuda de la Diputaci\u00f3n de Alicante para los residentes internacionales\",\"datePublished\":\"2021-03-22T13:53:14+00:00\",\"dateModified\":\"2024-03-07T17:39:29+00:00\",\"mainEntityOfPage\":{\"@id\":\"https:\\\/\\\/santapola.es\\\/ca\\\/el-ayuntamiento-se-beneficiara-de-la-ayuda-de-la-diputacion-de-alicante-para-los-residentes-internacionales\\\/\"},\"wordCount\":311,\"image\":{\"@id\":\"https:\\\/\\\/santapola.es\\\/ca\\\/el-ayuntamiento-se-beneficiara-de-la-ayuda-de-la-diputacion-de-alicante-para-los-residentes-internacionales\\\/#primaryimage\"},\"thumbnailUrl\":\"https:\\\/\\\/santapola.es\\\/wp-content\\\/uploads\\\/2021\\\/03\\\/Alcaldesa_DiputadoJuandeDios_22marzo-1-1024x678.jpeg\",\"articleSection\":[\"Alcald\u00eda\",\"Inicio\",\"Sin categorizar\"],\"inLanguage\":\"ca\"},{\"@type\":\"WebPage\",\"@id\":\"https:\\\/\\\/santapola.es\\\/ca\\\/el-ayuntamiento-se-beneficiara-de-la-ayuda-de-la-diputacion-de-alicante-para-los-residentes-internacionales\\\/\",\"url\":\"https:\\\/\\\/santapola.es\\\/ca\\\/el-ayuntamiento-se-beneficiara-de-la-ayuda-de-la-diputacion-de-alicante-para-los-residentes-internacionales\\\/\",\"name\":\"El Ayuntamiento se beneficiar\u00e1 de la ayuda de la Diputaci\u00f3n de Alicante para los residentes internacionales - Ajuntament de Santa Pola\",\"isPartOf\":{\"@id\":\"https:\\\/\\\/santapola.es\\\/ca\\\/#website\"},\"primaryImageOfPage\":{\"@id\":\"https:\\\/\\\/santapola.es\\\/ca\\\/el-ayuntamiento-se-beneficiara-de-la-ayuda-de-la-diputacion-de-alicante-para-los-residentes-internacionales\\\/#primaryimage\"},\"image\":{\"@id\":\"https:\\\/\\\/santapola.es\\\/ca\\\/el-ayuntamiento-se-beneficiara-de-la-ayuda-de-la-diputacion-de-alicante-para-los-residentes-internacionales\\\/#primaryimage\"},\"thumbnailUrl\":\"https:\\\/\\\/santapola.es\\\/wp-content\\\/uploads\\\/2021\\\/03\\\/Alcaldesa_DiputadoJuandeDios_22marzo-1-1024x678.jpeg\",\"datePublished\":\"2021-03-22T13:53:14+00:00\",\"dateModified\":\"2024-03-07T17:39:29+00:00\",\"author\":{\"@id\":\"https:\\\/\\\/santapola.es\\\/ca\\\/#\\\/schema\\\/person\\\/5c898695593fabd93215e23620b3a9d1\"},\"breadcrumb\":{\"@id\":\"https:\\\/\\\/santapola.es\\\/ca\\\/el-ayuntamiento-se-beneficiara-de-la-ayuda-de-la-diputacion-de-alicante-para-los-residentes-internacionales\\\/#breadcrumb\"},\"inLanguage\":\"ca\",\"potentialAction\":[{\"@type\":\"ReadAction\",\"target\":[\"https:\\\/\\\/santapola.es\\\/ca\\\/el-ayuntamiento-se-beneficiara-de-la-ayuda-de-la-diputacion-de-alicante-para-los-residentes-internacionales\\\/\"]}]},{\"@type\":\"ImageObject\",\"inLanguage\":\"ca\",\"@id\":\"https:\\\/\\\/santapola.es\\\/ca\\\/el-ayuntamiento-se-beneficiara-de-la-ayuda-de-la-diputacion-de-alicante-para-los-residentes-internacionales\\\/#primaryimage\",\"url\":\"https:\\\/\\\/santapola.es\\\/wp-content\\\/uploads\\\/2021\\\/03\\\/Alcaldesa_DiputadoJuandeDios_22marzo-1-1024x678.jpeg\",\"contentUrl\":\"https:\\\/\\\/santapola.es\\\/wp-content\\\/uploads\\\/2021\\\/03\\\/Alcaldesa_DiputadoJuandeDios_22marzo-1-1024x678.jpeg\"},{\"@type\":\"BreadcrumbList\",\"@id\":\"https:\\\/\\\/santapola.es\\\/ca\\\/el-ayuntamiento-se-beneficiara-de-la-ayuda-de-la-diputacion-de-alicante-para-los-residentes-internacionales\\\/#breadcrumb\",\"itemListElement\":[{\"@type\":\"ListItem\",\"position\":1,\"name\":\"Inici\",\"item\":\"https:\\\/\\\/santapola.es\\\/ca\\\/\"},{\"@type\":\"ListItem\",\"position\":2,\"name\":\"El Ayuntamiento se beneficiar\u00e1 de la ayuda de la Diputaci\u00f3n de Alicante para los residentes internacionales\"}]},{\"@type\":\"WebSite\",\"@id\":\"https:\\\/\\\/santapola.es\\\/ca\\\/#website\",\"url\":\"https:\\\/\\\/santapola.es\\\/ca\\\/\",\"name\":\"Ayuntamiento de Santa Pola\",\"description\":\"Web de l'Ajuntament de Santa Pola\",\"potentialAction\":[{\"@type\":\"SearchAction\",\"target\":{\"@type\":\"EntryPoint\",\"urlTemplate\":\"https:\\\/\\\/santapola.es\\\/ca\\\/?s={search_term_string}\"},\"query-input\":{\"@type\":\"PropertyValueSpecification\",\"valueRequired\":true,\"valueName\":\"search_term_string\"}}],\"inLanguage\":\"ca\"},{\"@type\":\"Person\",\"@id\":\"https:\\\/\\\/santapola.es\\\/ca\\\/#\\\/schema\\\/person\\\/5c898695593fabd93215e23620b3a9d1\",\"name\":\"Usuario Gen\u00e9rico Web\"}]}<\/script>\n<!-- \/ Yoast SEO plugin. -->","yoast_head_json":{"title":"El Ayuntamiento se beneficiar\u00e1 de la ayuda de la Diputaci\u00f3n de Alicante para los residentes internacionales - Ajuntament de Santa Pola","robots":{"index":"index","follow":"follow","max-snippet":"max-snippet:-1","max-image-preview":"max-image-preview:large","max-video-preview":"max-video-preview:-1"},"canonical":"https:\/\/santapola.es\/ca\/el-ayuntamiento-se-beneficiara-de-la-ayuda-de-la-diputacion-de-alicante-para-los-residentes-internacionales\/","og_locale":"ca_ES","og_type":"article","og_title":"El Ayuntamiento se beneficiar\u00e1 de la ayuda de la Diputaci\u00f3n de Alicante para los residentes internacionales - Ajuntament de Santa Pola","og_description":"El Ayuntamiento de Santa Pola ha presentado la documentaci\u00f3n necesaria para optar a la ayuda que la Diputaci\u00f3n de Alicante ha puesto a disposici\u00f3n de ayuntamientos y mancomunidades para el desarrollo de proyectos, programas y actividades en materia de residentes internacionales con una partida de 215.000 \u20ac que se repartir\u00e1n entre ayuntamientos y entidades. Esta [&hellip;]","og_url":"https:\/\/santapola.es\/ca\/el-ayuntamiento-se-beneficiara-de-la-ayuda-de-la-diputacion-de-alicante-para-los-residentes-internacionales\/","og_site_name":"Ajuntament de Santa Pola","article_publisher":"https:\/\/www.facebook.com\/AyuntamientoSantaPola\/","article_published_time":"2021-03-22T13:53:14+00:00","article_modified_time":"2024-03-07T17:39:29+00:00","og_image":[{"url":"https:\/\/santapola.es\/wp-content\/uploads\/2021\/03\/Alcaldesa_DiputadoJuandeDios_22marzo-1-1024x678.jpeg","type":"","width":"","height":""}],"author":"Usuario Gen\u00e9rico Web","twitter_card":"summary_large_image","twitter_creator":"@SantaPolaAyunt","twitter_site":"@SantaPolaAyunt","schema":{"@context":"https:\/\/schema.org","@graph":[{"@type":"Article","@id":"https:\/\/santapola.es\/ca\/el-ayuntamiento-se-beneficiara-de-la-ayuda-de-la-diputacion-de-alicante-para-los-residentes-internacionales\/#article","isPartOf":{"@id":"https:\/\/santapola.es\/ca\/el-ayuntamiento-se-beneficiara-de-la-ayuda-de-la-diputacion-de-alicante-para-los-residentes-internacionales\/"},"author":{"name":"Usuario Gen\u00e9rico Web","@id":"https:\/\/santapola.es\/ca\/#\/schema\/person\/5c898695593fabd93215e23620b3a9d1"},"headline":"El Ayuntamiento se beneficiar\u00e1 de la ayuda de la Diputaci\u00f3n de Alicante para los residentes internacionales","datePublished":"2021-03-22T13:53:14+00:00","dateModified":"2024-03-07T17:39:29+00:00","mainEntityOfPage":{"@id":"https:\/\/santapola.es\/ca\/el-ayuntamiento-se-beneficiara-de-la-ayuda-de-la-diputacion-de-alicante-para-los-residentes-internacionales\/"},"wordCount":311,"image":{"@id":"https:\/\/santapola.es\/ca\/el-ayuntamiento-se-beneficiara-de-la-ayuda-de-la-diputacion-de-alicante-para-los-residentes-internacionales\/#primaryimage"},"thumbnailUrl":"https:\/\/santapola.es\/wp-content\/uploads\/2021\/03\/Alcaldesa_DiputadoJuandeDios_22marzo-1-1024x678.jpeg","articleSection":["Alcald\u00eda","Inicio","Sin categorizar"],"inLanguage":"ca"},{"@type":"WebPage","@id":"https:\/\/santapola.es\/ca\/el-ayuntamiento-se-beneficiara-de-la-ayuda-de-la-diputacion-de-alicante-para-los-residentes-internacionales\/","url":"https:\/\/santapola.es\/ca\/el-ayuntamiento-se-beneficiara-de-la-ayuda-de-la-diputacion-de-alicante-para-los-residentes-internacionales\/","name":"El Ayuntamiento se beneficiar\u00e1 de la ayuda de la Diputaci\u00f3n de Alicante para los residentes internacionales - Ajuntament de Santa Pola","isPartOf":{"@id":"https:\/\/santapola.es\/ca\/#website"},"primaryImageOfPage":{"@id":"https:\/\/santapola.es\/ca\/el-ayuntamiento-se-beneficiara-de-la-ayuda-de-la-diputacion-de-alicante-para-los-residentes-internacionales\/#primaryimage"},"image":{"@id":"https:\/\/santapola.es\/ca\/el-ayuntamiento-se-beneficiara-de-la-ayuda-de-la-diputacion-de-alicante-para-los-residentes-internacionales\/#primaryimage"},"thumbnailUrl":"https:\/\/santapola.es\/wp-content\/uploads\/2021\/03\/Alcaldesa_DiputadoJuandeDios_22marzo-1-1024x678.jpeg","datePublished":"2021-03-22T13:53:14+00:00","dateModified":"2024-03-07T17:39:29+00:00","author":{"@id":"https:\/\/santapola.es\/ca\/#\/schema\/person\/5c898695593fabd93215e23620b3a9d1"},"breadcrumb":{"@id":"https:\/\/santapola.es\/ca\/el-ayuntamiento-se-beneficiara-de-la-ayuda-de-la-diputacion-de-alicante-para-los-residentes-internacionales\/#breadcrumb"},"inLanguage":"ca","potentialAction":[{"@type":"ReadAction","target":["https:\/\/santapola.es\/ca\/el-ayuntamiento-se-beneficiara-de-la-ayuda-de-la-diputacion-de-alicante-para-los-residentes-internacionales\/"]}]},{"@type":"ImageObject","inLanguage":"ca","@id":"https:\/\/santapola.es\/ca\/el-ayuntamiento-se-beneficiara-de-la-ayuda-de-la-diputacion-de-alicante-para-los-residentes-internacionales\/#primaryimage","url":"https:\/\/santapola.es\/wp-content\/uploads\/2021\/03\/Alcaldesa_DiputadoJuandeDios_22marzo-1-1024x678.jpeg","contentUrl":"https:\/\/santapola.es\/wp-content\/uploads\/2021\/03\/Alcaldesa_DiputadoJuandeDios_22marzo-1-1024x678.jpeg"},{"@type":"BreadcrumbList","@id":"https:\/\/santapola.es\/ca\/el-ayuntamiento-se-beneficiara-de-la-ayuda-de-la-diputacion-de-alicante-para-los-residentes-internacionales\/#breadcrumb","itemListElement":[{"@type":"ListItem","position":1,"name":"Inici","item":"https:\/\/santapola.es\/ca\/"},{"@type":"ListItem","position":2,"name":"El Ayuntamiento se beneficiar\u00e1 de la ayuda de la Diputaci\u00f3n de Alicante para los residentes internacionales"}]},{"@type":"WebSite","@id":"https:\/\/santapola.es\/ca\/#website","url":"https:\/\/santapola.es\/ca\/","name":"Ayuntamiento de Santa Pola","description":"Web de l'Ajuntament de Santa Pola","potentialAction":[{"@type":"SearchAction","target":{"@type":"EntryPoint","urlTemplate":"https:\/\/santapola.es\/ca\/?s={search_term_string}"},"query-input":{"@type":"PropertyValueSpecification","valueRequired":true,"valueName":"search_term_string"}}],"inLanguage":"ca"},{"@type":"Person","@id":"https:\/\/santapola.es\/ca\/#\/schema\/person\/5c898695593fabd93215e23620b3a9d1","name":"Usuario Gen\u00e9rico Web"}]}},"_links":{"self":[{"href":"https:\/\/santapola.es\/ca\/wp-json\/wp\/v2\/posts\/14331","targetHints":{"allow":["GET"]}}],"collection":[{"href":"https:\/\/santapola.es\/ca\/wp-json\/wp\/v2\/posts"}],"about":[{"href":"https:\/\/santapola.es\/ca\/wp-json\/wp\/v2\/types\/post"}],"author":[{"embeddable":true,"href":"https:\/\/santapola.es\/ca\/wp-json\/wp\/v2\/users\/99"}],"replies":[{"embeddable":true,"href":"https:\/\/santapola.es\/ca\/wp-json\/wp\/v2\/comments?post=14331"}],"version-history":[{"count":0,"href":"https:\/\/santapola.es\/ca\/wp-json\/wp\/v2\/posts\/14331\/revisions"}],"wp:attachment":[{"href":"https:\/\/santapola.es\/ca\/wp-json\/wp\/v2\/media?parent=14331"}],"wp:term":[{"taxonomy":"category","embeddable":true,"href":"https:\/\/santapola.es\/ca\/wp-json\/wp\/v2\/categories?post=14331"},{"taxonomy":"post_tag","embeddable":true,"href":"https:\/\/santapola.es\/ca\/wp-json\/wp\/v2\/tags?post=14331"}],"curies":[{"name":"wp","href":"https:\/\/api.w.org\/{rel}","templated":true}]}}