{"id":14298,"date":"2021-03-16T17:30:37","date_gmt":"2021-03-16T16:30:37","guid":{"rendered":"https:\/\/www.santapola.es\/?p=14298"},"modified":"2024-03-07T18:39:28","modified_gmt":"2024-03-07T17:39:28","slug":"el-ayuntamiento-decreta-la-reapertura-de-instalaciones-municipales","status":"publish","type":"post","link":"https:\/\/santapola.es\/ca\/el-ayuntamiento-decreta-la-reapertura-de-instalaciones-municipales\/","title":{"rendered":"El Ayuntamiento decreta la reapertura de instalaciones municipales"},"content":{"rendered":"<p style=\"text-align: justify;\">Teniendo en cuenta el DECRETO 8\/2021, de 11 de marzo, del president de la Generalitat, por el que se determinan las medidas de limitaci\u00f3n de la permanencia de grupos de personas en espacios p\u00fablicos y privados y de limitaci\u00f3n de la movilidad, para el periodo comprendido entre el 15 de marzo y el 12 de abril de 2021.<\/p>\n<p style=\"text-align: justify;\">El 12 de marzo se public\u00f3 en el <a href=\"http:\/\/www.dogv.gva.es\/datos\/2021\/03\/12\/pdf\/2021_2675.pdf\" target=\"_blank\" rel=\"noopener\">DOGV el decreto 8\/2021<\/a> de 11 de marzo de la Presidencia de la Generalitat por el que se determinan las medidas de limitaci\u00f3n de la permanencia de grupos de personas en espacios p\u00fablicos y privados y de limitaci\u00f3n de la movilidad, para el periodo comprendido entre el 15 de marzo y el 12 de abril de 2021.<\/p>\n<p style=\"text-align: justify;\">En dicha Resoluci\u00f3n se resuelve acordar determinadas medidas, con car\u00e1cter transitorio que ser\u00e1n de aplicaci\u00f3n en todos los municipios de la Comunitat Valenciana.<\/p>\n<p style=\"text-align: justify;\">Vista la Resolucio\u0301n citada el Ayuntamiento de Santa Pola ha decretado:<\/p>\n<p style=\"text-align: justify;\"><strong>Deporte y actividad f\u00edsica<\/strong>: <a href=\"https:\/\/santapola.es\/2021\/03\/15\/comunicado-de-la-concejalia-de-deportes-2\/\" target=\"_blank\" rel=\"noopener\">consulta aqu\u00ed toda la informaci\u00f3n.<\/a><\/p>\n<p style=\"text-align: justify;\"><strong>Centro de la Tercera Edad de &#8220;La Senia&#8221;:<\/strong><br \/>\nSe abre con horario de 8 a 15 y 15 a 22h.<br \/>\n\u2022 Excepto la actividad del baile para personas mayores, rodar\u00e1n el resto de actividades, (ajedrez, patchwork, Alzheimer&#8230; y reuniones de trabajo de otras entidades que all\u00ed tienen espacio concedido)<br \/>\n\u2022 El aforo de las salas se mantiene al 30%<br \/>\n\u2022 Distancia m\u00ednima entre personas de 1,5 metros<br \/>\n\u2022 Obligaci\u00f3n uso mascarilla<br \/>\n\u2022 Lavado de manos con gel<br \/>\n\u2022 Todas las entidades est\u00e1n OBLIGADAS a remitir a final de la actividad el registro de los socios que han pasado por all\u00ed, con el tlf , la edad y el nombre.<\/p>\n<p style=\"text-align: justify;\"><strong>Centro C\u00edvico:<\/strong><br \/>\nSe reanudan sus actividades en los siguientes Servicios y Departamentos, seg\u00fan el siguiente apartado:<br \/>\nSe reanudan las actividades de ocio educativo con un aforo del 30% y en grupos de hasta 10 personas<br \/>\nEn base a este apartado, se procede a la apertura de todas las actividades del Centro C\u00edvico y Social con las limitaciones pertinentes:<br \/>\n\u2022 Las dos Escuelas de M\u00fasica<br \/>\n\u2022 Ensayos<br \/>\n\u2022 Reuniones, asambleas o talleres<br \/>\n\u2022 Rac\u00f3 Jove<br \/>\n\u2022 E.P.A.<br \/>\n\u2022 Departamento de Logopedia<br \/>\n\u2022 Asociacionismo<br \/>\n\u2022 Biblioteca Infantil<br \/>\n\u2022 Ensayos de Bandas por cuerdas<\/p>\n<p style=\"text-align: justify;\"><strong>Casa de Cultura:\u00a0<\/strong><br \/>\nHorarios de atenci\u00f3n presencial a los usuarios Casa Cultura y Actividades Culturales:<br \/>\nLunes a viernes<br \/>\nMa\u00f1anas: 9.30h a 13.30h<br \/>\nTardes: 17.00h a 21.00h<br \/>\nS\u00e1bados (del 10 de abril al 26 de junio)<br \/>\nMa\u00f1anas: 9.30h a 13.30h<br \/>\nCon control de acceso, registro, toma de temperatura, y gel hidroalcoh\u00f3lico.<\/p>\n<p style=\"text-align: justify;\"><em>MEDIDAS DE SEGURIDAD EN LAS ACTIVIDADES CULTURALES<\/em><br \/>\n<em>CURSOS Y TALLERES<\/em><br \/>\nLas medidas de seguridad sobre acceso, circulaci\u00f3n, desinfecci\u00f3n, ventilaci\u00f3n, trazabilidad y aforos se establecieron en el Protocolo de Actuaci\u00f3n frente al COVID-19 para los cursos y talleres de la Casa de Cultura, aprobado en la Junta de Gobierno Local en sesi\u00f3n ordinaria de 30 de septiembre de 2020.<br \/>\nEn las aulas y talleres se mantienen aforos por debajo del 30% y con m\u00e1ximo 10 alumnos, manteniendo las distancias de seguridad, acorde a las medidas referidas en el DOGV n.\u00ba 9040 de fecha 12.03.2021.<br \/>\nSAL\u00d3N DE ACTOS<br \/>\nLas medidas de prevenci\u00f3n y protecci\u00f3n para la programaci\u00f3n de actividades y eventos culturales en el Sal\u00f3n de Actos se establecieron en el PLAN DE CONTINGENCIA Y CONTINUIDAD DE LAS ACTIVIDADES EN LA TRANSICI\u00d3N HACIA UNA NUEVA NORMALIDAD EN LA CASA DE CULTURA DE SANTA POLA aprobado en la Junta de Gobierno Local en sesi\u00f3n ordinaria de 30 de septiembre de 2020.<br \/>\nSala de Exposiciones: 10 personas, acordes con la disposici\u00f3n de DOGV n.\u00ba 9040 de fecha 12.03.2021.<\/p>\n<p style=\"text-align: justify;\"><strong>Bibliotecas Municipales de Santa Pola:<br \/>\n<\/strong>Abrir\u00e1n en los horarios que se establezcan con los siguientes servicios:<br \/>\n&#8211; Pr\u00e9stamo y devoluci\u00f3n de materiales<br \/>\n&#8211; Aforo m\u00e1ximo Sala de Estudio el 30%<br \/>\n&#8211; Aforo de las Salas de Lectura el 30% del aforo<br \/>\n&#8211; Reserva de plazas v\u00eda telef\u00f3nica<br \/>\n&#8211; Reuniones des grupos y actividades con un m\u00e1ximo de 10 personas<br \/>\n&#8211; Las clases de idiomas seguir\u00e1n online hasta despu\u00e9s de Semana Santa<\/p>\n<p style=\"text-align: justify;\"><strong>Oficina de Normalitzaci\u00f3 AVIVA<\/strong><br \/>\nAsistencia presencial y telef\u00f3nica en su horario habitual.<\/p>\n<p style=\"text-align: justify;\"><strong>Museo del Mar<\/strong><br \/>\nEl Museo retoma sus actividades con un horario de lunes a domingo y con un aforo limitado al 30 % en sus instalaciones.<\/p>\n<p style=\"text-align: justify;\">Se procede a la apertura de todos los <strong>Parques Municipales y juegos infantiles<\/strong>.<\/p>\n<p style=\"text-align: justify;\">Se permite el acceso a las <strong>playas<\/strong> para pasear o hacer actividad f\u00edsica y deportiva al aire libre, manteniendo las medidas de distanciamiento f\u00edsico e higiene y de prevenci\u00f3n. El uso de la mascarilla en playas es obligatorio en todo momento para todas personas mayores de seis a\u00f1os, excepto durante el ba\u00f1o.<\/p>\n<p style=\"text-align: justify;\">El presente decreto tendr\u00e1 la misma vigencia que la Resoluci\u00f3n de la Conseller\u00eda de Sanidad Universal y Salud P\u00fablica.<\/p>\n<p><img loading=\"lazy\" decoding=\"async\" class=\"aligncenter wp-image-14308 size-full\" src=\"https:\/\/santapola.es\/wp-content\/uploads\/2021\/03\/15_MARZO-1.png\" alt=\"\" width=\"940\" height=\"788\" srcset=\"https:\/\/santapola.es\/wp-content\/uploads\/2021\/03\/15_MARZO-1.png 940w, https:\/\/santapola.es\/wp-content\/uploads\/2021\/03\/15_MARZO-1-300x251.png 300w, https:\/\/santapola.es\/wp-content\/uploads\/2021\/03\/15_MARZO-1-768x644.png 768w, https:\/\/santapola.es\/wp-content\/uploads\/2021\/03\/15_MARZO-1-610x511.png 610w\" sizes=\"(max-width: 940px) 100vw, 940px\" \/><\/p>\n<p>&nbsp;<\/p>\n<p>&nbsp;<\/p>\n","protected":false},"excerpt":{"rendered":"<p>Teniendo en cuenta el DECRETO 8\/2021, de 11 de marzo, del president de la Generalitat, por el que se determinan las medidas de limitaci\u00f3n de la permanencia de grupos de personas en espacios p\u00fablicos y privados y de limitaci\u00f3n de la movilidad, para el periodo comprendido entre el 15 de marzo y el 12 de [&hellip;]<\/p>\n","protected":false},"author":99,"featured_media":0,"comment_status":"closed","ping_status":"closed","sticky":false,"template":"","format":"standard","meta":{"_et_pb_use_builder":"","_et_pb_old_content":"","_et_gb_content_width":"","footnotes":""},"categories":[61,51,60,66,406],"tags":[],"class_list":["post-14298","post","type-post","status-publish","format-standard","hentry","category-alcaldia","category-cultura-fiestas","category-educacion-juventud","category-inicio","category-sin-categorizar-2"],"yoast_head":"<!-- This site is optimized with the Yoast SEO plugin v27.4 - https:\/\/yoast.com\/product\/yoast-seo-wordpress\/ -->\n<title>El Ayuntamiento decreta la reapertura de instalaciones municipales - Ajuntament de Santa Pola<\/title>\n<meta name=\"robots\" content=\"index, follow, max-snippet:-1, max-image-preview:large, max-video-preview:-1\" \/>\n<link rel=\"canonical\" href=\"https:\/\/santapola.es\/ca\/el-ayuntamiento-decreta-la-reapertura-de-instalaciones-municipales\/\" \/>\n<meta property=\"og:locale\" content=\"ca_ES\" \/>\n<meta property=\"og:type\" content=\"article\" \/>\n<meta property=\"og:title\" content=\"El Ayuntamiento decreta la reapertura de instalaciones municipales - Ajuntament de Santa Pola\" \/>\n<meta property=\"og:description\" content=\"Teniendo en cuenta el DECRETO 8\/2021, de 11 de marzo, del president de la Generalitat, por el que se determinan las medidas de limitaci\u00f3n de la permanencia de grupos de personas en espacios p\u00fablicos y privados y de limitaci\u00f3n de la movilidad, para el periodo comprendido entre el 15 de marzo y el 12 de [&hellip;]\" \/>\n<meta property=\"og:url\" content=\"https:\/\/santapola.es\/ca\/el-ayuntamiento-decreta-la-reapertura-de-instalaciones-municipales\/\" \/>\n<meta property=\"og:site_name\" content=\"Ajuntament de Santa Pola\" \/>\n<meta property=\"article:publisher\" content=\"https:\/\/www.facebook.com\/AyuntamientoSantaPola\/\" \/>\n<meta property=\"article:published_time\" content=\"2021-03-16T16:30:37+00:00\" \/>\n<meta property=\"article:modified_time\" content=\"2024-03-07T17:39:28+00:00\" \/>\n<meta property=\"og:image\" content=\"https:\/\/santapola.es\/wp-content\/uploads\/2021\/03\/15_MARZO-1.png\" \/>\n<meta name=\"author\" content=\"Usuario Gen\u00e9rico Web\" \/>\n<meta name=\"twitter:card\" content=\"summary_large_image\" \/>\n<meta name=\"twitter:creator\" content=\"@SantaPolaAyunt\" \/>\n<meta name=\"twitter:site\" content=\"@SantaPolaAyunt\" \/>\n<script type=\"application\/ld+json\" class=\"yoast-schema-graph\">{\"@context\":\"https:\\\/\\\/schema.org\",\"@graph\":[{\"@type\":\"Article\",\"@id\":\"https:\\\/\\\/santapola.es\\\/ca\\\/el-ayuntamiento-decreta-la-reapertura-de-instalaciones-municipales\\\/#article\",\"isPartOf\":{\"@id\":\"https:\\\/\\\/santapola.es\\\/ca\\\/el-ayuntamiento-decreta-la-reapertura-de-instalaciones-municipales\\\/\"},\"author\":{\"name\":\"Usuario Gen\u00e9rico Web\",\"@id\":\"https:\\\/\\\/santapola.es\\\/ca\\\/#\\\/schema\\\/person\\\/5c898695593fabd93215e23620b3a9d1\"},\"headline\":\"El Ayuntamiento decreta la reapertura de instalaciones municipales\",\"datePublished\":\"2021-03-16T16:30:37+00:00\",\"dateModified\":\"2024-03-07T17:39:28+00:00\",\"mainEntityOfPage\":{\"@id\":\"https:\\\/\\\/santapola.es\\\/ca\\\/el-ayuntamiento-decreta-la-reapertura-de-instalaciones-municipales\\\/\"},\"wordCount\":801,\"image\":{\"@id\":\"https:\\\/\\\/santapola.es\\\/ca\\\/el-ayuntamiento-decreta-la-reapertura-de-instalaciones-municipales\\\/#primaryimage\"},\"thumbnailUrl\":\"https:\\\/\\\/santapola.es\\\/wp-content\\\/uploads\\\/2021\\\/03\\\/15_MARZO-1.png\",\"articleSection\":[\"Alcald\u00eda\",\"Cultura\\\/ Fiestas\",\"Educaci\u00f3n \\\/ Juventud\",\"Inicio\",\"Sin categorizar\"],\"inLanguage\":\"ca\"},{\"@type\":\"WebPage\",\"@id\":\"https:\\\/\\\/santapola.es\\\/ca\\\/el-ayuntamiento-decreta-la-reapertura-de-instalaciones-municipales\\\/\",\"url\":\"https:\\\/\\\/santapola.es\\\/ca\\\/el-ayuntamiento-decreta-la-reapertura-de-instalaciones-municipales\\\/\",\"name\":\"El Ayuntamiento decreta la reapertura de instalaciones municipales - Ajuntament de Santa Pola\",\"isPartOf\":{\"@id\":\"https:\\\/\\\/santapola.es\\\/ca\\\/#website\"},\"primaryImageOfPage\":{\"@id\":\"https:\\\/\\\/santapola.es\\\/ca\\\/el-ayuntamiento-decreta-la-reapertura-de-instalaciones-municipales\\\/#primaryimage\"},\"image\":{\"@id\":\"https:\\\/\\\/santapola.es\\\/ca\\\/el-ayuntamiento-decreta-la-reapertura-de-instalaciones-municipales\\\/#primaryimage\"},\"thumbnailUrl\":\"https:\\\/\\\/santapola.es\\\/wp-content\\\/uploads\\\/2021\\\/03\\\/15_MARZO-1.png\",\"datePublished\":\"2021-03-16T16:30:37+00:00\",\"dateModified\":\"2024-03-07T17:39:28+00:00\",\"author\":{\"@id\":\"https:\\\/\\\/santapola.es\\\/ca\\\/#\\\/schema\\\/person\\\/5c898695593fabd93215e23620b3a9d1\"},\"breadcrumb\":{\"@id\":\"https:\\\/\\\/santapola.es\\\/ca\\\/el-ayuntamiento-decreta-la-reapertura-de-instalaciones-municipales\\\/#breadcrumb\"},\"inLanguage\":\"ca\",\"potentialAction\":[{\"@type\":\"ReadAction\",\"target\":[\"https:\\\/\\\/santapola.es\\\/ca\\\/el-ayuntamiento-decreta-la-reapertura-de-instalaciones-municipales\\\/\"]}]},{\"@type\":\"ImageObject\",\"inLanguage\":\"ca\",\"@id\":\"https:\\\/\\\/santapola.es\\\/ca\\\/el-ayuntamiento-decreta-la-reapertura-de-instalaciones-municipales\\\/#primaryimage\",\"url\":\"https:\\\/\\\/santapola.es\\\/wp-content\\\/uploads\\\/2021\\\/03\\\/15_MARZO-1.png\",\"contentUrl\":\"https:\\\/\\\/santapola.es\\\/wp-content\\\/uploads\\\/2021\\\/03\\\/15_MARZO-1.png\"},{\"@type\":\"BreadcrumbList\",\"@id\":\"https:\\\/\\\/santapola.es\\\/ca\\\/el-ayuntamiento-decreta-la-reapertura-de-instalaciones-municipales\\\/#breadcrumb\",\"itemListElement\":[{\"@type\":\"ListItem\",\"position\":1,\"name\":\"Inici\",\"item\":\"https:\\\/\\\/santapola.es\\\/ca\\\/\"},{\"@type\":\"ListItem\",\"position\":2,\"name\":\"El Ayuntamiento decreta la reapertura de instalaciones municipales\"}]},{\"@type\":\"WebSite\",\"@id\":\"https:\\\/\\\/santapola.es\\\/ca\\\/#website\",\"url\":\"https:\\\/\\\/santapola.es\\\/ca\\\/\",\"name\":\"Ayuntamiento de Santa Pola\",\"description\":\"Web de l'Ajuntament de Santa Pola\",\"potentialAction\":[{\"@type\":\"SearchAction\",\"target\":{\"@type\":\"EntryPoint\",\"urlTemplate\":\"https:\\\/\\\/santapola.es\\\/ca\\\/?s={search_term_string}\"},\"query-input\":{\"@type\":\"PropertyValueSpecification\",\"valueRequired\":true,\"valueName\":\"search_term_string\"}}],\"inLanguage\":\"ca\"},{\"@type\":\"Person\",\"@id\":\"https:\\\/\\\/santapola.es\\\/ca\\\/#\\\/schema\\\/person\\\/5c898695593fabd93215e23620b3a9d1\",\"name\":\"Usuario Gen\u00e9rico Web\"}]}<\/script>\n<!-- \/ Yoast SEO plugin. -->","yoast_head_json":{"title":"El Ayuntamiento decreta la reapertura de instalaciones municipales - Ajuntament de Santa Pola","robots":{"index":"index","follow":"follow","max-snippet":"max-snippet:-1","max-image-preview":"max-image-preview:large","max-video-preview":"max-video-preview:-1"},"canonical":"https:\/\/santapola.es\/ca\/el-ayuntamiento-decreta-la-reapertura-de-instalaciones-municipales\/","og_locale":"ca_ES","og_type":"article","og_title":"El Ayuntamiento decreta la reapertura de instalaciones municipales - Ajuntament de Santa Pola","og_description":"Teniendo en cuenta el DECRETO 8\/2021, de 11 de marzo, del president de la Generalitat, por el que se determinan las medidas de limitaci\u00f3n de la permanencia de grupos de personas en espacios p\u00fablicos y privados y de limitaci\u00f3n de la movilidad, para el periodo comprendido entre el 15 de marzo y el 12 de [&hellip;]","og_url":"https:\/\/santapola.es\/ca\/el-ayuntamiento-decreta-la-reapertura-de-instalaciones-municipales\/","og_site_name":"Ajuntament de Santa Pola","article_publisher":"https:\/\/www.facebook.com\/AyuntamientoSantaPola\/","article_published_time":"2021-03-16T16:30:37+00:00","article_modified_time":"2024-03-07T17:39:28+00:00","og_image":[{"url":"https:\/\/santapola.es\/wp-content\/uploads\/2021\/03\/15_MARZO-1.png","type":"","width":"","height":""}],"author":"Usuario Gen\u00e9rico Web","twitter_card":"summary_large_image","twitter_creator":"@SantaPolaAyunt","twitter_site":"@SantaPolaAyunt","schema":{"@context":"https:\/\/schema.org","@graph":[{"@type":"Article","@id":"https:\/\/santapola.es\/ca\/el-ayuntamiento-decreta-la-reapertura-de-instalaciones-municipales\/#article","isPartOf":{"@id":"https:\/\/santapola.es\/ca\/el-ayuntamiento-decreta-la-reapertura-de-instalaciones-municipales\/"},"author":{"name":"Usuario Gen\u00e9rico Web","@id":"https:\/\/santapola.es\/ca\/#\/schema\/person\/5c898695593fabd93215e23620b3a9d1"},"headline":"El Ayuntamiento decreta la reapertura de instalaciones municipales","datePublished":"2021-03-16T16:30:37+00:00","dateModified":"2024-03-07T17:39:28+00:00","mainEntityOfPage":{"@id":"https:\/\/santapola.es\/ca\/el-ayuntamiento-decreta-la-reapertura-de-instalaciones-municipales\/"},"wordCount":801,"image":{"@id":"https:\/\/santapola.es\/ca\/el-ayuntamiento-decreta-la-reapertura-de-instalaciones-municipales\/#primaryimage"},"thumbnailUrl":"https:\/\/santapola.es\/wp-content\/uploads\/2021\/03\/15_MARZO-1.png","articleSection":["Alcald\u00eda","Cultura\/ Fiestas","Educaci\u00f3n \/ Juventud","Inicio","Sin categorizar"],"inLanguage":"ca"},{"@type":"WebPage","@id":"https:\/\/santapola.es\/ca\/el-ayuntamiento-decreta-la-reapertura-de-instalaciones-municipales\/","url":"https:\/\/santapola.es\/ca\/el-ayuntamiento-decreta-la-reapertura-de-instalaciones-municipales\/","name":"El Ayuntamiento decreta la reapertura de instalaciones municipales - Ajuntament de Santa Pola","isPartOf":{"@id":"https:\/\/santapola.es\/ca\/#website"},"primaryImageOfPage":{"@id":"https:\/\/santapola.es\/ca\/el-ayuntamiento-decreta-la-reapertura-de-instalaciones-municipales\/#primaryimage"},"image":{"@id":"https:\/\/santapola.es\/ca\/el-ayuntamiento-decreta-la-reapertura-de-instalaciones-municipales\/#primaryimage"},"thumbnailUrl":"https:\/\/santapola.es\/wp-content\/uploads\/2021\/03\/15_MARZO-1.png","datePublished":"2021-03-16T16:30:37+00:00","dateModified":"2024-03-07T17:39:28+00:00","author":{"@id":"https:\/\/santapola.es\/ca\/#\/schema\/person\/5c898695593fabd93215e23620b3a9d1"},"breadcrumb":{"@id":"https:\/\/santapola.es\/ca\/el-ayuntamiento-decreta-la-reapertura-de-instalaciones-municipales\/#breadcrumb"},"inLanguage":"ca","potentialAction":[{"@type":"ReadAction","target":["https:\/\/santapola.es\/ca\/el-ayuntamiento-decreta-la-reapertura-de-instalaciones-municipales\/"]}]},{"@type":"ImageObject","inLanguage":"ca","@id":"https:\/\/santapola.es\/ca\/el-ayuntamiento-decreta-la-reapertura-de-instalaciones-municipales\/#primaryimage","url":"https:\/\/santapola.es\/wp-content\/uploads\/2021\/03\/15_MARZO-1.png","contentUrl":"https:\/\/santapola.es\/wp-content\/uploads\/2021\/03\/15_MARZO-1.png"},{"@type":"BreadcrumbList","@id":"https:\/\/santapola.es\/ca\/el-ayuntamiento-decreta-la-reapertura-de-instalaciones-municipales\/#breadcrumb","itemListElement":[{"@type":"ListItem","position":1,"name":"Inici","item":"https:\/\/santapola.es\/ca\/"},{"@type":"ListItem","position":2,"name":"El Ayuntamiento decreta la reapertura de instalaciones municipales"}]},{"@type":"WebSite","@id":"https:\/\/santapola.es\/ca\/#website","url":"https:\/\/santapola.es\/ca\/","name":"Ayuntamiento de Santa Pola","description":"Web de l'Ajuntament de Santa Pola","potentialAction":[{"@type":"SearchAction","target":{"@type":"EntryPoint","urlTemplate":"https:\/\/santapola.es\/ca\/?s={search_term_string}"},"query-input":{"@type":"PropertyValueSpecification","valueRequired":true,"valueName":"search_term_string"}}],"inLanguage":"ca"},{"@type":"Person","@id":"https:\/\/santapola.es\/ca\/#\/schema\/person\/5c898695593fabd93215e23620b3a9d1","name":"Usuario Gen\u00e9rico Web"}]}},"_links":{"self":[{"href":"https:\/\/santapola.es\/ca\/wp-json\/wp\/v2\/posts\/14298","targetHints":{"allow":["GET"]}}],"collection":[{"href":"https:\/\/santapola.es\/ca\/wp-json\/wp\/v2\/posts"}],"about":[{"href":"https:\/\/santapola.es\/ca\/wp-json\/wp\/v2\/types\/post"}],"author":[{"embeddable":true,"href":"https:\/\/santapola.es\/ca\/wp-json\/wp\/v2\/users\/99"}],"replies":[{"embeddable":true,"href":"https:\/\/santapola.es\/ca\/wp-json\/wp\/v2\/comments?post=14298"}],"version-history":[{"count":0,"href":"https:\/\/santapola.es\/ca\/wp-json\/wp\/v2\/posts\/14298\/revisions"}],"wp:attachment":[{"href":"https:\/\/santapola.es\/ca\/wp-json\/wp\/v2\/media?parent=14298"}],"wp:term":[{"taxonomy":"category","embeddable":true,"href":"https:\/\/santapola.es\/ca\/wp-json\/wp\/v2\/categories?post=14298"},{"taxonomy":"post_tag","embeddable":true,"href":"https:\/\/santapola.es\/ca\/wp-json\/wp\/v2\/tags?post=14298"}],"curies":[{"name":"wp","href":"https:\/\/api.w.org\/{rel}","templated":true}]}}