{"id":13829,"date":"2021-01-28T10:58:05","date_gmt":"2021-01-28T09:58:05","guid":{"rendered":"https:\/\/www.santapola.es\/?p=13829"},"modified":"2024-03-07T18:39:20","modified_gmt":"2024-03-07T17:39:20","slug":"convocatoria-abierta-ayudas-al-alquiler-covid19-del-2021","status":"publish","type":"post","link":"https:\/\/santapola.es\/ca\/convocatoria-abierta-ayudas-al-alquiler-covid19-del-2021\/","title":{"rendered":"Convocatoria abierta ayudas al alquiler COVID19 del 2021"},"content":{"rendered":"<p style=\"text-align: justify;\">Desde el Ayuntamiento de Santa Pola informan que se ha abierto el plazo para solicitar la ayuda al alquiler\u00a0 \u201cTECE &#8211; Ayuda para contribuir a minimizar el impacto econ\u00f3mico y social de la Covid-19 en los alquileres de vivienda habitual (convocatoria 2021)\u201d de la Generalitat Valenciana relativas a la Convocatoria de 2021.<\/p>\n<p style=\"text-align: justify;\"><strong>\u00bfQui\u00e9n puede solicitar la ayuda?<\/strong><br \/>\nLas personas f\u00edsicas, titulares de un contrato de arrendamiento de vivienda habitual, en calidad de personas arrendatarias, que como consecuencia del impacto de la Covid-19 se han visto afectadas por pasar a una situaci\u00f3n de desempleo, expediente temporal de regulaci\u00f3n de empleo (ERTE), o, en caso de ser persona empresaria, que haya reducido su jornada por motivo de cuidados u otras circunstancias similares que supongan una p\u00e9rdida sustancial de ingresos de los integrantes de la unidad de convivencia a partir del 1 de abril de 2020.<\/p>\n<p style=\"text-align: justify;\"><strong>\u00bfQu\u00e9 requisitos se han de cumplir para poder solicitar la ayuda?<\/strong> Deben concurrir todos estos requisitos:<\/p>\n<ul style=\"text-align: justify;\">\n<li>personas f\u00edsicas<\/li>\n<li>como consecuencia del impacto de la Covid-19 se han visto afectadas por pasar a una situaci\u00f3n de desempleo, expediente temporal de regulaci\u00f3n de empleo (ERTE), o, en caso de ser persona empresaria, que haya reducido su jornada por motivo de cuidados u otras circunstancias similares que supongan una p\u00e9rdida sustancial de ingresos de los integrantes de la unidad de convivencia a partir del 1 de abril de 2020.<\/li>\n<li>ser titular, en calidad de persona arrendataria, de un contrato de arrendamiento de vivienda formalizado seg\u00fan la Ley 29\/1994, de 24 de noviembre, de Arrendamientos Urbanos.<\/li>\n<li>la vivienda arrendada debe constituir la residencia habitual y permanente de la persona o unidad de convivencia solicitante de la ayuda.<\/li>\n<li>la persona arrendataria o cualquiera de las personas que componen la unidad de convivencia no sea propietaria o usufructuaria de alguna vivienda en Espa\u00f1a.<\/li>\n<li>la persona arrendataria o cualquiera de las que tengan su domicilio habitual y permanente en la vivienda arrendada no tenga parentesco en 1\u00ba o 2\u00ba grado de consanguinidad o de afinidad con la persona que tenga la condici\u00f3n de arrendadora de la vivienda.<\/li>\n<li>la persona arrendataria o cualquiera de las que tengan su domicilio habitual y permanente en la vivienda arrendada no sea socia o part\u00edcipe de la persona f\u00edsica o jur\u00eddica que act\u00fae como arrendadora.<\/li>\n<li>la unidad de convivencia no debe superar con car\u00e1cter general 3 veces el IPREM mensual (Indicador P\u00fablico de Renta de Efectos M\u00faltiples)<\/li>\n<li>la renta arrendaticia, m\u00e1s los gastos y suministros b\u00e1sicos, resulte superior o igual al 35 por cien de los ingresos netos que perciba el conjunto de los miembros de la unidad de convivencia.<\/li>\n<\/ul>\n<p style=\"text-align: justify;\">El importe de las ayudas podr\u00e1 alcanzar hasta el 100 % de la renta de alquiler que conste en el contrato de arrendamiento, hasta un importe m\u00e1ximo de ayuda de 650,00 euros al mes, dependiendo del grado de vulnerabilidad econ\u00f3mica que concurra la persona o la unidad de convivencia beneficiaria.<\/p>\n<p style=\"text-align: justify;\">Las solicitudes se pueden presentar<strong> telem\u00e1ticamente<\/strong> en <a href=\"https:\/\/www.gva.es\/es\/web\/portal\/inicio\/procedimientos?id_proc=21392\" target=\"_blank\" rel=\"noopener\">www.habitatge.gva.es<\/a> con el certificado digital. El certificado digital nos permite identificarnos por Internet de forma segura con Entidades P\u00fablicas y Privadas. Si todav\u00eda no lo tienes puedes obtenerlo en la Agencia de Desarrollo Local pidiendo cita previa aqu\u00ed:\u00a0<a href=\"https:\/\/santapola.sedelectronica.es\/citaprevia.1\" target=\"_blank\" rel=\"noopener\">https:\/\/santapola.sedelectronica.es\/citaprevia.1<\/a><\/p>\n<p style=\"text-align: justify;\">En caso de tener alguna duda o necesitar ayuda en la tramitaci\u00f3n de la solicitud se podr\u00e1 consultar mediante cita previa en el Centro C\u00edvico y Social\u00a0 situado en Calle Casta\u00f1os, 12 y telf. 966692781.<\/p>\n<p style=\"text-align: justify;\">El plazo de solicitud de esta ayuda finaliza el 30 de octubre de 2021.<\/p>\n<p><img loading=\"lazy\" decoding=\"async\" class=\"wp-image-13838 size-large aligncenter\" src=\"https:\/\/santapola.es\/wp-content\/uploads\/2021\/01\/AyudasAlquiler_GV-3-1024x576.jpg\" alt=\"\" width=\"1024\" height=\"576\" srcset=\"https:\/\/santapola.es\/wp-content\/uploads\/2021\/01\/AyudasAlquiler_GV-3-1024x576.jpg 1024w, https:\/\/santapola.es\/wp-content\/uploads\/2021\/01\/AyudasAlquiler_GV-3-300x169.jpg 300w, https:\/\/santapola.es\/wp-content\/uploads\/2021\/01\/AyudasAlquiler_GV-3-768x432.jpg 768w, https:\/\/santapola.es\/wp-content\/uploads\/2021\/01\/AyudasAlquiler_GV-3-1536x864.jpg 1536w, https:\/\/santapola.es\/wp-content\/uploads\/2021\/01\/AyudasAlquiler_GV-3-1080x608.jpg 1080w, https:\/\/santapola.es\/wp-content\/uploads\/2021\/01\/AyudasAlquiler_GV-3-610x343.jpg 610w, https:\/\/santapola.es\/wp-content\/uploads\/2021\/01\/AyudasAlquiler_GV-3.jpg 1600w\" sizes=\"(max-width: 1024px) 100vw, 1024px\" \/><\/p>\n","protected":false},"excerpt":{"rendered":"<p>Desde el Ayuntamiento de Santa Pola informan que se ha abierto el plazo para solicitar la ayuda al alquiler\u00a0 \u201cTECE &#8211; Ayuda para contribuir a minimizar el impacto econ\u00f3mico y social de la Covid-19 en los alquileres de vivienda habitual (convocatoria 2021)\u201d de la Generalitat Valenciana relativas a la Convocatoria de 2021. \u00bfQui\u00e9n puede solicitar [&hellip;]<\/p>\n","protected":false},"author":99,"featured_media":0,"comment_status":"closed","ping_status":"closed","sticky":false,"template":"","format":"standard","meta":{"_et_pb_use_builder":"","_et_pb_old_content":"","_et_gb_content_width":"","footnotes":""},"categories":[53,66,406],"tags":[],"class_list":["post-13829","post","type-post","status-publish","format-standard","hentry","category-igualdad-diversidad-ac-social-vivienda","category-inicio","category-sin-categorizar-2"],"yoast_head":"<!-- This site is optimized with the Yoast SEO plugin v27.4 - https:\/\/yoast.com\/product\/yoast-seo-wordpress\/ -->\n<title>Convocatoria abierta ayudas al alquiler COVID19 del 2021 - Ajuntament de Santa Pola<\/title>\n<meta name=\"robots\" content=\"index, follow, max-snippet:-1, max-image-preview:large, max-video-preview:-1\" \/>\n<link rel=\"canonical\" href=\"https:\/\/santapola.es\/ca\/convocatoria-abierta-ayudas-al-alquiler-covid19-del-2021\/\" \/>\n<meta property=\"og:locale\" content=\"ca_ES\" \/>\n<meta property=\"og:type\" content=\"article\" \/>\n<meta property=\"og:title\" content=\"Convocatoria abierta ayudas al alquiler COVID19 del 2021 - Ajuntament de Santa Pola\" \/>\n<meta property=\"og:description\" content=\"Desde el Ayuntamiento de Santa Pola informan que se ha abierto el plazo para solicitar la ayuda al alquiler\u00a0 \u201cTECE &#8211; Ayuda para contribuir a minimizar el impacto econ\u00f3mico y social de la Covid-19 en los alquileres de vivienda habitual (convocatoria 2021)\u201d de la Generalitat Valenciana relativas a la Convocatoria de 2021. \u00bfQui\u00e9n puede solicitar [&hellip;]\" \/>\n<meta property=\"og:url\" content=\"https:\/\/santapola.es\/ca\/convocatoria-abierta-ayudas-al-alquiler-covid19-del-2021\/\" \/>\n<meta property=\"og:site_name\" content=\"Ajuntament de Santa Pola\" \/>\n<meta property=\"article:publisher\" content=\"https:\/\/www.facebook.com\/AyuntamientoSantaPola\/\" \/>\n<meta property=\"article:published_time\" content=\"2021-01-28T09:58:05+00:00\" \/>\n<meta property=\"article:modified_time\" content=\"2024-03-07T17:39:20+00:00\" \/>\n<meta property=\"og:image\" content=\"https:\/\/santapola.es\/wp-content\/uploads\/2021\/01\/AyudasAlquiler_GV-3-1024x576.jpg\" \/>\n<meta name=\"author\" content=\"Usuario Gen\u00e9rico Web\" \/>\n<meta name=\"twitter:card\" content=\"summary_large_image\" \/>\n<meta name=\"twitter:creator\" content=\"@SantaPolaAyunt\" \/>\n<meta name=\"twitter:site\" content=\"@SantaPolaAyunt\" \/>\n<script type=\"application\/ld+json\" class=\"yoast-schema-graph\">{\"@context\":\"https:\\\/\\\/schema.org\",\"@graph\":[{\"@type\":\"Article\",\"@id\":\"https:\\\/\\\/santapola.es\\\/ca\\\/convocatoria-abierta-ayudas-al-alquiler-covid19-del-2021\\\/#article\",\"isPartOf\":{\"@id\":\"https:\\\/\\\/santapola.es\\\/ca\\\/convocatoria-abierta-ayudas-al-alquiler-covid19-del-2021\\\/\"},\"author\":{\"name\":\"Usuario Gen\u00e9rico Web\",\"@id\":\"https:\\\/\\\/santapola.es\\\/ca\\\/#\\\/schema\\\/person\\\/5c898695593fabd93215e23620b3a9d1\"},\"headline\":\"Convocatoria abierta ayudas al alquiler COVID19 del 2021\",\"datePublished\":\"2021-01-28T09:58:05+00:00\",\"dateModified\":\"2024-03-07T17:39:20+00:00\",\"mainEntityOfPage\":{\"@id\":\"https:\\\/\\\/santapola.es\\\/ca\\\/convocatoria-abierta-ayudas-al-alquiler-covid19-del-2021\\\/\"},\"wordCount\":601,\"image\":{\"@id\":\"https:\\\/\\\/santapola.es\\\/ca\\\/convocatoria-abierta-ayudas-al-alquiler-covid19-del-2021\\\/#primaryimage\"},\"thumbnailUrl\":\"https:\\\/\\\/santapola.es\\\/wp-content\\\/uploads\\\/2021\\\/01\\\/AyudasAlquiler_GV-3-1024x576.jpg\",\"articleSection\":[\"Igualdad\\\/ Diversidad\\\/ Ac Social\\\/ Vivienda\",\"Inicio\",\"Sin categorizar\"],\"inLanguage\":\"ca\"},{\"@type\":\"WebPage\",\"@id\":\"https:\\\/\\\/santapola.es\\\/ca\\\/convocatoria-abierta-ayudas-al-alquiler-covid19-del-2021\\\/\",\"url\":\"https:\\\/\\\/santapola.es\\\/ca\\\/convocatoria-abierta-ayudas-al-alquiler-covid19-del-2021\\\/\",\"name\":\"Convocatoria abierta ayudas al alquiler COVID19 del 2021 - Ajuntament de Santa Pola\",\"isPartOf\":{\"@id\":\"https:\\\/\\\/santapola.es\\\/ca\\\/#website\"},\"primaryImageOfPage\":{\"@id\":\"https:\\\/\\\/santapola.es\\\/ca\\\/convocatoria-abierta-ayudas-al-alquiler-covid19-del-2021\\\/#primaryimage\"},\"image\":{\"@id\":\"https:\\\/\\\/santapola.es\\\/ca\\\/convocatoria-abierta-ayudas-al-alquiler-covid19-del-2021\\\/#primaryimage\"},\"thumbnailUrl\":\"https:\\\/\\\/santapola.es\\\/wp-content\\\/uploads\\\/2021\\\/01\\\/AyudasAlquiler_GV-3-1024x576.jpg\",\"datePublished\":\"2021-01-28T09:58:05+00:00\",\"dateModified\":\"2024-03-07T17:39:20+00:00\",\"author\":{\"@id\":\"https:\\\/\\\/santapola.es\\\/ca\\\/#\\\/schema\\\/person\\\/5c898695593fabd93215e23620b3a9d1\"},\"breadcrumb\":{\"@id\":\"https:\\\/\\\/santapola.es\\\/ca\\\/convocatoria-abierta-ayudas-al-alquiler-covid19-del-2021\\\/#breadcrumb\"},\"inLanguage\":\"ca\",\"potentialAction\":[{\"@type\":\"ReadAction\",\"target\":[\"https:\\\/\\\/santapola.es\\\/ca\\\/convocatoria-abierta-ayudas-al-alquiler-covid19-del-2021\\\/\"]}]},{\"@type\":\"ImageObject\",\"inLanguage\":\"ca\",\"@id\":\"https:\\\/\\\/santapola.es\\\/ca\\\/convocatoria-abierta-ayudas-al-alquiler-covid19-del-2021\\\/#primaryimage\",\"url\":\"https:\\\/\\\/santapola.es\\\/wp-content\\\/uploads\\\/2021\\\/01\\\/AyudasAlquiler_GV-3-1024x576.jpg\",\"contentUrl\":\"https:\\\/\\\/santapola.es\\\/wp-content\\\/uploads\\\/2021\\\/01\\\/AyudasAlquiler_GV-3-1024x576.jpg\"},{\"@type\":\"BreadcrumbList\",\"@id\":\"https:\\\/\\\/santapola.es\\\/ca\\\/convocatoria-abierta-ayudas-al-alquiler-covid19-del-2021\\\/#breadcrumb\",\"itemListElement\":[{\"@type\":\"ListItem\",\"position\":1,\"name\":\"Inici\",\"item\":\"https:\\\/\\\/santapola.es\\\/ca\\\/\"},{\"@type\":\"ListItem\",\"position\":2,\"name\":\"Convocatoria abierta ayudas al alquiler COVID19 del 2021\"}]},{\"@type\":\"WebSite\",\"@id\":\"https:\\\/\\\/santapola.es\\\/ca\\\/#website\",\"url\":\"https:\\\/\\\/santapola.es\\\/ca\\\/\",\"name\":\"Ayuntamiento de Santa Pola\",\"description\":\"Web de l'Ajuntament de Santa Pola\",\"potentialAction\":[{\"@type\":\"SearchAction\",\"target\":{\"@type\":\"EntryPoint\",\"urlTemplate\":\"https:\\\/\\\/santapola.es\\\/ca\\\/?s={search_term_string}\"},\"query-input\":{\"@type\":\"PropertyValueSpecification\",\"valueRequired\":true,\"valueName\":\"search_term_string\"}}],\"inLanguage\":\"ca\"},{\"@type\":\"Person\",\"@id\":\"https:\\\/\\\/santapola.es\\\/ca\\\/#\\\/schema\\\/person\\\/5c898695593fabd93215e23620b3a9d1\",\"name\":\"Usuario Gen\u00e9rico Web\"}]}<\/script>\n<!-- \/ Yoast SEO plugin. -->","yoast_head_json":{"title":"Convocatoria abierta ayudas al alquiler COVID19 del 2021 - Ajuntament de Santa Pola","robots":{"index":"index","follow":"follow","max-snippet":"max-snippet:-1","max-image-preview":"max-image-preview:large","max-video-preview":"max-video-preview:-1"},"canonical":"https:\/\/santapola.es\/ca\/convocatoria-abierta-ayudas-al-alquiler-covid19-del-2021\/","og_locale":"ca_ES","og_type":"article","og_title":"Convocatoria abierta ayudas al alquiler COVID19 del 2021 - Ajuntament de Santa Pola","og_description":"Desde el Ayuntamiento de Santa Pola informan que se ha abierto el plazo para solicitar la ayuda al alquiler\u00a0 \u201cTECE &#8211; Ayuda para contribuir a minimizar el impacto econ\u00f3mico y social de la Covid-19 en los alquileres de vivienda habitual (convocatoria 2021)\u201d de la Generalitat Valenciana relativas a la Convocatoria de 2021. \u00bfQui\u00e9n puede solicitar [&hellip;]","og_url":"https:\/\/santapola.es\/ca\/convocatoria-abierta-ayudas-al-alquiler-covid19-del-2021\/","og_site_name":"Ajuntament de Santa Pola","article_publisher":"https:\/\/www.facebook.com\/AyuntamientoSantaPola\/","article_published_time":"2021-01-28T09:58:05+00:00","article_modified_time":"2024-03-07T17:39:20+00:00","og_image":[{"url":"https:\/\/santapola.es\/wp-content\/uploads\/2021\/01\/AyudasAlquiler_GV-3-1024x576.jpg","type":"","width":"","height":""}],"author":"Usuario Gen\u00e9rico Web","twitter_card":"summary_large_image","twitter_creator":"@SantaPolaAyunt","twitter_site":"@SantaPolaAyunt","schema":{"@context":"https:\/\/schema.org","@graph":[{"@type":"Article","@id":"https:\/\/santapola.es\/ca\/convocatoria-abierta-ayudas-al-alquiler-covid19-del-2021\/#article","isPartOf":{"@id":"https:\/\/santapola.es\/ca\/convocatoria-abierta-ayudas-al-alquiler-covid19-del-2021\/"},"author":{"name":"Usuario Gen\u00e9rico Web","@id":"https:\/\/santapola.es\/ca\/#\/schema\/person\/5c898695593fabd93215e23620b3a9d1"},"headline":"Convocatoria abierta ayudas al alquiler COVID19 del 2021","datePublished":"2021-01-28T09:58:05+00:00","dateModified":"2024-03-07T17:39:20+00:00","mainEntityOfPage":{"@id":"https:\/\/santapola.es\/ca\/convocatoria-abierta-ayudas-al-alquiler-covid19-del-2021\/"},"wordCount":601,"image":{"@id":"https:\/\/santapola.es\/ca\/convocatoria-abierta-ayudas-al-alquiler-covid19-del-2021\/#primaryimage"},"thumbnailUrl":"https:\/\/santapola.es\/wp-content\/uploads\/2021\/01\/AyudasAlquiler_GV-3-1024x576.jpg","articleSection":["Igualdad\/ Diversidad\/ Ac Social\/ Vivienda","Inicio","Sin categorizar"],"inLanguage":"ca"},{"@type":"WebPage","@id":"https:\/\/santapola.es\/ca\/convocatoria-abierta-ayudas-al-alquiler-covid19-del-2021\/","url":"https:\/\/santapola.es\/ca\/convocatoria-abierta-ayudas-al-alquiler-covid19-del-2021\/","name":"Convocatoria abierta ayudas al alquiler COVID19 del 2021 - Ajuntament de Santa Pola","isPartOf":{"@id":"https:\/\/santapola.es\/ca\/#website"},"primaryImageOfPage":{"@id":"https:\/\/santapola.es\/ca\/convocatoria-abierta-ayudas-al-alquiler-covid19-del-2021\/#primaryimage"},"image":{"@id":"https:\/\/santapola.es\/ca\/convocatoria-abierta-ayudas-al-alquiler-covid19-del-2021\/#primaryimage"},"thumbnailUrl":"https:\/\/santapola.es\/wp-content\/uploads\/2021\/01\/AyudasAlquiler_GV-3-1024x576.jpg","datePublished":"2021-01-28T09:58:05+00:00","dateModified":"2024-03-07T17:39:20+00:00","author":{"@id":"https:\/\/santapola.es\/ca\/#\/schema\/person\/5c898695593fabd93215e23620b3a9d1"},"breadcrumb":{"@id":"https:\/\/santapola.es\/ca\/convocatoria-abierta-ayudas-al-alquiler-covid19-del-2021\/#breadcrumb"},"inLanguage":"ca","potentialAction":[{"@type":"ReadAction","target":["https:\/\/santapola.es\/ca\/convocatoria-abierta-ayudas-al-alquiler-covid19-del-2021\/"]}]},{"@type":"ImageObject","inLanguage":"ca","@id":"https:\/\/santapola.es\/ca\/convocatoria-abierta-ayudas-al-alquiler-covid19-del-2021\/#primaryimage","url":"https:\/\/santapola.es\/wp-content\/uploads\/2021\/01\/AyudasAlquiler_GV-3-1024x576.jpg","contentUrl":"https:\/\/santapola.es\/wp-content\/uploads\/2021\/01\/AyudasAlquiler_GV-3-1024x576.jpg"},{"@type":"BreadcrumbList","@id":"https:\/\/santapola.es\/ca\/convocatoria-abierta-ayudas-al-alquiler-covid19-del-2021\/#breadcrumb","itemListElement":[{"@type":"ListItem","position":1,"name":"Inici","item":"https:\/\/santapola.es\/ca\/"},{"@type":"ListItem","position":2,"name":"Convocatoria abierta ayudas al alquiler COVID19 del 2021"}]},{"@type":"WebSite","@id":"https:\/\/santapola.es\/ca\/#website","url":"https:\/\/santapola.es\/ca\/","name":"Ayuntamiento de Santa Pola","description":"Web de l'Ajuntament de Santa Pola","potentialAction":[{"@type":"SearchAction","target":{"@type":"EntryPoint","urlTemplate":"https:\/\/santapola.es\/ca\/?s={search_term_string}"},"query-input":{"@type":"PropertyValueSpecification","valueRequired":true,"valueName":"search_term_string"}}],"inLanguage":"ca"},{"@type":"Person","@id":"https:\/\/santapola.es\/ca\/#\/schema\/person\/5c898695593fabd93215e23620b3a9d1","name":"Usuario Gen\u00e9rico Web"}]}},"_links":{"self":[{"href":"https:\/\/santapola.es\/ca\/wp-json\/wp\/v2\/posts\/13829","targetHints":{"allow":["GET"]}}],"collection":[{"href":"https:\/\/santapola.es\/ca\/wp-json\/wp\/v2\/posts"}],"about":[{"href":"https:\/\/santapola.es\/ca\/wp-json\/wp\/v2\/types\/post"}],"author":[{"embeddable":true,"href":"https:\/\/santapola.es\/ca\/wp-json\/wp\/v2\/users\/99"}],"replies":[{"embeddable":true,"href":"https:\/\/santapola.es\/ca\/wp-json\/wp\/v2\/comments?post=13829"}],"version-history":[{"count":0,"href":"https:\/\/santapola.es\/ca\/wp-json\/wp\/v2\/posts\/13829\/revisions"}],"wp:attachment":[{"href":"https:\/\/santapola.es\/ca\/wp-json\/wp\/v2\/media?parent=13829"}],"wp:term":[{"taxonomy":"category","embeddable":true,"href":"https:\/\/santapola.es\/ca\/wp-json\/wp\/v2\/categories?post=13829"},{"taxonomy":"post_tag","embeddable":true,"href":"https:\/\/santapola.es\/ca\/wp-json\/wp\/v2\/tags?post=13829"}],"curies":[{"name":"wp","href":"https:\/\/api.w.org\/{rel}","templated":true}]}}