{"id":13792,"date":"2021-01-20T20:44:01","date_gmt":"2021-01-20T19:44:01","guid":{"rendered":"https:\/\/www.santapola.es\/?p=13792"},"modified":"2024-03-07T18:39:19","modified_gmt":"2024-03-07T17:39:19","slug":"el-ayuntamiento-decreta-el-cierre-de-instalaciones-y-suspension-de-actividades","status":"publish","type":"post","link":"https:\/\/santapola.es\/ca\/el-ayuntamiento-decreta-el-cierre-de-instalaciones-y-suspension-de-actividades\/","title":{"rendered":"El Ayuntamiento decreta el cierre de instalaciones y suspensi\u00f3n de actividades"},"content":{"rendered":"<p style=\"text-align: justify;\">Santa Pola, 20 de enero 2021<\/p>\n<p style=\"text-align: justify;\">Hoy se ha publicado en el <a href=\"http:\/\/www.dogv.gva.es\/datos\/2021\/01\/20\/pdf\/2021_530.pdf\" target=\"_blank\" rel=\"noopener\">DOGV la RESOLUCI\u00d3N de 19 de enero de 2021, de la consellera de Sanidad Universal y Salud P\u00fablica<\/a>, por la que se establecen medidas excepcionales y adicionales en el \u00e1mbito de la Comunitat Valenciana como consecuencia del agravamiento de la situaci\u00f3n de crisis sanitaria ocasionada por la Covid-19, que estar\u00e1 vigente durante catorce d\u00edas naturales a partir de las 00 horas del d\u00eda 21 de enero de 2021.<\/p>\n<p style=\"text-align: justify;\">En dicha Resoluci\u00f3n se resuelve acordar determinadas medidas, con car\u00e1cter transitorio que ser\u00e1n de aplicaci\u00f3n en todos los municipios de la Comunitat Valenciana.<\/p>\n<div class=\"page\" title=\"Page 2\">\n<div class=\"section\">\n<div class=\"layoutArea\">\n<div class=\"column\">\n<p style=\"text-align: justify;\">Vista la Resolucio\u0301n citada, ante el aumento de los contagios que se esta\u0301 produciendo en nuestro municipio y de la grave situacio\u0301n del Sistema Sanitario, el Ayuntamiento de Santa Pola ha decretado:<\/p>\n<ul style=\"text-align: justify;\">\n<li>Proceder al cierre de todas las instalaciones deportivas municipales, debiendo seguir las medidas se\u00f1aladas en la Resoluci\u00f3n de la Conselleria de Sanidad en lo relativo a las Medidas en deportes y pr\u00e1ctica de la actividad f\u00edsica.<\/li>\n<li>Proceder al cierre del Centro de la Tercera Edad de &#8220;La Senia&#8221; y se suspenden todas las actividades que se realizan en sus instalaciones.<\/li>\n<li>En relaci\u00f3n con el Centro C\u00edvico.<br \/>\n&#8211; Se procede al cierre preventivo y la suspensi\u00f3n de las actividades en el Rac\u00f3 Jove.<br \/>\n&#8211; Se suspenden todo tipo de ensayos y actividad cultural.<br \/>\n&#8211; No se impartir\u00e1n clases en las escuelas de m\u00fasica.<br \/>\n&#8211; No se realizar\u00e1n actividades en los despachos de las distintas Asociaciones.<br \/>\n&#8211; Se suspenden las clases en E.P.A.<br \/>\n&#8211; Se suspende el servicio de Logopedia.<\/li>\n<li>Se procede al cierre de todas las instalaciones de la Casa de Cultura y las Bibliotecas Municipales as\u00ed como se suspenden todos los talleres, cursos y clases que se imparten en dichos edificios, manteniendo s\u00f3lo aquellos que se puedan impartir online.<\/li>\n<li>Se procede al cierre de todos los Centros Culturales y de todas las actividades culturales.<\/li>\n<li>Se procede al cierre de todos los Parques Municipales.<\/li>\n<\/ul>\n<p style=\"text-align: justify;\">Estas medidas tendr\u00e1n la misma vigencia que la Resoluci\u00f3n de la Conseller\u00eda de Sanidad Universal y Salud P\u00fablica.<\/p>\n<p><img loading=\"lazy\" decoding=\"async\" class=\"alignnone wp-image-13798 size-full\" src=\"https:\/\/santapola.es\/wp-content\/uploads\/2021\/01\/20ENERO_COMUNICADO-1.png\" alt=\"\" width=\"940\" height=\"788\" srcset=\"https:\/\/santapola.es\/wp-content\/uploads\/2021\/01\/20ENERO_COMUNICADO-1.png 940w, https:\/\/santapola.es\/wp-content\/uploads\/2021\/01\/20ENERO_COMUNICADO-1-300x251.png 300w, https:\/\/santapola.es\/wp-content\/uploads\/2021\/01\/20ENERO_COMUNICADO-1-768x644.png 768w, https:\/\/santapola.es\/wp-content\/uploads\/2021\/01\/20ENERO_COMUNICADO-1-610x511.png 610w\" sizes=\"(max-width: 940px) 100vw, 940px\" \/><\/p>\n<\/div>\n<\/div>\n<\/div>\n<\/div>\n","protected":false},"excerpt":{"rendered":"<p>Santa Pola, 20 de enero 2021 Hoy se ha publicado en el DOGV la RESOLUCI\u00d3N de 19 de enero de 2021, de la consellera de Sanidad Universal y Salud P\u00fablica, por la que se establecen medidas excepcionales y adicionales en el \u00e1mbito de la Comunitat Valenciana como consecuencia del agravamiento de la situaci\u00f3n de crisis [&hellip;]<\/p>\n","protected":false},"author":99,"featured_media":0,"comment_status":"closed","ping_status":"closed","sticky":false,"template":"","format":"standard","meta":{"_et_pb_use_builder":"","_et_pb_old_content":"","_et_gb_content_width":"","footnotes":""},"categories":[61,51,60,66,54,406],"tags":[],"class_list":["post-13792","post","type-post","status-publish","format-standard","hentry","category-alcaldia","category-cultura-fiestas","category-educacion-juventud","category-inicio","category-servicios-publicos-infraestructura-fomento-cementerios","category-sin-categorizar-2"],"yoast_head":"<!-- This site is optimized with the Yoast SEO plugin v27.4 - https:\/\/yoast.com\/product\/yoast-seo-wordpress\/ -->\n<title>El Ayuntamiento decreta el cierre de instalaciones y suspensi\u00f3n de actividades - Ajuntament de Santa Pola<\/title>\n<meta name=\"robots\" content=\"index, follow, max-snippet:-1, max-image-preview:large, max-video-preview:-1\" \/>\n<link rel=\"canonical\" href=\"https:\/\/santapola.es\/ca\/el-ayuntamiento-decreta-el-cierre-de-instalaciones-y-suspension-de-actividades\/\" \/>\n<meta property=\"og:locale\" content=\"ca_ES\" \/>\n<meta property=\"og:type\" content=\"article\" \/>\n<meta property=\"og:title\" content=\"El Ayuntamiento decreta el cierre de instalaciones y suspensi\u00f3n de actividades - Ajuntament de Santa Pola\" \/>\n<meta property=\"og:description\" content=\"Santa Pola, 20 de enero 2021 Hoy se ha publicado en el DOGV la RESOLUCI\u00d3N de 19 de enero de 2021, de la consellera de Sanidad Universal y Salud P\u00fablica, por la que se establecen medidas excepcionales y adicionales en el \u00e1mbito de la Comunitat Valenciana como consecuencia del agravamiento de la situaci\u00f3n de crisis [&hellip;]\" \/>\n<meta property=\"og:url\" content=\"https:\/\/santapola.es\/ca\/el-ayuntamiento-decreta-el-cierre-de-instalaciones-y-suspension-de-actividades\/\" \/>\n<meta property=\"og:site_name\" content=\"Ajuntament de Santa Pola\" \/>\n<meta property=\"article:publisher\" content=\"https:\/\/www.facebook.com\/AyuntamientoSantaPola\/\" \/>\n<meta property=\"article:published_time\" content=\"2021-01-20T19:44:01+00:00\" \/>\n<meta property=\"article:modified_time\" content=\"2024-03-07T17:39:19+00:00\" \/>\n<meta property=\"og:image\" content=\"https:\/\/santapola.es\/wp-content\/uploads\/2021\/01\/20ENERO_COMUNICADO-1.png\" \/>\n<meta name=\"author\" content=\"Usuario Gen\u00e9rico Web\" \/>\n<meta name=\"twitter:card\" content=\"summary_large_image\" \/>\n<meta name=\"twitter:creator\" content=\"@SantaPolaAyunt\" \/>\n<meta name=\"twitter:site\" content=\"@SantaPolaAyunt\" \/>\n<script type=\"application\/ld+json\" class=\"yoast-schema-graph\">{\"@context\":\"https:\\\/\\\/schema.org\",\"@graph\":[{\"@type\":\"Article\",\"@id\":\"https:\\\/\\\/santapola.es\\\/ca\\\/el-ayuntamiento-decreta-el-cierre-de-instalaciones-y-suspension-de-actividades\\\/#article\",\"isPartOf\":{\"@id\":\"https:\\\/\\\/santapola.es\\\/ca\\\/el-ayuntamiento-decreta-el-cierre-de-instalaciones-y-suspension-de-actividades\\\/\"},\"author\":{\"name\":\"Usuario Gen\u00e9rico Web\",\"@id\":\"https:\\\/\\\/santapola.es\\\/ca\\\/#\\\/schema\\\/person\\\/5c898695593fabd93215e23620b3a9d1\"},\"headline\":\"El Ayuntamiento decreta el cierre de instalaciones y suspensi\u00f3n de actividades\",\"datePublished\":\"2021-01-20T19:44:01+00:00\",\"dateModified\":\"2024-03-07T17:39:19+00:00\",\"mainEntityOfPage\":{\"@id\":\"https:\\\/\\\/santapola.es\\\/ca\\\/el-ayuntamiento-decreta-el-cierre-de-instalaciones-y-suspension-de-actividades\\\/\"},\"wordCount\":379,\"image\":{\"@id\":\"https:\\\/\\\/santapola.es\\\/ca\\\/el-ayuntamiento-decreta-el-cierre-de-instalaciones-y-suspension-de-actividades\\\/#primaryimage\"},\"thumbnailUrl\":\"https:\\\/\\\/santapola.es\\\/wp-content\\\/uploads\\\/2021\\\/01\\\/20ENERO_COMUNICADO-1.png\",\"articleSection\":[\"Alcald\u00eda\",\"Cultura\\\/ Fiestas\",\"Educaci\u00f3n \\\/ Juventud\",\"Inicio\",\"Servicios p\u00fablicos \\\/ infraestructura \\\/ fomento \\\/ cementerios\",\"Sin categorizar\"],\"inLanguage\":\"ca\"},{\"@type\":\"WebPage\",\"@id\":\"https:\\\/\\\/santapola.es\\\/ca\\\/el-ayuntamiento-decreta-el-cierre-de-instalaciones-y-suspension-de-actividades\\\/\",\"url\":\"https:\\\/\\\/santapola.es\\\/ca\\\/el-ayuntamiento-decreta-el-cierre-de-instalaciones-y-suspension-de-actividades\\\/\",\"name\":\"El Ayuntamiento decreta el cierre de instalaciones y suspensi\u00f3n de actividades - Ajuntament de Santa Pola\",\"isPartOf\":{\"@id\":\"https:\\\/\\\/santapola.es\\\/ca\\\/#website\"},\"primaryImageOfPage\":{\"@id\":\"https:\\\/\\\/santapola.es\\\/ca\\\/el-ayuntamiento-decreta-el-cierre-de-instalaciones-y-suspension-de-actividades\\\/#primaryimage\"},\"image\":{\"@id\":\"https:\\\/\\\/santapola.es\\\/ca\\\/el-ayuntamiento-decreta-el-cierre-de-instalaciones-y-suspension-de-actividades\\\/#primaryimage\"},\"thumbnailUrl\":\"https:\\\/\\\/santapola.es\\\/wp-content\\\/uploads\\\/2021\\\/01\\\/20ENERO_COMUNICADO-1.png\",\"datePublished\":\"2021-01-20T19:44:01+00:00\",\"dateModified\":\"2024-03-07T17:39:19+00:00\",\"author\":{\"@id\":\"https:\\\/\\\/santapola.es\\\/ca\\\/#\\\/schema\\\/person\\\/5c898695593fabd93215e23620b3a9d1\"},\"breadcrumb\":{\"@id\":\"https:\\\/\\\/santapola.es\\\/ca\\\/el-ayuntamiento-decreta-el-cierre-de-instalaciones-y-suspension-de-actividades\\\/#breadcrumb\"},\"inLanguage\":\"ca\",\"potentialAction\":[{\"@type\":\"ReadAction\",\"target\":[\"https:\\\/\\\/santapola.es\\\/ca\\\/el-ayuntamiento-decreta-el-cierre-de-instalaciones-y-suspension-de-actividades\\\/\"]}]},{\"@type\":\"ImageObject\",\"inLanguage\":\"ca\",\"@id\":\"https:\\\/\\\/santapola.es\\\/ca\\\/el-ayuntamiento-decreta-el-cierre-de-instalaciones-y-suspension-de-actividades\\\/#primaryimage\",\"url\":\"https:\\\/\\\/santapola.es\\\/wp-content\\\/uploads\\\/2021\\\/01\\\/20ENERO_COMUNICADO-1.png\",\"contentUrl\":\"https:\\\/\\\/santapola.es\\\/wp-content\\\/uploads\\\/2021\\\/01\\\/20ENERO_COMUNICADO-1.png\"},{\"@type\":\"BreadcrumbList\",\"@id\":\"https:\\\/\\\/santapola.es\\\/ca\\\/el-ayuntamiento-decreta-el-cierre-de-instalaciones-y-suspension-de-actividades\\\/#breadcrumb\",\"itemListElement\":[{\"@type\":\"ListItem\",\"position\":1,\"name\":\"Inici\",\"item\":\"https:\\\/\\\/santapola.es\\\/ca\\\/\"},{\"@type\":\"ListItem\",\"position\":2,\"name\":\"El Ayuntamiento decreta el cierre de instalaciones y suspensi\u00f3n de actividades\"}]},{\"@type\":\"WebSite\",\"@id\":\"https:\\\/\\\/santapola.es\\\/ca\\\/#website\",\"url\":\"https:\\\/\\\/santapola.es\\\/ca\\\/\",\"name\":\"Ayuntamiento de Santa Pola\",\"description\":\"Web de l'Ajuntament de Santa Pola\",\"potentialAction\":[{\"@type\":\"SearchAction\",\"target\":{\"@type\":\"EntryPoint\",\"urlTemplate\":\"https:\\\/\\\/santapola.es\\\/ca\\\/?s={search_term_string}\"},\"query-input\":{\"@type\":\"PropertyValueSpecification\",\"valueRequired\":true,\"valueName\":\"search_term_string\"}}],\"inLanguage\":\"ca\"},{\"@type\":\"Person\",\"@id\":\"https:\\\/\\\/santapola.es\\\/ca\\\/#\\\/schema\\\/person\\\/5c898695593fabd93215e23620b3a9d1\",\"name\":\"Usuario Gen\u00e9rico Web\"}]}<\/script>\n<!-- \/ Yoast SEO plugin. -->","yoast_head_json":{"title":"El Ayuntamiento decreta el cierre de instalaciones y suspensi\u00f3n de actividades - Ajuntament de Santa Pola","robots":{"index":"index","follow":"follow","max-snippet":"max-snippet:-1","max-image-preview":"max-image-preview:large","max-video-preview":"max-video-preview:-1"},"canonical":"https:\/\/santapola.es\/ca\/el-ayuntamiento-decreta-el-cierre-de-instalaciones-y-suspension-de-actividades\/","og_locale":"ca_ES","og_type":"article","og_title":"El Ayuntamiento decreta el cierre de instalaciones y suspensi\u00f3n de actividades - Ajuntament de Santa Pola","og_description":"Santa Pola, 20 de enero 2021 Hoy se ha publicado en el DOGV la RESOLUCI\u00d3N de 19 de enero de 2021, de la consellera de Sanidad Universal y Salud P\u00fablica, por la que se establecen medidas excepcionales y adicionales en el \u00e1mbito de la Comunitat Valenciana como consecuencia del agravamiento de la situaci\u00f3n de crisis [&hellip;]","og_url":"https:\/\/santapola.es\/ca\/el-ayuntamiento-decreta-el-cierre-de-instalaciones-y-suspension-de-actividades\/","og_site_name":"Ajuntament de Santa Pola","article_publisher":"https:\/\/www.facebook.com\/AyuntamientoSantaPola\/","article_published_time":"2021-01-20T19:44:01+00:00","article_modified_time":"2024-03-07T17:39:19+00:00","og_image":[{"url":"https:\/\/santapola.es\/wp-content\/uploads\/2021\/01\/20ENERO_COMUNICADO-1.png","type":"","width":"","height":""}],"author":"Usuario Gen\u00e9rico Web","twitter_card":"summary_large_image","twitter_creator":"@SantaPolaAyunt","twitter_site":"@SantaPolaAyunt","schema":{"@context":"https:\/\/schema.org","@graph":[{"@type":"Article","@id":"https:\/\/santapola.es\/ca\/el-ayuntamiento-decreta-el-cierre-de-instalaciones-y-suspension-de-actividades\/#article","isPartOf":{"@id":"https:\/\/santapola.es\/ca\/el-ayuntamiento-decreta-el-cierre-de-instalaciones-y-suspension-de-actividades\/"},"author":{"name":"Usuario Gen\u00e9rico Web","@id":"https:\/\/santapola.es\/ca\/#\/schema\/person\/5c898695593fabd93215e23620b3a9d1"},"headline":"El Ayuntamiento decreta el cierre de instalaciones y suspensi\u00f3n de actividades","datePublished":"2021-01-20T19:44:01+00:00","dateModified":"2024-03-07T17:39:19+00:00","mainEntityOfPage":{"@id":"https:\/\/santapola.es\/ca\/el-ayuntamiento-decreta-el-cierre-de-instalaciones-y-suspension-de-actividades\/"},"wordCount":379,"image":{"@id":"https:\/\/santapola.es\/ca\/el-ayuntamiento-decreta-el-cierre-de-instalaciones-y-suspension-de-actividades\/#primaryimage"},"thumbnailUrl":"https:\/\/santapola.es\/wp-content\/uploads\/2021\/01\/20ENERO_COMUNICADO-1.png","articleSection":["Alcald\u00eda","Cultura\/ Fiestas","Educaci\u00f3n \/ Juventud","Inicio","Servicios p\u00fablicos \/ infraestructura \/ fomento \/ cementerios","Sin categorizar"],"inLanguage":"ca"},{"@type":"WebPage","@id":"https:\/\/santapola.es\/ca\/el-ayuntamiento-decreta-el-cierre-de-instalaciones-y-suspension-de-actividades\/","url":"https:\/\/santapola.es\/ca\/el-ayuntamiento-decreta-el-cierre-de-instalaciones-y-suspension-de-actividades\/","name":"El Ayuntamiento decreta el cierre de instalaciones y suspensi\u00f3n de actividades - Ajuntament de Santa Pola","isPartOf":{"@id":"https:\/\/santapola.es\/ca\/#website"},"primaryImageOfPage":{"@id":"https:\/\/santapola.es\/ca\/el-ayuntamiento-decreta-el-cierre-de-instalaciones-y-suspension-de-actividades\/#primaryimage"},"image":{"@id":"https:\/\/santapola.es\/ca\/el-ayuntamiento-decreta-el-cierre-de-instalaciones-y-suspension-de-actividades\/#primaryimage"},"thumbnailUrl":"https:\/\/santapola.es\/wp-content\/uploads\/2021\/01\/20ENERO_COMUNICADO-1.png","datePublished":"2021-01-20T19:44:01+00:00","dateModified":"2024-03-07T17:39:19+00:00","author":{"@id":"https:\/\/santapola.es\/ca\/#\/schema\/person\/5c898695593fabd93215e23620b3a9d1"},"breadcrumb":{"@id":"https:\/\/santapola.es\/ca\/el-ayuntamiento-decreta-el-cierre-de-instalaciones-y-suspension-de-actividades\/#breadcrumb"},"inLanguage":"ca","potentialAction":[{"@type":"ReadAction","target":["https:\/\/santapola.es\/ca\/el-ayuntamiento-decreta-el-cierre-de-instalaciones-y-suspension-de-actividades\/"]}]},{"@type":"ImageObject","inLanguage":"ca","@id":"https:\/\/santapola.es\/ca\/el-ayuntamiento-decreta-el-cierre-de-instalaciones-y-suspension-de-actividades\/#primaryimage","url":"https:\/\/santapola.es\/wp-content\/uploads\/2021\/01\/20ENERO_COMUNICADO-1.png","contentUrl":"https:\/\/santapola.es\/wp-content\/uploads\/2021\/01\/20ENERO_COMUNICADO-1.png"},{"@type":"BreadcrumbList","@id":"https:\/\/santapola.es\/ca\/el-ayuntamiento-decreta-el-cierre-de-instalaciones-y-suspension-de-actividades\/#breadcrumb","itemListElement":[{"@type":"ListItem","position":1,"name":"Inici","item":"https:\/\/santapola.es\/ca\/"},{"@type":"ListItem","position":2,"name":"El Ayuntamiento decreta el cierre de instalaciones y suspensi\u00f3n de actividades"}]},{"@type":"WebSite","@id":"https:\/\/santapola.es\/ca\/#website","url":"https:\/\/santapola.es\/ca\/","name":"Ayuntamiento de Santa Pola","description":"Web de l'Ajuntament de Santa Pola","potentialAction":[{"@type":"SearchAction","target":{"@type":"EntryPoint","urlTemplate":"https:\/\/santapola.es\/ca\/?s={search_term_string}"},"query-input":{"@type":"PropertyValueSpecification","valueRequired":true,"valueName":"search_term_string"}}],"inLanguage":"ca"},{"@type":"Person","@id":"https:\/\/santapola.es\/ca\/#\/schema\/person\/5c898695593fabd93215e23620b3a9d1","name":"Usuario Gen\u00e9rico Web"}]}},"_links":{"self":[{"href":"https:\/\/santapola.es\/ca\/wp-json\/wp\/v2\/posts\/13792","targetHints":{"allow":["GET"]}}],"collection":[{"href":"https:\/\/santapola.es\/ca\/wp-json\/wp\/v2\/posts"}],"about":[{"href":"https:\/\/santapola.es\/ca\/wp-json\/wp\/v2\/types\/post"}],"author":[{"embeddable":true,"href":"https:\/\/santapola.es\/ca\/wp-json\/wp\/v2\/users\/99"}],"replies":[{"embeddable":true,"href":"https:\/\/santapola.es\/ca\/wp-json\/wp\/v2\/comments?post=13792"}],"version-history":[{"count":0,"href":"https:\/\/santapola.es\/ca\/wp-json\/wp\/v2\/posts\/13792\/revisions"}],"wp:attachment":[{"href":"https:\/\/santapola.es\/ca\/wp-json\/wp\/v2\/media?parent=13792"}],"wp:term":[{"taxonomy":"category","embeddable":true,"href":"https:\/\/santapola.es\/ca\/wp-json\/wp\/v2\/categories?post=13792"},{"taxonomy":"post_tag","embeddable":true,"href":"https:\/\/santapola.es\/ca\/wp-json\/wp\/v2\/tags?post=13792"}],"curies":[{"name":"wp","href":"https:\/\/api.w.org\/{rel}","templated":true}]}}