{"id":13744,"date":"2021-01-13T13:28:18","date_gmt":"2021-01-13T12:28:18","guid":{"rendered":"https:\/\/www.santapola.es\/?p=13744"},"modified":"2024-03-07T18:39:18","modified_gmt":"2024-03-07T17:39:18","slug":"la-concejalia-de-comercio-hace-balance-del-2020","status":"publish","type":"post","link":"https:\/\/santapola.es\/ca\/la-concejalia-de-comercio-hace-balance-del-2020\/","title":{"rendered":"La Concejal\u00eda de Comercio hace balance del 2020"},"content":{"rendered":"<p style=\"text-align: justify;\">La Concejal\u00eda de Comercio hace balance del 2020, un a\u00f1o at\u00edpico a causa de la pandemia. Desgraciadamente han sido muchas v\u00edctimas que tendremos en nuestro recuerdo y que a aunque ha comenzado un nuevo a\u00f1o seguimos con el virus pero con la esperanza de que acabe lo m\u00e1s pronto posible y volvamos a la normalidad.<\/p>\n<p style=\"text-align: justify;\">La concejala delegada Nely Baile afirma que se ha trabajado bastante duro desde el minuto uno para ayudar a la poblaci\u00f3n y sobre todo estar al lado de los comerciantes y aut\u00f3nomos para que puedan superar esta situaci\u00f3n tan delicada.<\/p>\n<p style=\"text-align: justify;\">Con el objetivo de informar a la ciudadan\u00eda del trabajo que se ha realizado en este tiempo se realiza un balance de las actuaciones m\u00e1s destacadas del \u00e1rea:<\/p>\n<p style=\"text-align: justify;\">En el mes de marzo, al iniciarse el estado de alarma ocasionado por la Covid-19, la Concejal\u00eda de Comercio y la Asociaci\u00f3n de Comerciantes llevaron a cabo el \u201cServicio de reparto a domicilio\u201d, facilitando las compras a los vecinos. Desde el Ayuntamiento se facilit\u00f3 un tel\u00e9fono de atenci\u00f3n directa, para encargar sus pedidos y a la vez ayudar a resolver diferentes dudas que en tiempos dif\u00edciles inquietaban a la poblaci\u00f3n. Estos pedidos se facilitaban a los comercios, para realizar los encargos y entregar a los clientes.<br \/>\nAdem\u00e1s, se realiz\u00f3 una campa\u00f1a de promoci\u00f3n por varios medios, tales como web y redes sociales, que se repiti\u00f3 peri\u00f3dicamente, durante el estado de alarma.<\/p>\n<p style=\"text-align: justify;\">Junto con Servicios Sociales se puso en marcha una campa\u00f1a denominada \u201cComercio Solidario\u201d, campa\u00f1a que sigue vigente en la actualidad, donde los establecimientos colaboradores colocan un carro de compra para que los clientes dejen sus aportaciones de alimentos de primera necesidad. El personal municipal es el encargado de las recogida y entrega al Departamento de Servicios Sociales.<\/p>\n<p style=\"text-align: justify;\">A continuaci\u00f3n se inici\u00f3 otra campa\u00f1a con v\u00eddeos de comerciantes, hosteleros, personalidades, clientes&#8230; apoyando al comercio local y a la hosteler\u00eda. Cada persona que realizaba el v\u00eddeo, nominaba a un comerciante y a un particular para realizar un v\u00eddeo y as\u00ed sucesivamente. Estos v\u00eddeos se publicaban peri\u00f3dicamente en redes sociales.<\/p>\n<p style=\"text-align: justify;\">En el mes de julio se realiz\u00f3 otra campa\u00f1a de apoyo al comercio local denominada \u201cSanta Pola se mueve\u201d con el objetivo de impulsar las compras en el peque\u00f1o comercio y en nuestros mercados (comercio local, mercado central, pescado fresco #PeixdeSantaPola, mercadillos y mercadillos de verano). La campa\u00f1a tuvo lugar en prensa local, cu\u00f1as de radio y redes sociales. Esta campa\u00f1a pretend\u00eda acercar el comercio al cliente para que conozca la variedad comercial que hay en Santa Pola, as\u00ed como su calidad, profesionalidad, precios competitivos y cercan\u00eda.<\/p>\n<p style=\"text-align: justify;\">Adem\u00e1s se han dado ayudas directas destinadas a apoyar a pymes, micro pymes, aut\u00f3nomos y profesionales con destino a minimizar el impacto econ\u00f3mico producido a consecuencia de la Covid 19. Con un cr\u00e9dito de 113.019 \u20ac repartido de manera proporcional entre las personas solicitantes con un m\u00e1ximo de 2.000 \u20ac por beneficiario a los que suspendieron su actividad durante el confinamiento o un m\u00e1ximo de 1.000 \u20ac para aquellos que habiendo mantenido la actividad hubieran reducido su facturaci\u00f3n al menos un 50%.<br \/>\nDe las 208 solicitudes revisadas, 184 han superado la fase de evaluaci\u00f3n de cumplimiento de los requisitos para ser beneficiarios.<\/p>\n<p style=\"text-align: justify;\">En cuanto a formaci\u00f3n se ha realizado un programa online \u201cSanta Pola Digital 2020\u201d dirigido a proyectos de emprendimiento, comercios y Pymes de la localidad, para la mejora de la presencia online y competitividad en internet, mas necesaria que nunca tras la crisis provocada por la Covid-19. En el que se inscribieron 71 personas entre comercios de la localidad y emprendedores.<\/p>\n<p style=\"text-align: justify;\">Desde el Servicio Emprende Santa Pola, contin\u00faan ofreciendo apoyo y asesoramiento a nuevas personas emprendedoras de la localidad y de fuera de ella que quieran instalarse en nuestra localidad. A pesar de los momentos cr\u00edticos por esta pandemia, en el 2020 se han dado de alta 5 nuevas sociedades limitadas y 28 nuevos aut\u00f3nomos.<br \/>\nA su vez, adem\u00e1s de ayudar con la tramitaci\u00f3n de altas de empresas, se realizan itinerarios personalizados para realizar el plan de empresa, b\u00fasqueda de financiaci\u00f3n para nuevos proyectos, ayuda en la solicitud de subvenciones, etc.<\/p>\n<p>En definitiva, desde la Concejal\u00eda se sigue trabajando para ayudar al comercio local que es parte esencial de la econom\u00eda de nuestro municipio.<\/p>\n","protected":false},"excerpt":{"rendered":"<p>La Concejal\u00eda de Comercio hace balance del 2020, un a\u00f1o at\u00edpico a causa de la pandemia. Desgraciadamente han sido muchas v\u00edctimas que tendremos en nuestro recuerdo y que a aunque ha comenzado un nuevo a\u00f1o seguimos con el virus pero con la esperanza de que acabe lo m\u00e1s pronto posible y volvamos a la normalidad. [&hellip;]<\/p>\n","protected":false},"author":75,"featured_media":0,"comment_status":"closed","ping_status":"closed","sticky":false,"template":"","format":"standard","meta":{"_et_pb_use_builder":"","_et_pb_old_content":"","_et_gb_content_width":"","footnotes":""},"categories":[52,66,406],"tags":[],"class_list":["post-13744","post","type-post","status-publish","format-standard","hentry","category-comercioconsumo","category-inicio","category-sin-categorizar-2"],"yoast_head":"<!-- This site is optimized with the Yoast SEO plugin v27.4 - https:\/\/yoast.com\/product\/yoast-seo-wordpress\/ -->\n<title>La Concejal\u00eda de Comercio hace balance del 2020 - Ajuntament de Santa Pola<\/title>\n<meta name=\"robots\" content=\"index, follow, max-snippet:-1, max-image-preview:large, max-video-preview:-1\" \/>\n<link rel=\"canonical\" href=\"https:\/\/santapola.es\/ca\/la-concejalia-de-comercio-hace-balance-del-2020\/\" \/>\n<meta property=\"og:locale\" content=\"ca_ES\" \/>\n<meta property=\"og:type\" content=\"article\" \/>\n<meta property=\"og:title\" content=\"La Concejal\u00eda de Comercio hace balance del 2020 - Ajuntament de Santa Pola\" \/>\n<meta property=\"og:description\" content=\"La Concejal\u00eda de Comercio hace balance del 2020, un a\u00f1o at\u00edpico a causa de la pandemia. Desgraciadamente han sido muchas v\u00edctimas que tendremos en nuestro recuerdo y que a aunque ha comenzado un nuevo a\u00f1o seguimos con el virus pero con la esperanza de que acabe lo m\u00e1s pronto posible y volvamos a la normalidad. [&hellip;]\" \/>\n<meta property=\"og:url\" content=\"https:\/\/santapola.es\/ca\/la-concejalia-de-comercio-hace-balance-del-2020\/\" \/>\n<meta property=\"og:site_name\" content=\"Ajuntament de Santa Pola\" \/>\n<meta property=\"article:publisher\" content=\"https:\/\/www.facebook.com\/AyuntamientoSantaPola\/\" \/>\n<meta property=\"article:published_time\" content=\"2021-01-13T12:28:18+00:00\" \/>\n<meta property=\"article:modified_time\" content=\"2024-03-07T17:39:18+00:00\" \/>\n<meta name=\"author\" content=\"\u00c1rea Municipal Alcald\u00eda\" \/>\n<meta name=\"twitter:card\" content=\"summary_large_image\" \/>\n<meta name=\"twitter:creator\" content=\"@SantaPolaAyunt\" \/>\n<meta name=\"twitter:site\" content=\"@SantaPolaAyunt\" \/>\n<script type=\"application\/ld+json\" class=\"yoast-schema-graph\">{\"@context\":\"https:\\\/\\\/schema.org\",\"@graph\":[{\"@type\":\"Article\",\"@id\":\"https:\\\/\\\/santapola.es\\\/ca\\\/la-concejalia-de-comercio-hace-balance-del-2020\\\/#article\",\"isPartOf\":{\"@id\":\"https:\\\/\\\/santapola.es\\\/ca\\\/la-concejalia-de-comercio-hace-balance-del-2020\\\/\"},\"author\":{\"name\":\"\u00c1rea Municipal Alcald\u00eda\",\"@id\":\"https:\\\/\\\/santapola.es\\\/ca\\\/#\\\/schema\\\/person\\\/c08381290b84c068e06ca5dc1f5a08a7\"},\"headline\":\"La Concejal\u00eda de Comercio hace balance del 2020\",\"datePublished\":\"2021-01-13T12:28:18+00:00\",\"dateModified\":\"2024-03-07T17:39:18+00:00\",\"mainEntityOfPage\":{\"@id\":\"https:\\\/\\\/santapola.es\\\/ca\\\/la-concejalia-de-comercio-hace-balance-del-2020\\\/\"},\"wordCount\":752,\"articleSection\":[\"Comercio\\\/ Consumo\",\"Inicio\",\"Sin categorizar\"],\"inLanguage\":\"ca\"},{\"@type\":\"WebPage\",\"@id\":\"https:\\\/\\\/santapola.es\\\/ca\\\/la-concejalia-de-comercio-hace-balance-del-2020\\\/\",\"url\":\"https:\\\/\\\/santapola.es\\\/ca\\\/la-concejalia-de-comercio-hace-balance-del-2020\\\/\",\"name\":\"La Concejal\u00eda de Comercio hace balance del 2020 - Ajuntament de Santa Pola\",\"isPartOf\":{\"@id\":\"https:\\\/\\\/santapola.es\\\/ca\\\/#website\"},\"datePublished\":\"2021-01-13T12:28:18+00:00\",\"dateModified\":\"2024-03-07T17:39:18+00:00\",\"author\":{\"@id\":\"https:\\\/\\\/santapola.es\\\/ca\\\/#\\\/schema\\\/person\\\/c08381290b84c068e06ca5dc1f5a08a7\"},\"breadcrumb\":{\"@id\":\"https:\\\/\\\/santapola.es\\\/ca\\\/la-concejalia-de-comercio-hace-balance-del-2020\\\/#breadcrumb\"},\"inLanguage\":\"ca\",\"potentialAction\":[{\"@type\":\"ReadAction\",\"target\":[\"https:\\\/\\\/santapola.es\\\/ca\\\/la-concejalia-de-comercio-hace-balance-del-2020\\\/\"]}]},{\"@type\":\"BreadcrumbList\",\"@id\":\"https:\\\/\\\/santapola.es\\\/ca\\\/la-concejalia-de-comercio-hace-balance-del-2020\\\/#breadcrumb\",\"itemListElement\":[{\"@type\":\"ListItem\",\"position\":1,\"name\":\"Inici\",\"item\":\"https:\\\/\\\/santapola.es\\\/ca\\\/\"},{\"@type\":\"ListItem\",\"position\":2,\"name\":\"La Concejal\u00eda de Comercio hace balance del 2020\"}]},{\"@type\":\"WebSite\",\"@id\":\"https:\\\/\\\/santapola.es\\\/ca\\\/#website\",\"url\":\"https:\\\/\\\/santapola.es\\\/ca\\\/\",\"name\":\"Ayuntamiento de Santa Pola\",\"description\":\"Web de l'Ajuntament de Santa Pola\",\"potentialAction\":[{\"@type\":\"SearchAction\",\"target\":{\"@type\":\"EntryPoint\",\"urlTemplate\":\"https:\\\/\\\/santapola.es\\\/ca\\\/?s={search_term_string}\"},\"query-input\":{\"@type\":\"PropertyValueSpecification\",\"valueRequired\":true,\"valueName\":\"search_term_string\"}}],\"inLanguage\":\"ca\"},{\"@type\":\"Person\",\"@id\":\"https:\\\/\\\/santapola.es\\\/ca\\\/#\\\/schema\\\/person\\\/c08381290b84c068e06ca5dc1f5a08a7\",\"name\":\"\u00c1rea Municipal Alcald\u00eda\"}]}<\/script>\n<!-- \/ Yoast SEO plugin. -->","yoast_head_json":{"title":"La Concejal\u00eda de Comercio hace balance del 2020 - Ajuntament de Santa Pola","robots":{"index":"index","follow":"follow","max-snippet":"max-snippet:-1","max-image-preview":"max-image-preview:large","max-video-preview":"max-video-preview:-1"},"canonical":"https:\/\/santapola.es\/ca\/la-concejalia-de-comercio-hace-balance-del-2020\/","og_locale":"ca_ES","og_type":"article","og_title":"La Concejal\u00eda de Comercio hace balance del 2020 - Ajuntament de Santa Pola","og_description":"La Concejal\u00eda de Comercio hace balance del 2020, un a\u00f1o at\u00edpico a causa de la pandemia. Desgraciadamente han sido muchas v\u00edctimas que tendremos en nuestro recuerdo y que a aunque ha comenzado un nuevo a\u00f1o seguimos con el virus pero con la esperanza de que acabe lo m\u00e1s pronto posible y volvamos a la normalidad. [&hellip;]","og_url":"https:\/\/santapola.es\/ca\/la-concejalia-de-comercio-hace-balance-del-2020\/","og_site_name":"Ajuntament de Santa Pola","article_publisher":"https:\/\/www.facebook.com\/AyuntamientoSantaPola\/","article_published_time":"2021-01-13T12:28:18+00:00","article_modified_time":"2024-03-07T17:39:18+00:00","author":"\u00c1rea Municipal Alcald\u00eda","twitter_card":"summary_large_image","twitter_creator":"@SantaPolaAyunt","twitter_site":"@SantaPolaAyunt","schema":{"@context":"https:\/\/schema.org","@graph":[{"@type":"Article","@id":"https:\/\/santapola.es\/ca\/la-concejalia-de-comercio-hace-balance-del-2020\/#article","isPartOf":{"@id":"https:\/\/santapola.es\/ca\/la-concejalia-de-comercio-hace-balance-del-2020\/"},"author":{"name":"\u00c1rea Municipal Alcald\u00eda","@id":"https:\/\/santapola.es\/ca\/#\/schema\/person\/c08381290b84c068e06ca5dc1f5a08a7"},"headline":"La Concejal\u00eda de Comercio hace balance del 2020","datePublished":"2021-01-13T12:28:18+00:00","dateModified":"2024-03-07T17:39:18+00:00","mainEntityOfPage":{"@id":"https:\/\/santapola.es\/ca\/la-concejalia-de-comercio-hace-balance-del-2020\/"},"wordCount":752,"articleSection":["Comercio\/ Consumo","Inicio","Sin categorizar"],"inLanguage":"ca"},{"@type":"WebPage","@id":"https:\/\/santapola.es\/ca\/la-concejalia-de-comercio-hace-balance-del-2020\/","url":"https:\/\/santapola.es\/ca\/la-concejalia-de-comercio-hace-balance-del-2020\/","name":"La Concejal\u00eda de Comercio hace balance del 2020 - Ajuntament de Santa Pola","isPartOf":{"@id":"https:\/\/santapola.es\/ca\/#website"},"datePublished":"2021-01-13T12:28:18+00:00","dateModified":"2024-03-07T17:39:18+00:00","author":{"@id":"https:\/\/santapola.es\/ca\/#\/schema\/person\/c08381290b84c068e06ca5dc1f5a08a7"},"breadcrumb":{"@id":"https:\/\/santapola.es\/ca\/la-concejalia-de-comercio-hace-balance-del-2020\/#breadcrumb"},"inLanguage":"ca","potentialAction":[{"@type":"ReadAction","target":["https:\/\/santapola.es\/ca\/la-concejalia-de-comercio-hace-balance-del-2020\/"]}]},{"@type":"BreadcrumbList","@id":"https:\/\/santapola.es\/ca\/la-concejalia-de-comercio-hace-balance-del-2020\/#breadcrumb","itemListElement":[{"@type":"ListItem","position":1,"name":"Inici","item":"https:\/\/santapola.es\/ca\/"},{"@type":"ListItem","position":2,"name":"La Concejal\u00eda de Comercio hace balance del 2020"}]},{"@type":"WebSite","@id":"https:\/\/santapola.es\/ca\/#website","url":"https:\/\/santapola.es\/ca\/","name":"Ayuntamiento de Santa Pola","description":"Web de l'Ajuntament de Santa Pola","potentialAction":[{"@type":"SearchAction","target":{"@type":"EntryPoint","urlTemplate":"https:\/\/santapola.es\/ca\/?s={search_term_string}"},"query-input":{"@type":"PropertyValueSpecification","valueRequired":true,"valueName":"search_term_string"}}],"inLanguage":"ca"},{"@type":"Person","@id":"https:\/\/santapola.es\/ca\/#\/schema\/person\/c08381290b84c068e06ca5dc1f5a08a7","name":"\u00c1rea Municipal Alcald\u00eda"}]}},"_links":{"self":[{"href":"https:\/\/santapola.es\/ca\/wp-json\/wp\/v2\/posts\/13744","targetHints":{"allow":["GET"]}}],"collection":[{"href":"https:\/\/santapola.es\/ca\/wp-json\/wp\/v2\/posts"}],"about":[{"href":"https:\/\/santapola.es\/ca\/wp-json\/wp\/v2\/types\/post"}],"author":[{"embeddable":true,"href":"https:\/\/santapola.es\/ca\/wp-json\/wp\/v2\/users\/75"}],"replies":[{"embeddable":true,"href":"https:\/\/santapola.es\/ca\/wp-json\/wp\/v2\/comments?post=13744"}],"version-history":[{"count":0,"href":"https:\/\/santapola.es\/ca\/wp-json\/wp\/v2\/posts\/13744\/revisions"}],"wp:attachment":[{"href":"https:\/\/santapola.es\/ca\/wp-json\/wp\/v2\/media?parent=13744"}],"wp:term":[{"taxonomy":"category","embeddable":true,"href":"https:\/\/santapola.es\/ca\/wp-json\/wp\/v2\/categories?post=13744"},{"taxonomy":"post_tag","embeddable":true,"href":"https:\/\/santapola.es\/ca\/wp-json\/wp\/v2\/tags?post=13744"}],"curies":[{"name":"wp","href":"https:\/\/api.w.org\/{rel}","templated":true}]}}