{"id":13736,"date":"2021-01-12T14:38:32","date_gmt":"2021-01-12T13:38:32","guid":{"rendered":"https:\/\/www.santapola.es\/?p=13736"},"modified":"2024-03-07T18:39:17","modified_gmt":"2024-03-07T17:39:17","slug":"resolucion-de-ayudas-para-pymes-locales","status":"publish","type":"post","link":"https:\/\/santapola.es\/ca\/resolucion-de-ayudas-para-pymes-locales\/","title":{"rendered":"Resoluci\u00f3n de ayudas para pymes locales"},"content":{"rendered":"<p style=\"text-align: justify;\"><strong><em>Concedidas las subvenciones para apoyar al sector empresarial y profesional y minimizar el impacto econ\u00f3mico producido por la COVID 19, financiadas por la Diputaci\u00f3n de Alicante<\/em><\/strong><\/p>\n<p style=\"text-align: justify;\">En la \u00faltima semana de diciembre, mediante varias resoluciones de la Alcald\u00eda-Presidencia del Ayuntamiento de Santa Pola, se han resuelto los m\u00e1s de 200 expedientes de ayudas que las empresas locales han presentado para las ayudas destinadas a apoyar a pymes, micropymes y aut\u00f3nomos para hacer frente a los efectos producidos por la COVID-19, financiadas al 100% por la Excma. Diputaci\u00f3n de Alicante.<\/p>\n<p style=\"text-align: justify;\">Por un lado se han concedido ayudas a 131 empresas del municipio que han cesado su actividad motivado por la aplicaci\u00f3n del Real decreto 463\/2020, de 14 de marzo, destin\u00e1ndose un total de 96.877,81 \u20ac.<\/p>\n<p style=\"text-align: justify;\">La otra l\u00ednea de ayudas ha beneficiado a 52 empresas locales que registraron una reducci\u00f3n de la facturaci\u00f3n correspondiente al mes de abril y mayo de 2020, al menos un 50% respecto del promedio facturado en el semestre natural anterior a la declaraci\u00f3n del estado de alarma, destin\u00e1ndose un importe total de 16.161,19 \u20ac.<\/p>\n<p style=\"text-align: justify;\">Tan solo 24 de las 207 solicitudes presentadas han sido denegadas. Entre otros motivos, por falta de documentaci\u00f3n tras el pertinente requerimiento, por no ajustarse los gastos presentados a los conceptos subvencionables definidos por la Diputaci\u00f3n o bien por no reunir los requisitos para ser beneficiario de estas ayudas.<\/p>\n<p style=\"text-align: justify;\">A partir de la publicaci\u00f3n de esta noticia, todos los solicitantes comenzar\u00e1n a recibir individualmente el resultado de su solicitud.<\/p>\n<p><a href=\"https:\/\/santapola.es\/wp-content\/uploads\/2021\/01\/Anexo_Resol_Ayudas.pdf\" target=\"_blank\" rel=\"noopener noreferrer\">Anexo: Ayudas concedidas, denegadas, desistidas y no admitidas a tr\u00e1mite.<\/a><\/p>\n","protected":false},"excerpt":{"rendered":"<p>Concedidas las subvenciones para apoyar al sector empresarial y profesional y minimizar el impacto econ\u00f3mico producido por la COVID 19, financiadas por la Diputaci\u00f3n de Alicante En la \u00faltima semana de diciembre, mediante varias resoluciones de la Alcald\u00eda-Presidencia del Ayuntamiento de Santa Pola, se han resuelto los m\u00e1s de 200 expedientes de ayudas que las [&hellip;]<\/p>\n","protected":false},"author":75,"featured_media":0,"comment_status":"closed","ping_status":"closed","sticky":false,"template":"","format":"standard","meta":{"_et_pb_use_builder":"","_et_pb_old_content":"","_et_gb_content_width":"","footnotes":""},"categories":[52,66,406],"tags":[],"class_list":["post-13736","post","type-post","status-publish","format-standard","hentry","category-comercioconsumo","category-inicio","category-sin-categorizar-2"],"yoast_head":"<!-- This site is optimized with the Yoast SEO plugin v27.4 - https:\/\/yoast.com\/product\/yoast-seo-wordpress\/ -->\n<title>Resoluci\u00f3n de ayudas para pymes locales - Ajuntament de Santa Pola<\/title>\n<meta name=\"robots\" content=\"index, follow, max-snippet:-1, max-image-preview:large, max-video-preview:-1\" \/>\n<link rel=\"canonical\" href=\"https:\/\/santapola.es\/ca\/resolucion-de-ayudas-para-pymes-locales\/\" \/>\n<meta property=\"og:locale\" content=\"ca_ES\" \/>\n<meta property=\"og:type\" content=\"article\" \/>\n<meta property=\"og:title\" content=\"Resoluci\u00f3n de ayudas para pymes locales - Ajuntament de Santa Pola\" \/>\n<meta property=\"og:description\" content=\"Concedidas las subvenciones para apoyar al sector empresarial y profesional y minimizar el impacto econ\u00f3mico producido por la COVID 19, financiadas por la Diputaci\u00f3n de Alicante En la \u00faltima semana de diciembre, mediante varias resoluciones de la Alcald\u00eda-Presidencia del Ayuntamiento de Santa Pola, se han resuelto los m\u00e1s de 200 expedientes de ayudas que las [&hellip;]\" \/>\n<meta property=\"og:url\" content=\"https:\/\/santapola.es\/ca\/resolucion-de-ayudas-para-pymes-locales\/\" \/>\n<meta property=\"og:site_name\" content=\"Ajuntament de Santa Pola\" \/>\n<meta property=\"article:publisher\" content=\"https:\/\/www.facebook.com\/AyuntamientoSantaPola\/\" \/>\n<meta property=\"article:published_time\" content=\"2021-01-12T13:38:32+00:00\" \/>\n<meta property=\"article:modified_time\" content=\"2024-03-07T17:39:17+00:00\" \/>\n<meta name=\"author\" content=\"\u00c1rea Municipal Alcald\u00eda\" \/>\n<meta name=\"twitter:card\" content=\"summary_large_image\" \/>\n<meta name=\"twitter:creator\" content=\"@SantaPolaAyunt\" \/>\n<meta name=\"twitter:site\" content=\"@SantaPolaAyunt\" \/>\n<script type=\"application\/ld+json\" class=\"yoast-schema-graph\">{\"@context\":\"https:\\\/\\\/schema.org\",\"@graph\":[{\"@type\":\"Article\",\"@id\":\"https:\\\/\\\/santapola.es\\\/ca\\\/resolucion-de-ayudas-para-pymes-locales\\\/#article\",\"isPartOf\":{\"@id\":\"https:\\\/\\\/santapola.es\\\/ca\\\/resolucion-de-ayudas-para-pymes-locales\\\/\"},\"author\":{\"name\":\"\u00c1rea Municipal Alcald\u00eda\",\"@id\":\"https:\\\/\\\/santapola.es\\\/ca\\\/#\\\/schema\\\/person\\\/c08381290b84c068e06ca5dc1f5a08a7\"},\"headline\":\"Resoluci\u00f3n de ayudas para pymes locales\",\"datePublished\":\"2021-01-12T13:38:32+00:00\",\"dateModified\":\"2024-03-07T17:39:17+00:00\",\"mainEntityOfPage\":{\"@id\":\"https:\\\/\\\/santapola.es\\\/ca\\\/resolucion-de-ayudas-para-pymes-locales\\\/\"},\"wordCount\":267,\"articleSection\":[\"Comercio\\\/ Consumo\",\"Inicio\",\"Sin categorizar\"],\"inLanguage\":\"ca\"},{\"@type\":\"WebPage\",\"@id\":\"https:\\\/\\\/santapola.es\\\/ca\\\/resolucion-de-ayudas-para-pymes-locales\\\/\",\"url\":\"https:\\\/\\\/santapola.es\\\/ca\\\/resolucion-de-ayudas-para-pymes-locales\\\/\",\"name\":\"Resoluci\u00f3n de ayudas para pymes locales - Ajuntament de Santa Pola\",\"isPartOf\":{\"@id\":\"https:\\\/\\\/santapola.es\\\/ca\\\/#website\"},\"datePublished\":\"2021-01-12T13:38:32+00:00\",\"dateModified\":\"2024-03-07T17:39:17+00:00\",\"author\":{\"@id\":\"https:\\\/\\\/santapola.es\\\/ca\\\/#\\\/schema\\\/person\\\/c08381290b84c068e06ca5dc1f5a08a7\"},\"breadcrumb\":{\"@id\":\"https:\\\/\\\/santapola.es\\\/ca\\\/resolucion-de-ayudas-para-pymes-locales\\\/#breadcrumb\"},\"inLanguage\":\"ca\",\"potentialAction\":[{\"@type\":\"ReadAction\",\"target\":[\"https:\\\/\\\/santapola.es\\\/ca\\\/resolucion-de-ayudas-para-pymes-locales\\\/\"]}]},{\"@type\":\"BreadcrumbList\",\"@id\":\"https:\\\/\\\/santapola.es\\\/ca\\\/resolucion-de-ayudas-para-pymes-locales\\\/#breadcrumb\",\"itemListElement\":[{\"@type\":\"ListItem\",\"position\":1,\"name\":\"Inici\",\"item\":\"https:\\\/\\\/santapola.es\\\/ca\\\/\"},{\"@type\":\"ListItem\",\"position\":2,\"name\":\"Resoluci\u00f3n de ayudas para pymes locales\"}]},{\"@type\":\"WebSite\",\"@id\":\"https:\\\/\\\/santapola.es\\\/ca\\\/#website\",\"url\":\"https:\\\/\\\/santapola.es\\\/ca\\\/\",\"name\":\"Ayuntamiento de Santa Pola\",\"description\":\"Web de l'Ajuntament de Santa Pola\",\"potentialAction\":[{\"@type\":\"SearchAction\",\"target\":{\"@type\":\"EntryPoint\",\"urlTemplate\":\"https:\\\/\\\/santapola.es\\\/ca\\\/?s={search_term_string}\"},\"query-input\":{\"@type\":\"PropertyValueSpecification\",\"valueRequired\":true,\"valueName\":\"search_term_string\"}}],\"inLanguage\":\"ca\"},{\"@type\":\"Person\",\"@id\":\"https:\\\/\\\/santapola.es\\\/ca\\\/#\\\/schema\\\/person\\\/c08381290b84c068e06ca5dc1f5a08a7\",\"name\":\"\u00c1rea Municipal Alcald\u00eda\"}]}<\/script>\n<!-- \/ Yoast SEO plugin. -->","yoast_head_json":{"title":"Resoluci\u00f3n de ayudas para pymes locales - Ajuntament de Santa Pola","robots":{"index":"index","follow":"follow","max-snippet":"max-snippet:-1","max-image-preview":"max-image-preview:large","max-video-preview":"max-video-preview:-1"},"canonical":"https:\/\/santapola.es\/ca\/resolucion-de-ayudas-para-pymes-locales\/","og_locale":"ca_ES","og_type":"article","og_title":"Resoluci\u00f3n de ayudas para pymes locales - Ajuntament de Santa Pola","og_description":"Concedidas las subvenciones para apoyar al sector empresarial y profesional y minimizar el impacto econ\u00f3mico producido por la COVID 19, financiadas por la Diputaci\u00f3n de Alicante En la \u00faltima semana de diciembre, mediante varias resoluciones de la Alcald\u00eda-Presidencia del Ayuntamiento de Santa Pola, se han resuelto los m\u00e1s de 200 expedientes de ayudas que las [&hellip;]","og_url":"https:\/\/santapola.es\/ca\/resolucion-de-ayudas-para-pymes-locales\/","og_site_name":"Ajuntament de Santa Pola","article_publisher":"https:\/\/www.facebook.com\/AyuntamientoSantaPola\/","article_published_time":"2021-01-12T13:38:32+00:00","article_modified_time":"2024-03-07T17:39:17+00:00","author":"\u00c1rea Municipal Alcald\u00eda","twitter_card":"summary_large_image","twitter_creator":"@SantaPolaAyunt","twitter_site":"@SantaPolaAyunt","schema":{"@context":"https:\/\/schema.org","@graph":[{"@type":"Article","@id":"https:\/\/santapola.es\/ca\/resolucion-de-ayudas-para-pymes-locales\/#article","isPartOf":{"@id":"https:\/\/santapola.es\/ca\/resolucion-de-ayudas-para-pymes-locales\/"},"author":{"name":"\u00c1rea Municipal Alcald\u00eda","@id":"https:\/\/santapola.es\/ca\/#\/schema\/person\/c08381290b84c068e06ca5dc1f5a08a7"},"headline":"Resoluci\u00f3n de ayudas para pymes locales","datePublished":"2021-01-12T13:38:32+00:00","dateModified":"2024-03-07T17:39:17+00:00","mainEntityOfPage":{"@id":"https:\/\/santapola.es\/ca\/resolucion-de-ayudas-para-pymes-locales\/"},"wordCount":267,"articleSection":["Comercio\/ Consumo","Inicio","Sin categorizar"],"inLanguage":"ca"},{"@type":"WebPage","@id":"https:\/\/santapola.es\/ca\/resolucion-de-ayudas-para-pymes-locales\/","url":"https:\/\/santapola.es\/ca\/resolucion-de-ayudas-para-pymes-locales\/","name":"Resoluci\u00f3n de ayudas para pymes locales - Ajuntament de Santa Pola","isPartOf":{"@id":"https:\/\/santapola.es\/ca\/#website"},"datePublished":"2021-01-12T13:38:32+00:00","dateModified":"2024-03-07T17:39:17+00:00","author":{"@id":"https:\/\/santapola.es\/ca\/#\/schema\/person\/c08381290b84c068e06ca5dc1f5a08a7"},"breadcrumb":{"@id":"https:\/\/santapola.es\/ca\/resolucion-de-ayudas-para-pymes-locales\/#breadcrumb"},"inLanguage":"ca","potentialAction":[{"@type":"ReadAction","target":["https:\/\/santapola.es\/ca\/resolucion-de-ayudas-para-pymes-locales\/"]}]},{"@type":"BreadcrumbList","@id":"https:\/\/santapola.es\/ca\/resolucion-de-ayudas-para-pymes-locales\/#breadcrumb","itemListElement":[{"@type":"ListItem","position":1,"name":"Inici","item":"https:\/\/santapola.es\/ca\/"},{"@type":"ListItem","position":2,"name":"Resoluci\u00f3n de ayudas para pymes locales"}]},{"@type":"WebSite","@id":"https:\/\/santapola.es\/ca\/#website","url":"https:\/\/santapola.es\/ca\/","name":"Ayuntamiento de Santa Pola","description":"Web de l'Ajuntament de Santa Pola","potentialAction":[{"@type":"SearchAction","target":{"@type":"EntryPoint","urlTemplate":"https:\/\/santapola.es\/ca\/?s={search_term_string}"},"query-input":{"@type":"PropertyValueSpecification","valueRequired":true,"valueName":"search_term_string"}}],"inLanguage":"ca"},{"@type":"Person","@id":"https:\/\/santapola.es\/ca\/#\/schema\/person\/c08381290b84c068e06ca5dc1f5a08a7","name":"\u00c1rea Municipal Alcald\u00eda"}]}},"_links":{"self":[{"href":"https:\/\/santapola.es\/ca\/wp-json\/wp\/v2\/posts\/13736","targetHints":{"allow":["GET"]}}],"collection":[{"href":"https:\/\/santapola.es\/ca\/wp-json\/wp\/v2\/posts"}],"about":[{"href":"https:\/\/santapola.es\/ca\/wp-json\/wp\/v2\/types\/post"}],"author":[{"embeddable":true,"href":"https:\/\/santapola.es\/ca\/wp-json\/wp\/v2\/users\/75"}],"replies":[{"embeddable":true,"href":"https:\/\/santapola.es\/ca\/wp-json\/wp\/v2\/comments?post=13736"}],"version-history":[{"count":0,"href":"https:\/\/santapola.es\/ca\/wp-json\/wp\/v2\/posts\/13736\/revisions"}],"wp:attachment":[{"href":"https:\/\/santapola.es\/ca\/wp-json\/wp\/v2\/media?parent=13736"}],"wp:term":[{"taxonomy":"category","embeddable":true,"href":"https:\/\/santapola.es\/ca\/wp-json\/wp\/v2\/categories?post=13736"},{"taxonomy":"post_tag","embeddable":true,"href":"https:\/\/santapola.es\/ca\/wp-json\/wp\/v2\/tags?post=13736"}],"curies":[{"name":"wp","href":"https:\/\/api.w.org\/{rel}","templated":true}]}}