{"id":13699,"date":"2020-12-29T08:57:27","date_gmt":"2020-12-29T07:57:27","guid":{"rendered":"https:\/\/www.santapola.es\/?p=13699"},"modified":"2024-03-07T18:39:17","modified_gmt":"2024-03-07T17:39:17","slug":"retransmision-en-directo-canciones-de-cuentos-marina-damer-y-carlos-ambros","status":"publish","type":"post","link":"https:\/\/santapola.es\/ca\/retransmision-en-directo-canciones-de-cuentos-marina-damer-y-carlos-ambros\/","title":{"rendered":"Retransmisi\u00f3n en directo canciones de cuentos Marina Damer y Carlos Ambr\u00f3s"},"content":{"rendered":"<div>\n<p>El pr\u00f3ximo mi\u00e9rcoles 30 de diciembre a las 18:30 h. podr\u00e1s seguir aqu\u00ed <strong>en directo<\/strong> el espect\u00e1culo musical familiar de Marina Damer y Carlos Ambr\u00f3s:<\/p>\n<\/div>\n<div id=\"rspmediaplayer\" style=\"position: relative; padding-bottom: 56.25%;\"><iframe style=\"position: absolute; top: 0; left: 0; width: 100%; height: 100%; border: 0;\" src=\"https:\/\/directo.rspmedia.es\/embed\/player.html?channel=directo1\" scrolling=\"no\" allowfullscreen=\"allowfullscreen\"><\/iframe><\/div>\n","protected":false},"excerpt":{"rendered":"<p>El pr\u00f3ximo mi\u00e9rcoles 30 de diciembre a las 18:30 h. podr\u00e1s seguir aqu\u00ed en directo el espect\u00e1culo musical familiar de Marina Damer y Carlos Ambr\u00f3s:<\/p>\n","protected":false},"author":75,"featured_media":0,"comment_status":"closed","ping_status":"closed","sticky":false,"template":"","format":"standard","meta":{"_et_pb_use_builder":"","_et_pb_old_content":"","_et_gb_content_width":"","footnotes":""},"categories":[51,60,66,406],"tags":[],"class_list":["post-13699","post","type-post","status-publish","format-standard","hentry","category-cultura-fiestas","category-educacion-juventud","category-inicio","category-sin-categorizar-2"],"yoast_head":"<!-- This site is optimized with the Yoast SEO plugin v27.4 - https:\/\/yoast.com\/product\/yoast-seo-wordpress\/ -->\n<title>Retransmisi\u00f3n en directo canciones de cuentos Marina Damer y Carlos Ambr\u00f3s - Ajuntament de Santa Pola<\/title>\n<meta name=\"robots\" content=\"index, follow, max-snippet:-1, max-image-preview:large, max-video-preview:-1\" \/>\n<link rel=\"canonical\" href=\"https:\/\/santapola.es\/ca\/retransmision-en-directo-canciones-de-cuentos-marina-damer-y-carlos-ambros\/\" \/>\n<meta property=\"og:locale\" content=\"ca_ES\" \/>\n<meta property=\"og:type\" content=\"article\" \/>\n<meta property=\"og:title\" content=\"Retransmisi\u00f3n en directo canciones de cuentos Marina Damer y Carlos Ambr\u00f3s - Ajuntament de Santa Pola\" \/>\n<meta property=\"og:description\" content=\"El pr\u00f3ximo mi\u00e9rcoles 30 de diciembre a las 18:30 h. podr\u00e1s seguir aqu\u00ed en directo el espect\u00e1culo musical familiar de Marina Damer y Carlos Ambr\u00f3s:\" \/>\n<meta property=\"og:url\" content=\"https:\/\/santapola.es\/ca\/retransmision-en-directo-canciones-de-cuentos-marina-damer-y-carlos-ambros\/\" \/>\n<meta property=\"og:site_name\" content=\"Ajuntament de Santa Pola\" \/>\n<meta property=\"article:publisher\" content=\"https:\/\/www.facebook.com\/AyuntamientoSantaPola\/\" \/>\n<meta property=\"article:published_time\" content=\"2020-12-29T07:57:27+00:00\" \/>\n<meta property=\"article:modified_time\" content=\"2024-03-07T17:39:17+00:00\" \/>\n<meta name=\"author\" content=\"\u00c1rea Municipal Alcald\u00eda\" \/>\n<meta name=\"twitter:card\" content=\"summary_large_image\" \/>\n<meta name=\"twitter:creator\" content=\"@SantaPolaAyunt\" \/>\n<meta name=\"twitter:site\" content=\"@SantaPolaAyunt\" \/>\n<script type=\"application\/ld+json\" class=\"yoast-schema-graph\">{\"@context\":\"https:\\\/\\\/schema.org\",\"@graph\":[{\"@type\":\"Article\",\"@id\":\"https:\\\/\\\/santapola.es\\\/ca\\\/retransmision-en-directo-canciones-de-cuentos-marina-damer-y-carlos-ambros\\\/#article\",\"isPartOf\":{\"@id\":\"https:\\\/\\\/santapola.es\\\/ca\\\/retransmision-en-directo-canciones-de-cuentos-marina-damer-y-carlos-ambros\\\/\"},\"author\":{\"name\":\"\u00c1rea Municipal Alcald\u00eda\",\"@id\":\"https:\\\/\\\/santapola.es\\\/ca\\\/#\\\/schema\\\/person\\\/c08381290b84c068e06ca5dc1f5a08a7\"},\"headline\":\"Retransmisi\u00f3n en directo canciones de cuentos Marina Damer y Carlos Ambr\u00f3s\",\"datePublished\":\"2020-12-29T07:57:27+00:00\",\"dateModified\":\"2024-03-07T17:39:17+00:00\",\"mainEntityOfPage\":{\"@id\":\"https:\\\/\\\/santapola.es\\\/ca\\\/retransmision-en-directo-canciones-de-cuentos-marina-damer-y-carlos-ambros\\\/\"},\"wordCount\":41,\"articleSection\":[\"Cultura\\\/ Fiestas\",\"Educaci\u00f3n \\\/ Juventud\",\"Inicio\",\"Sin categorizar\"],\"inLanguage\":\"ca\"},{\"@type\":\"WebPage\",\"@id\":\"https:\\\/\\\/santapola.es\\\/ca\\\/retransmision-en-directo-canciones-de-cuentos-marina-damer-y-carlos-ambros\\\/\",\"url\":\"https:\\\/\\\/santapola.es\\\/ca\\\/retransmision-en-directo-canciones-de-cuentos-marina-damer-y-carlos-ambros\\\/\",\"name\":\"Retransmisi\u00f3n en directo canciones de cuentos Marina Damer y Carlos Ambr\u00f3s - Ajuntament de Santa Pola\",\"isPartOf\":{\"@id\":\"https:\\\/\\\/santapola.es\\\/ca\\\/#website\"},\"datePublished\":\"2020-12-29T07:57:27+00:00\",\"dateModified\":\"2024-03-07T17:39:17+00:00\",\"author\":{\"@id\":\"https:\\\/\\\/santapola.es\\\/ca\\\/#\\\/schema\\\/person\\\/c08381290b84c068e06ca5dc1f5a08a7\"},\"breadcrumb\":{\"@id\":\"https:\\\/\\\/santapola.es\\\/ca\\\/retransmision-en-directo-canciones-de-cuentos-marina-damer-y-carlos-ambros\\\/#breadcrumb\"},\"inLanguage\":\"ca\",\"potentialAction\":[{\"@type\":\"ReadAction\",\"target\":[\"https:\\\/\\\/santapola.es\\\/ca\\\/retransmision-en-directo-canciones-de-cuentos-marina-damer-y-carlos-ambros\\\/\"]}]},{\"@type\":\"BreadcrumbList\",\"@id\":\"https:\\\/\\\/santapola.es\\\/ca\\\/retransmision-en-directo-canciones-de-cuentos-marina-damer-y-carlos-ambros\\\/#breadcrumb\",\"itemListElement\":[{\"@type\":\"ListItem\",\"position\":1,\"name\":\"Inici\",\"item\":\"https:\\\/\\\/santapola.es\\\/ca\\\/\"},{\"@type\":\"ListItem\",\"position\":2,\"name\":\"Retransmisi\u00f3n en directo canciones de cuentos Marina Damer y Carlos Ambr\u00f3s\"}]},{\"@type\":\"WebSite\",\"@id\":\"https:\\\/\\\/santapola.es\\\/ca\\\/#website\",\"url\":\"https:\\\/\\\/santapola.es\\\/ca\\\/\",\"name\":\"Ayuntamiento de Santa Pola\",\"description\":\"Web de l'Ajuntament de Santa Pola\",\"potentialAction\":[{\"@type\":\"SearchAction\",\"target\":{\"@type\":\"EntryPoint\",\"urlTemplate\":\"https:\\\/\\\/santapola.es\\\/ca\\\/?s={search_term_string}\"},\"query-input\":{\"@type\":\"PropertyValueSpecification\",\"valueRequired\":true,\"valueName\":\"search_term_string\"}}],\"inLanguage\":\"ca\"},{\"@type\":\"Person\",\"@id\":\"https:\\\/\\\/santapola.es\\\/ca\\\/#\\\/schema\\\/person\\\/c08381290b84c068e06ca5dc1f5a08a7\",\"name\":\"\u00c1rea Municipal Alcald\u00eda\"}]}<\/script>\n<!-- \/ Yoast SEO plugin. -->","yoast_head_json":{"title":"Retransmisi\u00f3n en directo canciones de cuentos Marina Damer y Carlos Ambr\u00f3s - Ajuntament de Santa Pola","robots":{"index":"index","follow":"follow","max-snippet":"max-snippet:-1","max-image-preview":"max-image-preview:large","max-video-preview":"max-video-preview:-1"},"canonical":"https:\/\/santapola.es\/ca\/retransmision-en-directo-canciones-de-cuentos-marina-damer-y-carlos-ambros\/","og_locale":"ca_ES","og_type":"article","og_title":"Retransmisi\u00f3n en directo canciones de cuentos Marina Damer y Carlos Ambr\u00f3s - Ajuntament de Santa Pola","og_description":"El pr\u00f3ximo mi\u00e9rcoles 30 de diciembre a las 18:30 h. podr\u00e1s seguir aqu\u00ed en directo el espect\u00e1culo musical familiar de Marina Damer y Carlos Ambr\u00f3s:","og_url":"https:\/\/santapola.es\/ca\/retransmision-en-directo-canciones-de-cuentos-marina-damer-y-carlos-ambros\/","og_site_name":"Ajuntament de Santa Pola","article_publisher":"https:\/\/www.facebook.com\/AyuntamientoSantaPola\/","article_published_time":"2020-12-29T07:57:27+00:00","article_modified_time":"2024-03-07T17:39:17+00:00","author":"\u00c1rea Municipal Alcald\u00eda","twitter_card":"summary_large_image","twitter_creator":"@SantaPolaAyunt","twitter_site":"@SantaPolaAyunt","schema":{"@context":"https:\/\/schema.org","@graph":[{"@type":"Article","@id":"https:\/\/santapola.es\/ca\/retransmision-en-directo-canciones-de-cuentos-marina-damer-y-carlos-ambros\/#article","isPartOf":{"@id":"https:\/\/santapola.es\/ca\/retransmision-en-directo-canciones-de-cuentos-marina-damer-y-carlos-ambros\/"},"author":{"name":"\u00c1rea Municipal Alcald\u00eda","@id":"https:\/\/santapola.es\/ca\/#\/schema\/person\/c08381290b84c068e06ca5dc1f5a08a7"},"headline":"Retransmisi\u00f3n en directo canciones de cuentos Marina Damer y Carlos Ambr\u00f3s","datePublished":"2020-12-29T07:57:27+00:00","dateModified":"2024-03-07T17:39:17+00:00","mainEntityOfPage":{"@id":"https:\/\/santapola.es\/ca\/retransmision-en-directo-canciones-de-cuentos-marina-damer-y-carlos-ambros\/"},"wordCount":41,"articleSection":["Cultura\/ Fiestas","Educaci\u00f3n \/ Juventud","Inicio","Sin categorizar"],"inLanguage":"ca"},{"@type":"WebPage","@id":"https:\/\/santapola.es\/ca\/retransmision-en-directo-canciones-de-cuentos-marina-damer-y-carlos-ambros\/","url":"https:\/\/santapola.es\/ca\/retransmision-en-directo-canciones-de-cuentos-marina-damer-y-carlos-ambros\/","name":"Retransmisi\u00f3n en directo canciones de cuentos Marina Damer y Carlos Ambr\u00f3s - Ajuntament de Santa Pola","isPartOf":{"@id":"https:\/\/santapola.es\/ca\/#website"},"datePublished":"2020-12-29T07:57:27+00:00","dateModified":"2024-03-07T17:39:17+00:00","author":{"@id":"https:\/\/santapola.es\/ca\/#\/schema\/person\/c08381290b84c068e06ca5dc1f5a08a7"},"breadcrumb":{"@id":"https:\/\/santapola.es\/ca\/retransmision-en-directo-canciones-de-cuentos-marina-damer-y-carlos-ambros\/#breadcrumb"},"inLanguage":"ca","potentialAction":[{"@type":"ReadAction","target":["https:\/\/santapola.es\/ca\/retransmision-en-directo-canciones-de-cuentos-marina-damer-y-carlos-ambros\/"]}]},{"@type":"BreadcrumbList","@id":"https:\/\/santapola.es\/ca\/retransmision-en-directo-canciones-de-cuentos-marina-damer-y-carlos-ambros\/#breadcrumb","itemListElement":[{"@type":"ListItem","position":1,"name":"Inici","item":"https:\/\/santapola.es\/ca\/"},{"@type":"ListItem","position":2,"name":"Retransmisi\u00f3n en directo canciones de cuentos Marina Damer y Carlos Ambr\u00f3s"}]},{"@type":"WebSite","@id":"https:\/\/santapola.es\/ca\/#website","url":"https:\/\/santapola.es\/ca\/","name":"Ayuntamiento de Santa Pola","description":"Web de l'Ajuntament de Santa Pola","potentialAction":[{"@type":"SearchAction","target":{"@type":"EntryPoint","urlTemplate":"https:\/\/santapola.es\/ca\/?s={search_term_string}"},"query-input":{"@type":"PropertyValueSpecification","valueRequired":true,"valueName":"search_term_string"}}],"inLanguage":"ca"},{"@type":"Person","@id":"https:\/\/santapola.es\/ca\/#\/schema\/person\/c08381290b84c068e06ca5dc1f5a08a7","name":"\u00c1rea Municipal Alcald\u00eda"}]}},"_links":{"self":[{"href":"https:\/\/santapola.es\/ca\/wp-json\/wp\/v2\/posts\/13699","targetHints":{"allow":["GET"]}}],"collection":[{"href":"https:\/\/santapola.es\/ca\/wp-json\/wp\/v2\/posts"}],"about":[{"href":"https:\/\/santapola.es\/ca\/wp-json\/wp\/v2\/types\/post"}],"author":[{"embeddable":true,"href":"https:\/\/santapola.es\/ca\/wp-json\/wp\/v2\/users\/75"}],"replies":[{"embeddable":true,"href":"https:\/\/santapola.es\/ca\/wp-json\/wp\/v2\/comments?post=13699"}],"version-history":[{"count":0,"href":"https:\/\/santapola.es\/ca\/wp-json\/wp\/v2\/posts\/13699\/revisions"}],"wp:attachment":[{"href":"https:\/\/santapola.es\/ca\/wp-json\/wp\/v2\/media?parent=13699"}],"wp:term":[{"taxonomy":"category","embeddable":true,"href":"https:\/\/santapola.es\/ca\/wp-json\/wp\/v2\/categories?post=13699"},{"taxonomy":"post_tag","embeddable":true,"href":"https:\/\/santapola.es\/ca\/wp-json\/wp\/v2\/tags?post=13699"}],"curies":[{"name":"wp","href":"https:\/\/api.w.org\/{rel}","templated":true}]}}