{"id":13669,"date":"2020-12-29T13:59:06","date_gmt":"2020-12-29T12:59:06","guid":{"rendered":"https:\/\/www.santapola.es\/?p=13669"},"modified":"2024-03-07T18:39:17","modified_gmt":"2024-03-07T17:39:17","slug":"ayudas-para-paliar-los-danos-de-la-dana-de-septiembre-2019","status":"publish","type":"post","link":"https:\/\/santapola.es\/ca\/ayudas-para-paliar-los-danos-de-la-dana-de-septiembre-2019\/","title":{"rendered":"Ayudas para paliar los da\u00f1os de la Dana de septiembre 2019"},"content":{"rendered":"<p style=\"text-align: justify;\">El pasado 20 de noviembre el Ministerio de Pol\u00edtica Territorial y Funci\u00f3n P\u00fablica public\u00f3 la resoluci\u00f3n de las ayudas para paliar los da\u00f1os causados por los temporales y otras situaciones catastr\u00f3ficas. Estas ayudas est\u00e1n destinadas a la ejecuci\u00f3n de las reparaciones post-emergencia, y cubren el 50% de las reparaciones efectuadas.<\/p>\n<p style=\"text-align: justify;\">En el caso de Santa Pola, el conjunto de reparaciones finalmente ascendi\u00f3 a una cuant\u00eda de alrededor de 150.000 euros. Las ayudas del Ministerio cubren un importe aproximado de 75.000 euros que podr\u00e1n recuperarse de la partida econ\u00f3mica de recursos propios que destin\u00f3 el Ayuntamiento a la ejecuci\u00f3n de reparaciones.<\/p>\n<p style=\"text-align: justify;\">Adem\u00e1s, desde otras administraciones tambi\u00e9n se han anunciado ayudas para cubrir el gasto restante, por lo que con ello se espera poder cubrir el 100% de los da\u00f1os derivados de la Dana de septiembre de 2019.<\/p>\n","protected":false},"excerpt":{"rendered":"<p>El pasado 20 de noviembre el Ministerio de Pol\u00edtica Territorial y Funci\u00f3n P\u00fablica public\u00f3 la resoluci\u00f3n de las ayudas para paliar los da\u00f1os causados por los temporales y otras situaciones catastr\u00f3ficas. Estas ayudas est\u00e1n destinadas a la ejecuci\u00f3n de las reparaciones post-emergencia, y cubren el 50% de las reparaciones efectuadas. En el caso de Santa [&hellip;]<\/p>\n","protected":false},"author":75,"featured_media":0,"comment_status":"closed","ping_status":"closed","sticky":false,"template":"","format":"standard","meta":{"_et_pb_use_builder":"","_et_pb_old_content":"","_et_gb_content_width":"","footnotes":""},"categories":[66,54,406],"tags":[],"class_list":["post-13669","post","type-post","status-publish","format-standard","hentry","category-inicio","category-servicios-publicos-infraestructura-fomento-cementerios","category-sin-categorizar-2"],"yoast_head":"<!-- This site is optimized with the Yoast SEO plugin v27.4 - https:\/\/yoast.com\/product\/yoast-seo-wordpress\/ -->\n<title>Ayudas para paliar los da\u00f1os de la Dana de septiembre 2019 - Ajuntament de Santa Pola<\/title>\n<meta name=\"robots\" content=\"index, follow, max-snippet:-1, max-image-preview:large, max-video-preview:-1\" \/>\n<link rel=\"canonical\" href=\"https:\/\/santapola.es\/ca\/ayudas-para-paliar-los-danos-de-la-dana-de-septiembre-2019\/\" \/>\n<meta property=\"og:locale\" content=\"ca_ES\" \/>\n<meta property=\"og:type\" content=\"article\" \/>\n<meta property=\"og:title\" content=\"Ayudas para paliar los da\u00f1os de la Dana de septiembre 2019 - Ajuntament de Santa Pola\" \/>\n<meta property=\"og:description\" content=\"El pasado 20 de noviembre el Ministerio de Pol\u00edtica Territorial y Funci\u00f3n P\u00fablica public\u00f3 la resoluci\u00f3n de las ayudas para paliar los da\u00f1os causados por los temporales y otras situaciones catastr\u00f3ficas. Estas ayudas est\u00e1n destinadas a la ejecuci\u00f3n de las reparaciones post-emergencia, y cubren el 50% de las reparaciones efectuadas. En el caso de Santa [&hellip;]\" \/>\n<meta property=\"og:url\" content=\"https:\/\/santapola.es\/ca\/ayudas-para-paliar-los-danos-de-la-dana-de-septiembre-2019\/\" \/>\n<meta property=\"og:site_name\" content=\"Ajuntament de Santa Pola\" \/>\n<meta property=\"article:publisher\" content=\"https:\/\/www.facebook.com\/AyuntamientoSantaPola\/\" \/>\n<meta property=\"article:published_time\" content=\"2020-12-29T12:59:06+00:00\" \/>\n<meta property=\"article:modified_time\" content=\"2024-03-07T17:39:17+00:00\" \/>\n<meta name=\"author\" content=\"\u00c1rea Municipal Alcald\u00eda\" \/>\n<meta name=\"twitter:card\" content=\"summary_large_image\" \/>\n<meta name=\"twitter:creator\" content=\"@SantaPolaAyunt\" \/>\n<meta name=\"twitter:site\" content=\"@SantaPolaAyunt\" \/>\n<script type=\"application\/ld+json\" class=\"yoast-schema-graph\">{\"@context\":\"https:\\\/\\\/schema.org\",\"@graph\":[{\"@type\":\"Article\",\"@id\":\"https:\\\/\\\/santapola.es\\\/ca\\\/ayudas-para-paliar-los-danos-de-la-dana-de-septiembre-2019\\\/#article\",\"isPartOf\":{\"@id\":\"https:\\\/\\\/santapola.es\\\/ca\\\/ayudas-para-paliar-los-danos-de-la-dana-de-septiembre-2019\\\/\"},\"author\":{\"name\":\"\u00c1rea Municipal Alcald\u00eda\",\"@id\":\"https:\\\/\\\/santapola.es\\\/ca\\\/#\\\/schema\\\/person\\\/c08381290b84c068e06ca5dc1f5a08a7\"},\"headline\":\"Ayudas para paliar los da\u00f1os de la Dana de septiembre 2019\",\"datePublished\":\"2020-12-29T12:59:06+00:00\",\"dateModified\":\"2024-03-07T17:39:17+00:00\",\"mainEntityOfPage\":{\"@id\":\"https:\\\/\\\/santapola.es\\\/ca\\\/ayudas-para-paliar-los-danos-de-la-dana-de-septiembre-2019\\\/\"},\"wordCount\":156,\"articleSection\":[\"Inicio\",\"Servicios p\u00fablicos \\\/ infraestructura \\\/ fomento \\\/ cementerios\",\"Sin categorizar\"],\"inLanguage\":\"ca\"},{\"@type\":\"WebPage\",\"@id\":\"https:\\\/\\\/santapola.es\\\/ca\\\/ayudas-para-paliar-los-danos-de-la-dana-de-septiembre-2019\\\/\",\"url\":\"https:\\\/\\\/santapola.es\\\/ca\\\/ayudas-para-paliar-los-danos-de-la-dana-de-septiembre-2019\\\/\",\"name\":\"Ayudas para paliar los da\u00f1os de la Dana de septiembre 2019 - Ajuntament de Santa Pola\",\"isPartOf\":{\"@id\":\"https:\\\/\\\/santapola.es\\\/ca\\\/#website\"},\"datePublished\":\"2020-12-29T12:59:06+00:00\",\"dateModified\":\"2024-03-07T17:39:17+00:00\",\"author\":{\"@id\":\"https:\\\/\\\/santapola.es\\\/ca\\\/#\\\/schema\\\/person\\\/c08381290b84c068e06ca5dc1f5a08a7\"},\"breadcrumb\":{\"@id\":\"https:\\\/\\\/santapola.es\\\/ca\\\/ayudas-para-paliar-los-danos-de-la-dana-de-septiembre-2019\\\/#breadcrumb\"},\"inLanguage\":\"ca\",\"potentialAction\":[{\"@type\":\"ReadAction\",\"target\":[\"https:\\\/\\\/santapola.es\\\/ca\\\/ayudas-para-paliar-los-danos-de-la-dana-de-septiembre-2019\\\/\"]}]},{\"@type\":\"BreadcrumbList\",\"@id\":\"https:\\\/\\\/santapola.es\\\/ca\\\/ayudas-para-paliar-los-danos-de-la-dana-de-septiembre-2019\\\/#breadcrumb\",\"itemListElement\":[{\"@type\":\"ListItem\",\"position\":1,\"name\":\"Inici\",\"item\":\"https:\\\/\\\/santapola.es\\\/ca\\\/\"},{\"@type\":\"ListItem\",\"position\":2,\"name\":\"Ayudas para paliar los da\u00f1os de la Dana de septiembre 2019\"}]},{\"@type\":\"WebSite\",\"@id\":\"https:\\\/\\\/santapola.es\\\/ca\\\/#website\",\"url\":\"https:\\\/\\\/santapola.es\\\/ca\\\/\",\"name\":\"Ayuntamiento de Santa Pola\",\"description\":\"Web de l'Ajuntament de Santa Pola\",\"potentialAction\":[{\"@type\":\"SearchAction\",\"target\":{\"@type\":\"EntryPoint\",\"urlTemplate\":\"https:\\\/\\\/santapola.es\\\/ca\\\/?s={search_term_string}\"},\"query-input\":{\"@type\":\"PropertyValueSpecification\",\"valueRequired\":true,\"valueName\":\"search_term_string\"}}],\"inLanguage\":\"ca\"},{\"@type\":\"Person\",\"@id\":\"https:\\\/\\\/santapola.es\\\/ca\\\/#\\\/schema\\\/person\\\/c08381290b84c068e06ca5dc1f5a08a7\",\"name\":\"\u00c1rea Municipal Alcald\u00eda\"}]}<\/script>\n<!-- \/ Yoast SEO plugin. -->","yoast_head_json":{"title":"Ayudas para paliar los da\u00f1os de la Dana de septiembre 2019 - Ajuntament de Santa Pola","robots":{"index":"index","follow":"follow","max-snippet":"max-snippet:-1","max-image-preview":"max-image-preview:large","max-video-preview":"max-video-preview:-1"},"canonical":"https:\/\/santapola.es\/ca\/ayudas-para-paliar-los-danos-de-la-dana-de-septiembre-2019\/","og_locale":"ca_ES","og_type":"article","og_title":"Ayudas para paliar los da\u00f1os de la Dana de septiembre 2019 - Ajuntament de Santa Pola","og_description":"El pasado 20 de noviembre el Ministerio de Pol\u00edtica Territorial y Funci\u00f3n P\u00fablica public\u00f3 la resoluci\u00f3n de las ayudas para paliar los da\u00f1os causados por los temporales y otras situaciones catastr\u00f3ficas. Estas ayudas est\u00e1n destinadas a la ejecuci\u00f3n de las reparaciones post-emergencia, y cubren el 50% de las reparaciones efectuadas. En el caso de Santa [&hellip;]","og_url":"https:\/\/santapola.es\/ca\/ayudas-para-paliar-los-danos-de-la-dana-de-septiembre-2019\/","og_site_name":"Ajuntament de Santa Pola","article_publisher":"https:\/\/www.facebook.com\/AyuntamientoSantaPola\/","article_published_time":"2020-12-29T12:59:06+00:00","article_modified_time":"2024-03-07T17:39:17+00:00","author":"\u00c1rea Municipal Alcald\u00eda","twitter_card":"summary_large_image","twitter_creator":"@SantaPolaAyunt","twitter_site":"@SantaPolaAyunt","schema":{"@context":"https:\/\/schema.org","@graph":[{"@type":"Article","@id":"https:\/\/santapola.es\/ca\/ayudas-para-paliar-los-danos-de-la-dana-de-septiembre-2019\/#article","isPartOf":{"@id":"https:\/\/santapola.es\/ca\/ayudas-para-paliar-los-danos-de-la-dana-de-septiembre-2019\/"},"author":{"name":"\u00c1rea Municipal Alcald\u00eda","@id":"https:\/\/santapola.es\/ca\/#\/schema\/person\/c08381290b84c068e06ca5dc1f5a08a7"},"headline":"Ayudas para paliar los da\u00f1os de la Dana de septiembre 2019","datePublished":"2020-12-29T12:59:06+00:00","dateModified":"2024-03-07T17:39:17+00:00","mainEntityOfPage":{"@id":"https:\/\/santapola.es\/ca\/ayudas-para-paliar-los-danos-de-la-dana-de-septiembre-2019\/"},"wordCount":156,"articleSection":["Inicio","Servicios p\u00fablicos \/ infraestructura \/ fomento \/ cementerios","Sin categorizar"],"inLanguage":"ca"},{"@type":"WebPage","@id":"https:\/\/santapola.es\/ca\/ayudas-para-paliar-los-danos-de-la-dana-de-septiembre-2019\/","url":"https:\/\/santapola.es\/ca\/ayudas-para-paliar-los-danos-de-la-dana-de-septiembre-2019\/","name":"Ayudas para paliar los da\u00f1os de la Dana de septiembre 2019 - Ajuntament de Santa Pola","isPartOf":{"@id":"https:\/\/santapola.es\/ca\/#website"},"datePublished":"2020-12-29T12:59:06+00:00","dateModified":"2024-03-07T17:39:17+00:00","author":{"@id":"https:\/\/santapola.es\/ca\/#\/schema\/person\/c08381290b84c068e06ca5dc1f5a08a7"},"breadcrumb":{"@id":"https:\/\/santapola.es\/ca\/ayudas-para-paliar-los-danos-de-la-dana-de-septiembre-2019\/#breadcrumb"},"inLanguage":"ca","potentialAction":[{"@type":"ReadAction","target":["https:\/\/santapola.es\/ca\/ayudas-para-paliar-los-danos-de-la-dana-de-septiembre-2019\/"]}]},{"@type":"BreadcrumbList","@id":"https:\/\/santapola.es\/ca\/ayudas-para-paliar-los-danos-de-la-dana-de-septiembre-2019\/#breadcrumb","itemListElement":[{"@type":"ListItem","position":1,"name":"Inici","item":"https:\/\/santapola.es\/ca\/"},{"@type":"ListItem","position":2,"name":"Ayudas para paliar los da\u00f1os de la Dana de septiembre 2019"}]},{"@type":"WebSite","@id":"https:\/\/santapola.es\/ca\/#website","url":"https:\/\/santapola.es\/ca\/","name":"Ayuntamiento de Santa Pola","description":"Web de l'Ajuntament de Santa Pola","potentialAction":[{"@type":"SearchAction","target":{"@type":"EntryPoint","urlTemplate":"https:\/\/santapola.es\/ca\/?s={search_term_string}"},"query-input":{"@type":"PropertyValueSpecification","valueRequired":true,"valueName":"search_term_string"}}],"inLanguage":"ca"},{"@type":"Person","@id":"https:\/\/santapola.es\/ca\/#\/schema\/person\/c08381290b84c068e06ca5dc1f5a08a7","name":"\u00c1rea Municipal Alcald\u00eda"}]}},"_links":{"self":[{"href":"https:\/\/santapola.es\/ca\/wp-json\/wp\/v2\/posts\/13669","targetHints":{"allow":["GET"]}}],"collection":[{"href":"https:\/\/santapola.es\/ca\/wp-json\/wp\/v2\/posts"}],"about":[{"href":"https:\/\/santapola.es\/ca\/wp-json\/wp\/v2\/types\/post"}],"author":[{"embeddable":true,"href":"https:\/\/santapola.es\/ca\/wp-json\/wp\/v2\/users\/75"}],"replies":[{"embeddable":true,"href":"https:\/\/santapola.es\/ca\/wp-json\/wp\/v2\/comments?post=13669"}],"version-history":[{"count":0,"href":"https:\/\/santapola.es\/ca\/wp-json\/wp\/v2\/posts\/13669\/revisions"}],"wp:attachment":[{"href":"https:\/\/santapola.es\/ca\/wp-json\/wp\/v2\/media?parent=13669"}],"wp:term":[{"taxonomy":"category","embeddable":true,"href":"https:\/\/santapola.es\/ca\/wp-json\/wp\/v2\/categories?post=13669"},{"taxonomy":"post_tag","embeddable":true,"href":"https:\/\/santapola.es\/ca\/wp-json\/wp\/v2\/tags?post=13669"}],"curies":[{"name":"wp","href":"https:\/\/api.w.org\/{rel}","templated":true}]}}