{"id":13456,"date":"2020-11-24T08:46:13","date_gmt":"2020-11-24T07:46:13","guid":{"rendered":"https:\/\/www.santapola.es\/?p=13456"},"modified":"2024-03-07T18:39:08","modified_gmt":"2024-03-07T17:39:08","slug":"el-ayuntamiento-de-santa-pola-recibe-una-subvencion-por-valor-de-18-000-e-para-el-fomento-del-valenciano","status":"publish","type":"post","link":"https:\/\/santapola.es\/ca\/el-ayuntamiento-de-santa-pola-recibe-una-subvencion-por-valor-de-18-000-e-para-el-fomento-del-valenciano\/","title":{"rendered":"El Ayuntamiento de Santa Pola recibe una subvenci\u00f3n por valor de 18.000 \u20ac para el fomento del valenciano"},"content":{"rendered":"<p style=\"text-align: justify;\">La Conseller\u00eda de Educaci\u00f3n Cultura y Deporte de la Generalitat Valenciana convoca unas ayudas econ\u00f3micas para el fomento del valenciano destinadas a ayuntamientos, mancomunidades de municipios y entidades locales menores de la Comunidad Valenciana y del Carxe. Nuestro Ayuntamiento por medio de la Concejal\u00eda de Normalizaci\u00f3n opt\u00f3 a estas ayudas y le ha sido concedida una ayuda por valor de casi 18.000 euros.<\/p>\n<p style=\"text-align: justify;\">Desde la Concejal\u00eda de Normalizaci\u00f3n Ling\u00fc\u00edstica del Ayuntamiento de Santa Pola, a trav\u00e9s de la Agencia de Promoci\u00f3n del Valenciano, se llevan a cabo anualmente una serie de actividades para fomentar nuestra lengua. Durante este a\u00f1o 2020, a pesar de las particularidades que se han presentado a causa de las nuevas necesidades provocadas por la covid-19, Aviva Santa Pola ha realizado un interesante conjunto de campa\u00f1as. Adem\u00e1s de las nuevas ediciones de las campa\u00f1as ya muy conocidas por la poblaci\u00f3n como la campa\u00f1a de Rebajas o de la Carta del Reyes, queremos destacar especialmente la edici\u00f3n que se ha hecho de unos materiales dirigidos especialmente en la poblaci\u00f3n infantil y juvenil para dar a conocer el mundo de la pesca, tan importante para Santa Pola. Para la edici\u00f3n de este material se ha contado con la importante colaboraci\u00f3n de la Cofrad\u00eda de Santa Pola.<\/p>\n<p style=\"text-align: justify;\">La Agencia de Promoci\u00f3n del Valenciano del Ayuntamiento de Santa Pola, adem\u00e1s de esta tarea de dinamizaci\u00f3n del uso de nuestra lengua, tambi\u00e9n se encarga de las funciones de traducci\u00f3n y correcci\u00f3n de textos elaborados por nuestro Ayuntamiento; adem\u00e1s de atender las consultas de la ciudadan\u00eda.<\/p>\n<p><img loading=\"lazy\" decoding=\"async\" class=\"aligncenter wp-image-13458\" src=\"https:\/\/santapola.es\/wp-content\/uploads\/2020\/11\/aviva_santapola-1024x1024.jpg\" alt=\"\" width=\"800\" height=\"800\" srcset=\"https:\/\/santapola.es\/wp-content\/uploads\/2020\/11\/aviva_santapola-1024x1024.jpg 1024w, https:\/\/santapola.es\/wp-content\/uploads\/2020\/11\/aviva_santapola-150x150.jpg 150w, https:\/\/santapola.es\/wp-content\/uploads\/2020\/11\/aviva_santapola-300x300.jpg 300w, https:\/\/santapola.es\/wp-content\/uploads\/2020\/11\/aviva_santapola-768x768.jpg 768w, https:\/\/santapola.es\/wp-content\/uploads\/2020\/11\/aviva_santapola.jpg 1080w, https:\/\/santapola.es\/wp-content\/uploads\/2020\/11\/aviva_santapola-610x610.jpg 610w, https:\/\/santapola.es\/wp-content\/uploads\/2020\/11\/aviva_santapola-100x100.jpg 100w\" sizes=\"(max-width: 800px) 100vw, 800px\" \/><\/p>\n","protected":false},"excerpt":{"rendered":"<p>La Conseller\u00eda de Educaci\u00f3n Cultura y Deporte de la Generalitat Valenciana convoca unas ayudas econ\u00f3micas para el fomento del valenciano destinadas a ayuntamientos, mancomunidades de municipios y entidades locales menores de la Comunidad Valenciana y del Carxe. Nuestro Ayuntamiento por medio de la Concejal\u00eda de Normalizaci\u00f3n opt\u00f3 a estas ayudas y le ha sido concedida [&hellip;]<\/p>\n","protected":false},"author":75,"featured_media":0,"comment_status":"closed","ping_status":"closed","sticky":false,"template":"","format":"standard","meta":{"_et_pb_use_builder":"","_et_pb_old_content":"","_et_gb_content_width":"","footnotes":""},"categories":[51,66,406],"tags":[],"class_list":["post-13456","post","type-post","status-publish","format-standard","hentry","category-cultura-fiestas","category-inicio","category-sin-categorizar-2"],"yoast_head":"<!-- This site is optimized with the Yoast SEO plugin v27.4 - https:\/\/yoast.com\/product\/yoast-seo-wordpress\/ -->\n<title>El Ayuntamiento de Santa Pola recibe una subvenci\u00f3n por valor de 18.000 \u20ac para el fomento del valenciano - Ajuntament de Santa Pola<\/title>\n<meta name=\"robots\" content=\"index, follow, max-snippet:-1, max-image-preview:large, max-video-preview:-1\" \/>\n<link rel=\"canonical\" href=\"https:\/\/santapola.es\/ca\/el-ayuntamiento-de-santa-pola-recibe-una-subvencion-por-valor-de-18-000-e-para-el-fomento-del-valenciano\/\" \/>\n<meta property=\"og:locale\" content=\"ca_ES\" \/>\n<meta property=\"og:type\" content=\"article\" \/>\n<meta property=\"og:title\" content=\"El Ayuntamiento de Santa Pola recibe una subvenci\u00f3n por valor de 18.000 \u20ac para el fomento del valenciano - Ajuntament de Santa Pola\" \/>\n<meta property=\"og:description\" content=\"La Conseller\u00eda de Educaci\u00f3n Cultura y Deporte de la Generalitat Valenciana convoca unas ayudas econ\u00f3micas para el fomento del valenciano destinadas a ayuntamientos, mancomunidades de municipios y entidades locales menores de la Comunidad Valenciana y del Carxe. Nuestro Ayuntamiento por medio de la Concejal\u00eda de Normalizaci\u00f3n opt\u00f3 a estas ayudas y le ha sido concedida [&hellip;]\" \/>\n<meta property=\"og:url\" content=\"https:\/\/santapola.es\/ca\/el-ayuntamiento-de-santa-pola-recibe-una-subvencion-por-valor-de-18-000-e-para-el-fomento-del-valenciano\/\" \/>\n<meta property=\"og:site_name\" content=\"Ajuntament de Santa Pola\" \/>\n<meta property=\"article:publisher\" content=\"https:\/\/www.facebook.com\/AyuntamientoSantaPola\/\" \/>\n<meta property=\"article:published_time\" content=\"2020-11-24T07:46:13+00:00\" \/>\n<meta property=\"article:modified_time\" content=\"2024-03-07T17:39:08+00:00\" \/>\n<meta property=\"og:image\" content=\"https:\/\/santapola.es\/wp-content\/uploads\/2020\/11\/aviva_santapola-1024x1024.jpg\" \/>\n<meta name=\"author\" content=\"\u00c1rea Municipal Alcald\u00eda\" \/>\n<meta name=\"twitter:card\" content=\"summary_large_image\" \/>\n<meta name=\"twitter:creator\" content=\"@SantaPolaAyunt\" \/>\n<meta name=\"twitter:site\" content=\"@SantaPolaAyunt\" \/>\n<script type=\"application\/ld+json\" class=\"yoast-schema-graph\">{\"@context\":\"https:\\\/\\\/schema.org\",\"@graph\":[{\"@type\":\"Article\",\"@id\":\"https:\\\/\\\/santapola.es\\\/ca\\\/el-ayuntamiento-de-santa-pola-recibe-una-subvencion-por-valor-de-18-000-e-para-el-fomento-del-valenciano\\\/#article\",\"isPartOf\":{\"@id\":\"https:\\\/\\\/santapola.es\\\/ca\\\/el-ayuntamiento-de-santa-pola-recibe-una-subvencion-por-valor-de-18-000-e-para-el-fomento-del-valenciano\\\/\"},\"author\":{\"name\":\"\u00c1rea Municipal Alcald\u00eda\",\"@id\":\"https:\\\/\\\/santapola.es\\\/ca\\\/#\\\/schema\\\/person\\\/c08381290b84c068e06ca5dc1f5a08a7\"},\"headline\":\"El Ayuntamiento de Santa Pola recibe una subvenci\u00f3n por valor de 18.000 \u20ac para el fomento del valenciano\",\"datePublished\":\"2020-11-24T07:46:13+00:00\",\"dateModified\":\"2024-03-07T17:39:08+00:00\",\"mainEntityOfPage\":{\"@id\":\"https:\\\/\\\/santapola.es\\\/ca\\\/el-ayuntamiento-de-santa-pola-recibe-una-subvencion-por-valor-de-18-000-e-para-el-fomento-del-valenciano\\\/\"},\"wordCount\":297,\"image\":{\"@id\":\"https:\\\/\\\/santapola.es\\\/ca\\\/el-ayuntamiento-de-santa-pola-recibe-una-subvencion-por-valor-de-18-000-e-para-el-fomento-del-valenciano\\\/#primaryimage\"},\"thumbnailUrl\":\"https:\\\/\\\/santapola.es\\\/wp-content\\\/uploads\\\/2020\\\/11\\\/aviva_santapola-1024x1024.jpg\",\"articleSection\":[\"Cultura\\\/ Fiestas\",\"Inicio\",\"Sin categorizar\"],\"inLanguage\":\"ca\"},{\"@type\":\"WebPage\",\"@id\":\"https:\\\/\\\/santapola.es\\\/ca\\\/el-ayuntamiento-de-santa-pola-recibe-una-subvencion-por-valor-de-18-000-e-para-el-fomento-del-valenciano\\\/\",\"url\":\"https:\\\/\\\/santapola.es\\\/ca\\\/el-ayuntamiento-de-santa-pola-recibe-una-subvencion-por-valor-de-18-000-e-para-el-fomento-del-valenciano\\\/\",\"name\":\"El Ayuntamiento de Santa Pola recibe una subvenci\u00f3n por valor de 18.000 \u20ac para el fomento del valenciano - Ajuntament de Santa Pola\",\"isPartOf\":{\"@id\":\"https:\\\/\\\/santapola.es\\\/ca\\\/#website\"},\"primaryImageOfPage\":{\"@id\":\"https:\\\/\\\/santapola.es\\\/ca\\\/el-ayuntamiento-de-santa-pola-recibe-una-subvencion-por-valor-de-18-000-e-para-el-fomento-del-valenciano\\\/#primaryimage\"},\"image\":{\"@id\":\"https:\\\/\\\/santapola.es\\\/ca\\\/el-ayuntamiento-de-santa-pola-recibe-una-subvencion-por-valor-de-18-000-e-para-el-fomento-del-valenciano\\\/#primaryimage\"},\"thumbnailUrl\":\"https:\\\/\\\/santapola.es\\\/wp-content\\\/uploads\\\/2020\\\/11\\\/aviva_santapola-1024x1024.jpg\",\"datePublished\":\"2020-11-24T07:46:13+00:00\",\"dateModified\":\"2024-03-07T17:39:08+00:00\",\"author\":{\"@id\":\"https:\\\/\\\/santapola.es\\\/ca\\\/#\\\/schema\\\/person\\\/c08381290b84c068e06ca5dc1f5a08a7\"},\"breadcrumb\":{\"@id\":\"https:\\\/\\\/santapola.es\\\/ca\\\/el-ayuntamiento-de-santa-pola-recibe-una-subvencion-por-valor-de-18-000-e-para-el-fomento-del-valenciano\\\/#breadcrumb\"},\"inLanguage\":\"ca\",\"potentialAction\":[{\"@type\":\"ReadAction\",\"target\":[\"https:\\\/\\\/santapola.es\\\/ca\\\/el-ayuntamiento-de-santa-pola-recibe-una-subvencion-por-valor-de-18-000-e-para-el-fomento-del-valenciano\\\/\"]}]},{\"@type\":\"ImageObject\",\"inLanguage\":\"ca\",\"@id\":\"https:\\\/\\\/santapola.es\\\/ca\\\/el-ayuntamiento-de-santa-pola-recibe-una-subvencion-por-valor-de-18-000-e-para-el-fomento-del-valenciano\\\/#primaryimage\",\"url\":\"https:\\\/\\\/santapola.es\\\/wp-content\\\/uploads\\\/2020\\\/11\\\/aviva_santapola-1024x1024.jpg\",\"contentUrl\":\"https:\\\/\\\/santapola.es\\\/wp-content\\\/uploads\\\/2020\\\/11\\\/aviva_santapola-1024x1024.jpg\"},{\"@type\":\"BreadcrumbList\",\"@id\":\"https:\\\/\\\/santapola.es\\\/ca\\\/el-ayuntamiento-de-santa-pola-recibe-una-subvencion-por-valor-de-18-000-e-para-el-fomento-del-valenciano\\\/#breadcrumb\",\"itemListElement\":[{\"@type\":\"ListItem\",\"position\":1,\"name\":\"Inici\",\"item\":\"https:\\\/\\\/santapola.es\\\/ca\\\/\"},{\"@type\":\"ListItem\",\"position\":2,\"name\":\"El Ayuntamiento de Santa Pola recibe una subvenci\u00f3n por valor de 18.000 \u20ac para el fomento del valenciano\"}]},{\"@type\":\"WebSite\",\"@id\":\"https:\\\/\\\/santapola.es\\\/ca\\\/#website\",\"url\":\"https:\\\/\\\/santapola.es\\\/ca\\\/\",\"name\":\"Ayuntamiento de Santa Pola\",\"description\":\"Web de l'Ajuntament de Santa Pola\",\"potentialAction\":[{\"@type\":\"SearchAction\",\"target\":{\"@type\":\"EntryPoint\",\"urlTemplate\":\"https:\\\/\\\/santapola.es\\\/ca\\\/?s={search_term_string}\"},\"query-input\":{\"@type\":\"PropertyValueSpecification\",\"valueRequired\":true,\"valueName\":\"search_term_string\"}}],\"inLanguage\":\"ca\"},{\"@type\":\"Person\",\"@id\":\"https:\\\/\\\/santapola.es\\\/ca\\\/#\\\/schema\\\/person\\\/c08381290b84c068e06ca5dc1f5a08a7\",\"name\":\"\u00c1rea Municipal Alcald\u00eda\"}]}<\/script>\n<!-- \/ Yoast SEO plugin. -->","yoast_head_json":{"title":"El Ayuntamiento de Santa Pola recibe una subvenci\u00f3n por valor de 18.000 \u20ac para el fomento del valenciano - Ajuntament de Santa Pola","robots":{"index":"index","follow":"follow","max-snippet":"max-snippet:-1","max-image-preview":"max-image-preview:large","max-video-preview":"max-video-preview:-1"},"canonical":"https:\/\/santapola.es\/ca\/el-ayuntamiento-de-santa-pola-recibe-una-subvencion-por-valor-de-18-000-e-para-el-fomento-del-valenciano\/","og_locale":"ca_ES","og_type":"article","og_title":"El Ayuntamiento de Santa Pola recibe una subvenci\u00f3n por valor de 18.000 \u20ac para el fomento del valenciano - Ajuntament de Santa Pola","og_description":"La Conseller\u00eda de Educaci\u00f3n Cultura y Deporte de la Generalitat Valenciana convoca unas ayudas econ\u00f3micas para el fomento del valenciano destinadas a ayuntamientos, mancomunidades de municipios y entidades locales menores de la Comunidad Valenciana y del Carxe. Nuestro Ayuntamiento por medio de la Concejal\u00eda de Normalizaci\u00f3n opt\u00f3 a estas ayudas y le ha sido concedida [&hellip;]","og_url":"https:\/\/santapola.es\/ca\/el-ayuntamiento-de-santa-pola-recibe-una-subvencion-por-valor-de-18-000-e-para-el-fomento-del-valenciano\/","og_site_name":"Ajuntament de Santa Pola","article_publisher":"https:\/\/www.facebook.com\/AyuntamientoSantaPola\/","article_published_time":"2020-11-24T07:46:13+00:00","article_modified_time":"2024-03-07T17:39:08+00:00","og_image":[{"url":"https:\/\/santapola.es\/wp-content\/uploads\/2020\/11\/aviva_santapola-1024x1024.jpg","type":"","width":"","height":""}],"author":"\u00c1rea Municipal Alcald\u00eda","twitter_card":"summary_large_image","twitter_creator":"@SantaPolaAyunt","twitter_site":"@SantaPolaAyunt","schema":{"@context":"https:\/\/schema.org","@graph":[{"@type":"Article","@id":"https:\/\/santapola.es\/ca\/el-ayuntamiento-de-santa-pola-recibe-una-subvencion-por-valor-de-18-000-e-para-el-fomento-del-valenciano\/#article","isPartOf":{"@id":"https:\/\/santapola.es\/ca\/el-ayuntamiento-de-santa-pola-recibe-una-subvencion-por-valor-de-18-000-e-para-el-fomento-del-valenciano\/"},"author":{"name":"\u00c1rea Municipal Alcald\u00eda","@id":"https:\/\/santapola.es\/ca\/#\/schema\/person\/c08381290b84c068e06ca5dc1f5a08a7"},"headline":"El Ayuntamiento de Santa Pola recibe una subvenci\u00f3n por valor de 18.000 \u20ac para el fomento del valenciano","datePublished":"2020-11-24T07:46:13+00:00","dateModified":"2024-03-07T17:39:08+00:00","mainEntityOfPage":{"@id":"https:\/\/santapola.es\/ca\/el-ayuntamiento-de-santa-pola-recibe-una-subvencion-por-valor-de-18-000-e-para-el-fomento-del-valenciano\/"},"wordCount":297,"image":{"@id":"https:\/\/santapola.es\/ca\/el-ayuntamiento-de-santa-pola-recibe-una-subvencion-por-valor-de-18-000-e-para-el-fomento-del-valenciano\/#primaryimage"},"thumbnailUrl":"https:\/\/santapola.es\/wp-content\/uploads\/2020\/11\/aviva_santapola-1024x1024.jpg","articleSection":["Cultura\/ Fiestas","Inicio","Sin categorizar"],"inLanguage":"ca"},{"@type":"WebPage","@id":"https:\/\/santapola.es\/ca\/el-ayuntamiento-de-santa-pola-recibe-una-subvencion-por-valor-de-18-000-e-para-el-fomento-del-valenciano\/","url":"https:\/\/santapola.es\/ca\/el-ayuntamiento-de-santa-pola-recibe-una-subvencion-por-valor-de-18-000-e-para-el-fomento-del-valenciano\/","name":"El Ayuntamiento de Santa Pola recibe una subvenci\u00f3n por valor de 18.000 \u20ac para el fomento del valenciano - Ajuntament de Santa Pola","isPartOf":{"@id":"https:\/\/santapola.es\/ca\/#website"},"primaryImageOfPage":{"@id":"https:\/\/santapola.es\/ca\/el-ayuntamiento-de-santa-pola-recibe-una-subvencion-por-valor-de-18-000-e-para-el-fomento-del-valenciano\/#primaryimage"},"image":{"@id":"https:\/\/santapola.es\/ca\/el-ayuntamiento-de-santa-pola-recibe-una-subvencion-por-valor-de-18-000-e-para-el-fomento-del-valenciano\/#primaryimage"},"thumbnailUrl":"https:\/\/santapola.es\/wp-content\/uploads\/2020\/11\/aviva_santapola-1024x1024.jpg","datePublished":"2020-11-24T07:46:13+00:00","dateModified":"2024-03-07T17:39:08+00:00","author":{"@id":"https:\/\/santapola.es\/ca\/#\/schema\/person\/c08381290b84c068e06ca5dc1f5a08a7"},"breadcrumb":{"@id":"https:\/\/santapola.es\/ca\/el-ayuntamiento-de-santa-pola-recibe-una-subvencion-por-valor-de-18-000-e-para-el-fomento-del-valenciano\/#breadcrumb"},"inLanguage":"ca","potentialAction":[{"@type":"ReadAction","target":["https:\/\/santapola.es\/ca\/el-ayuntamiento-de-santa-pola-recibe-una-subvencion-por-valor-de-18-000-e-para-el-fomento-del-valenciano\/"]}]},{"@type":"ImageObject","inLanguage":"ca","@id":"https:\/\/santapola.es\/ca\/el-ayuntamiento-de-santa-pola-recibe-una-subvencion-por-valor-de-18-000-e-para-el-fomento-del-valenciano\/#primaryimage","url":"https:\/\/santapola.es\/wp-content\/uploads\/2020\/11\/aviva_santapola-1024x1024.jpg","contentUrl":"https:\/\/santapola.es\/wp-content\/uploads\/2020\/11\/aviva_santapola-1024x1024.jpg"},{"@type":"BreadcrumbList","@id":"https:\/\/santapola.es\/ca\/el-ayuntamiento-de-santa-pola-recibe-una-subvencion-por-valor-de-18-000-e-para-el-fomento-del-valenciano\/#breadcrumb","itemListElement":[{"@type":"ListItem","position":1,"name":"Inici","item":"https:\/\/santapola.es\/ca\/"},{"@type":"ListItem","position":2,"name":"El Ayuntamiento de Santa Pola recibe una subvenci\u00f3n por valor de 18.000 \u20ac para el fomento del valenciano"}]},{"@type":"WebSite","@id":"https:\/\/santapola.es\/ca\/#website","url":"https:\/\/santapola.es\/ca\/","name":"Ayuntamiento de Santa Pola","description":"Web de l'Ajuntament de Santa Pola","potentialAction":[{"@type":"SearchAction","target":{"@type":"EntryPoint","urlTemplate":"https:\/\/santapola.es\/ca\/?s={search_term_string}"},"query-input":{"@type":"PropertyValueSpecification","valueRequired":true,"valueName":"search_term_string"}}],"inLanguage":"ca"},{"@type":"Person","@id":"https:\/\/santapola.es\/ca\/#\/schema\/person\/c08381290b84c068e06ca5dc1f5a08a7","name":"\u00c1rea Municipal Alcald\u00eda"}]}},"_links":{"self":[{"href":"https:\/\/santapola.es\/ca\/wp-json\/wp\/v2\/posts\/13456","targetHints":{"allow":["GET"]}}],"collection":[{"href":"https:\/\/santapola.es\/ca\/wp-json\/wp\/v2\/posts"}],"about":[{"href":"https:\/\/santapola.es\/ca\/wp-json\/wp\/v2\/types\/post"}],"author":[{"embeddable":true,"href":"https:\/\/santapola.es\/ca\/wp-json\/wp\/v2\/users\/75"}],"replies":[{"embeddable":true,"href":"https:\/\/santapola.es\/ca\/wp-json\/wp\/v2\/comments?post=13456"}],"version-history":[{"count":0,"href":"https:\/\/santapola.es\/ca\/wp-json\/wp\/v2\/posts\/13456\/revisions"}],"wp:attachment":[{"href":"https:\/\/santapola.es\/ca\/wp-json\/wp\/v2\/media?parent=13456"}],"wp:term":[{"taxonomy":"category","embeddable":true,"href":"https:\/\/santapola.es\/ca\/wp-json\/wp\/v2\/categories?post=13456"},{"taxonomy":"post_tag","embeddable":true,"href":"https:\/\/santapola.es\/ca\/wp-json\/wp\/v2\/tags?post=13456"}],"curies":[{"name":"wp","href":"https:\/\/api.w.org\/{rel}","templated":true}]}}