{"id":13203,"date":"2020-10-23T20:00:23","date_gmt":"2020-10-23T19:00:23","guid":{"rendered":"https:\/\/www.santapola.es\/?p=13203"},"modified":"2024-03-07T18:39:01","modified_gmt":"2024-03-07T17:39:01","slug":"santa-pola-tambien-sera-un-referente-en-la-formacion-profesional-nautica","status":"publish","type":"post","link":"https:\/\/santapola.es\/ca\/santa-pola-tambien-sera-un-referente-en-la-formacion-profesional-nautica\/","title":{"rendered":"Santa Pola tambi\u00e9n ser\u00e1 un referente en la formaci\u00f3n profesional n\u00e1utica"},"content":{"rendered":"<p style=\"text-align: justify;\">La Conselleria de Educaci\u00f3n y el Ayuntamiento firmar\u00e1n un Convenio para la implantaci\u00f3n en Santa Pola de dos nuevos ciclos formativos de F.P. que potenciar\u00e1n el sector n\u00e1utico y el fomento de empleo con las titulaciones:<\/p>\n<p style=\"text-align: justify;\">&#8211; T\u00e9cnico en mantenimiento de embarcaciones.<br \/>\n&#8211; T\u00e9cnico en mantenimiento de estructuras de madera y mobiliario de embarcaciones.<\/p>\n<p style=\"text-align: justify;\">En la reuni\u00f3n de trabajo mantenida esta ma\u00f1ana, el Director General de Formaci\u00f3n Profesional D. Manuel Gomicia, ha comunicado a la Alcaldesa que el pr\u00f3ximo curso 2021\/2022 se pondr\u00e1 en marcha el primer curso en el Instituto Cap de L&#8217;Aljub, que ser\u00e1 el primer centro de la Comunidad Valenciana en impartir estos ciclos formativos.<\/p>\n<p style=\"text-align: justify;\">Esta iniciativa impulsada desde el Ayuntamiento, cuenta con el apoyo y la implicaci\u00f3n del sector n\u00e1utico local. La formaci\u00f3n se impartir\u00e1 dentro de la modalidad dual y supondr\u00e1 que los alumnos realizar\u00e1n las pr\u00e1cticas formativas en las propias empresas, por lo que propiciar\u00e1 y fomentar\u00e1 la inserci\u00f3n laboral.<\/p>\n<p><img loading=\"lazy\" decoding=\"async\" class=\"aligncenter wp-image-13207\" src=\"https:\/\/santapola.es\/wp-content\/uploads\/2020\/10\/reunion_nautica2.jpeg\" alt=\"\" width=\"800\" height=\"600\" srcset=\"https:\/\/santapola.es\/wp-content\/uploads\/2020\/10\/reunion_nautica2.jpeg 1024w, https:\/\/santapola.es\/wp-content\/uploads\/2020\/10\/reunion_nautica2-300x225.jpeg 300w, https:\/\/santapola.es\/wp-content\/uploads\/2020\/10\/reunion_nautica2-768x576.jpeg 768w, https:\/\/santapola.es\/wp-content\/uploads\/2020\/10\/reunion_nautica2-510x382.jpeg 510w, https:\/\/santapola.es\/wp-content\/uploads\/2020\/10\/reunion_nautica2-610x458.jpeg 610w\" sizes=\"(max-width: 800px) 100vw, 800px\" \/><\/p>\n","protected":false},"excerpt":{"rendered":"<p>La Conselleria de Educaci\u00f3n y el Ayuntamiento firmar\u00e1n un Convenio para la implantaci\u00f3n en Santa Pola de dos nuevos ciclos formativos de F.P. que potenciar\u00e1n el sector n\u00e1utico y el fomento de empleo con las titulaciones: &#8211; T\u00e9cnico en mantenimiento de embarcaciones. &#8211; T\u00e9cnico en mantenimiento de estructuras de madera y mobiliario de embarcaciones. En [&hellip;]<\/p>\n","protected":false},"author":75,"featured_media":0,"comment_status":"closed","ping_status":"closed","sticky":false,"template":"","format":"standard","meta":{"_et_pb_use_builder":"","_et_pb_old_content":"","_et_gb_content_width":"","footnotes":""},"categories":[60,66,406],"tags":[],"class_list":["post-13203","post","type-post","status-publish","format-standard","hentry","category-educacion-juventud","category-inicio","category-sin-categorizar-2"],"yoast_head":"<!-- This site is optimized with the Yoast SEO plugin v27.4 - https:\/\/yoast.com\/product\/yoast-seo-wordpress\/ -->\n<title>Santa Pola tambi\u00e9n ser\u00e1 un referente en la formaci\u00f3n profesional n\u00e1utica - Ajuntament de Santa Pola<\/title>\n<meta name=\"robots\" content=\"index, follow, max-snippet:-1, max-image-preview:large, max-video-preview:-1\" \/>\n<link rel=\"canonical\" href=\"https:\/\/santapola.es\/ca\/santa-pola-tambien-sera-un-referente-en-la-formacion-profesional-nautica\/\" \/>\n<meta property=\"og:locale\" content=\"ca_ES\" \/>\n<meta property=\"og:type\" content=\"article\" \/>\n<meta property=\"og:title\" content=\"Santa Pola tambi\u00e9n ser\u00e1 un referente en la formaci\u00f3n profesional n\u00e1utica - Ajuntament de Santa Pola\" \/>\n<meta property=\"og:description\" content=\"La Conselleria de Educaci\u00f3n y el Ayuntamiento firmar\u00e1n un Convenio para la implantaci\u00f3n en Santa Pola de dos nuevos ciclos formativos de F.P. que potenciar\u00e1n el sector n\u00e1utico y el fomento de empleo con las titulaciones: &#8211; T\u00e9cnico en mantenimiento de embarcaciones. &#8211; T\u00e9cnico en mantenimiento de estructuras de madera y mobiliario de embarcaciones. En [&hellip;]\" \/>\n<meta property=\"og:url\" content=\"https:\/\/santapola.es\/ca\/santa-pola-tambien-sera-un-referente-en-la-formacion-profesional-nautica\/\" \/>\n<meta property=\"og:site_name\" content=\"Ajuntament de Santa Pola\" \/>\n<meta property=\"article:publisher\" content=\"https:\/\/www.facebook.com\/AyuntamientoSantaPola\/\" \/>\n<meta property=\"article:published_time\" content=\"2020-10-23T19:00:23+00:00\" \/>\n<meta property=\"article:modified_time\" content=\"2024-03-07T17:39:01+00:00\" \/>\n<meta property=\"og:image\" content=\"https:\/\/santapola.es\/wp-content\/uploads\/2020\/10\/reunion_nautica2.jpeg\" \/>\n<meta name=\"author\" content=\"\u00c1rea Municipal Alcald\u00eda\" \/>\n<meta name=\"twitter:card\" content=\"summary_large_image\" \/>\n<meta name=\"twitter:creator\" content=\"@SantaPolaAyunt\" \/>\n<meta name=\"twitter:site\" content=\"@SantaPolaAyunt\" \/>\n<script type=\"application\/ld+json\" class=\"yoast-schema-graph\">{\"@context\":\"https:\\\/\\\/schema.org\",\"@graph\":[{\"@type\":\"Article\",\"@id\":\"https:\\\/\\\/santapola.es\\\/ca\\\/santa-pola-tambien-sera-un-referente-en-la-formacion-profesional-nautica\\\/#article\",\"isPartOf\":{\"@id\":\"https:\\\/\\\/santapola.es\\\/ca\\\/santa-pola-tambien-sera-un-referente-en-la-formacion-profesional-nautica\\\/\"},\"author\":{\"name\":\"\u00c1rea Municipal Alcald\u00eda\",\"@id\":\"https:\\\/\\\/santapola.es\\\/ca\\\/#\\\/schema\\\/person\\\/c08381290b84c068e06ca5dc1f5a08a7\"},\"headline\":\"Santa Pola tambi\u00e9n ser\u00e1 un referente en la formaci\u00f3n profesional n\u00e1utica\",\"datePublished\":\"2020-10-23T19:00:23+00:00\",\"dateModified\":\"2024-03-07T17:39:01+00:00\",\"mainEntityOfPage\":{\"@id\":\"https:\\\/\\\/santapola.es\\\/ca\\\/santa-pola-tambien-sera-un-referente-en-la-formacion-profesional-nautica\\\/\"},\"wordCount\":188,\"image\":{\"@id\":\"https:\\\/\\\/santapola.es\\\/ca\\\/santa-pola-tambien-sera-un-referente-en-la-formacion-profesional-nautica\\\/#primaryimage\"},\"thumbnailUrl\":\"https:\\\/\\\/santapola.es\\\/wp-content\\\/uploads\\\/2020\\\/10\\\/reunion_nautica2.jpeg\",\"articleSection\":[\"Educaci\u00f3n \\\/ Juventud\",\"Inicio\",\"Sin categorizar\"],\"inLanguage\":\"ca\"},{\"@type\":\"WebPage\",\"@id\":\"https:\\\/\\\/santapola.es\\\/ca\\\/santa-pola-tambien-sera-un-referente-en-la-formacion-profesional-nautica\\\/\",\"url\":\"https:\\\/\\\/santapola.es\\\/ca\\\/santa-pola-tambien-sera-un-referente-en-la-formacion-profesional-nautica\\\/\",\"name\":\"Santa Pola tambi\u00e9n ser\u00e1 un referente en la formaci\u00f3n profesional n\u00e1utica - Ajuntament de Santa Pola\",\"isPartOf\":{\"@id\":\"https:\\\/\\\/santapola.es\\\/ca\\\/#website\"},\"primaryImageOfPage\":{\"@id\":\"https:\\\/\\\/santapola.es\\\/ca\\\/santa-pola-tambien-sera-un-referente-en-la-formacion-profesional-nautica\\\/#primaryimage\"},\"image\":{\"@id\":\"https:\\\/\\\/santapola.es\\\/ca\\\/santa-pola-tambien-sera-un-referente-en-la-formacion-profesional-nautica\\\/#primaryimage\"},\"thumbnailUrl\":\"https:\\\/\\\/santapola.es\\\/wp-content\\\/uploads\\\/2020\\\/10\\\/reunion_nautica2.jpeg\",\"datePublished\":\"2020-10-23T19:00:23+00:00\",\"dateModified\":\"2024-03-07T17:39:01+00:00\",\"author\":{\"@id\":\"https:\\\/\\\/santapola.es\\\/ca\\\/#\\\/schema\\\/person\\\/c08381290b84c068e06ca5dc1f5a08a7\"},\"breadcrumb\":{\"@id\":\"https:\\\/\\\/santapola.es\\\/ca\\\/santa-pola-tambien-sera-un-referente-en-la-formacion-profesional-nautica\\\/#breadcrumb\"},\"inLanguage\":\"ca\",\"potentialAction\":[{\"@type\":\"ReadAction\",\"target\":[\"https:\\\/\\\/santapola.es\\\/ca\\\/santa-pola-tambien-sera-un-referente-en-la-formacion-profesional-nautica\\\/\"]}]},{\"@type\":\"ImageObject\",\"inLanguage\":\"ca\",\"@id\":\"https:\\\/\\\/santapola.es\\\/ca\\\/santa-pola-tambien-sera-un-referente-en-la-formacion-profesional-nautica\\\/#primaryimage\",\"url\":\"https:\\\/\\\/santapola.es\\\/wp-content\\\/uploads\\\/2020\\\/10\\\/reunion_nautica2.jpeg\",\"contentUrl\":\"https:\\\/\\\/santapola.es\\\/wp-content\\\/uploads\\\/2020\\\/10\\\/reunion_nautica2.jpeg\"},{\"@type\":\"BreadcrumbList\",\"@id\":\"https:\\\/\\\/santapola.es\\\/ca\\\/santa-pola-tambien-sera-un-referente-en-la-formacion-profesional-nautica\\\/#breadcrumb\",\"itemListElement\":[{\"@type\":\"ListItem\",\"position\":1,\"name\":\"Inici\",\"item\":\"https:\\\/\\\/santapola.es\\\/ca\\\/\"},{\"@type\":\"ListItem\",\"position\":2,\"name\":\"Santa Pola tambi\u00e9n ser\u00e1 un referente en la formaci\u00f3n profesional n\u00e1utica\"}]},{\"@type\":\"WebSite\",\"@id\":\"https:\\\/\\\/santapola.es\\\/ca\\\/#website\",\"url\":\"https:\\\/\\\/santapola.es\\\/ca\\\/\",\"name\":\"Ayuntamiento de Santa Pola\",\"description\":\"Web de l'Ajuntament de Santa Pola\",\"potentialAction\":[{\"@type\":\"SearchAction\",\"target\":{\"@type\":\"EntryPoint\",\"urlTemplate\":\"https:\\\/\\\/santapola.es\\\/ca\\\/?s={search_term_string}\"},\"query-input\":{\"@type\":\"PropertyValueSpecification\",\"valueRequired\":true,\"valueName\":\"search_term_string\"}}],\"inLanguage\":\"ca\"},{\"@type\":\"Person\",\"@id\":\"https:\\\/\\\/santapola.es\\\/ca\\\/#\\\/schema\\\/person\\\/c08381290b84c068e06ca5dc1f5a08a7\",\"name\":\"\u00c1rea Municipal Alcald\u00eda\"}]}<\/script>\n<!-- \/ Yoast SEO plugin. -->","yoast_head_json":{"title":"Santa Pola tambi\u00e9n ser\u00e1 un referente en la formaci\u00f3n profesional n\u00e1utica - Ajuntament de Santa Pola","robots":{"index":"index","follow":"follow","max-snippet":"max-snippet:-1","max-image-preview":"max-image-preview:large","max-video-preview":"max-video-preview:-1"},"canonical":"https:\/\/santapola.es\/ca\/santa-pola-tambien-sera-un-referente-en-la-formacion-profesional-nautica\/","og_locale":"ca_ES","og_type":"article","og_title":"Santa Pola tambi\u00e9n ser\u00e1 un referente en la formaci\u00f3n profesional n\u00e1utica - Ajuntament de Santa Pola","og_description":"La Conselleria de Educaci\u00f3n y el Ayuntamiento firmar\u00e1n un Convenio para la implantaci\u00f3n en Santa Pola de dos nuevos ciclos formativos de F.P. que potenciar\u00e1n el sector n\u00e1utico y el fomento de empleo con las titulaciones: &#8211; T\u00e9cnico en mantenimiento de embarcaciones. &#8211; T\u00e9cnico en mantenimiento de estructuras de madera y mobiliario de embarcaciones. En [&hellip;]","og_url":"https:\/\/santapola.es\/ca\/santa-pola-tambien-sera-un-referente-en-la-formacion-profesional-nautica\/","og_site_name":"Ajuntament de Santa Pola","article_publisher":"https:\/\/www.facebook.com\/AyuntamientoSantaPola\/","article_published_time":"2020-10-23T19:00:23+00:00","article_modified_time":"2024-03-07T17:39:01+00:00","og_image":[{"url":"https:\/\/santapola.es\/wp-content\/uploads\/2020\/10\/reunion_nautica2.jpeg","type":"","width":"","height":""}],"author":"\u00c1rea Municipal Alcald\u00eda","twitter_card":"summary_large_image","twitter_creator":"@SantaPolaAyunt","twitter_site":"@SantaPolaAyunt","schema":{"@context":"https:\/\/schema.org","@graph":[{"@type":"Article","@id":"https:\/\/santapola.es\/ca\/santa-pola-tambien-sera-un-referente-en-la-formacion-profesional-nautica\/#article","isPartOf":{"@id":"https:\/\/santapola.es\/ca\/santa-pola-tambien-sera-un-referente-en-la-formacion-profesional-nautica\/"},"author":{"name":"\u00c1rea Municipal Alcald\u00eda","@id":"https:\/\/santapola.es\/ca\/#\/schema\/person\/c08381290b84c068e06ca5dc1f5a08a7"},"headline":"Santa Pola tambi\u00e9n ser\u00e1 un referente en la formaci\u00f3n profesional n\u00e1utica","datePublished":"2020-10-23T19:00:23+00:00","dateModified":"2024-03-07T17:39:01+00:00","mainEntityOfPage":{"@id":"https:\/\/santapola.es\/ca\/santa-pola-tambien-sera-un-referente-en-la-formacion-profesional-nautica\/"},"wordCount":188,"image":{"@id":"https:\/\/santapola.es\/ca\/santa-pola-tambien-sera-un-referente-en-la-formacion-profesional-nautica\/#primaryimage"},"thumbnailUrl":"https:\/\/santapola.es\/wp-content\/uploads\/2020\/10\/reunion_nautica2.jpeg","articleSection":["Educaci\u00f3n \/ Juventud","Inicio","Sin categorizar"],"inLanguage":"ca"},{"@type":"WebPage","@id":"https:\/\/santapola.es\/ca\/santa-pola-tambien-sera-un-referente-en-la-formacion-profesional-nautica\/","url":"https:\/\/santapola.es\/ca\/santa-pola-tambien-sera-un-referente-en-la-formacion-profesional-nautica\/","name":"Santa Pola tambi\u00e9n ser\u00e1 un referente en la formaci\u00f3n profesional n\u00e1utica - Ajuntament de Santa Pola","isPartOf":{"@id":"https:\/\/santapola.es\/ca\/#website"},"primaryImageOfPage":{"@id":"https:\/\/santapola.es\/ca\/santa-pola-tambien-sera-un-referente-en-la-formacion-profesional-nautica\/#primaryimage"},"image":{"@id":"https:\/\/santapola.es\/ca\/santa-pola-tambien-sera-un-referente-en-la-formacion-profesional-nautica\/#primaryimage"},"thumbnailUrl":"https:\/\/santapola.es\/wp-content\/uploads\/2020\/10\/reunion_nautica2.jpeg","datePublished":"2020-10-23T19:00:23+00:00","dateModified":"2024-03-07T17:39:01+00:00","author":{"@id":"https:\/\/santapola.es\/ca\/#\/schema\/person\/c08381290b84c068e06ca5dc1f5a08a7"},"breadcrumb":{"@id":"https:\/\/santapola.es\/ca\/santa-pola-tambien-sera-un-referente-en-la-formacion-profesional-nautica\/#breadcrumb"},"inLanguage":"ca","potentialAction":[{"@type":"ReadAction","target":["https:\/\/santapola.es\/ca\/santa-pola-tambien-sera-un-referente-en-la-formacion-profesional-nautica\/"]}]},{"@type":"ImageObject","inLanguage":"ca","@id":"https:\/\/santapola.es\/ca\/santa-pola-tambien-sera-un-referente-en-la-formacion-profesional-nautica\/#primaryimage","url":"https:\/\/santapola.es\/wp-content\/uploads\/2020\/10\/reunion_nautica2.jpeg","contentUrl":"https:\/\/santapola.es\/wp-content\/uploads\/2020\/10\/reunion_nautica2.jpeg"},{"@type":"BreadcrumbList","@id":"https:\/\/santapola.es\/ca\/santa-pola-tambien-sera-un-referente-en-la-formacion-profesional-nautica\/#breadcrumb","itemListElement":[{"@type":"ListItem","position":1,"name":"Inici","item":"https:\/\/santapola.es\/ca\/"},{"@type":"ListItem","position":2,"name":"Santa Pola tambi\u00e9n ser\u00e1 un referente en la formaci\u00f3n profesional n\u00e1utica"}]},{"@type":"WebSite","@id":"https:\/\/santapola.es\/ca\/#website","url":"https:\/\/santapola.es\/ca\/","name":"Ayuntamiento de Santa Pola","description":"Web de l'Ajuntament de Santa Pola","potentialAction":[{"@type":"SearchAction","target":{"@type":"EntryPoint","urlTemplate":"https:\/\/santapola.es\/ca\/?s={search_term_string}"},"query-input":{"@type":"PropertyValueSpecification","valueRequired":true,"valueName":"search_term_string"}}],"inLanguage":"ca"},{"@type":"Person","@id":"https:\/\/santapola.es\/ca\/#\/schema\/person\/c08381290b84c068e06ca5dc1f5a08a7","name":"\u00c1rea Municipal Alcald\u00eda"}]}},"_links":{"self":[{"href":"https:\/\/santapola.es\/ca\/wp-json\/wp\/v2\/posts\/13203","targetHints":{"allow":["GET"]}}],"collection":[{"href":"https:\/\/santapola.es\/ca\/wp-json\/wp\/v2\/posts"}],"about":[{"href":"https:\/\/santapola.es\/ca\/wp-json\/wp\/v2\/types\/post"}],"author":[{"embeddable":true,"href":"https:\/\/santapola.es\/ca\/wp-json\/wp\/v2\/users\/75"}],"replies":[{"embeddable":true,"href":"https:\/\/santapola.es\/ca\/wp-json\/wp\/v2\/comments?post=13203"}],"version-history":[{"count":0,"href":"https:\/\/santapola.es\/ca\/wp-json\/wp\/v2\/posts\/13203\/revisions"}],"wp:attachment":[{"href":"https:\/\/santapola.es\/ca\/wp-json\/wp\/v2\/media?parent=13203"}],"wp:term":[{"taxonomy":"category","embeddable":true,"href":"https:\/\/santapola.es\/ca\/wp-json\/wp\/v2\/categories?post=13203"},{"taxonomy":"post_tag","embeddable":true,"href":"https:\/\/santapola.es\/ca\/wp-json\/wp\/v2\/tags?post=13203"}],"curies":[{"name":"wp","href":"https:\/\/api.w.org\/{rel}","templated":true}]}}