{"id":13099,"date":"2020-10-13T12:24:03","date_gmt":"2020-10-13T11:24:03","guid":{"rendered":"https:\/\/www.santapola.es\/?p=13099"},"modified":"2024-03-07T18:38:58","modified_gmt":"2024-03-07T17:38:58","slug":"nuevo-programa-formativo-online-gratuito-santa-pola-digital","status":"publish","type":"post","link":"https:\/\/santapola.es\/ca\/nuevo-programa-formativo-online-gratuito-santa-pola-digital\/","title":{"rendered":"Nuevo programa formativo online gratuito &#8220;Santa Pola Digital&#8221;"},"content":{"rendered":"<p style=\"text-align: justify;\">El Ayuntamiento de Santa Pola, a trav\u00e9s del Servicio Emprende Santa Pola, ha presentado esta ma\u00f1ana el programa formativo online \u201cSanta Pola Digital 2020\u201d adem\u00e1s de darlo a conocer a la Presidenta Pepa Garri de la Asociaci\u00f3n de Comerciantes de Santa Pola.<\/p>\n<p style=\"text-align: justify;\">Se trata de un programa dirigido a proyectos de emprendimiento, comercios y PYMES de la localidad, para la mejora de la presencia online y competitividad en Internet m\u00e1s necesaria que nunca tras la crisis provocada por la COVID-19.<\/p>\n<p style=\"text-align: justify;\">La digitalizaci\u00f3n es imprescindible para ganar competitividad en un mundo cada vez m\u00e1s tecnol\u00f3gico. Hasta hace unos meses, las empresas segu\u00edan observando este reto como algo inalcanzable por 3 motivos: el alto coste, la escasez de personal para afrontar este cambio y las resistencias generacionales internas.<\/p>\n<p style=\"text-align: justify;\">Tras la pandemia las empresas, comercios y proyectos se enfrentan al reto de abordar la transformaci\u00f3n digital como prioridad inaplazable. Con el programa \u201c Santa Pola Digital 2020\u201d se pretende mejorar las habilidades y conocimientos digitales, se conocer\u00e1 los canales para ganar presencia, elaboraci\u00f3n de estrategias online y se descubrir\u00e1 las nuevas oportunidades que se abren en este entorno online.<\/p>\n<p style=\"text-align: justify;\">El programa est\u00e1 dise\u00f1ado con un itinerario 100% online compuesto por 4 sesiones formativas tem\u00e1ticas. Y tiene capacidad para acoger hasta 100 participantes.<br \/>\nSe desarrollar\u00e1 la pr\u00f3xima semana, los d\u00edas 19, 20, 21 y 22 de octubre, en horario de 15 h a 17 h, a trav\u00e9s de una Aula Digital, que permitir\u00e1 su desarrollo online.<\/p>\n<p style=\"text-align: justify;\">Se ha creado una web para este proyecto <a href=\"http:\/\/www.santapoladigital2020.es\/\" target=\"_blank\" rel=\"noopener noreferrer\">http:\/\/www.santapoladigital2020.es\/<\/a>. Las personas interesadas deben inscribirse previamente rellenando el formulario alojado en la web.<\/p>\n<p style=\"text-align: justify;\"><strong>Programaci\u00f3n:<\/strong><\/p>\n<p style=\"text-align: justify;\">19 de octubre de 2020<br \/>\nSESI\u00d3N 1 | Internet importa\u2026, \u00bfpor d\u00f3nde empiezo?<br \/>\nDe 15:00 a 17:00h.<br \/>\nAhora que tenemos tan clara la importancia de Internet, vamos a conocer las herramientas gratuitas imprescindibles para conectar con nuestros clientes y dar los primeros pasos en la red.<\/p>\n<p style=\"text-align: justify;\">20 de octubre de 2020<br \/>\nSESI\u00d3N 2 | Herramientas para trabajar online\u2026 y no morir en el intento<br \/>\nDe 15:00 a 17:00h.<br \/>\nSi utilizas las herramientas adecuadas para ser eficiente en tu negocio\u2026 \u00bfpor qu\u00e9 no lo haces en el mundo digital tambi\u00e9n? Descubre las mejores herramientas para trabajar desde tu ordenador o smartphone.<\/p>\n<p style=\"text-align: justify;\">21 de octubre de 2020<br \/>\nSESI\u00d3N 3 | Quiero clientes en Internet. Tu hoja de ruta.<br \/>\nDe 15:00 a 17:00h.<br \/>\nSin un camino preestablecido es dif\u00edcil sacarle el m\u00e1ximo partido a tu web, a tus canales sociales o captar nuevos clientes. En esta sesi\u00f3n, vamos a mostrarte c\u00f3mo elaborar tu propia hoja de ruta y a medir el \u00e9xito de tu negocio en Internet.<\/p>\n<p style=\"text-align: justify;\">22 de octubre de 2020<br \/>\nSESI\u00d3N 4 | C\u00f3mo vender m\u00e1s con tu p\u00e1gina web.<br \/>\nDe 15:00 a 17:00h.<br \/>\nHablemos de nuestro cliente ideal, de la mejor estructura para nuestra web y de todo aquello que [si o si] nuestra p\u00e1gina web o tienda online deber\u00eda de tener para aumentar nuestras ventas.<\/p>\n<p>Ponentes:<br \/>\nJUDITH DOM\u00cdNGUEZ Directora de Arte. Emprendedora y fundadora de Wabi, agencia de dise\u00f1o que cuenta con Real Madrid y Gioseppo en su cartera de clientes.<br \/>\nANDREA GUTI\u00c9RREZ Especialista en estrategia digital y marketing social. Fundadora de &#8220;The New Skyline&#8221;.<br \/>\nCARLOS VERD\u00da Dinamizador de comunidades y espacios de coworking. Especialista en Desarrollo Local e Innovaci\u00f3n Territorial. M\u00e1ster DELEITE.<\/p>\n<p style=\"text-align: justify;\">Se trata de un programa de formaci\u00f3n gratuito que se financia gracias a una subvenci\u00f3n de la Excma. Diputaci\u00f3n Provincial de Alicante y el Ayuntamiento de Santa Pola.<\/p>\n<p><img loading=\"lazy\" decoding=\"async\" class=\"aligncenter size-full wp-image-13100\" src=\"https:\/\/santapola.es\/wp-content\/uploads\/2020\/10\/santapola_digital_A.png\" alt=\"\" width=\"940\" height=\"788\" srcset=\"https:\/\/santapola.es\/wp-content\/uploads\/2020\/10\/santapola_digital_A.png 940w, https:\/\/santapola.es\/wp-content\/uploads\/2020\/10\/santapola_digital_A-300x251.png 300w, https:\/\/santapola.es\/wp-content\/uploads\/2020\/10\/santapola_digital_A-768x644.png 768w, https:\/\/santapola.es\/wp-content\/uploads\/2020\/10\/santapola_digital_A-610x511.png 610w\" sizes=\"(max-width: 940px) 100vw, 940px\" \/><\/p>\n","protected":false},"excerpt":{"rendered":"<p>El Ayuntamiento de Santa Pola, a trav\u00e9s del Servicio Emprende Santa Pola, ha presentado esta ma\u00f1ana el programa formativo online \u201cSanta Pola Digital 2020\u201d adem\u00e1s de darlo a conocer a la Presidenta Pepa Garri de la Asociaci\u00f3n de Comerciantes de Santa Pola. Se trata de un programa dirigido a proyectos de emprendimiento, comercios y PYMES [&hellip;]<\/p>\n","protected":false},"author":75,"featured_media":0,"comment_status":"closed","ping_status":"closed","sticky":false,"template":"","format":"standard","meta":{"_et_pb_use_builder":"","_et_pb_old_content":"","_et_gb_content_width":"","footnotes":""},"categories":[62,66,406],"tags":[],"class_list":["post-13099","post","type-post","status-publish","format-standard","hentry","category-emprende","category-inicio","category-sin-categorizar-2"],"yoast_head":"<!-- This site is optimized with the Yoast SEO plugin v27.4 - https:\/\/yoast.com\/product\/yoast-seo-wordpress\/ -->\n<title>Nuevo programa formativo online gratuito &quot;Santa Pola Digital&quot; - Ajuntament de Santa Pola<\/title>\n<meta name=\"robots\" content=\"index, follow, max-snippet:-1, max-image-preview:large, max-video-preview:-1\" \/>\n<link rel=\"canonical\" href=\"https:\/\/santapola.es\/ca\/nuevo-programa-formativo-online-gratuito-santa-pola-digital\/\" \/>\n<meta property=\"og:locale\" content=\"ca_ES\" \/>\n<meta property=\"og:type\" content=\"article\" \/>\n<meta property=\"og:title\" content=\"Nuevo programa formativo online gratuito &quot;Santa Pola Digital&quot; - Ajuntament de Santa Pola\" \/>\n<meta property=\"og:description\" content=\"El Ayuntamiento de Santa Pola, a trav\u00e9s del Servicio Emprende Santa Pola, ha presentado esta ma\u00f1ana el programa formativo online \u201cSanta Pola Digital 2020\u201d adem\u00e1s de darlo a conocer a la Presidenta Pepa Garri de la Asociaci\u00f3n de Comerciantes de Santa Pola. Se trata de un programa dirigido a proyectos de emprendimiento, comercios y PYMES [&hellip;]\" \/>\n<meta property=\"og:url\" content=\"https:\/\/santapola.es\/ca\/nuevo-programa-formativo-online-gratuito-santa-pola-digital\/\" \/>\n<meta property=\"og:site_name\" content=\"Ajuntament de Santa Pola\" \/>\n<meta property=\"article:publisher\" content=\"https:\/\/www.facebook.com\/AyuntamientoSantaPola\/\" \/>\n<meta property=\"article:published_time\" content=\"2020-10-13T11:24:03+00:00\" \/>\n<meta property=\"article:modified_time\" content=\"2024-03-07T17:38:58+00:00\" \/>\n<meta property=\"og:image\" content=\"https:\/\/santapola.es\/wp-content\/uploads\/2020\/10\/santapola_digital_A.png\" \/>\n<meta name=\"author\" content=\"\u00c1rea Municipal Alcald\u00eda\" \/>\n<meta name=\"twitter:card\" content=\"summary_large_image\" \/>\n<meta name=\"twitter:creator\" content=\"@SantaPolaAyunt\" \/>\n<meta name=\"twitter:site\" content=\"@SantaPolaAyunt\" \/>\n<script type=\"application\/ld+json\" class=\"yoast-schema-graph\">{\"@context\":\"https:\\\/\\\/schema.org\",\"@graph\":[{\"@type\":\"Article\",\"@id\":\"https:\\\/\\\/santapola.es\\\/ca\\\/nuevo-programa-formativo-online-gratuito-santa-pola-digital\\\/#article\",\"isPartOf\":{\"@id\":\"https:\\\/\\\/santapola.es\\\/ca\\\/nuevo-programa-formativo-online-gratuito-santa-pola-digital\\\/\"},\"author\":{\"name\":\"\u00c1rea Municipal Alcald\u00eda\",\"@id\":\"https:\\\/\\\/santapola.es\\\/ca\\\/#\\\/schema\\\/person\\\/c08381290b84c068e06ca5dc1f5a08a7\"},\"headline\":\"Nuevo programa formativo online gratuito &#8220;Santa Pola Digital&#8221;\",\"datePublished\":\"2020-10-13T11:24:03+00:00\",\"dateModified\":\"2024-03-07T17:38:58+00:00\",\"mainEntityOfPage\":{\"@id\":\"https:\\\/\\\/santapola.es\\\/ca\\\/nuevo-programa-formativo-online-gratuito-santa-pola-digital\\\/\"},\"wordCount\":585,\"image\":{\"@id\":\"https:\\\/\\\/santapola.es\\\/ca\\\/nuevo-programa-formativo-online-gratuito-santa-pola-digital\\\/#primaryimage\"},\"thumbnailUrl\":\"https:\\\/\\\/santapola.es\\\/wp-content\\\/uploads\\\/2020\\\/10\\\/santapola_digital_A.png\",\"articleSection\":[\"Emprende Santa Pola\",\"Inicio\",\"Sin categorizar\"],\"inLanguage\":\"ca\"},{\"@type\":\"WebPage\",\"@id\":\"https:\\\/\\\/santapola.es\\\/ca\\\/nuevo-programa-formativo-online-gratuito-santa-pola-digital\\\/\",\"url\":\"https:\\\/\\\/santapola.es\\\/ca\\\/nuevo-programa-formativo-online-gratuito-santa-pola-digital\\\/\",\"name\":\"Nuevo programa formativo online gratuito \\\"Santa Pola Digital\\\" - Ajuntament de Santa Pola\",\"isPartOf\":{\"@id\":\"https:\\\/\\\/santapola.es\\\/ca\\\/#website\"},\"primaryImageOfPage\":{\"@id\":\"https:\\\/\\\/santapola.es\\\/ca\\\/nuevo-programa-formativo-online-gratuito-santa-pola-digital\\\/#primaryimage\"},\"image\":{\"@id\":\"https:\\\/\\\/santapola.es\\\/ca\\\/nuevo-programa-formativo-online-gratuito-santa-pola-digital\\\/#primaryimage\"},\"thumbnailUrl\":\"https:\\\/\\\/santapola.es\\\/wp-content\\\/uploads\\\/2020\\\/10\\\/santapola_digital_A.png\",\"datePublished\":\"2020-10-13T11:24:03+00:00\",\"dateModified\":\"2024-03-07T17:38:58+00:00\",\"author\":{\"@id\":\"https:\\\/\\\/santapola.es\\\/ca\\\/#\\\/schema\\\/person\\\/c08381290b84c068e06ca5dc1f5a08a7\"},\"breadcrumb\":{\"@id\":\"https:\\\/\\\/santapola.es\\\/ca\\\/nuevo-programa-formativo-online-gratuito-santa-pola-digital\\\/#breadcrumb\"},\"inLanguage\":\"ca\",\"potentialAction\":[{\"@type\":\"ReadAction\",\"target\":[\"https:\\\/\\\/santapola.es\\\/ca\\\/nuevo-programa-formativo-online-gratuito-santa-pola-digital\\\/\"]}]},{\"@type\":\"ImageObject\",\"inLanguage\":\"ca\",\"@id\":\"https:\\\/\\\/santapola.es\\\/ca\\\/nuevo-programa-formativo-online-gratuito-santa-pola-digital\\\/#primaryimage\",\"url\":\"https:\\\/\\\/santapola.es\\\/wp-content\\\/uploads\\\/2020\\\/10\\\/santapola_digital_A.png\",\"contentUrl\":\"https:\\\/\\\/santapola.es\\\/wp-content\\\/uploads\\\/2020\\\/10\\\/santapola_digital_A.png\"},{\"@type\":\"BreadcrumbList\",\"@id\":\"https:\\\/\\\/santapola.es\\\/ca\\\/nuevo-programa-formativo-online-gratuito-santa-pola-digital\\\/#breadcrumb\",\"itemListElement\":[{\"@type\":\"ListItem\",\"position\":1,\"name\":\"Inici\",\"item\":\"https:\\\/\\\/santapola.es\\\/ca\\\/\"},{\"@type\":\"ListItem\",\"position\":2,\"name\":\"Nuevo programa formativo online gratuito &#8220;Santa Pola Digital&#8221;\"}]},{\"@type\":\"WebSite\",\"@id\":\"https:\\\/\\\/santapola.es\\\/ca\\\/#website\",\"url\":\"https:\\\/\\\/santapola.es\\\/ca\\\/\",\"name\":\"Ayuntamiento de Santa Pola\",\"description\":\"Web de l'Ajuntament de Santa Pola\",\"potentialAction\":[{\"@type\":\"SearchAction\",\"target\":{\"@type\":\"EntryPoint\",\"urlTemplate\":\"https:\\\/\\\/santapola.es\\\/ca\\\/?s={search_term_string}\"},\"query-input\":{\"@type\":\"PropertyValueSpecification\",\"valueRequired\":true,\"valueName\":\"search_term_string\"}}],\"inLanguage\":\"ca\"},{\"@type\":\"Person\",\"@id\":\"https:\\\/\\\/santapola.es\\\/ca\\\/#\\\/schema\\\/person\\\/c08381290b84c068e06ca5dc1f5a08a7\",\"name\":\"\u00c1rea Municipal Alcald\u00eda\"}]}<\/script>\n<!-- \/ Yoast SEO plugin. -->","yoast_head_json":{"title":"Nuevo programa formativo online gratuito \"Santa Pola Digital\" - Ajuntament de Santa Pola","robots":{"index":"index","follow":"follow","max-snippet":"max-snippet:-1","max-image-preview":"max-image-preview:large","max-video-preview":"max-video-preview:-1"},"canonical":"https:\/\/santapola.es\/ca\/nuevo-programa-formativo-online-gratuito-santa-pola-digital\/","og_locale":"ca_ES","og_type":"article","og_title":"Nuevo programa formativo online gratuito \"Santa Pola Digital\" - Ajuntament de Santa Pola","og_description":"El Ayuntamiento de Santa Pola, a trav\u00e9s del Servicio Emprende Santa Pola, ha presentado esta ma\u00f1ana el programa formativo online \u201cSanta Pola Digital 2020\u201d adem\u00e1s de darlo a conocer a la Presidenta Pepa Garri de la Asociaci\u00f3n de Comerciantes de Santa Pola. Se trata de un programa dirigido a proyectos de emprendimiento, comercios y PYMES [&hellip;]","og_url":"https:\/\/santapola.es\/ca\/nuevo-programa-formativo-online-gratuito-santa-pola-digital\/","og_site_name":"Ajuntament de Santa Pola","article_publisher":"https:\/\/www.facebook.com\/AyuntamientoSantaPola\/","article_published_time":"2020-10-13T11:24:03+00:00","article_modified_time":"2024-03-07T17:38:58+00:00","og_image":[{"url":"https:\/\/santapola.es\/wp-content\/uploads\/2020\/10\/santapola_digital_A.png","type":"","width":"","height":""}],"author":"\u00c1rea Municipal Alcald\u00eda","twitter_card":"summary_large_image","twitter_creator":"@SantaPolaAyunt","twitter_site":"@SantaPolaAyunt","schema":{"@context":"https:\/\/schema.org","@graph":[{"@type":"Article","@id":"https:\/\/santapola.es\/ca\/nuevo-programa-formativo-online-gratuito-santa-pola-digital\/#article","isPartOf":{"@id":"https:\/\/santapola.es\/ca\/nuevo-programa-formativo-online-gratuito-santa-pola-digital\/"},"author":{"name":"\u00c1rea Municipal Alcald\u00eda","@id":"https:\/\/santapola.es\/ca\/#\/schema\/person\/c08381290b84c068e06ca5dc1f5a08a7"},"headline":"Nuevo programa formativo online gratuito &#8220;Santa Pola Digital&#8221;","datePublished":"2020-10-13T11:24:03+00:00","dateModified":"2024-03-07T17:38:58+00:00","mainEntityOfPage":{"@id":"https:\/\/santapola.es\/ca\/nuevo-programa-formativo-online-gratuito-santa-pola-digital\/"},"wordCount":585,"image":{"@id":"https:\/\/santapola.es\/ca\/nuevo-programa-formativo-online-gratuito-santa-pola-digital\/#primaryimage"},"thumbnailUrl":"https:\/\/santapola.es\/wp-content\/uploads\/2020\/10\/santapola_digital_A.png","articleSection":["Emprende Santa Pola","Inicio","Sin categorizar"],"inLanguage":"ca"},{"@type":"WebPage","@id":"https:\/\/santapola.es\/ca\/nuevo-programa-formativo-online-gratuito-santa-pola-digital\/","url":"https:\/\/santapola.es\/ca\/nuevo-programa-formativo-online-gratuito-santa-pola-digital\/","name":"Nuevo programa formativo online gratuito \"Santa Pola Digital\" - Ajuntament de Santa Pola","isPartOf":{"@id":"https:\/\/santapola.es\/ca\/#website"},"primaryImageOfPage":{"@id":"https:\/\/santapola.es\/ca\/nuevo-programa-formativo-online-gratuito-santa-pola-digital\/#primaryimage"},"image":{"@id":"https:\/\/santapola.es\/ca\/nuevo-programa-formativo-online-gratuito-santa-pola-digital\/#primaryimage"},"thumbnailUrl":"https:\/\/santapola.es\/wp-content\/uploads\/2020\/10\/santapola_digital_A.png","datePublished":"2020-10-13T11:24:03+00:00","dateModified":"2024-03-07T17:38:58+00:00","author":{"@id":"https:\/\/santapola.es\/ca\/#\/schema\/person\/c08381290b84c068e06ca5dc1f5a08a7"},"breadcrumb":{"@id":"https:\/\/santapola.es\/ca\/nuevo-programa-formativo-online-gratuito-santa-pola-digital\/#breadcrumb"},"inLanguage":"ca","potentialAction":[{"@type":"ReadAction","target":["https:\/\/santapola.es\/ca\/nuevo-programa-formativo-online-gratuito-santa-pola-digital\/"]}]},{"@type":"ImageObject","inLanguage":"ca","@id":"https:\/\/santapola.es\/ca\/nuevo-programa-formativo-online-gratuito-santa-pola-digital\/#primaryimage","url":"https:\/\/santapola.es\/wp-content\/uploads\/2020\/10\/santapola_digital_A.png","contentUrl":"https:\/\/santapola.es\/wp-content\/uploads\/2020\/10\/santapola_digital_A.png"},{"@type":"BreadcrumbList","@id":"https:\/\/santapola.es\/ca\/nuevo-programa-formativo-online-gratuito-santa-pola-digital\/#breadcrumb","itemListElement":[{"@type":"ListItem","position":1,"name":"Inici","item":"https:\/\/santapola.es\/ca\/"},{"@type":"ListItem","position":2,"name":"Nuevo programa formativo online gratuito &#8220;Santa Pola Digital&#8221;"}]},{"@type":"WebSite","@id":"https:\/\/santapola.es\/ca\/#website","url":"https:\/\/santapola.es\/ca\/","name":"Ayuntamiento de Santa Pola","description":"Web de l'Ajuntament de Santa Pola","potentialAction":[{"@type":"SearchAction","target":{"@type":"EntryPoint","urlTemplate":"https:\/\/santapola.es\/ca\/?s={search_term_string}"},"query-input":{"@type":"PropertyValueSpecification","valueRequired":true,"valueName":"search_term_string"}}],"inLanguage":"ca"},{"@type":"Person","@id":"https:\/\/santapola.es\/ca\/#\/schema\/person\/c08381290b84c068e06ca5dc1f5a08a7","name":"\u00c1rea Municipal Alcald\u00eda"}]}},"_links":{"self":[{"href":"https:\/\/santapola.es\/ca\/wp-json\/wp\/v2\/posts\/13099","targetHints":{"allow":["GET"]}}],"collection":[{"href":"https:\/\/santapola.es\/ca\/wp-json\/wp\/v2\/posts"}],"about":[{"href":"https:\/\/santapola.es\/ca\/wp-json\/wp\/v2\/types\/post"}],"author":[{"embeddable":true,"href":"https:\/\/santapola.es\/ca\/wp-json\/wp\/v2\/users\/75"}],"replies":[{"embeddable":true,"href":"https:\/\/santapola.es\/ca\/wp-json\/wp\/v2\/comments?post=13099"}],"version-history":[{"count":0,"href":"https:\/\/santapola.es\/ca\/wp-json\/wp\/v2\/posts\/13099\/revisions"}],"wp:attachment":[{"href":"https:\/\/santapola.es\/ca\/wp-json\/wp\/v2\/media?parent=13099"}],"wp:term":[{"taxonomy":"category","embeddable":true,"href":"https:\/\/santapola.es\/ca\/wp-json\/wp\/v2\/categories?post=13099"},{"taxonomy":"post_tag","embeddable":true,"href":"https:\/\/santapola.es\/ca\/wp-json\/wp\/v2\/tags?post=13099"}],"curies":[{"name":"wp","href":"https:\/\/api.w.org\/{rel}","templated":true}]}}