{"id":13013,"date":"2020-09-30T11:53:19","date_gmt":"2020-09-30T10:53:19","guid":{"rendered":"https:\/\/www.santapola.es\/?p=13013"},"modified":"2024-03-07T18:38:54","modified_gmt":"2024-03-07T17:38:54","slug":"finalizan-las-obras-en-la-calle-mayor","status":"publish","type":"post","link":"https:\/\/santapola.es\/ca\/finalizan-las-obras-en-la-calle-mayor\/","title":{"rendered":"Finalizan las obras en la calle Mayor"},"content":{"rendered":"<p>Tras la finalizaci\u00f3n de las obras de la Calle Mayor se ha procedido a la apertura de la calle tanto para viandantes como veh\u00edculos.<\/p>\n<p>La alcaldesa de Santa Pola y el concejal de Infraestructuras visitaron este lunes la obra de demolici\u00f3n para comprobar de primera mano la finalizaci\u00f3n de las obras.<\/p>\n<p>Los trabajos que se iniciaron el 18 de septiembre, tras los tr\u00e1mites administrativos pertinentes, han finalizado en menos de 15 d\u00edas para solventar lo m\u00e1s pronto posible esta situaci\u00f3n.<\/p>\n<p><img loading=\"lazy\" decoding=\"async\" class=\"aligncenter size-large wp-image-13014\" src=\"https:\/\/santapola.es\/wp-content\/uploads\/2020\/09\/callemayor_abierta-1024x653.jpg\" alt=\"\" width=\"1024\" height=\"653\" srcset=\"https:\/\/santapola.es\/wp-content\/uploads\/2020\/09\/callemayor_abierta-1024x653.jpg 1024w, https:\/\/santapola.es\/wp-content\/uploads\/2020\/09\/callemayor_abierta-300x191.jpg 300w, https:\/\/santapola.es\/wp-content\/uploads\/2020\/09\/callemayor_abierta-768x489.jpg 768w, https:\/\/santapola.es\/wp-content\/uploads\/2020\/09\/callemayor_abierta-1080x688.jpg 1080w, https:\/\/santapola.es\/wp-content\/uploads\/2020\/09\/callemayor_abierta-610x389.jpg 610w, https:\/\/santapola.es\/wp-content\/uploads\/2020\/09\/callemayor_abierta.jpg 1709w\" sizes=\"(max-width: 1024px) 100vw, 1024px\" \/><\/p>\n<p><img loading=\"lazy\" decoding=\"async\" class=\"aligncenter size-large wp-image-13015\" src=\"https:\/\/santapola.es\/wp-content\/uploads\/2020\/09\/derribo_callemayor-1024x768.jpg\" alt=\"\" width=\"1024\" height=\"768\" srcset=\"https:\/\/santapola.es\/wp-content\/uploads\/2020\/09\/derribo_callemayor-1024x768.jpg 1024w, https:\/\/santapola.es\/wp-content\/uploads\/2020\/09\/derribo_callemayor-300x225.jpg 300w, https:\/\/santapola.es\/wp-content\/uploads\/2020\/09\/derribo_callemayor-768x576.jpg 768w, https:\/\/santapola.es\/wp-content\/uploads\/2020\/09\/derribo_callemayor-510x382.jpg 510w, https:\/\/santapola.es\/wp-content\/uploads\/2020\/09\/derribo_callemayor-1080x810.jpg 1080w, https:\/\/santapola.es\/wp-content\/uploads\/2020\/09\/derribo_callemayor-610x458.jpg 610w, https:\/\/santapola.es\/wp-content\/uploads\/2020\/09\/derribo_callemayor.jpg 2048w\" sizes=\"(max-width: 1024px) 100vw, 1024px\" \/><\/p>\n","protected":false},"excerpt":{"rendered":"<p>Tras la finalizaci\u00f3n de las obras de la Calle Mayor se ha procedido a la apertura de la calle tanto para viandantes como veh\u00edculos. La alcaldesa de Santa Pola y el concejal de Infraestructuras visitaron este lunes la obra de demolici\u00f3n para comprobar de primera mano la finalizaci\u00f3n de las obras. Los trabajos que se [&hellip;]<\/p>\n","protected":false},"author":75,"featured_media":0,"comment_status":"closed","ping_status":"closed","sticky":false,"template":"","format":"standard","meta":{"_et_pb_use_builder":"","_et_pb_old_content":"","_et_gb_content_width":"","footnotes":""},"categories":[61,66,54,406],"tags":[],"class_list":["post-13013","post","type-post","status-publish","format-standard","hentry","category-alcaldia","category-inicio","category-servicios-publicos-infraestructura-fomento-cementerios","category-sin-categorizar-2"],"yoast_head":"<!-- This site is optimized with the Yoast SEO plugin v27.4 - https:\/\/yoast.com\/product\/yoast-seo-wordpress\/ -->\n<title>Finalizan las obras en la calle Mayor - Ajuntament de Santa Pola<\/title>\n<meta name=\"robots\" content=\"index, follow, max-snippet:-1, max-image-preview:large, max-video-preview:-1\" \/>\n<link rel=\"canonical\" href=\"https:\/\/santapola.es\/ca\/finalizan-las-obras-en-la-calle-mayor\/\" \/>\n<meta property=\"og:locale\" content=\"ca_ES\" \/>\n<meta property=\"og:type\" content=\"article\" \/>\n<meta property=\"og:title\" content=\"Finalizan las obras en la calle Mayor - Ajuntament de Santa Pola\" \/>\n<meta property=\"og:description\" content=\"Tras la finalizaci\u00f3n de las obras de la Calle Mayor se ha procedido a la apertura de la calle tanto para viandantes como veh\u00edculos. La alcaldesa de Santa Pola y el concejal de Infraestructuras visitaron este lunes la obra de demolici\u00f3n para comprobar de primera mano la finalizaci\u00f3n de las obras. Los trabajos que se [&hellip;]\" \/>\n<meta property=\"og:url\" content=\"https:\/\/santapola.es\/ca\/finalizan-las-obras-en-la-calle-mayor\/\" \/>\n<meta property=\"og:site_name\" content=\"Ajuntament de Santa Pola\" \/>\n<meta property=\"article:publisher\" content=\"https:\/\/www.facebook.com\/AyuntamientoSantaPola\/\" \/>\n<meta property=\"article:published_time\" content=\"2020-09-30T10:53:19+00:00\" \/>\n<meta property=\"article:modified_time\" content=\"2024-03-07T17:38:54+00:00\" \/>\n<meta property=\"og:image\" content=\"https:\/\/santapola.es\/wp-content\/uploads\/2020\/09\/callemayor_abierta-1024x653.jpg\" \/>\n<meta name=\"author\" content=\"\u00c1rea Municipal Alcald\u00eda\" \/>\n<meta name=\"twitter:card\" content=\"summary_large_image\" \/>\n<meta name=\"twitter:creator\" content=\"@SantaPolaAyunt\" \/>\n<meta name=\"twitter:site\" content=\"@SantaPolaAyunt\" \/>\n<script type=\"application\/ld+json\" class=\"yoast-schema-graph\">{\"@context\":\"https:\\\/\\\/schema.org\",\"@graph\":[{\"@type\":\"Article\",\"@id\":\"https:\\\/\\\/santapola.es\\\/ca\\\/finalizan-las-obras-en-la-calle-mayor\\\/#article\",\"isPartOf\":{\"@id\":\"https:\\\/\\\/santapola.es\\\/ca\\\/finalizan-las-obras-en-la-calle-mayor\\\/\"},\"author\":{\"name\":\"\u00c1rea Municipal Alcald\u00eda\",\"@id\":\"https:\\\/\\\/santapola.es\\\/ca\\\/#\\\/schema\\\/person\\\/c08381290b84c068e06ca5dc1f5a08a7\"},\"headline\":\"Finalizan las obras en la calle Mayor\",\"datePublished\":\"2020-09-30T10:53:19+00:00\",\"dateModified\":\"2024-03-07T17:38:54+00:00\",\"mainEntityOfPage\":{\"@id\":\"https:\\\/\\\/santapola.es\\\/ca\\\/finalizan-las-obras-en-la-calle-mayor\\\/\"},\"wordCount\":93,\"image\":{\"@id\":\"https:\\\/\\\/santapola.es\\\/ca\\\/finalizan-las-obras-en-la-calle-mayor\\\/#primaryimage\"},\"thumbnailUrl\":\"https:\\\/\\\/santapola.es\\\/wp-content\\\/uploads\\\/2020\\\/09\\\/callemayor_abierta-1024x653.jpg\",\"articleSection\":[\"Alcald\u00eda\",\"Inicio\",\"Servicios p\u00fablicos \\\/ infraestructura \\\/ fomento \\\/ cementerios\",\"Sin categorizar\"],\"inLanguage\":\"ca\"},{\"@type\":\"WebPage\",\"@id\":\"https:\\\/\\\/santapola.es\\\/ca\\\/finalizan-las-obras-en-la-calle-mayor\\\/\",\"url\":\"https:\\\/\\\/santapola.es\\\/ca\\\/finalizan-las-obras-en-la-calle-mayor\\\/\",\"name\":\"Finalizan las obras en la calle Mayor - Ajuntament de Santa Pola\",\"isPartOf\":{\"@id\":\"https:\\\/\\\/santapola.es\\\/ca\\\/#website\"},\"primaryImageOfPage\":{\"@id\":\"https:\\\/\\\/santapola.es\\\/ca\\\/finalizan-las-obras-en-la-calle-mayor\\\/#primaryimage\"},\"image\":{\"@id\":\"https:\\\/\\\/santapola.es\\\/ca\\\/finalizan-las-obras-en-la-calle-mayor\\\/#primaryimage\"},\"thumbnailUrl\":\"https:\\\/\\\/santapola.es\\\/wp-content\\\/uploads\\\/2020\\\/09\\\/callemayor_abierta-1024x653.jpg\",\"datePublished\":\"2020-09-30T10:53:19+00:00\",\"dateModified\":\"2024-03-07T17:38:54+00:00\",\"author\":{\"@id\":\"https:\\\/\\\/santapola.es\\\/ca\\\/#\\\/schema\\\/person\\\/c08381290b84c068e06ca5dc1f5a08a7\"},\"breadcrumb\":{\"@id\":\"https:\\\/\\\/santapola.es\\\/ca\\\/finalizan-las-obras-en-la-calle-mayor\\\/#breadcrumb\"},\"inLanguage\":\"ca\",\"potentialAction\":[{\"@type\":\"ReadAction\",\"target\":[\"https:\\\/\\\/santapola.es\\\/ca\\\/finalizan-las-obras-en-la-calle-mayor\\\/\"]}]},{\"@type\":\"ImageObject\",\"inLanguage\":\"ca\",\"@id\":\"https:\\\/\\\/santapola.es\\\/ca\\\/finalizan-las-obras-en-la-calle-mayor\\\/#primaryimage\",\"url\":\"https:\\\/\\\/santapola.es\\\/wp-content\\\/uploads\\\/2020\\\/09\\\/callemayor_abierta-1024x653.jpg\",\"contentUrl\":\"https:\\\/\\\/santapola.es\\\/wp-content\\\/uploads\\\/2020\\\/09\\\/callemayor_abierta-1024x653.jpg\"},{\"@type\":\"BreadcrumbList\",\"@id\":\"https:\\\/\\\/santapola.es\\\/ca\\\/finalizan-las-obras-en-la-calle-mayor\\\/#breadcrumb\",\"itemListElement\":[{\"@type\":\"ListItem\",\"position\":1,\"name\":\"Inici\",\"item\":\"https:\\\/\\\/santapola.es\\\/ca\\\/\"},{\"@type\":\"ListItem\",\"position\":2,\"name\":\"Finalizan las obras en la calle Mayor\"}]},{\"@type\":\"WebSite\",\"@id\":\"https:\\\/\\\/santapola.es\\\/ca\\\/#website\",\"url\":\"https:\\\/\\\/santapola.es\\\/ca\\\/\",\"name\":\"Ayuntamiento de Santa Pola\",\"description\":\"Web de l'Ajuntament de Santa Pola\",\"potentialAction\":[{\"@type\":\"SearchAction\",\"target\":{\"@type\":\"EntryPoint\",\"urlTemplate\":\"https:\\\/\\\/santapola.es\\\/ca\\\/?s={search_term_string}\"},\"query-input\":{\"@type\":\"PropertyValueSpecification\",\"valueRequired\":true,\"valueName\":\"search_term_string\"}}],\"inLanguage\":\"ca\"},{\"@type\":\"Person\",\"@id\":\"https:\\\/\\\/santapola.es\\\/ca\\\/#\\\/schema\\\/person\\\/c08381290b84c068e06ca5dc1f5a08a7\",\"name\":\"\u00c1rea Municipal Alcald\u00eda\"}]}<\/script>\n<!-- \/ Yoast SEO plugin. -->","yoast_head_json":{"title":"Finalizan las obras en la calle Mayor - Ajuntament de Santa Pola","robots":{"index":"index","follow":"follow","max-snippet":"max-snippet:-1","max-image-preview":"max-image-preview:large","max-video-preview":"max-video-preview:-1"},"canonical":"https:\/\/santapola.es\/ca\/finalizan-las-obras-en-la-calle-mayor\/","og_locale":"ca_ES","og_type":"article","og_title":"Finalizan las obras en la calle Mayor - Ajuntament de Santa Pola","og_description":"Tras la finalizaci\u00f3n de las obras de la Calle Mayor se ha procedido a la apertura de la calle tanto para viandantes como veh\u00edculos. La alcaldesa de Santa Pola y el concejal de Infraestructuras visitaron este lunes la obra de demolici\u00f3n para comprobar de primera mano la finalizaci\u00f3n de las obras. Los trabajos que se [&hellip;]","og_url":"https:\/\/santapola.es\/ca\/finalizan-las-obras-en-la-calle-mayor\/","og_site_name":"Ajuntament de Santa Pola","article_publisher":"https:\/\/www.facebook.com\/AyuntamientoSantaPola\/","article_published_time":"2020-09-30T10:53:19+00:00","article_modified_time":"2024-03-07T17:38:54+00:00","og_image":[{"url":"https:\/\/santapola.es\/wp-content\/uploads\/2020\/09\/callemayor_abierta-1024x653.jpg","type":"","width":"","height":""}],"author":"\u00c1rea Municipal Alcald\u00eda","twitter_card":"summary_large_image","twitter_creator":"@SantaPolaAyunt","twitter_site":"@SantaPolaAyunt","schema":{"@context":"https:\/\/schema.org","@graph":[{"@type":"Article","@id":"https:\/\/santapola.es\/ca\/finalizan-las-obras-en-la-calle-mayor\/#article","isPartOf":{"@id":"https:\/\/santapola.es\/ca\/finalizan-las-obras-en-la-calle-mayor\/"},"author":{"name":"\u00c1rea Municipal Alcald\u00eda","@id":"https:\/\/santapola.es\/ca\/#\/schema\/person\/c08381290b84c068e06ca5dc1f5a08a7"},"headline":"Finalizan las obras en la calle Mayor","datePublished":"2020-09-30T10:53:19+00:00","dateModified":"2024-03-07T17:38:54+00:00","mainEntityOfPage":{"@id":"https:\/\/santapola.es\/ca\/finalizan-las-obras-en-la-calle-mayor\/"},"wordCount":93,"image":{"@id":"https:\/\/santapola.es\/ca\/finalizan-las-obras-en-la-calle-mayor\/#primaryimage"},"thumbnailUrl":"https:\/\/santapola.es\/wp-content\/uploads\/2020\/09\/callemayor_abierta-1024x653.jpg","articleSection":["Alcald\u00eda","Inicio","Servicios p\u00fablicos \/ infraestructura \/ fomento \/ cementerios","Sin categorizar"],"inLanguage":"ca"},{"@type":"WebPage","@id":"https:\/\/santapola.es\/ca\/finalizan-las-obras-en-la-calle-mayor\/","url":"https:\/\/santapola.es\/ca\/finalizan-las-obras-en-la-calle-mayor\/","name":"Finalizan las obras en la calle Mayor - Ajuntament de Santa Pola","isPartOf":{"@id":"https:\/\/santapola.es\/ca\/#website"},"primaryImageOfPage":{"@id":"https:\/\/santapola.es\/ca\/finalizan-las-obras-en-la-calle-mayor\/#primaryimage"},"image":{"@id":"https:\/\/santapola.es\/ca\/finalizan-las-obras-en-la-calle-mayor\/#primaryimage"},"thumbnailUrl":"https:\/\/santapola.es\/wp-content\/uploads\/2020\/09\/callemayor_abierta-1024x653.jpg","datePublished":"2020-09-30T10:53:19+00:00","dateModified":"2024-03-07T17:38:54+00:00","author":{"@id":"https:\/\/santapola.es\/ca\/#\/schema\/person\/c08381290b84c068e06ca5dc1f5a08a7"},"breadcrumb":{"@id":"https:\/\/santapola.es\/ca\/finalizan-las-obras-en-la-calle-mayor\/#breadcrumb"},"inLanguage":"ca","potentialAction":[{"@type":"ReadAction","target":["https:\/\/santapola.es\/ca\/finalizan-las-obras-en-la-calle-mayor\/"]}]},{"@type":"ImageObject","inLanguage":"ca","@id":"https:\/\/santapola.es\/ca\/finalizan-las-obras-en-la-calle-mayor\/#primaryimage","url":"https:\/\/santapola.es\/wp-content\/uploads\/2020\/09\/callemayor_abierta-1024x653.jpg","contentUrl":"https:\/\/santapola.es\/wp-content\/uploads\/2020\/09\/callemayor_abierta-1024x653.jpg"},{"@type":"BreadcrumbList","@id":"https:\/\/santapola.es\/ca\/finalizan-las-obras-en-la-calle-mayor\/#breadcrumb","itemListElement":[{"@type":"ListItem","position":1,"name":"Inici","item":"https:\/\/santapola.es\/ca\/"},{"@type":"ListItem","position":2,"name":"Finalizan las obras en la calle Mayor"}]},{"@type":"WebSite","@id":"https:\/\/santapola.es\/ca\/#website","url":"https:\/\/santapola.es\/ca\/","name":"Ayuntamiento de Santa Pola","description":"Web de l'Ajuntament de Santa Pola","potentialAction":[{"@type":"SearchAction","target":{"@type":"EntryPoint","urlTemplate":"https:\/\/santapola.es\/ca\/?s={search_term_string}"},"query-input":{"@type":"PropertyValueSpecification","valueRequired":true,"valueName":"search_term_string"}}],"inLanguage":"ca"},{"@type":"Person","@id":"https:\/\/santapola.es\/ca\/#\/schema\/person\/c08381290b84c068e06ca5dc1f5a08a7","name":"\u00c1rea Municipal Alcald\u00eda"}]}},"_links":{"self":[{"href":"https:\/\/santapola.es\/ca\/wp-json\/wp\/v2\/posts\/13013","targetHints":{"allow":["GET"]}}],"collection":[{"href":"https:\/\/santapola.es\/ca\/wp-json\/wp\/v2\/posts"}],"about":[{"href":"https:\/\/santapola.es\/ca\/wp-json\/wp\/v2\/types\/post"}],"author":[{"embeddable":true,"href":"https:\/\/santapola.es\/ca\/wp-json\/wp\/v2\/users\/75"}],"replies":[{"embeddable":true,"href":"https:\/\/santapola.es\/ca\/wp-json\/wp\/v2\/comments?post=13013"}],"version-history":[{"count":0,"href":"https:\/\/santapola.es\/ca\/wp-json\/wp\/v2\/posts\/13013\/revisions"}],"wp:attachment":[{"href":"https:\/\/santapola.es\/ca\/wp-json\/wp\/v2\/media?parent=13013"}],"wp:term":[{"taxonomy":"category","embeddable":true,"href":"https:\/\/santapola.es\/ca\/wp-json\/wp\/v2\/categories?post=13013"},{"taxonomy":"post_tag","embeddable":true,"href":"https:\/\/santapola.es\/ca\/wp-json\/wp\/v2\/tags?post=13013"}],"curies":[{"name":"wp","href":"https:\/\/api.w.org\/{rel}","templated":true}]}}