{"id":12835,"date":"2020-08-19T11:40:22","date_gmt":"2020-08-19T10:40:22","guid":{"rendered":"https:\/\/www.santapola.es\/?p=12835"},"modified":"2024-03-07T18:38:48","modified_gmt":"2024-03-07T17:38:48","slug":"campana-la-playa-no-es-un-cenicero","status":"publish","type":"post","link":"https:\/\/santapola.es\/ca\/campana-la-playa-no-es-un-cenicero\/","title":{"rendered":"Campa\u00f1a &#8220;La playa no es un cenicero&#8221;"},"content":{"rendered":"<p style=\"text-align: justify;\">Desde la Concejal\u00eda de Playas se ha lanzado un a\u00f1o m\u00e1s la campa\u00f1a ambiental \u201cLa playa no es un cenicero\u201d.<\/p>\n<p style=\"text-align: justify;\">El informe de 2017 de la ONG Ocean Conservancy, indica que las colillas suponen el 13% del n\u00famero total de desperdicios recogidos en su campa\u00f1a mundial. Anualmente se fuman 6 billones de cigarrillos en todo el mundo y, de estos, 4.5 billones son depositados en espacios p\u00fablicos pudiendo viajar miles de kil\u00f3metros y contaminar diferentes ecosistemas, incluidos los oc\u00e9anos.<\/p>\n<p style=\"text-align: justify;\">Por este motivo, desde el Departamento de Playas en colaboraci\u00f3n con<strong> Hidraqua,<\/strong> han lanzado la campa\u00f1a ambiental \u201cLa playa no es un cenicero\u201d, en la que los agentes de salud, auxiliares de playas y voluntarios de protecci\u00f3n civil van a repartir entre los usuarios de las playas ceniceros ecol\u00f3gicos con el fin de reducir las colillas en nuestras playas, ya que provocan adem\u00e1s de un impacto visual, un da\u00f1o a la fauna marina y este a\u00f1o se suma el riesgo a\u00f1adido de la Covid-19, pudiendo constituir un vector de contagio puesto que est\u00e1n en contacto directo con la boca y por tanto pueden contener gotas de saliva, principal transmisor de la Covid-19 seg\u00fan la OMS.<\/p>\n<p><img loading=\"lazy\" decoding=\"async\" class=\"aligncenter size-large wp-image-12836\" src=\"https:\/\/santapola.es\/wp-content\/uploads\/2020\/08\/CARTEL_la-playa-no-es-1cenicero-1024x640.jpg\" alt=\"\" width=\"1024\" height=\"640\" srcset=\"https:\/\/santapola.es\/wp-content\/uploads\/2020\/08\/CARTEL_la-playa-no-es-1cenicero-1024x640.jpg 1024w, https:\/\/santapola.es\/wp-content\/uploads\/2020\/08\/CARTEL_la-playa-no-es-1cenicero-300x188.jpg 300w, https:\/\/santapola.es\/wp-content\/uploads\/2020\/08\/CARTEL_la-playa-no-es-1cenicero-768x480.jpg 768w, https:\/\/santapola.es\/wp-content\/uploads\/2020\/08\/CARTEL_la-playa-no-es-1cenicero-400x250.jpg 400w, https:\/\/santapola.es\/wp-content\/uploads\/2020\/08\/CARTEL_la-playa-no-es-1cenicero-1080x675.jpg 1080w, https:\/\/santapola.es\/wp-content\/uploads\/2020\/08\/CARTEL_la-playa-no-es-1cenicero-610x381.jpg 610w\" sizes=\"(max-width: 1024px) 100vw, 1024px\" \/><\/p>\n","protected":false},"excerpt":{"rendered":"<p>Desde la Concejal\u00eda de Playas se ha lanzado un a\u00f1o m\u00e1s la campa\u00f1a ambiental \u201cLa playa no es un cenicero\u201d. El informe de 2017 de la ONG Ocean Conservancy, indica que las colillas suponen el 13% del n\u00famero total de desperdicios recogidos en su campa\u00f1a mundial. Anualmente se fuman 6 billones de cigarrillos en todo [&hellip;]<\/p>\n","protected":false},"author":75,"featured_media":0,"comment_status":"closed","ping_status":"closed","sticky":false,"template":"","format":"standard","meta":{"_et_pb_use_builder":"","_et_pb_old_content":"","_et_gb_content_width":"","footnotes":""},"categories":[66,57,406],"tags":[],"class_list":["post-12835","post","type-post","status-publish","format-standard","hentry","category-inicio","category-playas-turismo-pesca","category-sin-categorizar-2"],"yoast_head":"<!-- This site is optimized with the Yoast SEO plugin v27.4 - https:\/\/yoast.com\/product\/yoast-seo-wordpress\/ -->\n<title>Campa\u00f1a &quot;La playa no es un cenicero&quot; - Ajuntament de Santa Pola<\/title>\n<meta name=\"robots\" content=\"index, follow, max-snippet:-1, max-image-preview:large, max-video-preview:-1\" \/>\n<link rel=\"canonical\" href=\"https:\/\/santapola.es\/ca\/campana-la-playa-no-es-un-cenicero\/\" \/>\n<meta property=\"og:locale\" content=\"ca_ES\" \/>\n<meta property=\"og:type\" content=\"article\" \/>\n<meta property=\"og:title\" content=\"Campa\u00f1a &quot;La playa no es un cenicero&quot; - Ajuntament de Santa Pola\" \/>\n<meta property=\"og:description\" content=\"Desde la Concejal\u00eda de Playas se ha lanzado un a\u00f1o m\u00e1s la campa\u00f1a ambiental \u201cLa playa no es un cenicero\u201d. El informe de 2017 de la ONG Ocean Conservancy, indica que las colillas suponen el 13% del n\u00famero total de desperdicios recogidos en su campa\u00f1a mundial. Anualmente se fuman 6 billones de cigarrillos en todo [&hellip;]\" \/>\n<meta property=\"og:url\" content=\"https:\/\/santapola.es\/ca\/campana-la-playa-no-es-un-cenicero\/\" \/>\n<meta property=\"og:site_name\" content=\"Ajuntament de Santa Pola\" \/>\n<meta property=\"article:publisher\" content=\"https:\/\/www.facebook.com\/AyuntamientoSantaPola\/\" \/>\n<meta property=\"article:published_time\" content=\"2020-08-19T10:40:22+00:00\" \/>\n<meta property=\"article:modified_time\" content=\"2024-03-07T17:38:48+00:00\" \/>\n<meta property=\"og:image\" content=\"https:\/\/santapola.es\/wp-content\/uploads\/2020\/08\/CARTEL_la-playa-no-es-1cenicero-1024x640.jpg\" \/>\n<meta name=\"author\" content=\"\u00c1rea Municipal Alcald\u00eda\" \/>\n<meta name=\"twitter:card\" content=\"summary_large_image\" \/>\n<meta name=\"twitter:creator\" content=\"@SantaPolaAyunt\" \/>\n<meta name=\"twitter:site\" content=\"@SantaPolaAyunt\" \/>\n<script type=\"application\/ld+json\" class=\"yoast-schema-graph\">{\"@context\":\"https:\\\/\\\/schema.org\",\"@graph\":[{\"@type\":\"Article\",\"@id\":\"https:\\\/\\\/santapola.es\\\/ca\\\/campana-la-playa-no-es-un-cenicero\\\/#article\",\"isPartOf\":{\"@id\":\"https:\\\/\\\/santapola.es\\\/ca\\\/campana-la-playa-no-es-un-cenicero\\\/\"},\"author\":{\"name\":\"\u00c1rea Municipal Alcald\u00eda\",\"@id\":\"https:\\\/\\\/santapola.es\\\/ca\\\/#\\\/schema\\\/person\\\/c08381290b84c068e06ca5dc1f5a08a7\"},\"headline\":\"Campa\u00f1a &#8220;La playa no es un cenicero&#8221;\",\"datePublished\":\"2020-08-19T10:40:22+00:00\",\"dateModified\":\"2024-03-07T17:38:48+00:00\",\"mainEntityOfPage\":{\"@id\":\"https:\\\/\\\/santapola.es\\\/ca\\\/campana-la-playa-no-es-un-cenicero\\\/\"},\"wordCount\":217,\"image\":{\"@id\":\"https:\\\/\\\/santapola.es\\\/ca\\\/campana-la-playa-no-es-un-cenicero\\\/#primaryimage\"},\"thumbnailUrl\":\"https:\\\/\\\/santapola.es\\\/wp-content\\\/uploads\\\/2020\\\/08\\\/CARTEL_la-playa-no-es-1cenicero-1024x640.jpg\",\"articleSection\":[\"Inicio\",\"Playas \\\/ Turismo \\\/ Pesca\",\"Sin categorizar\"],\"inLanguage\":\"ca\"},{\"@type\":\"WebPage\",\"@id\":\"https:\\\/\\\/santapola.es\\\/ca\\\/campana-la-playa-no-es-un-cenicero\\\/\",\"url\":\"https:\\\/\\\/santapola.es\\\/ca\\\/campana-la-playa-no-es-un-cenicero\\\/\",\"name\":\"Campa\u00f1a \\\"La playa no es un cenicero\\\" - Ajuntament de Santa Pola\",\"isPartOf\":{\"@id\":\"https:\\\/\\\/santapola.es\\\/ca\\\/#website\"},\"primaryImageOfPage\":{\"@id\":\"https:\\\/\\\/santapola.es\\\/ca\\\/campana-la-playa-no-es-un-cenicero\\\/#primaryimage\"},\"image\":{\"@id\":\"https:\\\/\\\/santapola.es\\\/ca\\\/campana-la-playa-no-es-un-cenicero\\\/#primaryimage\"},\"thumbnailUrl\":\"https:\\\/\\\/santapola.es\\\/wp-content\\\/uploads\\\/2020\\\/08\\\/CARTEL_la-playa-no-es-1cenicero-1024x640.jpg\",\"datePublished\":\"2020-08-19T10:40:22+00:00\",\"dateModified\":\"2024-03-07T17:38:48+00:00\",\"author\":{\"@id\":\"https:\\\/\\\/santapola.es\\\/ca\\\/#\\\/schema\\\/person\\\/c08381290b84c068e06ca5dc1f5a08a7\"},\"breadcrumb\":{\"@id\":\"https:\\\/\\\/santapola.es\\\/ca\\\/campana-la-playa-no-es-un-cenicero\\\/#breadcrumb\"},\"inLanguage\":\"ca\",\"potentialAction\":[{\"@type\":\"ReadAction\",\"target\":[\"https:\\\/\\\/santapola.es\\\/ca\\\/campana-la-playa-no-es-un-cenicero\\\/\"]}]},{\"@type\":\"ImageObject\",\"inLanguage\":\"ca\",\"@id\":\"https:\\\/\\\/santapola.es\\\/ca\\\/campana-la-playa-no-es-un-cenicero\\\/#primaryimage\",\"url\":\"https:\\\/\\\/santapola.es\\\/wp-content\\\/uploads\\\/2020\\\/08\\\/CARTEL_la-playa-no-es-1cenicero-1024x640.jpg\",\"contentUrl\":\"https:\\\/\\\/santapola.es\\\/wp-content\\\/uploads\\\/2020\\\/08\\\/CARTEL_la-playa-no-es-1cenicero-1024x640.jpg\"},{\"@type\":\"BreadcrumbList\",\"@id\":\"https:\\\/\\\/santapola.es\\\/ca\\\/campana-la-playa-no-es-un-cenicero\\\/#breadcrumb\",\"itemListElement\":[{\"@type\":\"ListItem\",\"position\":1,\"name\":\"Inici\",\"item\":\"https:\\\/\\\/santapola.es\\\/ca\\\/\"},{\"@type\":\"ListItem\",\"position\":2,\"name\":\"Campa\u00f1a &#8220;La playa no es un cenicero&#8221;\"}]},{\"@type\":\"WebSite\",\"@id\":\"https:\\\/\\\/santapola.es\\\/ca\\\/#website\",\"url\":\"https:\\\/\\\/santapola.es\\\/ca\\\/\",\"name\":\"Ayuntamiento de Santa Pola\",\"description\":\"Web de l'Ajuntament de Santa Pola\",\"potentialAction\":[{\"@type\":\"SearchAction\",\"target\":{\"@type\":\"EntryPoint\",\"urlTemplate\":\"https:\\\/\\\/santapola.es\\\/ca\\\/?s={search_term_string}\"},\"query-input\":{\"@type\":\"PropertyValueSpecification\",\"valueRequired\":true,\"valueName\":\"search_term_string\"}}],\"inLanguage\":\"ca\"},{\"@type\":\"Person\",\"@id\":\"https:\\\/\\\/santapola.es\\\/ca\\\/#\\\/schema\\\/person\\\/c08381290b84c068e06ca5dc1f5a08a7\",\"name\":\"\u00c1rea Municipal Alcald\u00eda\"}]}<\/script>\n<!-- \/ Yoast SEO plugin. -->","yoast_head_json":{"title":"Campa\u00f1a \"La playa no es un cenicero\" - Ajuntament de Santa Pola","robots":{"index":"index","follow":"follow","max-snippet":"max-snippet:-1","max-image-preview":"max-image-preview:large","max-video-preview":"max-video-preview:-1"},"canonical":"https:\/\/santapola.es\/ca\/campana-la-playa-no-es-un-cenicero\/","og_locale":"ca_ES","og_type":"article","og_title":"Campa\u00f1a \"La playa no es un cenicero\" - Ajuntament de Santa Pola","og_description":"Desde la Concejal\u00eda de Playas se ha lanzado un a\u00f1o m\u00e1s la campa\u00f1a ambiental \u201cLa playa no es un cenicero\u201d. El informe de 2017 de la ONG Ocean Conservancy, indica que las colillas suponen el 13% del n\u00famero total de desperdicios recogidos en su campa\u00f1a mundial. Anualmente se fuman 6 billones de cigarrillos en todo [&hellip;]","og_url":"https:\/\/santapola.es\/ca\/campana-la-playa-no-es-un-cenicero\/","og_site_name":"Ajuntament de Santa Pola","article_publisher":"https:\/\/www.facebook.com\/AyuntamientoSantaPola\/","article_published_time":"2020-08-19T10:40:22+00:00","article_modified_time":"2024-03-07T17:38:48+00:00","og_image":[{"url":"https:\/\/santapola.es\/wp-content\/uploads\/2020\/08\/CARTEL_la-playa-no-es-1cenicero-1024x640.jpg","type":"","width":"","height":""}],"author":"\u00c1rea Municipal Alcald\u00eda","twitter_card":"summary_large_image","twitter_creator":"@SantaPolaAyunt","twitter_site":"@SantaPolaAyunt","schema":{"@context":"https:\/\/schema.org","@graph":[{"@type":"Article","@id":"https:\/\/santapola.es\/ca\/campana-la-playa-no-es-un-cenicero\/#article","isPartOf":{"@id":"https:\/\/santapola.es\/ca\/campana-la-playa-no-es-un-cenicero\/"},"author":{"name":"\u00c1rea Municipal Alcald\u00eda","@id":"https:\/\/santapola.es\/ca\/#\/schema\/person\/c08381290b84c068e06ca5dc1f5a08a7"},"headline":"Campa\u00f1a &#8220;La playa no es un cenicero&#8221;","datePublished":"2020-08-19T10:40:22+00:00","dateModified":"2024-03-07T17:38:48+00:00","mainEntityOfPage":{"@id":"https:\/\/santapola.es\/ca\/campana-la-playa-no-es-un-cenicero\/"},"wordCount":217,"image":{"@id":"https:\/\/santapola.es\/ca\/campana-la-playa-no-es-un-cenicero\/#primaryimage"},"thumbnailUrl":"https:\/\/santapola.es\/wp-content\/uploads\/2020\/08\/CARTEL_la-playa-no-es-1cenicero-1024x640.jpg","articleSection":["Inicio","Playas \/ Turismo \/ Pesca","Sin categorizar"],"inLanguage":"ca"},{"@type":"WebPage","@id":"https:\/\/santapola.es\/ca\/campana-la-playa-no-es-un-cenicero\/","url":"https:\/\/santapola.es\/ca\/campana-la-playa-no-es-un-cenicero\/","name":"Campa\u00f1a \"La playa no es un cenicero\" - Ajuntament de Santa Pola","isPartOf":{"@id":"https:\/\/santapola.es\/ca\/#website"},"primaryImageOfPage":{"@id":"https:\/\/santapola.es\/ca\/campana-la-playa-no-es-un-cenicero\/#primaryimage"},"image":{"@id":"https:\/\/santapola.es\/ca\/campana-la-playa-no-es-un-cenicero\/#primaryimage"},"thumbnailUrl":"https:\/\/santapola.es\/wp-content\/uploads\/2020\/08\/CARTEL_la-playa-no-es-1cenicero-1024x640.jpg","datePublished":"2020-08-19T10:40:22+00:00","dateModified":"2024-03-07T17:38:48+00:00","author":{"@id":"https:\/\/santapola.es\/ca\/#\/schema\/person\/c08381290b84c068e06ca5dc1f5a08a7"},"breadcrumb":{"@id":"https:\/\/santapola.es\/ca\/campana-la-playa-no-es-un-cenicero\/#breadcrumb"},"inLanguage":"ca","potentialAction":[{"@type":"ReadAction","target":["https:\/\/santapola.es\/ca\/campana-la-playa-no-es-un-cenicero\/"]}]},{"@type":"ImageObject","inLanguage":"ca","@id":"https:\/\/santapola.es\/ca\/campana-la-playa-no-es-un-cenicero\/#primaryimage","url":"https:\/\/santapola.es\/wp-content\/uploads\/2020\/08\/CARTEL_la-playa-no-es-1cenicero-1024x640.jpg","contentUrl":"https:\/\/santapola.es\/wp-content\/uploads\/2020\/08\/CARTEL_la-playa-no-es-1cenicero-1024x640.jpg"},{"@type":"BreadcrumbList","@id":"https:\/\/santapola.es\/ca\/campana-la-playa-no-es-un-cenicero\/#breadcrumb","itemListElement":[{"@type":"ListItem","position":1,"name":"Inici","item":"https:\/\/santapola.es\/ca\/"},{"@type":"ListItem","position":2,"name":"Campa\u00f1a &#8220;La playa no es un cenicero&#8221;"}]},{"@type":"WebSite","@id":"https:\/\/santapola.es\/ca\/#website","url":"https:\/\/santapola.es\/ca\/","name":"Ayuntamiento de Santa Pola","description":"Web de l'Ajuntament de Santa Pola","potentialAction":[{"@type":"SearchAction","target":{"@type":"EntryPoint","urlTemplate":"https:\/\/santapola.es\/ca\/?s={search_term_string}"},"query-input":{"@type":"PropertyValueSpecification","valueRequired":true,"valueName":"search_term_string"}}],"inLanguage":"ca"},{"@type":"Person","@id":"https:\/\/santapola.es\/ca\/#\/schema\/person\/c08381290b84c068e06ca5dc1f5a08a7","name":"\u00c1rea Municipal Alcald\u00eda"}]}},"_links":{"self":[{"href":"https:\/\/santapola.es\/ca\/wp-json\/wp\/v2\/posts\/12835","targetHints":{"allow":["GET"]}}],"collection":[{"href":"https:\/\/santapola.es\/ca\/wp-json\/wp\/v2\/posts"}],"about":[{"href":"https:\/\/santapola.es\/ca\/wp-json\/wp\/v2\/types\/post"}],"author":[{"embeddable":true,"href":"https:\/\/santapola.es\/ca\/wp-json\/wp\/v2\/users\/75"}],"replies":[{"embeddable":true,"href":"https:\/\/santapola.es\/ca\/wp-json\/wp\/v2\/comments?post=12835"}],"version-history":[{"count":0,"href":"https:\/\/santapola.es\/ca\/wp-json\/wp\/v2\/posts\/12835\/revisions"}],"wp:attachment":[{"href":"https:\/\/santapola.es\/ca\/wp-json\/wp\/v2\/media?parent=12835"}],"wp:term":[{"taxonomy":"category","embeddable":true,"href":"https:\/\/santapola.es\/ca\/wp-json\/wp\/v2\/categories?post=12835"},{"taxonomy":"post_tag","embeddable":true,"href":"https:\/\/santapola.es\/ca\/wp-json\/wp\/v2\/tags?post=12835"}],"curies":[{"name":"wp","href":"https:\/\/api.w.org\/{rel}","templated":true}]}}