{"id":12767,"date":"2020-07-28T09:33:24","date_gmt":"2020-07-28T08:33:24","guid":{"rendered":"https:\/\/www.santapola.es\/?p=12767"},"modified":"2024-03-07T18:38:46","modified_gmt":"2024-03-07T17:38:46","slug":"una-vuelta-a-las-aulas-en-septiembre-dificil-para-todos-y-mas-para-gran-alacant","status":"publish","type":"post","link":"https:\/\/santapola.es\/ca\/una-vuelta-a-las-aulas-en-septiembre-dificil-para-todos-y-mas-para-gran-alacant\/","title":{"rendered":"Una vuelta a las aulas en septiembre dif\u00edcil para todos y m\u00e1s para Gran Alacant"},"content":{"rendered":"<p style=\"text-align: justify;\">En el entorno de la actual pandemia nada est\u00e1 resultando f\u00e1cil y la vuelta a las aulas en septiembre no va a ser una excepci\u00f3n. Conseller\u00eda de Educaci\u00f3n durante el mes de Julio ha comunicado y enmendado varias veces las medidas a tomar a consecuencia de la crisis sanitaria ocasionada por la Covid-19 (<a href=\"http:\/\/www.ceice.gva.es\/es\/covid-19\">http:\/\/www.ceice.gva.es\/es\/covid-19<\/a>):<\/p>\n<p>-En el caso de Infantil y Primaria, \u00faltima versi\u00f3n de 17 de Julio: <a href=\"http:\/\/www.ceice.gva.es\/documents\/161634256\/171600109\/FAQcast5.pdf\/004ba2d8-aacb-4075-93ef-d71b0cf622a2\" target=\"_blank\" rel=\"noopener noreferrer\">http:\/\/www.ceice.gva.es\/documents\/161634256\/171600109\/FAQcast5.pdf\/004ba2d8-aacb-4075-93ef-d71b0cf622a2<\/a><br \/>\n-En el caso de Secundaria y Formaci\u00f3n Profesional, \u00faltima versi\u00f3n de 26 de junio: <a href=\"http:\/\/www.ceice.gva.es\/documents\/161634256\/171102478\/SEC.cast.pdf\/30bb4f3f-8b1c-4469-b7b9-f00a170c5ed1\" target=\"_blank\" rel=\"noopener noreferrer\">http:\/\/www.ceice.gva.es\/documents\/161634256\/171102478\/SEC.cast.pdf\/30bb4f3f-8b1c-4469-b7b9-f00a170c5ed1<\/a><\/p>\n<p style=\"text-align: justify;\">Teniendo en mente reducir el contagio y transmisi\u00f3n de la Covid-19, estas medidas van a ser muy complicadas de gestionar. Desde las Concejal\u00edas de Educaci\u00f3n, Sanidad y Seguridad Ciudadana se est\u00e1n poniendo todos los medios posibles a disposici\u00f3n de centros educativos, docentes y familias.<\/p>\n<p style=\"text-align: justify;\">Desde la Concejal\u00eda de Gran Alacant se lamenta que otra vez m\u00e1s llueva sobre mojado y este barrio del municipio vuelva a llevarse la peor parte, directamente en su colegio Vicenta Ruso, e indirectamente en la masificaci\u00f3n que supone para el IES Cap del Aljub.<\/p>\n<p style=\"text-align: justify;\">En el Vicenta Ruso, al doble de su capacidad, las instrucciones de Conseller\u00eda arriba expuestas no contemplan medidas de separaci\u00f3n dentro del aula (con grupos de 25 alumnos), no se contempla ampliar espacios de patio, y la gesti\u00f3n de los servicios de comedor y transporte (los de mayor dimensi\u00f3n del municipio), van a ser un enorme desaf\u00edo siendo afectados de forma especial las familias y los alumnos.<\/p>\n<p style=\"text-align: justify;\">Esta problem\u00e1tica se extiende de forma indirecta al IES Cap del Aljub, donde est\u00e1n asignados los alumnos que emp\u00ecezan secundaria al salir del Vicenta Ruso. El centro est\u00e1 completamente masificado, y este problema se acent\u00faa enormemente en el contexto de las medidas de prevenci\u00f3n para la Covid-19: los alumnos literalmente no van a caber y existe una gran incertidumbre acerca de c\u00f3mo se va a solventar esta situaci\u00f3n.<\/p>\n<p style=\"text-align: justify;\">Las Concejal\u00edas de Educaci\u00f3n y Gran Alacant est\u00e1n desde el a\u00f1o pasado en contacto permanente con AMPAs y direcci\u00f3n de centros para conocer la problem\u00e1tica de primera mano y buscar las propuestas de soluci\u00f3n viables y realistas. As\u00ed, ha habido reuniones continuas con Conseller\u00eda de Educaci\u00f3n justo hasta el inicio del confinamiento y se han remitido escritos hasta esta misma semana, no ya indicando la problem\u00e1tica existente, sino ofreciendo las propuestas de soluci\u00f3n consensuadas por todas las partes.<\/p>\n<p style=\"text-align: justify;\">A lo largo del presente a\u00f1o, no ha habido respuesta formal a ninguno de estos requerimientos y propuestas de soluci\u00f3n: se han tratado con inspecci\u00f3n educativa y en Valencia con infraestructuras educativas, y a\u00fan pareci\u00e9ndoles correctas y razonables, no se materializan ni confirman. <a href=\"https:\/\/santapola.es\/wp-content\/uploads\/2020\/07\/ESCRITO_NUEVA_NORMALIDAD-2-1.pdf\" target=\"_blank\" rel=\"noopener noreferrer\">Aqu\u00ed pueden ver justo el \u00faltimo requerimiento de esta misma semana<\/a>.<\/p>\n<p style=\"text-align: justify;\">A d\u00eda de hoy seguimos pidiendo soluciones para el ahora, para lo inmediato, para el inicio de curso, pero lamentamos profundamente que Conseller\u00eda est\u00e9 retrasando sin justificaci\u00f3n ni explicaci\u00f3n alguna el desarrollo de las infraestructuras que deben resolver este problema estructural: la licitaci\u00f3n del segundo colegio lleva bloqueada al menos diez meses y desde Conseller\u00eda se deniega transferir las competencias para construir el instituto en Gran Alacant a lo largo de 2020, cuando hemos sido uno de los pocos municipios que cumpli\u00f3, entreg\u00f3 y subsan\u00f3 todos los requerimientos del plan Edificant antes de acabar el pasado a\u00f1o.<\/p>\n","protected":false},"excerpt":{"rendered":"<p>En el entorno de la actual pandemia nada est\u00e1 resultando f\u00e1cil y la vuelta a las aulas en septiembre no va a ser una excepci\u00f3n. Conseller\u00eda de Educaci\u00f3n durante el mes de Julio ha comunicado y enmendado varias veces las medidas a tomar a consecuencia de la crisis sanitaria ocasionada por la Covid-19 (http:\/\/www.ceice.gva.es\/es\/covid-19): -En [&hellip;]<\/p>\n","protected":false},"author":75,"featured_media":0,"comment_status":"closed","ping_status":"closed","sticky":false,"template":"","format":"standard","meta":{"_et_pb_use_builder":"","_et_pb_old_content":"","_et_gb_content_width":"","footnotes":""},"categories":[61,60,66,406],"tags":[],"class_list":["post-12767","post","type-post","status-publish","format-standard","hentry","category-alcaldia","category-educacion-juventud","category-inicio","category-sin-categorizar-2"],"yoast_head":"<!-- This site is optimized with the Yoast SEO plugin v27.4 - https:\/\/yoast.com\/product\/yoast-seo-wordpress\/ -->\n<title>Una vuelta a las aulas en septiembre dif\u00edcil para todos y m\u00e1s para Gran Alacant - Ajuntament de Santa Pola<\/title>\n<meta name=\"robots\" content=\"index, follow, max-snippet:-1, max-image-preview:large, max-video-preview:-1\" \/>\n<link rel=\"canonical\" href=\"https:\/\/santapola.es\/ca\/una-vuelta-a-las-aulas-en-septiembre-dificil-para-todos-y-mas-para-gran-alacant\/\" \/>\n<meta property=\"og:locale\" content=\"ca_ES\" \/>\n<meta property=\"og:type\" content=\"article\" \/>\n<meta property=\"og:title\" content=\"Una vuelta a las aulas en septiembre dif\u00edcil para todos y m\u00e1s para Gran Alacant - Ajuntament de Santa Pola\" \/>\n<meta property=\"og:description\" content=\"En el entorno de la actual pandemia nada est\u00e1 resultando f\u00e1cil y la vuelta a las aulas en septiembre no va a ser una excepci\u00f3n. Conseller\u00eda de Educaci\u00f3n durante el mes de Julio ha comunicado y enmendado varias veces las medidas a tomar a consecuencia de la crisis sanitaria ocasionada por la Covid-19 (http:\/\/www.ceice.gva.es\/es\/covid-19): -En [&hellip;]\" \/>\n<meta property=\"og:url\" content=\"https:\/\/santapola.es\/ca\/una-vuelta-a-las-aulas-en-septiembre-dificil-para-todos-y-mas-para-gran-alacant\/\" \/>\n<meta property=\"og:site_name\" content=\"Ajuntament de Santa Pola\" \/>\n<meta property=\"article:publisher\" content=\"https:\/\/www.facebook.com\/AyuntamientoSantaPola\/\" \/>\n<meta property=\"article:published_time\" content=\"2020-07-28T08:33:24+00:00\" \/>\n<meta property=\"article:modified_time\" content=\"2024-03-07T17:38:46+00:00\" \/>\n<meta name=\"author\" content=\"\u00c1rea Municipal Alcald\u00eda\" \/>\n<meta name=\"twitter:card\" content=\"summary_large_image\" \/>\n<meta name=\"twitter:creator\" content=\"@SantaPolaAyunt\" \/>\n<meta name=\"twitter:site\" content=\"@SantaPolaAyunt\" \/>\n<script type=\"application\/ld+json\" class=\"yoast-schema-graph\">{\"@context\":\"https:\\\/\\\/schema.org\",\"@graph\":[{\"@type\":\"Article\",\"@id\":\"https:\\\/\\\/santapola.es\\\/ca\\\/una-vuelta-a-las-aulas-en-septiembre-dificil-para-todos-y-mas-para-gran-alacant\\\/#article\",\"isPartOf\":{\"@id\":\"https:\\\/\\\/santapola.es\\\/ca\\\/una-vuelta-a-las-aulas-en-septiembre-dificil-para-todos-y-mas-para-gran-alacant\\\/\"},\"author\":{\"name\":\"\u00c1rea Municipal Alcald\u00eda\",\"@id\":\"https:\\\/\\\/santapola.es\\\/ca\\\/#\\\/schema\\\/person\\\/c08381290b84c068e06ca5dc1f5a08a7\"},\"headline\":\"Una vuelta a las aulas en septiembre dif\u00edcil para todos y m\u00e1s para Gran Alacant\",\"datePublished\":\"2020-07-28T08:33:24+00:00\",\"dateModified\":\"2024-03-07T17:38:46+00:00\",\"mainEntityOfPage\":{\"@id\":\"https:\\\/\\\/santapola.es\\\/ca\\\/una-vuelta-a-las-aulas-en-septiembre-dificil-para-todos-y-mas-para-gran-alacant\\\/\"},\"wordCount\":639,\"articleSection\":[\"Alcald\u00eda\",\"Educaci\u00f3n \\\/ Juventud\",\"Inicio\",\"Sin categorizar\"],\"inLanguage\":\"ca\"},{\"@type\":\"WebPage\",\"@id\":\"https:\\\/\\\/santapola.es\\\/ca\\\/una-vuelta-a-las-aulas-en-septiembre-dificil-para-todos-y-mas-para-gran-alacant\\\/\",\"url\":\"https:\\\/\\\/santapola.es\\\/ca\\\/una-vuelta-a-las-aulas-en-septiembre-dificil-para-todos-y-mas-para-gran-alacant\\\/\",\"name\":\"Una vuelta a las aulas en septiembre dif\u00edcil para todos y m\u00e1s para Gran Alacant - Ajuntament de Santa Pola\",\"isPartOf\":{\"@id\":\"https:\\\/\\\/santapola.es\\\/ca\\\/#website\"},\"datePublished\":\"2020-07-28T08:33:24+00:00\",\"dateModified\":\"2024-03-07T17:38:46+00:00\",\"author\":{\"@id\":\"https:\\\/\\\/santapola.es\\\/ca\\\/#\\\/schema\\\/person\\\/c08381290b84c068e06ca5dc1f5a08a7\"},\"breadcrumb\":{\"@id\":\"https:\\\/\\\/santapola.es\\\/ca\\\/una-vuelta-a-las-aulas-en-septiembre-dificil-para-todos-y-mas-para-gran-alacant\\\/#breadcrumb\"},\"inLanguage\":\"ca\",\"potentialAction\":[{\"@type\":\"ReadAction\",\"target\":[\"https:\\\/\\\/santapola.es\\\/ca\\\/una-vuelta-a-las-aulas-en-septiembre-dificil-para-todos-y-mas-para-gran-alacant\\\/\"]}]},{\"@type\":\"BreadcrumbList\",\"@id\":\"https:\\\/\\\/santapola.es\\\/ca\\\/una-vuelta-a-las-aulas-en-septiembre-dificil-para-todos-y-mas-para-gran-alacant\\\/#breadcrumb\",\"itemListElement\":[{\"@type\":\"ListItem\",\"position\":1,\"name\":\"Inici\",\"item\":\"https:\\\/\\\/santapola.es\\\/ca\\\/\"},{\"@type\":\"ListItem\",\"position\":2,\"name\":\"Una vuelta a las aulas en septiembre dif\u00edcil para todos y m\u00e1s para Gran Alacant\"}]},{\"@type\":\"WebSite\",\"@id\":\"https:\\\/\\\/santapola.es\\\/ca\\\/#website\",\"url\":\"https:\\\/\\\/santapola.es\\\/ca\\\/\",\"name\":\"Ayuntamiento de Santa Pola\",\"description\":\"Web de l'Ajuntament de Santa Pola\",\"potentialAction\":[{\"@type\":\"SearchAction\",\"target\":{\"@type\":\"EntryPoint\",\"urlTemplate\":\"https:\\\/\\\/santapola.es\\\/ca\\\/?s={search_term_string}\"},\"query-input\":{\"@type\":\"PropertyValueSpecification\",\"valueRequired\":true,\"valueName\":\"search_term_string\"}}],\"inLanguage\":\"ca\"},{\"@type\":\"Person\",\"@id\":\"https:\\\/\\\/santapola.es\\\/ca\\\/#\\\/schema\\\/person\\\/c08381290b84c068e06ca5dc1f5a08a7\",\"name\":\"\u00c1rea Municipal Alcald\u00eda\"}]}<\/script>\n<!-- \/ Yoast SEO plugin. -->","yoast_head_json":{"title":"Una vuelta a las aulas en septiembre dif\u00edcil para todos y m\u00e1s para Gran Alacant - Ajuntament de Santa Pola","robots":{"index":"index","follow":"follow","max-snippet":"max-snippet:-1","max-image-preview":"max-image-preview:large","max-video-preview":"max-video-preview:-1"},"canonical":"https:\/\/santapola.es\/ca\/una-vuelta-a-las-aulas-en-septiembre-dificil-para-todos-y-mas-para-gran-alacant\/","og_locale":"ca_ES","og_type":"article","og_title":"Una vuelta a las aulas en septiembre dif\u00edcil para todos y m\u00e1s para Gran Alacant - Ajuntament de Santa Pola","og_description":"En el entorno de la actual pandemia nada est\u00e1 resultando f\u00e1cil y la vuelta a las aulas en septiembre no va a ser una excepci\u00f3n. Conseller\u00eda de Educaci\u00f3n durante el mes de Julio ha comunicado y enmendado varias veces las medidas a tomar a consecuencia de la crisis sanitaria ocasionada por la Covid-19 (http:\/\/www.ceice.gva.es\/es\/covid-19): -En [&hellip;]","og_url":"https:\/\/santapola.es\/ca\/una-vuelta-a-las-aulas-en-septiembre-dificil-para-todos-y-mas-para-gran-alacant\/","og_site_name":"Ajuntament de Santa Pola","article_publisher":"https:\/\/www.facebook.com\/AyuntamientoSantaPola\/","article_published_time":"2020-07-28T08:33:24+00:00","article_modified_time":"2024-03-07T17:38:46+00:00","author":"\u00c1rea Municipal Alcald\u00eda","twitter_card":"summary_large_image","twitter_creator":"@SantaPolaAyunt","twitter_site":"@SantaPolaAyunt","schema":{"@context":"https:\/\/schema.org","@graph":[{"@type":"Article","@id":"https:\/\/santapola.es\/ca\/una-vuelta-a-las-aulas-en-septiembre-dificil-para-todos-y-mas-para-gran-alacant\/#article","isPartOf":{"@id":"https:\/\/santapola.es\/ca\/una-vuelta-a-las-aulas-en-septiembre-dificil-para-todos-y-mas-para-gran-alacant\/"},"author":{"name":"\u00c1rea Municipal Alcald\u00eda","@id":"https:\/\/santapola.es\/ca\/#\/schema\/person\/c08381290b84c068e06ca5dc1f5a08a7"},"headline":"Una vuelta a las aulas en septiembre dif\u00edcil para todos y m\u00e1s para Gran Alacant","datePublished":"2020-07-28T08:33:24+00:00","dateModified":"2024-03-07T17:38:46+00:00","mainEntityOfPage":{"@id":"https:\/\/santapola.es\/ca\/una-vuelta-a-las-aulas-en-septiembre-dificil-para-todos-y-mas-para-gran-alacant\/"},"wordCount":639,"articleSection":["Alcald\u00eda","Educaci\u00f3n \/ Juventud","Inicio","Sin categorizar"],"inLanguage":"ca"},{"@type":"WebPage","@id":"https:\/\/santapola.es\/ca\/una-vuelta-a-las-aulas-en-septiembre-dificil-para-todos-y-mas-para-gran-alacant\/","url":"https:\/\/santapola.es\/ca\/una-vuelta-a-las-aulas-en-septiembre-dificil-para-todos-y-mas-para-gran-alacant\/","name":"Una vuelta a las aulas en septiembre dif\u00edcil para todos y m\u00e1s para Gran Alacant - Ajuntament de Santa Pola","isPartOf":{"@id":"https:\/\/santapola.es\/ca\/#website"},"datePublished":"2020-07-28T08:33:24+00:00","dateModified":"2024-03-07T17:38:46+00:00","author":{"@id":"https:\/\/santapola.es\/ca\/#\/schema\/person\/c08381290b84c068e06ca5dc1f5a08a7"},"breadcrumb":{"@id":"https:\/\/santapola.es\/ca\/una-vuelta-a-las-aulas-en-septiembre-dificil-para-todos-y-mas-para-gran-alacant\/#breadcrumb"},"inLanguage":"ca","potentialAction":[{"@type":"ReadAction","target":["https:\/\/santapola.es\/ca\/una-vuelta-a-las-aulas-en-septiembre-dificil-para-todos-y-mas-para-gran-alacant\/"]}]},{"@type":"BreadcrumbList","@id":"https:\/\/santapola.es\/ca\/una-vuelta-a-las-aulas-en-septiembre-dificil-para-todos-y-mas-para-gran-alacant\/#breadcrumb","itemListElement":[{"@type":"ListItem","position":1,"name":"Inici","item":"https:\/\/santapola.es\/ca\/"},{"@type":"ListItem","position":2,"name":"Una vuelta a las aulas en septiembre dif\u00edcil para todos y m\u00e1s para Gran Alacant"}]},{"@type":"WebSite","@id":"https:\/\/santapola.es\/ca\/#website","url":"https:\/\/santapola.es\/ca\/","name":"Ayuntamiento de Santa Pola","description":"Web de l'Ajuntament de Santa Pola","potentialAction":[{"@type":"SearchAction","target":{"@type":"EntryPoint","urlTemplate":"https:\/\/santapola.es\/ca\/?s={search_term_string}"},"query-input":{"@type":"PropertyValueSpecification","valueRequired":true,"valueName":"search_term_string"}}],"inLanguage":"ca"},{"@type":"Person","@id":"https:\/\/santapola.es\/ca\/#\/schema\/person\/c08381290b84c068e06ca5dc1f5a08a7","name":"\u00c1rea Municipal Alcald\u00eda"}]}},"_links":{"self":[{"href":"https:\/\/santapola.es\/ca\/wp-json\/wp\/v2\/posts\/12767","targetHints":{"allow":["GET"]}}],"collection":[{"href":"https:\/\/santapola.es\/ca\/wp-json\/wp\/v2\/posts"}],"about":[{"href":"https:\/\/santapola.es\/ca\/wp-json\/wp\/v2\/types\/post"}],"author":[{"embeddable":true,"href":"https:\/\/santapola.es\/ca\/wp-json\/wp\/v2\/users\/75"}],"replies":[{"embeddable":true,"href":"https:\/\/santapola.es\/ca\/wp-json\/wp\/v2\/comments?post=12767"}],"version-history":[{"count":0,"href":"https:\/\/santapola.es\/ca\/wp-json\/wp\/v2\/posts\/12767\/revisions"}],"wp:attachment":[{"href":"https:\/\/santapola.es\/ca\/wp-json\/wp\/v2\/media?parent=12767"}],"wp:term":[{"taxonomy":"category","embeddable":true,"href":"https:\/\/santapola.es\/ca\/wp-json\/wp\/v2\/categories?post=12767"},{"taxonomy":"post_tag","embeddable":true,"href":"https:\/\/santapola.es\/ca\/wp-json\/wp\/v2\/tags?post=12767"}],"curies":[{"name":"wp","href":"https:\/\/api.w.org\/{rel}","templated":true}]}}