{"id":12760,"date":"2020-07-23T12:16:28","date_gmt":"2020-07-23T11:16:28","guid":{"rendered":"https:\/\/www.santapola.es\/?p=12760"},"modified":"2024-03-07T18:38:46","modified_gmt":"2024-03-07T17:38:46","slug":"el-ayuntamiento-de-santa-pola-junto-a-lokimica-lanzan-una-campana-para-combatir-los-mosquitos-menos-mosquitos-es-cosa-de-todos","status":"publish","type":"post","link":"https:\/\/santapola.es\/ca\/el-ayuntamiento-de-santa-pola-junto-a-lokimica-lanzan-una-campana-para-combatir-los-mosquitos-menos-mosquitos-es-cosa-de-todos\/","title":{"rendered":"El Ayuntamiento de Santa Pola junto a Lok\u00edmica lanzan una campa\u00f1a para combatir los mosquitos &#8220;Menos mosquitos es cosa de todos&#8221;"},"content":{"rendered":"<p style=\"text-align: justify;\"><span style=\"font-weight: 400;\">El Ayuntamiento de Santa Pola ha lanzado junto a Lok\u00edmica una campa\u00f1a informativa con recomendaciones para prevenir la proliferaci\u00f3n de mosquitos. Esta campa\u00f1a se difundir\u00e1 especialmente en urbanizaciones y asociaciones de vecinos para que se adopten estas sencillas medidas preventivas.\u00a0<\/span><\/p>\n<p style=\"text-align: justify;\"><span style=\"font-weight: 400;\">Desde el consistorio, a trav\u00e9s de Lok\u00edmica, empresa que conoce la problem\u00e1tica y est\u00e1 especializada en el control de plagas, se realizan actuaciones durante todo el a\u00f1o pero es fundamental la colaboraci\u00f3n ciudadana para conseguir un control efectivo dentro y fuera de las viviendas.<\/span><\/p>\n<p><span style=\"font-weight: 400;\">Se adjunta un cat\u00e1logo de estas medidas para solicitar la colaboraci\u00f3n ciudadana en este sentido, con el fin de conseguir un control efectivo dentro y fuera de las viviendas: <\/span><span style=\"font-weight: 400;\"><br \/>\n<\/span><a href=\"https:\/\/santapola.es\/wp-content\/uploads\/2020\/04\/Recomendaciones_mosquitos.pdf\"><span style=\"font-weight: 400;\">https:\/\/santapola.es\/wp-content\/uploads\/2020\/04\/Recomendaciones_mosquitos.pdf<\/span><\/a><\/p>\n<p><img loading=\"lazy\" decoding=\"async\" class=\"size-large wp-image-12761 aligncenter\" src=\"https:\/\/santapola.es\/wp-content\/uploads\/2020\/07\/Prevenci\u00f3n_Mosquito_SantaPola-726x1024.jpg\" alt=\"\" width=\"726\" height=\"1024\" srcset=\"https:\/\/santapola.es\/wp-content\/uploads\/2020\/07\/Prevenci\u00f3n_Mosquito_SantaPola-726x1024.jpg 726w, https:\/\/santapola.es\/wp-content\/uploads\/2020\/07\/Prevenci\u00f3n_Mosquito_SantaPola-213x300.jpg 213w, https:\/\/santapola.es\/wp-content\/uploads\/2020\/07\/Prevenci\u00f3n_Mosquito_SantaPola-768x1083.jpg 768w, https:\/\/santapola.es\/wp-content\/uploads\/2020\/07\/Prevenci\u00f3n_Mosquito_SantaPola-1080x1523.jpg 1080w, https:\/\/santapola.es\/wp-content\/uploads\/2020\/07\/Prevenci\u00f3n_Mosquito_SantaPola-610x860.jpg 610w\" sizes=\"(max-width: 726px) 100vw, 726px\" \/><\/p>\n","protected":false},"excerpt":{"rendered":"<p>El Ayuntamiento de Santa Pola ha lanzado junto a Lok\u00edmica una campa\u00f1a informativa con recomendaciones para prevenir la proliferaci\u00f3n de mosquitos. Esta campa\u00f1a se difundir\u00e1 especialmente en urbanizaciones y asociaciones de vecinos para que se adopten estas sencillas medidas preventivas.\u00a0 Desde el consistorio, a trav\u00e9s de Lok\u00edmica, empresa que conoce la problem\u00e1tica y est\u00e1 especializada [&hellip;]<\/p>\n","protected":false},"author":75,"featured_media":0,"comment_status":"closed","ping_status":"closed","sticky":false,"template":"","format":"standard","meta":{"_et_pb_use_builder":"","_et_pb_old_content":"","_et_gb_content_width":"","footnotes":""},"categories":[66,406,58],"tags":[],"class_list":["post-12760","post","type-post","status-publish","format-standard","hentry","category-inicio","category-sin-categorizar-2","category-sostenibilidad-sanidad"],"yoast_head":"<!-- This site is optimized with the Yoast SEO plugin v27.4 - https:\/\/yoast.com\/product\/yoast-seo-wordpress\/ -->\n<title>El Ayuntamiento de Santa Pola junto a Lok\u00edmica lanzan una campa\u00f1a para combatir los mosquitos &quot;Menos mosquitos es cosa de todos&quot; - Ajuntament de Santa Pola<\/title>\n<meta name=\"robots\" content=\"index, follow, max-snippet:-1, max-image-preview:large, max-video-preview:-1\" \/>\n<link rel=\"canonical\" href=\"https:\/\/santapola.es\/ca\/el-ayuntamiento-de-santa-pola-junto-a-lokimica-lanzan-una-campana-para-combatir-los-mosquitos-menos-mosquitos-es-cosa-de-todos\/\" \/>\n<meta property=\"og:locale\" content=\"ca_ES\" \/>\n<meta property=\"og:type\" content=\"article\" \/>\n<meta property=\"og:title\" content=\"El Ayuntamiento de Santa Pola junto a Lok\u00edmica lanzan una campa\u00f1a para combatir los mosquitos &quot;Menos mosquitos es cosa de todos&quot; - Ajuntament de Santa Pola\" \/>\n<meta property=\"og:description\" content=\"El Ayuntamiento de Santa Pola ha lanzado junto a Lok\u00edmica una campa\u00f1a informativa con recomendaciones para prevenir la proliferaci\u00f3n de mosquitos. Esta campa\u00f1a se difundir\u00e1 especialmente en urbanizaciones y asociaciones de vecinos para que se adopten estas sencillas medidas preventivas.\u00a0 Desde el consistorio, a trav\u00e9s de Lok\u00edmica, empresa que conoce la problem\u00e1tica y est\u00e1 especializada [&hellip;]\" \/>\n<meta property=\"og:url\" content=\"https:\/\/santapola.es\/ca\/el-ayuntamiento-de-santa-pola-junto-a-lokimica-lanzan-una-campana-para-combatir-los-mosquitos-menos-mosquitos-es-cosa-de-todos\/\" \/>\n<meta property=\"og:site_name\" content=\"Ajuntament de Santa Pola\" \/>\n<meta property=\"article:publisher\" content=\"https:\/\/www.facebook.com\/AyuntamientoSantaPola\/\" \/>\n<meta property=\"article:published_time\" content=\"2020-07-23T11:16:28+00:00\" \/>\n<meta property=\"article:modified_time\" content=\"2024-03-07T17:38:46+00:00\" \/>\n<meta name=\"author\" content=\"\u00c1rea Municipal Alcald\u00eda\" \/>\n<meta name=\"twitter:card\" content=\"summary_large_image\" \/>\n<meta name=\"twitter:creator\" content=\"@SantaPolaAyunt\" \/>\n<meta name=\"twitter:site\" content=\"@SantaPolaAyunt\" \/>\n<script type=\"application\/ld+json\" class=\"yoast-schema-graph\">{\"@context\":\"https:\\\/\\\/schema.org\",\"@graph\":[{\"@type\":\"Article\",\"@id\":\"https:\\\/\\\/santapola.es\\\/ca\\\/el-ayuntamiento-de-santa-pola-junto-a-lokimica-lanzan-una-campana-para-combatir-los-mosquitos-menos-mosquitos-es-cosa-de-todos\\\/#article\",\"isPartOf\":{\"@id\":\"https:\\\/\\\/santapola.es\\\/ca\\\/el-ayuntamiento-de-santa-pola-junto-a-lokimica-lanzan-una-campana-para-combatir-los-mosquitos-menos-mosquitos-es-cosa-de-todos\\\/\"},\"author\":{\"name\":\"\u00c1rea Municipal Alcald\u00eda\",\"@id\":\"https:\\\/\\\/santapola.es\\\/ca\\\/#\\\/schema\\\/person\\\/c08381290b84c068e06ca5dc1f5a08a7\"},\"headline\":\"El Ayuntamiento de Santa Pola junto a Lok\u00edmica lanzan una campa\u00f1a para combatir los mosquitos &#8220;Menos mosquitos es cosa de todos&#8221;\",\"datePublished\":\"2020-07-23T11:16:28+00:00\",\"dateModified\":\"2024-03-07T17:38:46+00:00\",\"mainEntityOfPage\":{\"@id\":\"https:\\\/\\\/santapola.es\\\/ca\\\/el-ayuntamiento-de-santa-pola-junto-a-lokimica-lanzan-una-campana-para-combatir-los-mosquitos-menos-mosquitos-es-cosa-de-todos\\\/\"},\"wordCount\":155,\"articleSection\":[\"Inicio\",\"Sin categorizar\",\"Sostenibilidad \\\/ Sanidad\"],\"inLanguage\":\"ca\"},{\"@type\":\"WebPage\",\"@id\":\"https:\\\/\\\/santapola.es\\\/ca\\\/el-ayuntamiento-de-santa-pola-junto-a-lokimica-lanzan-una-campana-para-combatir-los-mosquitos-menos-mosquitos-es-cosa-de-todos\\\/\",\"url\":\"https:\\\/\\\/santapola.es\\\/ca\\\/el-ayuntamiento-de-santa-pola-junto-a-lokimica-lanzan-una-campana-para-combatir-los-mosquitos-menos-mosquitos-es-cosa-de-todos\\\/\",\"name\":\"El Ayuntamiento de Santa Pola junto a Lok\u00edmica lanzan una campa\u00f1a para combatir los mosquitos \\\"Menos mosquitos es cosa de todos\\\" - Ajuntament de Santa Pola\",\"isPartOf\":{\"@id\":\"https:\\\/\\\/santapola.es\\\/ca\\\/#website\"},\"datePublished\":\"2020-07-23T11:16:28+00:00\",\"dateModified\":\"2024-03-07T17:38:46+00:00\",\"author\":{\"@id\":\"https:\\\/\\\/santapola.es\\\/ca\\\/#\\\/schema\\\/person\\\/c08381290b84c068e06ca5dc1f5a08a7\"},\"breadcrumb\":{\"@id\":\"https:\\\/\\\/santapola.es\\\/ca\\\/el-ayuntamiento-de-santa-pola-junto-a-lokimica-lanzan-una-campana-para-combatir-los-mosquitos-menos-mosquitos-es-cosa-de-todos\\\/#breadcrumb\"},\"inLanguage\":\"ca\",\"potentialAction\":[{\"@type\":\"ReadAction\",\"target\":[\"https:\\\/\\\/santapola.es\\\/ca\\\/el-ayuntamiento-de-santa-pola-junto-a-lokimica-lanzan-una-campana-para-combatir-los-mosquitos-menos-mosquitos-es-cosa-de-todos\\\/\"]}]},{\"@type\":\"BreadcrumbList\",\"@id\":\"https:\\\/\\\/santapola.es\\\/ca\\\/el-ayuntamiento-de-santa-pola-junto-a-lokimica-lanzan-una-campana-para-combatir-los-mosquitos-menos-mosquitos-es-cosa-de-todos\\\/#breadcrumb\",\"itemListElement\":[{\"@type\":\"ListItem\",\"position\":1,\"name\":\"Inici\",\"item\":\"https:\\\/\\\/santapola.es\\\/ca\\\/\"},{\"@type\":\"ListItem\",\"position\":2,\"name\":\"El Ayuntamiento de Santa Pola junto a Lok\u00edmica lanzan una campa\u00f1a para combatir los mosquitos &#8220;Menos mosquitos es cosa de todos&#8221;\"}]},{\"@type\":\"WebSite\",\"@id\":\"https:\\\/\\\/santapola.es\\\/ca\\\/#website\",\"url\":\"https:\\\/\\\/santapola.es\\\/ca\\\/\",\"name\":\"Ayuntamiento de Santa Pola\",\"description\":\"Web de l'Ajuntament de Santa Pola\",\"potentialAction\":[{\"@type\":\"SearchAction\",\"target\":{\"@type\":\"EntryPoint\",\"urlTemplate\":\"https:\\\/\\\/santapola.es\\\/ca\\\/?s={search_term_string}\"},\"query-input\":{\"@type\":\"PropertyValueSpecification\",\"valueRequired\":true,\"valueName\":\"search_term_string\"}}],\"inLanguage\":\"ca\"},{\"@type\":\"Person\",\"@id\":\"https:\\\/\\\/santapola.es\\\/ca\\\/#\\\/schema\\\/person\\\/c08381290b84c068e06ca5dc1f5a08a7\",\"name\":\"\u00c1rea Municipal Alcald\u00eda\"}]}<\/script>\n<!-- \/ Yoast SEO plugin. -->","yoast_head_json":{"title":"El Ayuntamiento de Santa Pola junto a Lok\u00edmica lanzan una campa\u00f1a para combatir los mosquitos \"Menos mosquitos es cosa de todos\" - Ajuntament de Santa Pola","robots":{"index":"index","follow":"follow","max-snippet":"max-snippet:-1","max-image-preview":"max-image-preview:large","max-video-preview":"max-video-preview:-1"},"canonical":"https:\/\/santapola.es\/ca\/el-ayuntamiento-de-santa-pola-junto-a-lokimica-lanzan-una-campana-para-combatir-los-mosquitos-menos-mosquitos-es-cosa-de-todos\/","og_locale":"ca_ES","og_type":"article","og_title":"El Ayuntamiento de Santa Pola junto a Lok\u00edmica lanzan una campa\u00f1a para combatir los mosquitos \"Menos mosquitos es cosa de todos\" - Ajuntament de Santa Pola","og_description":"El Ayuntamiento de Santa Pola ha lanzado junto a Lok\u00edmica una campa\u00f1a informativa con recomendaciones para prevenir la proliferaci\u00f3n de mosquitos. Esta campa\u00f1a se difundir\u00e1 especialmente en urbanizaciones y asociaciones de vecinos para que se adopten estas sencillas medidas preventivas.\u00a0 Desde el consistorio, a trav\u00e9s de Lok\u00edmica, empresa que conoce la problem\u00e1tica y est\u00e1 especializada [&hellip;]","og_url":"https:\/\/santapola.es\/ca\/el-ayuntamiento-de-santa-pola-junto-a-lokimica-lanzan-una-campana-para-combatir-los-mosquitos-menos-mosquitos-es-cosa-de-todos\/","og_site_name":"Ajuntament de Santa Pola","article_publisher":"https:\/\/www.facebook.com\/AyuntamientoSantaPola\/","article_published_time":"2020-07-23T11:16:28+00:00","article_modified_time":"2024-03-07T17:38:46+00:00","author":"\u00c1rea Municipal Alcald\u00eda","twitter_card":"summary_large_image","twitter_creator":"@SantaPolaAyunt","twitter_site":"@SantaPolaAyunt","schema":{"@context":"https:\/\/schema.org","@graph":[{"@type":"Article","@id":"https:\/\/santapola.es\/ca\/el-ayuntamiento-de-santa-pola-junto-a-lokimica-lanzan-una-campana-para-combatir-los-mosquitos-menos-mosquitos-es-cosa-de-todos\/#article","isPartOf":{"@id":"https:\/\/santapola.es\/ca\/el-ayuntamiento-de-santa-pola-junto-a-lokimica-lanzan-una-campana-para-combatir-los-mosquitos-menos-mosquitos-es-cosa-de-todos\/"},"author":{"name":"\u00c1rea Municipal Alcald\u00eda","@id":"https:\/\/santapola.es\/ca\/#\/schema\/person\/c08381290b84c068e06ca5dc1f5a08a7"},"headline":"El Ayuntamiento de Santa Pola junto a Lok\u00edmica lanzan una campa\u00f1a para combatir los mosquitos &#8220;Menos mosquitos es cosa de todos&#8221;","datePublished":"2020-07-23T11:16:28+00:00","dateModified":"2024-03-07T17:38:46+00:00","mainEntityOfPage":{"@id":"https:\/\/santapola.es\/ca\/el-ayuntamiento-de-santa-pola-junto-a-lokimica-lanzan-una-campana-para-combatir-los-mosquitos-menos-mosquitos-es-cosa-de-todos\/"},"wordCount":155,"articleSection":["Inicio","Sin categorizar","Sostenibilidad \/ Sanidad"],"inLanguage":"ca"},{"@type":"WebPage","@id":"https:\/\/santapola.es\/ca\/el-ayuntamiento-de-santa-pola-junto-a-lokimica-lanzan-una-campana-para-combatir-los-mosquitos-menos-mosquitos-es-cosa-de-todos\/","url":"https:\/\/santapola.es\/ca\/el-ayuntamiento-de-santa-pola-junto-a-lokimica-lanzan-una-campana-para-combatir-los-mosquitos-menos-mosquitos-es-cosa-de-todos\/","name":"El Ayuntamiento de Santa Pola junto a Lok\u00edmica lanzan una campa\u00f1a para combatir los mosquitos \"Menos mosquitos es cosa de todos\" - Ajuntament de Santa Pola","isPartOf":{"@id":"https:\/\/santapola.es\/ca\/#website"},"datePublished":"2020-07-23T11:16:28+00:00","dateModified":"2024-03-07T17:38:46+00:00","author":{"@id":"https:\/\/santapola.es\/ca\/#\/schema\/person\/c08381290b84c068e06ca5dc1f5a08a7"},"breadcrumb":{"@id":"https:\/\/santapola.es\/ca\/el-ayuntamiento-de-santa-pola-junto-a-lokimica-lanzan-una-campana-para-combatir-los-mosquitos-menos-mosquitos-es-cosa-de-todos\/#breadcrumb"},"inLanguage":"ca","potentialAction":[{"@type":"ReadAction","target":["https:\/\/santapola.es\/ca\/el-ayuntamiento-de-santa-pola-junto-a-lokimica-lanzan-una-campana-para-combatir-los-mosquitos-menos-mosquitos-es-cosa-de-todos\/"]}]},{"@type":"BreadcrumbList","@id":"https:\/\/santapola.es\/ca\/el-ayuntamiento-de-santa-pola-junto-a-lokimica-lanzan-una-campana-para-combatir-los-mosquitos-menos-mosquitos-es-cosa-de-todos\/#breadcrumb","itemListElement":[{"@type":"ListItem","position":1,"name":"Inici","item":"https:\/\/santapola.es\/ca\/"},{"@type":"ListItem","position":2,"name":"El Ayuntamiento de Santa Pola junto a Lok\u00edmica lanzan una campa\u00f1a para combatir los mosquitos &#8220;Menos mosquitos es cosa de todos&#8221;"}]},{"@type":"WebSite","@id":"https:\/\/santapola.es\/ca\/#website","url":"https:\/\/santapola.es\/ca\/","name":"Ayuntamiento de Santa Pola","description":"Web de l'Ajuntament de Santa Pola","potentialAction":[{"@type":"SearchAction","target":{"@type":"EntryPoint","urlTemplate":"https:\/\/santapola.es\/ca\/?s={search_term_string}"},"query-input":{"@type":"PropertyValueSpecification","valueRequired":true,"valueName":"search_term_string"}}],"inLanguage":"ca"},{"@type":"Person","@id":"https:\/\/santapola.es\/ca\/#\/schema\/person\/c08381290b84c068e06ca5dc1f5a08a7","name":"\u00c1rea Municipal Alcald\u00eda"}]}},"_links":{"self":[{"href":"https:\/\/santapola.es\/ca\/wp-json\/wp\/v2\/posts\/12760","targetHints":{"allow":["GET"]}}],"collection":[{"href":"https:\/\/santapola.es\/ca\/wp-json\/wp\/v2\/posts"}],"about":[{"href":"https:\/\/santapola.es\/ca\/wp-json\/wp\/v2\/types\/post"}],"author":[{"embeddable":true,"href":"https:\/\/santapola.es\/ca\/wp-json\/wp\/v2\/users\/75"}],"replies":[{"embeddable":true,"href":"https:\/\/santapola.es\/ca\/wp-json\/wp\/v2\/comments?post=12760"}],"version-history":[{"count":0,"href":"https:\/\/santapola.es\/ca\/wp-json\/wp\/v2\/posts\/12760\/revisions"}],"wp:attachment":[{"href":"https:\/\/santapola.es\/ca\/wp-json\/wp\/v2\/media?parent=12760"}],"wp:term":[{"taxonomy":"category","embeddable":true,"href":"https:\/\/santapola.es\/ca\/wp-json\/wp\/v2\/categories?post=12760"},{"taxonomy":"post_tag","embeddable":true,"href":"https:\/\/santapola.es\/ca\/wp-json\/wp\/v2\/tags?post=12760"}],"curies":[{"name":"wp","href":"https:\/\/api.w.org\/{rel}","templated":true}]}}