{"id":12599,"date":"2021-07-01T12:24:06","date_gmt":"2021-07-01T11:24:06","guid":{"rendered":"https:\/\/www.santapola.es\/?p=12599"},"modified":"2024-03-07T18:39:53","modified_gmt":"2024-03-07T17:39:53","slug":"el-ayuntamiento-de-santa-pola-se-une-a-la-campana-para-la-atencion-y-proteccion-de-la-salud-durante-las-olas-de-calor","status":"publish","type":"post","link":"https:\/\/santapola.es\/ca\/el-ayuntamiento-de-santa-pola-se-une-a-la-campana-para-la-atencion-y-proteccion-de-la-salud-durante-las-olas-de-calor\/","title":{"rendered":"El Ayuntamiento de Santa Pola se une a la campa\u00f1a para la atenci\u00f3n y protecci\u00f3n de la salud durante las olas de calor"},"content":{"rendered":"<p style=\"text-align: justify;\">El Ayuntamiento de Santa Pola se ha unido a la campa\u00f1a de la Conseller\u00eda de Sanidad para la atenci\u00f3n y protecci\u00f3n de la salud durante las olas de calor.<\/p>\n<p style=\"text-align: justify;\">La previsi\u00f3n estacional para el verano 2021 en la Comunitat Valenciana es de un verano c\u00e1lido, con posibles episodios de temperaturas extremas y precipitaciones por debajo de lo normal.<\/p>\n<p style=\"text-align: justify;\">Desde el Departamento de Salud dependiente de la Concejal\u00eda de Sanidad facilitar\u00e1n informaci\u00f3n de la campa\u00f1a a nuestra poblaci\u00f3n, especialmente a la poblaci\u00f3n de riesgo, resaltando la importancia de tomar medidas cuando las temperaturas son elevadas.<\/p>\n<p style=\"text-align: justify;\">Aqu\u00ed pod\u00e9is consultar las recomendaciones a tener en cuenta ante una ola de calor as\u00ed como consejos para un verano con salud:<\/p>\n<a href='https:\/\/santapola.es\/wp-content\/uploads\/2020\/07\/OlaDeCalor_CastellanoValenciano-2.pdf' class='big-button bigblue' target=\"_blank\">MEDIDAS PREVENTIVAS FRENTE AL CALOR<\/a>\n<p><img loading=\"lazy\" decoding=\"async\" class=\"aligncenter wp-image-12600 size-large\" src=\"https:\/\/santapola.es\/wp-content\/uploads\/2020\/07\/OlaCalor_castellano-730x1024.png\" alt=\"\" width=\"730\" height=\"1024\" srcset=\"https:\/\/santapola.es\/wp-content\/uploads\/2020\/07\/OlaCalor_castellano-730x1024.png 730w, https:\/\/santapola.es\/wp-content\/uploads\/2020\/07\/OlaCalor_castellano-214x300.png 214w, https:\/\/santapola.es\/wp-content\/uploads\/2020\/07\/OlaCalor_castellano-768x1077.png 768w, https:\/\/santapola.es\/wp-content\/uploads\/2020\/07\/OlaCalor_castellano-1080x1515.png 1080w, https:\/\/santapola.es\/wp-content\/uploads\/2020\/07\/OlaCalor_castellano-610x856.png 610w\" sizes=\"(max-width: 730px) 100vw, 730px\" \/><\/p>\n","protected":false},"excerpt":{"rendered":"<p>El Ayuntamiento de Santa Pola se ha unido a la campa\u00f1a de la Conseller\u00eda de Sanidad para la atenci\u00f3n y protecci\u00f3n de la salud durante las olas de calor. La previsi\u00f3n estacional para el verano 2021 en la Comunitat Valenciana es de un verano c\u00e1lido, con posibles episodios de temperaturas extremas y precipitaciones por debajo [&hellip;]<\/p>\n","protected":false},"author":75,"featured_media":0,"comment_status":"closed","ping_status":"closed","sticky":false,"template":"","format":"standard","meta":{"_et_pb_use_builder":"","_et_pb_old_content":"","_et_gb_content_width":"","footnotes":""},"categories":[66,406,58],"tags":[],"class_list":["post-12599","post","type-post","status-publish","format-standard","hentry","category-inicio","category-sin-categorizar-2","category-sostenibilidad-sanidad"],"yoast_head":"<!-- This site is optimized with the Yoast SEO plugin v27.4 - https:\/\/yoast.com\/product\/yoast-seo-wordpress\/ -->\n<title>El Ayuntamiento de Santa Pola se une a la campa\u00f1a para la atenci\u00f3n y protecci\u00f3n de la salud durante las olas de calor - Ajuntament de Santa Pola<\/title>\n<meta name=\"robots\" content=\"index, follow, max-snippet:-1, max-image-preview:large, max-video-preview:-1\" \/>\n<link rel=\"canonical\" href=\"https:\/\/santapola.es\/ca\/el-ayuntamiento-de-santa-pola-se-une-a-la-campana-para-la-atencion-y-proteccion-de-la-salud-durante-las-olas-de-calor\/\" \/>\n<meta property=\"og:locale\" content=\"ca_ES\" \/>\n<meta property=\"og:type\" content=\"article\" \/>\n<meta property=\"og:title\" content=\"El Ayuntamiento de Santa Pola se une a la campa\u00f1a para la atenci\u00f3n y protecci\u00f3n de la salud durante las olas de calor - Ajuntament de Santa Pola\" \/>\n<meta property=\"og:description\" content=\"El Ayuntamiento de Santa Pola se ha unido a la campa\u00f1a de la Conseller\u00eda de Sanidad para la atenci\u00f3n y protecci\u00f3n de la salud durante las olas de calor. La previsi\u00f3n estacional para el verano 2021 en la Comunitat Valenciana es de un verano c\u00e1lido, con posibles episodios de temperaturas extremas y precipitaciones por debajo [&hellip;]\" \/>\n<meta property=\"og:url\" content=\"https:\/\/santapola.es\/ca\/el-ayuntamiento-de-santa-pola-se-une-a-la-campana-para-la-atencion-y-proteccion-de-la-salud-durante-las-olas-de-calor\/\" \/>\n<meta property=\"og:site_name\" content=\"Ajuntament de Santa Pola\" \/>\n<meta property=\"article:publisher\" content=\"https:\/\/www.facebook.com\/AyuntamientoSantaPola\/\" \/>\n<meta property=\"article:published_time\" content=\"2021-07-01T11:24:06+00:00\" \/>\n<meta property=\"article:modified_time\" content=\"2024-03-07T17:39:53+00:00\" \/>\n<meta property=\"og:image\" content=\"https:\/\/santapola.es\/wp-content\/uploads\/2020\/07\/OlaCalor_castellano-730x1024.png\" \/>\n<meta name=\"author\" content=\"\u00c1rea Municipal Alcald\u00eda\" \/>\n<meta name=\"twitter:card\" content=\"summary_large_image\" \/>\n<meta name=\"twitter:creator\" content=\"@SantaPolaAyunt\" \/>\n<meta name=\"twitter:site\" content=\"@SantaPolaAyunt\" \/>\n<script type=\"application\/ld+json\" class=\"yoast-schema-graph\">{\"@context\":\"https:\\\/\\\/schema.org\",\"@graph\":[{\"@type\":\"Article\",\"@id\":\"https:\\\/\\\/santapola.es\\\/ca\\\/el-ayuntamiento-de-santa-pola-se-une-a-la-campana-para-la-atencion-y-proteccion-de-la-salud-durante-las-olas-de-calor\\\/#article\",\"isPartOf\":{\"@id\":\"https:\\\/\\\/santapola.es\\\/ca\\\/el-ayuntamiento-de-santa-pola-se-une-a-la-campana-para-la-atencion-y-proteccion-de-la-salud-durante-las-olas-de-calor\\\/\"},\"author\":{\"name\":\"\u00c1rea Municipal Alcald\u00eda\",\"@id\":\"https:\\\/\\\/santapola.es\\\/ca\\\/#\\\/schema\\\/person\\\/c08381290b84c068e06ca5dc1f5a08a7\"},\"headline\":\"El Ayuntamiento de Santa Pola se une a la campa\u00f1a para la atenci\u00f3n y protecci\u00f3n de la salud durante las olas de calor\",\"datePublished\":\"2021-07-01T11:24:06+00:00\",\"dateModified\":\"2024-03-07T17:39:53+00:00\",\"mainEntityOfPage\":{\"@id\":\"https:\\\/\\\/santapola.es\\\/ca\\\/el-ayuntamiento-de-santa-pola-se-une-a-la-campana-para-la-atencion-y-proteccion-de-la-salud-durante-las-olas-de-calor\\\/\"},\"wordCount\":174,\"image\":{\"@id\":\"https:\\\/\\\/santapola.es\\\/ca\\\/el-ayuntamiento-de-santa-pola-se-une-a-la-campana-para-la-atencion-y-proteccion-de-la-salud-durante-las-olas-de-calor\\\/#primaryimage\"},\"thumbnailUrl\":\"https:\\\/\\\/santapola.es\\\/wp-content\\\/uploads\\\/2020\\\/07\\\/OlaCalor_castellano-730x1024.png\",\"articleSection\":[\"Inicio\",\"Sin categorizar\",\"Sostenibilidad \\\/ Sanidad\"],\"inLanguage\":\"ca\"},{\"@type\":\"WebPage\",\"@id\":\"https:\\\/\\\/santapola.es\\\/ca\\\/el-ayuntamiento-de-santa-pola-se-une-a-la-campana-para-la-atencion-y-proteccion-de-la-salud-durante-las-olas-de-calor\\\/\",\"url\":\"https:\\\/\\\/santapola.es\\\/ca\\\/el-ayuntamiento-de-santa-pola-se-une-a-la-campana-para-la-atencion-y-proteccion-de-la-salud-durante-las-olas-de-calor\\\/\",\"name\":\"El Ayuntamiento de Santa Pola se une a la campa\u00f1a para la atenci\u00f3n y protecci\u00f3n de la salud durante las olas de calor - Ajuntament de Santa Pola\",\"isPartOf\":{\"@id\":\"https:\\\/\\\/santapola.es\\\/ca\\\/#website\"},\"primaryImageOfPage\":{\"@id\":\"https:\\\/\\\/santapola.es\\\/ca\\\/el-ayuntamiento-de-santa-pola-se-une-a-la-campana-para-la-atencion-y-proteccion-de-la-salud-durante-las-olas-de-calor\\\/#primaryimage\"},\"image\":{\"@id\":\"https:\\\/\\\/santapola.es\\\/ca\\\/el-ayuntamiento-de-santa-pola-se-une-a-la-campana-para-la-atencion-y-proteccion-de-la-salud-durante-las-olas-de-calor\\\/#primaryimage\"},\"thumbnailUrl\":\"https:\\\/\\\/santapola.es\\\/wp-content\\\/uploads\\\/2020\\\/07\\\/OlaCalor_castellano-730x1024.png\",\"datePublished\":\"2021-07-01T11:24:06+00:00\",\"dateModified\":\"2024-03-07T17:39:53+00:00\",\"author\":{\"@id\":\"https:\\\/\\\/santapola.es\\\/ca\\\/#\\\/schema\\\/person\\\/c08381290b84c068e06ca5dc1f5a08a7\"},\"breadcrumb\":{\"@id\":\"https:\\\/\\\/santapola.es\\\/ca\\\/el-ayuntamiento-de-santa-pola-se-une-a-la-campana-para-la-atencion-y-proteccion-de-la-salud-durante-las-olas-de-calor\\\/#breadcrumb\"},\"inLanguage\":\"ca\",\"potentialAction\":[{\"@type\":\"ReadAction\",\"target\":[\"https:\\\/\\\/santapola.es\\\/ca\\\/el-ayuntamiento-de-santa-pola-se-une-a-la-campana-para-la-atencion-y-proteccion-de-la-salud-durante-las-olas-de-calor\\\/\"]}]},{\"@type\":\"ImageObject\",\"inLanguage\":\"ca\",\"@id\":\"https:\\\/\\\/santapola.es\\\/ca\\\/el-ayuntamiento-de-santa-pola-se-une-a-la-campana-para-la-atencion-y-proteccion-de-la-salud-durante-las-olas-de-calor\\\/#primaryimage\",\"url\":\"https:\\\/\\\/santapola.es\\\/wp-content\\\/uploads\\\/2020\\\/07\\\/OlaCalor_castellano-730x1024.png\",\"contentUrl\":\"https:\\\/\\\/santapola.es\\\/wp-content\\\/uploads\\\/2020\\\/07\\\/OlaCalor_castellano-730x1024.png\"},{\"@type\":\"BreadcrumbList\",\"@id\":\"https:\\\/\\\/santapola.es\\\/ca\\\/el-ayuntamiento-de-santa-pola-se-une-a-la-campana-para-la-atencion-y-proteccion-de-la-salud-durante-las-olas-de-calor\\\/#breadcrumb\",\"itemListElement\":[{\"@type\":\"ListItem\",\"position\":1,\"name\":\"Inici\",\"item\":\"https:\\\/\\\/santapola.es\\\/ca\\\/\"},{\"@type\":\"ListItem\",\"position\":2,\"name\":\"El Ayuntamiento de Santa Pola se une a la campa\u00f1a para la atenci\u00f3n y protecci\u00f3n de la salud durante las olas de calor\"}]},{\"@type\":\"WebSite\",\"@id\":\"https:\\\/\\\/santapola.es\\\/ca\\\/#website\",\"url\":\"https:\\\/\\\/santapola.es\\\/ca\\\/\",\"name\":\"Ayuntamiento de Santa Pola\",\"description\":\"Web de l'Ajuntament de Santa Pola\",\"potentialAction\":[{\"@type\":\"SearchAction\",\"target\":{\"@type\":\"EntryPoint\",\"urlTemplate\":\"https:\\\/\\\/santapola.es\\\/ca\\\/?s={search_term_string}\"},\"query-input\":{\"@type\":\"PropertyValueSpecification\",\"valueRequired\":true,\"valueName\":\"search_term_string\"}}],\"inLanguage\":\"ca\"},{\"@type\":\"Person\",\"@id\":\"https:\\\/\\\/santapola.es\\\/ca\\\/#\\\/schema\\\/person\\\/c08381290b84c068e06ca5dc1f5a08a7\",\"name\":\"\u00c1rea Municipal Alcald\u00eda\"}]}<\/script>\n<!-- \/ Yoast SEO plugin. -->","yoast_head_json":{"title":"El Ayuntamiento de Santa Pola se une a la campa\u00f1a para la atenci\u00f3n y protecci\u00f3n de la salud durante las olas de calor - Ajuntament de Santa Pola","robots":{"index":"index","follow":"follow","max-snippet":"max-snippet:-1","max-image-preview":"max-image-preview:large","max-video-preview":"max-video-preview:-1"},"canonical":"https:\/\/santapola.es\/ca\/el-ayuntamiento-de-santa-pola-se-une-a-la-campana-para-la-atencion-y-proteccion-de-la-salud-durante-las-olas-de-calor\/","og_locale":"ca_ES","og_type":"article","og_title":"El Ayuntamiento de Santa Pola se une a la campa\u00f1a para la atenci\u00f3n y protecci\u00f3n de la salud durante las olas de calor - Ajuntament de Santa Pola","og_description":"El Ayuntamiento de Santa Pola se ha unido a la campa\u00f1a de la Conseller\u00eda de Sanidad para la atenci\u00f3n y protecci\u00f3n de la salud durante las olas de calor. La previsi\u00f3n estacional para el verano 2021 en la Comunitat Valenciana es de un verano c\u00e1lido, con posibles episodios de temperaturas extremas y precipitaciones por debajo [&hellip;]","og_url":"https:\/\/santapola.es\/ca\/el-ayuntamiento-de-santa-pola-se-une-a-la-campana-para-la-atencion-y-proteccion-de-la-salud-durante-las-olas-de-calor\/","og_site_name":"Ajuntament de Santa Pola","article_publisher":"https:\/\/www.facebook.com\/AyuntamientoSantaPola\/","article_published_time":"2021-07-01T11:24:06+00:00","article_modified_time":"2024-03-07T17:39:53+00:00","og_image":[{"url":"https:\/\/santapola.es\/wp-content\/uploads\/2020\/07\/OlaCalor_castellano-730x1024.png","type":"","width":"","height":""}],"author":"\u00c1rea Municipal Alcald\u00eda","twitter_card":"summary_large_image","twitter_creator":"@SantaPolaAyunt","twitter_site":"@SantaPolaAyunt","schema":{"@context":"https:\/\/schema.org","@graph":[{"@type":"Article","@id":"https:\/\/santapola.es\/ca\/el-ayuntamiento-de-santa-pola-se-une-a-la-campana-para-la-atencion-y-proteccion-de-la-salud-durante-las-olas-de-calor\/#article","isPartOf":{"@id":"https:\/\/santapola.es\/ca\/el-ayuntamiento-de-santa-pola-se-une-a-la-campana-para-la-atencion-y-proteccion-de-la-salud-durante-las-olas-de-calor\/"},"author":{"name":"\u00c1rea Municipal Alcald\u00eda","@id":"https:\/\/santapola.es\/ca\/#\/schema\/person\/c08381290b84c068e06ca5dc1f5a08a7"},"headline":"El Ayuntamiento de Santa Pola se une a la campa\u00f1a para la atenci\u00f3n y protecci\u00f3n de la salud durante las olas de calor","datePublished":"2021-07-01T11:24:06+00:00","dateModified":"2024-03-07T17:39:53+00:00","mainEntityOfPage":{"@id":"https:\/\/santapola.es\/ca\/el-ayuntamiento-de-santa-pola-se-une-a-la-campana-para-la-atencion-y-proteccion-de-la-salud-durante-las-olas-de-calor\/"},"wordCount":174,"image":{"@id":"https:\/\/santapola.es\/ca\/el-ayuntamiento-de-santa-pola-se-une-a-la-campana-para-la-atencion-y-proteccion-de-la-salud-durante-las-olas-de-calor\/#primaryimage"},"thumbnailUrl":"https:\/\/santapola.es\/wp-content\/uploads\/2020\/07\/OlaCalor_castellano-730x1024.png","articleSection":["Inicio","Sin categorizar","Sostenibilidad \/ Sanidad"],"inLanguage":"ca"},{"@type":"WebPage","@id":"https:\/\/santapola.es\/ca\/el-ayuntamiento-de-santa-pola-se-une-a-la-campana-para-la-atencion-y-proteccion-de-la-salud-durante-las-olas-de-calor\/","url":"https:\/\/santapola.es\/ca\/el-ayuntamiento-de-santa-pola-se-une-a-la-campana-para-la-atencion-y-proteccion-de-la-salud-durante-las-olas-de-calor\/","name":"El Ayuntamiento de Santa Pola se une a la campa\u00f1a para la atenci\u00f3n y protecci\u00f3n de la salud durante las olas de calor - Ajuntament de Santa Pola","isPartOf":{"@id":"https:\/\/santapola.es\/ca\/#website"},"primaryImageOfPage":{"@id":"https:\/\/santapola.es\/ca\/el-ayuntamiento-de-santa-pola-se-une-a-la-campana-para-la-atencion-y-proteccion-de-la-salud-durante-las-olas-de-calor\/#primaryimage"},"image":{"@id":"https:\/\/santapola.es\/ca\/el-ayuntamiento-de-santa-pola-se-une-a-la-campana-para-la-atencion-y-proteccion-de-la-salud-durante-las-olas-de-calor\/#primaryimage"},"thumbnailUrl":"https:\/\/santapola.es\/wp-content\/uploads\/2020\/07\/OlaCalor_castellano-730x1024.png","datePublished":"2021-07-01T11:24:06+00:00","dateModified":"2024-03-07T17:39:53+00:00","author":{"@id":"https:\/\/santapola.es\/ca\/#\/schema\/person\/c08381290b84c068e06ca5dc1f5a08a7"},"breadcrumb":{"@id":"https:\/\/santapola.es\/ca\/el-ayuntamiento-de-santa-pola-se-une-a-la-campana-para-la-atencion-y-proteccion-de-la-salud-durante-las-olas-de-calor\/#breadcrumb"},"inLanguage":"ca","potentialAction":[{"@type":"ReadAction","target":["https:\/\/santapola.es\/ca\/el-ayuntamiento-de-santa-pola-se-une-a-la-campana-para-la-atencion-y-proteccion-de-la-salud-durante-las-olas-de-calor\/"]}]},{"@type":"ImageObject","inLanguage":"ca","@id":"https:\/\/santapola.es\/ca\/el-ayuntamiento-de-santa-pola-se-une-a-la-campana-para-la-atencion-y-proteccion-de-la-salud-durante-las-olas-de-calor\/#primaryimage","url":"https:\/\/santapola.es\/wp-content\/uploads\/2020\/07\/OlaCalor_castellano-730x1024.png","contentUrl":"https:\/\/santapola.es\/wp-content\/uploads\/2020\/07\/OlaCalor_castellano-730x1024.png"},{"@type":"BreadcrumbList","@id":"https:\/\/santapola.es\/ca\/el-ayuntamiento-de-santa-pola-se-une-a-la-campana-para-la-atencion-y-proteccion-de-la-salud-durante-las-olas-de-calor\/#breadcrumb","itemListElement":[{"@type":"ListItem","position":1,"name":"Inici","item":"https:\/\/santapola.es\/ca\/"},{"@type":"ListItem","position":2,"name":"El Ayuntamiento de Santa Pola se une a la campa\u00f1a para la atenci\u00f3n y protecci\u00f3n de la salud durante las olas de calor"}]},{"@type":"WebSite","@id":"https:\/\/santapola.es\/ca\/#website","url":"https:\/\/santapola.es\/ca\/","name":"Ayuntamiento de Santa Pola","description":"Web de l'Ajuntament de Santa Pola","potentialAction":[{"@type":"SearchAction","target":{"@type":"EntryPoint","urlTemplate":"https:\/\/santapola.es\/ca\/?s={search_term_string}"},"query-input":{"@type":"PropertyValueSpecification","valueRequired":true,"valueName":"search_term_string"}}],"inLanguage":"ca"},{"@type":"Person","@id":"https:\/\/santapola.es\/ca\/#\/schema\/person\/c08381290b84c068e06ca5dc1f5a08a7","name":"\u00c1rea Municipal Alcald\u00eda"}]}},"_links":{"self":[{"href":"https:\/\/santapola.es\/ca\/wp-json\/wp\/v2\/posts\/12599","targetHints":{"allow":["GET"]}}],"collection":[{"href":"https:\/\/santapola.es\/ca\/wp-json\/wp\/v2\/posts"}],"about":[{"href":"https:\/\/santapola.es\/ca\/wp-json\/wp\/v2\/types\/post"}],"author":[{"embeddable":true,"href":"https:\/\/santapola.es\/ca\/wp-json\/wp\/v2\/users\/75"}],"replies":[{"embeddable":true,"href":"https:\/\/santapola.es\/ca\/wp-json\/wp\/v2\/comments?post=12599"}],"version-history":[{"count":0,"href":"https:\/\/santapola.es\/ca\/wp-json\/wp\/v2\/posts\/12599\/revisions"}],"wp:attachment":[{"href":"https:\/\/santapola.es\/ca\/wp-json\/wp\/v2\/media?parent=12599"}],"wp:term":[{"taxonomy":"category","embeddable":true,"href":"https:\/\/santapola.es\/ca\/wp-json\/wp\/v2\/categories?post=12599"},{"taxonomy":"post_tag","embeddable":true,"href":"https:\/\/santapola.es\/ca\/wp-json\/wp\/v2\/tags?post=12599"}],"curies":[{"name":"wp","href":"https:\/\/api.w.org\/{rel}","templated":true}]}}