{"id":12526,"date":"2020-06-22T13:11:05","date_gmt":"2020-06-22T12:11:05","guid":{"rendered":"https:\/\/www.santapola.es\/?p=12526"},"modified":"2024-03-07T18:38:39","modified_gmt":"2024-03-07T17:38:39","slug":"izada-de-banderas-azules-en-las-playas-de-santa-pola","status":"publish","type":"post","link":"https:\/\/santapola.es\/ca\/izada-de-banderas-azules-en-las-playas-de-santa-pola\/","title":{"rendered":"Izada de Banderas Azules en las playas de Santa Pola"},"content":{"rendered":"<p style=\"text-align: justify;\"><strong><em>La Fundaci\u00f3n Europea de Educaci\u00f3n Ambiental ha otorgado a Santa Pola cinco Banderas Azules para sus playas (Calas del Este, Varadero, Levante, Tamarit y Calas de Santiago Bernab\u00e9u), y dos galardones Centro Azul al Museo de la Sal y Centro de Investigaci\u00f3n Marina (CIMAR).<\/em><\/strong><\/p>\n<p style=\"text-align: justify;\">Esta ma\u00f1ana la Alcaldesa de Santa Pola, Loreto Serrano, junto a miembros de la corporaci\u00f3n municipal y t\u00e9cnicos municipales, han realizado la izada simb\u00f3lica de la Bandera Azul en la Playa de Levante.<\/p>\n<p style=\"text-align: justify;\">Bandera Azul es un distintivo que acredita la gesti\u00f3n medio ambiental y la calidad de sus aguas, as\u00ed como los servicios que disponen nuestras playas.<\/p>\n<p style=\"text-align: justify;\">Las playas Bandera Azul, adem\u00e1s del cumplimiento de sus criterios durante la temporada de ba\u00f1os, deben cumplir, tambi\u00e9n en 2020, con las normas higi\u00e9nicas y de distanciamiento social por parte de las autoridades competentes.<\/p>\n<p style=\"text-align: justify;\">Espa\u00f1a ha recibido un total de 688 Banderas Azules (589 de playas, 98 de puertos deportivos y 5 embarcaciones tur\u00edsticas sostenibles), que ondear\u00e1n este verano en nuestro litoral. De este modo, Espa\u00f1a, con 23 playas m\u00e1s y 4 puertos menos, mantiene su liderazgo.<\/p>\n<p style=\"text-align: justify;\"><strong>Santa Pola este a\u00f1o ha renovado sus 5 Banderas Azules (Calas del Este, Varadero, Levante, Tamarit y Calas de Santiago Bernab\u00e9u), as\u00ed como el Centro de Investigaci\u00f3n Marina CIMAR.<\/strong><\/p>\n<p style=\"text-align: justify;\">La <strong>novedad<\/strong> este a\u00f1o, que se une a los galardones recibidos, es el <strong>Museo de la Sal y Centro de Interpretaci\u00f3n del Parque Natural Salinas de Santa Pola<\/strong>. Al acto ha acudido, Jos\u00e9 Ram\u00f3n Navarro, gu\u00eda medioambiental del Parque Natural, a recoger su distintivo como Centro Azul.<\/p>\n<p style=\"text-align: justify;\">La obtenci\u00f3n de este emblem\u00e1tico distintivo es un gran reconocimiento a la labor realizada por la Concejal\u00eda de Playas as\u00ed como todos sus miembros del \u00d3rgano Gestor de Playas.<\/p>\n<p><img loading=\"lazy\" decoding=\"async\" class=\"aligncenter size-large wp-image-12529\" src=\"https:\/\/santapola.es\/wp-content\/uploads\/2020\/06\/BanderaAzul_SantaPola-1024x768.jpg\" alt=\"\" width=\"1024\" height=\"768\" srcset=\"https:\/\/santapola.es\/wp-content\/uploads\/2020\/06\/BanderaAzul_SantaPola-1024x768.jpg 1024w, https:\/\/santapola.es\/wp-content\/uploads\/2020\/06\/BanderaAzul_SantaPola-300x225.jpg 300w, https:\/\/santapola.es\/wp-content\/uploads\/2020\/06\/BanderaAzul_SantaPola-768x576.jpg 768w, https:\/\/santapola.es\/wp-content\/uploads\/2020\/06\/BanderaAzul_SantaPola-510x382.jpg 510w, https:\/\/santapola.es\/wp-content\/uploads\/2020\/06\/BanderaAzul_SantaPola-1080x810.jpg 1080w, https:\/\/santapola.es\/wp-content\/uploads\/2020\/06\/BanderaAzul_SantaPola-610x458.jpg 610w\" sizes=\"(max-width: 1024px) 100vw, 1024px\" \/><\/p>\n<p>&nbsp;<\/p>\n<p><img loading=\"lazy\" decoding=\"async\" class=\"alignleft size-large wp-image-12531\" src=\"https:\/\/santapola.es\/wp-content\/uploads\/2020\/06\/banderaazul3-1024x768.jpg\" alt=\"\" width=\"1024\" height=\"768\" srcset=\"https:\/\/santapola.es\/wp-content\/uploads\/2020\/06\/banderaazul3-1024x768.jpg 1024w, https:\/\/santapola.es\/wp-content\/uploads\/2020\/06\/banderaazul3-300x225.jpg 300w, https:\/\/santapola.es\/wp-content\/uploads\/2020\/06\/banderaazul3-768x576.jpg 768w, https:\/\/santapola.es\/wp-content\/uploads\/2020\/06\/banderaazul3-510x382.jpg 510w, https:\/\/santapola.es\/wp-content\/uploads\/2020\/06\/banderaazul3-1080x810.jpg 1080w, https:\/\/santapola.es\/wp-content\/uploads\/2020\/06\/banderaazul3-610x458.jpg 610w\" sizes=\"(max-width: 1024px) 100vw, 1024px\" \/><img loading=\"lazy\" decoding=\"async\" class=\"alignleft size-large wp-image-12530\" src=\"https:\/\/santapola.es\/wp-content\/uploads\/2020\/06\/BanderaAzul2-768x1024.jpg\" alt=\"\" width=\"768\" height=\"1024\" srcset=\"https:\/\/santapola.es\/wp-content\/uploads\/2020\/06\/BanderaAzul2-768x1024.jpg 768w, https:\/\/santapola.es\/wp-content\/uploads\/2020\/06\/BanderaAzul2-225x300.jpg 225w, https:\/\/santapola.es\/wp-content\/uploads\/2020\/06\/BanderaAzul2-1080x1440.jpg 1080w, https:\/\/santapola.es\/wp-content\/uploads\/2020\/06\/BanderaAzul2-610x813.jpg 610w\" sizes=\"(max-width: 768px) 100vw, 768px\" \/><\/p>\n<p>&nbsp;<\/p>\n","protected":false},"excerpt":{"rendered":"<p>La Fundaci\u00f3n Europea de Educaci\u00f3n Ambiental ha otorgado a Santa Pola cinco Banderas Azules para sus playas (Calas del Este, Varadero, Levante, Tamarit y Calas de Santiago Bernab\u00e9u), y dos galardones Centro Azul al Museo de la Sal y Centro de Investigaci\u00f3n Marina (CIMAR). Esta ma\u00f1ana la Alcaldesa de Santa Pola, Loreto Serrano, junto a [&hellip;]<\/p>\n","protected":false},"author":75,"featured_media":0,"comment_status":"closed","ping_status":"closed","sticky":false,"template":"","format":"standard","meta":{"_et_pb_use_builder":"","_et_pb_old_content":"","_et_gb_content_width":"","footnotes":""},"categories":[66,57,406],"tags":[],"class_list":["post-12526","post","type-post","status-publish","format-standard","hentry","category-inicio","category-playas-turismo-pesca","category-sin-categorizar-2"],"yoast_head":"<!-- This site is optimized with the Yoast SEO plugin v27.4 - https:\/\/yoast.com\/product\/yoast-seo-wordpress\/ -->\n<title>Izada de Banderas Azules en las playas de Santa Pola - Ajuntament de Santa Pola<\/title>\n<meta name=\"robots\" content=\"index, follow, max-snippet:-1, max-image-preview:large, max-video-preview:-1\" \/>\n<link rel=\"canonical\" href=\"https:\/\/santapola.es\/ca\/izada-de-banderas-azules-en-las-playas-de-santa-pola\/\" \/>\n<meta property=\"og:locale\" content=\"ca_ES\" \/>\n<meta property=\"og:type\" content=\"article\" \/>\n<meta property=\"og:title\" content=\"Izada de Banderas Azules en las playas de Santa Pola - Ajuntament de Santa Pola\" \/>\n<meta property=\"og:description\" content=\"La Fundaci\u00f3n Europea de Educaci\u00f3n Ambiental ha otorgado a Santa Pola cinco Banderas Azules para sus playas (Calas del Este, Varadero, Levante, Tamarit y Calas de Santiago Bernab\u00e9u), y dos galardones Centro Azul al Museo de la Sal y Centro de Investigaci\u00f3n Marina (CIMAR). Esta ma\u00f1ana la Alcaldesa de Santa Pola, Loreto Serrano, junto a [&hellip;]\" \/>\n<meta property=\"og:url\" content=\"https:\/\/santapola.es\/ca\/izada-de-banderas-azules-en-las-playas-de-santa-pola\/\" \/>\n<meta property=\"og:site_name\" content=\"Ajuntament de Santa Pola\" \/>\n<meta property=\"article:publisher\" content=\"https:\/\/www.facebook.com\/AyuntamientoSantaPola\/\" \/>\n<meta property=\"article:published_time\" content=\"2020-06-22T12:11:05+00:00\" \/>\n<meta property=\"article:modified_time\" content=\"2024-03-07T17:38:39+00:00\" \/>\n<meta property=\"og:image\" content=\"https:\/\/santapola.es\/wp-content\/uploads\/2020\/06\/BanderaAzul_SantaPola-1024x768.jpg\" \/>\n<meta name=\"author\" content=\"\u00c1rea Municipal Alcald\u00eda\" \/>\n<meta name=\"twitter:card\" content=\"summary_large_image\" \/>\n<meta name=\"twitter:creator\" content=\"@SantaPolaAyunt\" \/>\n<meta name=\"twitter:site\" content=\"@SantaPolaAyunt\" \/>\n<script type=\"application\/ld+json\" class=\"yoast-schema-graph\">{\"@context\":\"https:\\\/\\\/schema.org\",\"@graph\":[{\"@type\":\"Article\",\"@id\":\"https:\\\/\\\/santapola.es\\\/ca\\\/izada-de-banderas-azules-en-las-playas-de-santa-pola\\\/#article\",\"isPartOf\":{\"@id\":\"https:\\\/\\\/santapola.es\\\/ca\\\/izada-de-banderas-azules-en-las-playas-de-santa-pola\\\/\"},\"author\":{\"name\":\"\u00c1rea Municipal Alcald\u00eda\",\"@id\":\"https:\\\/\\\/santapola.es\\\/ca\\\/#\\\/schema\\\/person\\\/c08381290b84c068e06ca5dc1f5a08a7\"},\"headline\":\"Izada de Banderas Azules en las playas de Santa Pola\",\"datePublished\":\"2020-06-22T12:11:05+00:00\",\"dateModified\":\"2024-03-07T17:38:39+00:00\",\"mainEntityOfPage\":{\"@id\":\"https:\\\/\\\/santapola.es\\\/ca\\\/izada-de-banderas-azules-en-las-playas-de-santa-pola\\\/\"},\"wordCount\":316,\"image\":{\"@id\":\"https:\\\/\\\/santapola.es\\\/ca\\\/izada-de-banderas-azules-en-las-playas-de-santa-pola\\\/#primaryimage\"},\"thumbnailUrl\":\"https:\\\/\\\/santapola.es\\\/wp-content\\\/uploads\\\/2020\\\/06\\\/BanderaAzul_SantaPola-1024x768.jpg\",\"articleSection\":[\"Inicio\",\"Playas \\\/ Turismo \\\/ Pesca\",\"Sin categorizar\"],\"inLanguage\":\"ca\"},{\"@type\":\"WebPage\",\"@id\":\"https:\\\/\\\/santapola.es\\\/ca\\\/izada-de-banderas-azules-en-las-playas-de-santa-pola\\\/\",\"url\":\"https:\\\/\\\/santapola.es\\\/ca\\\/izada-de-banderas-azules-en-las-playas-de-santa-pola\\\/\",\"name\":\"Izada de Banderas Azules en las playas de Santa Pola - Ajuntament de Santa Pola\",\"isPartOf\":{\"@id\":\"https:\\\/\\\/santapola.es\\\/ca\\\/#website\"},\"primaryImageOfPage\":{\"@id\":\"https:\\\/\\\/santapola.es\\\/ca\\\/izada-de-banderas-azules-en-las-playas-de-santa-pola\\\/#primaryimage\"},\"image\":{\"@id\":\"https:\\\/\\\/santapola.es\\\/ca\\\/izada-de-banderas-azules-en-las-playas-de-santa-pola\\\/#primaryimage\"},\"thumbnailUrl\":\"https:\\\/\\\/santapola.es\\\/wp-content\\\/uploads\\\/2020\\\/06\\\/BanderaAzul_SantaPola-1024x768.jpg\",\"datePublished\":\"2020-06-22T12:11:05+00:00\",\"dateModified\":\"2024-03-07T17:38:39+00:00\",\"author\":{\"@id\":\"https:\\\/\\\/santapola.es\\\/ca\\\/#\\\/schema\\\/person\\\/c08381290b84c068e06ca5dc1f5a08a7\"},\"breadcrumb\":{\"@id\":\"https:\\\/\\\/santapola.es\\\/ca\\\/izada-de-banderas-azules-en-las-playas-de-santa-pola\\\/#breadcrumb\"},\"inLanguage\":\"ca\",\"potentialAction\":[{\"@type\":\"ReadAction\",\"target\":[\"https:\\\/\\\/santapola.es\\\/ca\\\/izada-de-banderas-azules-en-las-playas-de-santa-pola\\\/\"]}]},{\"@type\":\"ImageObject\",\"inLanguage\":\"ca\",\"@id\":\"https:\\\/\\\/santapola.es\\\/ca\\\/izada-de-banderas-azules-en-las-playas-de-santa-pola\\\/#primaryimage\",\"url\":\"https:\\\/\\\/santapola.es\\\/wp-content\\\/uploads\\\/2020\\\/06\\\/BanderaAzul_SantaPola-1024x768.jpg\",\"contentUrl\":\"https:\\\/\\\/santapola.es\\\/wp-content\\\/uploads\\\/2020\\\/06\\\/BanderaAzul_SantaPola-1024x768.jpg\"},{\"@type\":\"BreadcrumbList\",\"@id\":\"https:\\\/\\\/santapola.es\\\/ca\\\/izada-de-banderas-azules-en-las-playas-de-santa-pola\\\/#breadcrumb\",\"itemListElement\":[{\"@type\":\"ListItem\",\"position\":1,\"name\":\"Inici\",\"item\":\"https:\\\/\\\/santapola.es\\\/ca\\\/\"},{\"@type\":\"ListItem\",\"position\":2,\"name\":\"Izada de Banderas Azules en las playas de Santa Pola\"}]},{\"@type\":\"WebSite\",\"@id\":\"https:\\\/\\\/santapola.es\\\/ca\\\/#website\",\"url\":\"https:\\\/\\\/santapola.es\\\/ca\\\/\",\"name\":\"Ayuntamiento de Santa Pola\",\"description\":\"Web de l'Ajuntament de Santa Pola\",\"potentialAction\":[{\"@type\":\"SearchAction\",\"target\":{\"@type\":\"EntryPoint\",\"urlTemplate\":\"https:\\\/\\\/santapola.es\\\/ca\\\/?s={search_term_string}\"},\"query-input\":{\"@type\":\"PropertyValueSpecification\",\"valueRequired\":true,\"valueName\":\"search_term_string\"}}],\"inLanguage\":\"ca\"},{\"@type\":\"Person\",\"@id\":\"https:\\\/\\\/santapola.es\\\/ca\\\/#\\\/schema\\\/person\\\/c08381290b84c068e06ca5dc1f5a08a7\",\"name\":\"\u00c1rea Municipal Alcald\u00eda\"}]}<\/script>\n<!-- \/ Yoast SEO plugin. -->","yoast_head_json":{"title":"Izada de Banderas Azules en las playas de Santa Pola - Ajuntament de Santa Pola","robots":{"index":"index","follow":"follow","max-snippet":"max-snippet:-1","max-image-preview":"max-image-preview:large","max-video-preview":"max-video-preview:-1"},"canonical":"https:\/\/santapola.es\/ca\/izada-de-banderas-azules-en-las-playas-de-santa-pola\/","og_locale":"ca_ES","og_type":"article","og_title":"Izada de Banderas Azules en las playas de Santa Pola - Ajuntament de Santa Pola","og_description":"La Fundaci\u00f3n Europea de Educaci\u00f3n Ambiental ha otorgado a Santa Pola cinco Banderas Azules para sus playas (Calas del Este, Varadero, Levante, Tamarit y Calas de Santiago Bernab\u00e9u), y dos galardones Centro Azul al Museo de la Sal y Centro de Investigaci\u00f3n Marina (CIMAR). Esta ma\u00f1ana la Alcaldesa de Santa Pola, Loreto Serrano, junto a [&hellip;]","og_url":"https:\/\/santapola.es\/ca\/izada-de-banderas-azules-en-las-playas-de-santa-pola\/","og_site_name":"Ajuntament de Santa Pola","article_publisher":"https:\/\/www.facebook.com\/AyuntamientoSantaPola\/","article_published_time":"2020-06-22T12:11:05+00:00","article_modified_time":"2024-03-07T17:38:39+00:00","og_image":[{"url":"https:\/\/santapola.es\/wp-content\/uploads\/2020\/06\/BanderaAzul_SantaPola-1024x768.jpg","type":"","width":"","height":""}],"author":"\u00c1rea Municipal Alcald\u00eda","twitter_card":"summary_large_image","twitter_creator":"@SantaPolaAyunt","twitter_site":"@SantaPolaAyunt","schema":{"@context":"https:\/\/schema.org","@graph":[{"@type":"Article","@id":"https:\/\/santapola.es\/ca\/izada-de-banderas-azules-en-las-playas-de-santa-pola\/#article","isPartOf":{"@id":"https:\/\/santapola.es\/ca\/izada-de-banderas-azules-en-las-playas-de-santa-pola\/"},"author":{"name":"\u00c1rea Municipal Alcald\u00eda","@id":"https:\/\/santapola.es\/ca\/#\/schema\/person\/c08381290b84c068e06ca5dc1f5a08a7"},"headline":"Izada de Banderas Azules en las playas de Santa Pola","datePublished":"2020-06-22T12:11:05+00:00","dateModified":"2024-03-07T17:38:39+00:00","mainEntityOfPage":{"@id":"https:\/\/santapola.es\/ca\/izada-de-banderas-azules-en-las-playas-de-santa-pola\/"},"wordCount":316,"image":{"@id":"https:\/\/santapola.es\/ca\/izada-de-banderas-azules-en-las-playas-de-santa-pola\/#primaryimage"},"thumbnailUrl":"https:\/\/santapola.es\/wp-content\/uploads\/2020\/06\/BanderaAzul_SantaPola-1024x768.jpg","articleSection":["Inicio","Playas \/ Turismo \/ Pesca","Sin categorizar"],"inLanguage":"ca"},{"@type":"WebPage","@id":"https:\/\/santapola.es\/ca\/izada-de-banderas-azules-en-las-playas-de-santa-pola\/","url":"https:\/\/santapola.es\/ca\/izada-de-banderas-azules-en-las-playas-de-santa-pola\/","name":"Izada de Banderas Azules en las playas de Santa Pola - Ajuntament de Santa Pola","isPartOf":{"@id":"https:\/\/santapola.es\/ca\/#website"},"primaryImageOfPage":{"@id":"https:\/\/santapola.es\/ca\/izada-de-banderas-azules-en-las-playas-de-santa-pola\/#primaryimage"},"image":{"@id":"https:\/\/santapola.es\/ca\/izada-de-banderas-azules-en-las-playas-de-santa-pola\/#primaryimage"},"thumbnailUrl":"https:\/\/santapola.es\/wp-content\/uploads\/2020\/06\/BanderaAzul_SantaPola-1024x768.jpg","datePublished":"2020-06-22T12:11:05+00:00","dateModified":"2024-03-07T17:38:39+00:00","author":{"@id":"https:\/\/santapola.es\/ca\/#\/schema\/person\/c08381290b84c068e06ca5dc1f5a08a7"},"breadcrumb":{"@id":"https:\/\/santapola.es\/ca\/izada-de-banderas-azules-en-las-playas-de-santa-pola\/#breadcrumb"},"inLanguage":"ca","potentialAction":[{"@type":"ReadAction","target":["https:\/\/santapola.es\/ca\/izada-de-banderas-azules-en-las-playas-de-santa-pola\/"]}]},{"@type":"ImageObject","inLanguage":"ca","@id":"https:\/\/santapola.es\/ca\/izada-de-banderas-azules-en-las-playas-de-santa-pola\/#primaryimage","url":"https:\/\/santapola.es\/wp-content\/uploads\/2020\/06\/BanderaAzul_SantaPola-1024x768.jpg","contentUrl":"https:\/\/santapola.es\/wp-content\/uploads\/2020\/06\/BanderaAzul_SantaPola-1024x768.jpg"},{"@type":"BreadcrumbList","@id":"https:\/\/santapola.es\/ca\/izada-de-banderas-azules-en-las-playas-de-santa-pola\/#breadcrumb","itemListElement":[{"@type":"ListItem","position":1,"name":"Inici","item":"https:\/\/santapola.es\/ca\/"},{"@type":"ListItem","position":2,"name":"Izada de Banderas Azules en las playas de Santa Pola"}]},{"@type":"WebSite","@id":"https:\/\/santapola.es\/ca\/#website","url":"https:\/\/santapola.es\/ca\/","name":"Ayuntamiento de Santa Pola","description":"Web de l'Ajuntament de Santa Pola","potentialAction":[{"@type":"SearchAction","target":{"@type":"EntryPoint","urlTemplate":"https:\/\/santapola.es\/ca\/?s={search_term_string}"},"query-input":{"@type":"PropertyValueSpecification","valueRequired":true,"valueName":"search_term_string"}}],"inLanguage":"ca"},{"@type":"Person","@id":"https:\/\/santapola.es\/ca\/#\/schema\/person\/c08381290b84c068e06ca5dc1f5a08a7","name":"\u00c1rea Municipal Alcald\u00eda"}]}},"_links":{"self":[{"href":"https:\/\/santapola.es\/ca\/wp-json\/wp\/v2\/posts\/12526","targetHints":{"allow":["GET"]}}],"collection":[{"href":"https:\/\/santapola.es\/ca\/wp-json\/wp\/v2\/posts"}],"about":[{"href":"https:\/\/santapola.es\/ca\/wp-json\/wp\/v2\/types\/post"}],"author":[{"embeddable":true,"href":"https:\/\/santapola.es\/ca\/wp-json\/wp\/v2\/users\/75"}],"replies":[{"embeddable":true,"href":"https:\/\/santapola.es\/ca\/wp-json\/wp\/v2\/comments?post=12526"}],"version-history":[{"count":0,"href":"https:\/\/santapola.es\/ca\/wp-json\/wp\/v2\/posts\/12526\/revisions"}],"wp:attachment":[{"href":"https:\/\/santapola.es\/ca\/wp-json\/wp\/v2\/media?parent=12526"}],"wp:term":[{"taxonomy":"category","embeddable":true,"href":"https:\/\/santapola.es\/ca\/wp-json\/wp\/v2\/categories?post=12526"},{"taxonomy":"post_tag","embeddable":true,"href":"https:\/\/santapola.es\/ca\/wp-json\/wp\/v2\/tags?post=12526"}],"curies":[{"name":"wp","href":"https:\/\/api.w.org\/{rel}","templated":true}]}}