{"id":12512,"date":"2021-06-18T08:29:10","date_gmt":"2021-06-18T07:29:10","guid":{"rendered":"https:\/\/www.santapola.es\/?p=12512"},"modified":"2024-03-07T18:39:51","modified_gmt":"2024-03-07T17:39:51","slug":"santa-pola-prohibe-el-acceso-a-sus-playas-la-noche-de-san-juan","status":"publish","type":"post","link":"https:\/\/santapola.es\/ca\/santa-pola-prohibe-el-acceso-a-sus-playas-la-noche-de-san-juan\/","title":{"rendered":"Santa Pola proh\u00edbe el acceso a sus playas la Noche de San Juan"},"content":{"rendered":"<p style=\"text-align: right;\">Santa Pola, 18 de junio de 2021<\/p>\n<p style=\"text-align: justify;\">El Ayuntamiento de Santa Pola, como medida de car\u00e1cter preventivo y de seguridad para garantizar el cumplimiento de las medidas de distanciamiento social y evitar nuevos contagios del COVID-19, proh\u00edbe el acceso y uso de las playas entre las 19:00 horas del d\u00eda 23 de junio hasta las 10:00 horas del d\u00eda 24 de junio.<\/p>\n<p style=\"text-align: justify;\">Esa noche se reforzar\u00e1 la vigilancia para velar por el cumplimiento de esta medida. Se solicita a la ciudadan\u00eda responsabilidad y cumplir con las normas por el bien de todos.<\/p>\n","protected":false},"excerpt":{"rendered":"<p>Santa Pola, 18 de junio de 2021 El Ayuntamiento de Santa Pola, como medida de car\u00e1cter preventivo y de seguridad para garantizar el cumplimiento de las medidas de distanciamiento social y evitar nuevos contagios del COVID-19, proh\u00edbe el acceso y uso de las playas entre las 19:00 horas del d\u00eda 23 de junio hasta las [&hellip;]<\/p>\n","protected":false},"author":75,"featured_media":0,"comment_status":"closed","ping_status":"closed","sticky":false,"template":"","format":"standard","meta":{"_et_pb_use_builder":"","_et_pb_old_content":"","_et_gb_content_width":"","footnotes":""},"categories":[66,57,406],"tags":[],"class_list":["post-12512","post","type-post","status-publish","format-standard","hentry","category-inicio","category-playas-turismo-pesca","category-sin-categorizar-2"],"yoast_head":"<!-- This site is optimized with the Yoast SEO plugin v27.4 - https:\/\/yoast.com\/product\/yoast-seo-wordpress\/ -->\n<title>Santa Pola proh\u00edbe el acceso a sus playas la Noche de San Juan - Ajuntament de Santa Pola<\/title>\n<meta name=\"robots\" content=\"index, follow, max-snippet:-1, max-image-preview:large, max-video-preview:-1\" \/>\n<link rel=\"canonical\" href=\"https:\/\/santapola.es\/ca\/santa-pola-prohibe-el-acceso-a-sus-playas-la-noche-de-san-juan\/\" \/>\n<meta property=\"og:locale\" content=\"ca_ES\" \/>\n<meta property=\"og:type\" content=\"article\" \/>\n<meta property=\"og:title\" content=\"Santa Pola proh\u00edbe el acceso a sus playas la Noche de San Juan - Ajuntament de Santa Pola\" \/>\n<meta property=\"og:description\" content=\"Santa Pola, 18 de junio de 2021 El Ayuntamiento de Santa Pola, como medida de car\u00e1cter preventivo y de seguridad para garantizar el cumplimiento de las medidas de distanciamiento social y evitar nuevos contagios del COVID-19, proh\u00edbe el acceso y uso de las playas entre las 19:00 horas del d\u00eda 23 de junio hasta las [&hellip;]\" \/>\n<meta property=\"og:url\" content=\"https:\/\/santapola.es\/ca\/santa-pola-prohibe-el-acceso-a-sus-playas-la-noche-de-san-juan\/\" \/>\n<meta property=\"og:site_name\" content=\"Ajuntament de Santa Pola\" \/>\n<meta property=\"article:publisher\" content=\"https:\/\/www.facebook.com\/AyuntamientoSantaPola\/\" \/>\n<meta property=\"article:published_time\" content=\"2021-06-18T07:29:10+00:00\" \/>\n<meta property=\"article:modified_time\" content=\"2024-03-07T17:39:51+00:00\" \/>\n<meta name=\"author\" content=\"\u00c1rea Municipal Alcald\u00eda\" \/>\n<meta name=\"twitter:card\" content=\"summary_large_image\" \/>\n<meta name=\"twitter:creator\" content=\"@SantaPolaAyunt\" \/>\n<meta name=\"twitter:site\" content=\"@SantaPolaAyunt\" \/>\n<script type=\"application\/ld+json\" class=\"yoast-schema-graph\">{\"@context\":\"https:\\\/\\\/schema.org\",\"@graph\":[{\"@type\":\"Article\",\"@id\":\"https:\\\/\\\/santapola.es\\\/ca\\\/santa-pola-prohibe-el-acceso-a-sus-playas-la-noche-de-san-juan\\\/#article\",\"isPartOf\":{\"@id\":\"https:\\\/\\\/santapola.es\\\/ca\\\/santa-pola-prohibe-el-acceso-a-sus-playas-la-noche-de-san-juan\\\/\"},\"author\":{\"name\":\"\u00c1rea Municipal Alcald\u00eda\",\"@id\":\"https:\\\/\\\/santapola.es\\\/ca\\\/#\\\/schema\\\/person\\\/c08381290b84c068e06ca5dc1f5a08a7\"},\"headline\":\"Santa Pola proh\u00edbe el acceso a sus playas la Noche de San Juan\",\"datePublished\":\"2021-06-18T07:29:10+00:00\",\"dateModified\":\"2024-03-07T17:39:51+00:00\",\"mainEntityOfPage\":{\"@id\":\"https:\\\/\\\/santapola.es\\\/ca\\\/santa-pola-prohibe-el-acceso-a-sus-playas-la-noche-de-san-juan\\\/\"},\"wordCount\":105,\"articleSection\":[\"Inicio\",\"Playas \\\/ Turismo \\\/ Pesca\",\"Sin categorizar\"],\"inLanguage\":\"ca\"},{\"@type\":\"WebPage\",\"@id\":\"https:\\\/\\\/santapola.es\\\/ca\\\/santa-pola-prohibe-el-acceso-a-sus-playas-la-noche-de-san-juan\\\/\",\"url\":\"https:\\\/\\\/santapola.es\\\/ca\\\/santa-pola-prohibe-el-acceso-a-sus-playas-la-noche-de-san-juan\\\/\",\"name\":\"Santa Pola proh\u00edbe el acceso a sus playas la Noche de San Juan - Ajuntament de Santa Pola\",\"isPartOf\":{\"@id\":\"https:\\\/\\\/santapola.es\\\/ca\\\/#website\"},\"datePublished\":\"2021-06-18T07:29:10+00:00\",\"dateModified\":\"2024-03-07T17:39:51+00:00\",\"author\":{\"@id\":\"https:\\\/\\\/santapola.es\\\/ca\\\/#\\\/schema\\\/person\\\/c08381290b84c068e06ca5dc1f5a08a7\"},\"breadcrumb\":{\"@id\":\"https:\\\/\\\/santapola.es\\\/ca\\\/santa-pola-prohibe-el-acceso-a-sus-playas-la-noche-de-san-juan\\\/#breadcrumb\"},\"inLanguage\":\"ca\",\"potentialAction\":[{\"@type\":\"ReadAction\",\"target\":[\"https:\\\/\\\/santapola.es\\\/ca\\\/santa-pola-prohibe-el-acceso-a-sus-playas-la-noche-de-san-juan\\\/\"]}]},{\"@type\":\"BreadcrumbList\",\"@id\":\"https:\\\/\\\/santapola.es\\\/ca\\\/santa-pola-prohibe-el-acceso-a-sus-playas-la-noche-de-san-juan\\\/#breadcrumb\",\"itemListElement\":[{\"@type\":\"ListItem\",\"position\":1,\"name\":\"Inici\",\"item\":\"https:\\\/\\\/santapola.es\\\/ca\\\/\"},{\"@type\":\"ListItem\",\"position\":2,\"name\":\"Santa Pola proh\u00edbe el acceso a sus playas la Noche de San Juan\"}]},{\"@type\":\"WebSite\",\"@id\":\"https:\\\/\\\/santapola.es\\\/ca\\\/#website\",\"url\":\"https:\\\/\\\/santapola.es\\\/ca\\\/\",\"name\":\"Ayuntamiento de Santa Pola\",\"description\":\"Web de l'Ajuntament de Santa Pola\",\"potentialAction\":[{\"@type\":\"SearchAction\",\"target\":{\"@type\":\"EntryPoint\",\"urlTemplate\":\"https:\\\/\\\/santapola.es\\\/ca\\\/?s={search_term_string}\"},\"query-input\":{\"@type\":\"PropertyValueSpecification\",\"valueRequired\":true,\"valueName\":\"search_term_string\"}}],\"inLanguage\":\"ca\"},{\"@type\":\"Person\",\"@id\":\"https:\\\/\\\/santapola.es\\\/ca\\\/#\\\/schema\\\/person\\\/c08381290b84c068e06ca5dc1f5a08a7\",\"name\":\"\u00c1rea Municipal Alcald\u00eda\"}]}<\/script>\n<!-- \/ Yoast SEO plugin. -->","yoast_head_json":{"title":"Santa Pola proh\u00edbe el acceso a sus playas la Noche de San Juan - Ajuntament de Santa Pola","robots":{"index":"index","follow":"follow","max-snippet":"max-snippet:-1","max-image-preview":"max-image-preview:large","max-video-preview":"max-video-preview:-1"},"canonical":"https:\/\/santapola.es\/ca\/santa-pola-prohibe-el-acceso-a-sus-playas-la-noche-de-san-juan\/","og_locale":"ca_ES","og_type":"article","og_title":"Santa Pola proh\u00edbe el acceso a sus playas la Noche de San Juan - Ajuntament de Santa Pola","og_description":"Santa Pola, 18 de junio de 2021 El Ayuntamiento de Santa Pola, como medida de car\u00e1cter preventivo y de seguridad para garantizar el cumplimiento de las medidas de distanciamiento social y evitar nuevos contagios del COVID-19, proh\u00edbe el acceso y uso de las playas entre las 19:00 horas del d\u00eda 23 de junio hasta las [&hellip;]","og_url":"https:\/\/santapola.es\/ca\/santa-pola-prohibe-el-acceso-a-sus-playas-la-noche-de-san-juan\/","og_site_name":"Ajuntament de Santa Pola","article_publisher":"https:\/\/www.facebook.com\/AyuntamientoSantaPola\/","article_published_time":"2021-06-18T07:29:10+00:00","article_modified_time":"2024-03-07T17:39:51+00:00","author":"\u00c1rea Municipal Alcald\u00eda","twitter_card":"summary_large_image","twitter_creator":"@SantaPolaAyunt","twitter_site":"@SantaPolaAyunt","schema":{"@context":"https:\/\/schema.org","@graph":[{"@type":"Article","@id":"https:\/\/santapola.es\/ca\/santa-pola-prohibe-el-acceso-a-sus-playas-la-noche-de-san-juan\/#article","isPartOf":{"@id":"https:\/\/santapola.es\/ca\/santa-pola-prohibe-el-acceso-a-sus-playas-la-noche-de-san-juan\/"},"author":{"name":"\u00c1rea Municipal Alcald\u00eda","@id":"https:\/\/santapola.es\/ca\/#\/schema\/person\/c08381290b84c068e06ca5dc1f5a08a7"},"headline":"Santa Pola proh\u00edbe el acceso a sus playas la Noche de San Juan","datePublished":"2021-06-18T07:29:10+00:00","dateModified":"2024-03-07T17:39:51+00:00","mainEntityOfPage":{"@id":"https:\/\/santapola.es\/ca\/santa-pola-prohibe-el-acceso-a-sus-playas-la-noche-de-san-juan\/"},"wordCount":105,"articleSection":["Inicio","Playas \/ Turismo \/ Pesca","Sin categorizar"],"inLanguage":"ca"},{"@type":"WebPage","@id":"https:\/\/santapola.es\/ca\/santa-pola-prohibe-el-acceso-a-sus-playas-la-noche-de-san-juan\/","url":"https:\/\/santapola.es\/ca\/santa-pola-prohibe-el-acceso-a-sus-playas-la-noche-de-san-juan\/","name":"Santa Pola proh\u00edbe el acceso a sus playas la Noche de San Juan - Ajuntament de Santa Pola","isPartOf":{"@id":"https:\/\/santapola.es\/ca\/#website"},"datePublished":"2021-06-18T07:29:10+00:00","dateModified":"2024-03-07T17:39:51+00:00","author":{"@id":"https:\/\/santapola.es\/ca\/#\/schema\/person\/c08381290b84c068e06ca5dc1f5a08a7"},"breadcrumb":{"@id":"https:\/\/santapola.es\/ca\/santa-pola-prohibe-el-acceso-a-sus-playas-la-noche-de-san-juan\/#breadcrumb"},"inLanguage":"ca","potentialAction":[{"@type":"ReadAction","target":["https:\/\/santapola.es\/ca\/santa-pola-prohibe-el-acceso-a-sus-playas-la-noche-de-san-juan\/"]}]},{"@type":"BreadcrumbList","@id":"https:\/\/santapola.es\/ca\/santa-pola-prohibe-el-acceso-a-sus-playas-la-noche-de-san-juan\/#breadcrumb","itemListElement":[{"@type":"ListItem","position":1,"name":"Inici","item":"https:\/\/santapola.es\/ca\/"},{"@type":"ListItem","position":2,"name":"Santa Pola proh\u00edbe el acceso a sus playas la Noche de San Juan"}]},{"@type":"WebSite","@id":"https:\/\/santapola.es\/ca\/#website","url":"https:\/\/santapola.es\/ca\/","name":"Ayuntamiento de Santa Pola","description":"Web de l'Ajuntament de Santa Pola","potentialAction":[{"@type":"SearchAction","target":{"@type":"EntryPoint","urlTemplate":"https:\/\/santapola.es\/ca\/?s={search_term_string}"},"query-input":{"@type":"PropertyValueSpecification","valueRequired":true,"valueName":"search_term_string"}}],"inLanguage":"ca"},{"@type":"Person","@id":"https:\/\/santapola.es\/ca\/#\/schema\/person\/c08381290b84c068e06ca5dc1f5a08a7","name":"\u00c1rea Municipal Alcald\u00eda"}]}},"_links":{"self":[{"href":"https:\/\/santapola.es\/ca\/wp-json\/wp\/v2\/posts\/12512","targetHints":{"allow":["GET"]}}],"collection":[{"href":"https:\/\/santapola.es\/ca\/wp-json\/wp\/v2\/posts"}],"about":[{"href":"https:\/\/santapola.es\/ca\/wp-json\/wp\/v2\/types\/post"}],"author":[{"embeddable":true,"href":"https:\/\/santapola.es\/ca\/wp-json\/wp\/v2\/users\/75"}],"replies":[{"embeddable":true,"href":"https:\/\/santapola.es\/ca\/wp-json\/wp\/v2\/comments?post=12512"}],"version-history":[{"count":0,"href":"https:\/\/santapola.es\/ca\/wp-json\/wp\/v2\/posts\/12512\/revisions"}],"wp:attachment":[{"href":"https:\/\/santapola.es\/ca\/wp-json\/wp\/v2\/media?parent=12512"}],"wp:term":[{"taxonomy":"category","embeddable":true,"href":"https:\/\/santapola.es\/ca\/wp-json\/wp\/v2\/categories?post=12512"},{"taxonomy":"post_tag","embeddable":true,"href":"https:\/\/santapola.es\/ca\/wp-json\/wp\/v2\/tags?post=12512"}],"curies":[{"name":"wp","href":"https:\/\/api.w.org\/{rel}","templated":true}]}}