{"id":12508,"date":"2020-06-17T10:15:53","date_gmt":"2020-06-17T09:15:53","guid":{"rendered":"https:\/\/www.santapola.es\/?p=12508"},"modified":"2024-03-07T18:38:37","modified_gmt":"2024-03-07T17:38:37","slug":"reapertura-parques-municipales","status":"publish","type":"post","link":"https:\/\/santapola.es\/ca\/reapertura-parques-municipales\/","title":{"rendered":"Reapertura parques municipales"},"content":{"rendered":"<p style=\"text-align: justify;\">Con el inicio de la Fase 3 del Plan de Desescalada del Gobierno ya pueden abrir los parques municipales y zonas de juego infantiles.<\/p>\n<p style=\"text-align: justify;\">Hoy, 17 de junio, los parques ya est\u00e1n abiertos tras la realizaci\u00f3n de los trabajos de desinfecci\u00f3n para que se puedan utilizar con la mayor garant\u00eda de seguridad. Los operarios de Urbaser han aplicado las medidas de desinfecci\u00f3n y los operarios de jardiner\u00eda han realizado la pertinente revisi\u00f3n; trabajos que en estas fechas se est\u00e1 realizando intensamente.<\/p>\n<p style=\"text-align: justify;\">\u00a0Desde la Concejal\u00eda de Limpieza se agradece la comprensi\u00f3n pues se est\u00e1 trabajando incansablemente aplicando un plan especial de desbroce y limpieza en todo el t\u00e9rmino municipal.<\/p>\n<p style=\"text-align: justify;\">Y recordad, es responsabilidad de toda la ciudadan\u00eda cumplir las medidas de seguridad establecidas por Sanidad para evitar contagios:<br \/>\n&#8211; Distancia m\u00ednima de seguridad las de 1,5 metros entre personas<br \/>\n&#8211; En caso de no poder mantener la distancia m\u00ednima, deber\u00e1 procurarse m\u00e1xima separaci\u00f3n y hacer uso de la mascarilla personas mayores de 6 a\u00f1os.<br \/>\n&#8211; Lavado de manos frecuente<\/p>\n","protected":false},"excerpt":{"rendered":"<p>Con el inicio de la Fase 3 del Plan de Desescalada del Gobierno ya pueden abrir los parques municipales y zonas de juego infantiles. Hoy, 17 de junio, los parques ya est\u00e1n abiertos tras la realizaci\u00f3n de los trabajos de desinfecci\u00f3n para que se puedan utilizar con la mayor garant\u00eda de seguridad. Los operarios de [&hellip;]<\/p>\n","protected":false},"author":75,"featured_media":0,"comment_status":"closed","ping_status":"closed","sticky":false,"template":"","format":"standard","meta":{"_et_pb_use_builder":"","_et_pb_old_content":"","_et_gb_content_width":"","footnotes":""},"categories":[66,54],"tags":[],"class_list":["post-12508","post","type-post","status-publish","format-standard","hentry","category-inicio","category-servicios-publicos-infraestructura-fomento-cementerios"],"yoast_head":"<!-- This site is optimized with the Yoast SEO plugin v27.4 - https:\/\/yoast.com\/product\/yoast-seo-wordpress\/ -->\n<title>Reapertura parques municipales - Ajuntament de Santa Pola<\/title>\n<meta name=\"robots\" content=\"index, follow, max-snippet:-1, max-image-preview:large, max-video-preview:-1\" \/>\n<link rel=\"canonical\" href=\"https:\/\/santapola.es\/ca\/reapertura-parques-municipales\/\" \/>\n<meta property=\"og:locale\" content=\"ca_ES\" \/>\n<meta property=\"og:type\" content=\"article\" \/>\n<meta property=\"og:title\" content=\"Reapertura parques municipales - Ajuntament de Santa Pola\" \/>\n<meta property=\"og:description\" content=\"Con el inicio de la Fase 3 del Plan de Desescalada del Gobierno ya pueden abrir los parques municipales y zonas de juego infantiles. Hoy, 17 de junio, los parques ya est\u00e1n abiertos tras la realizaci\u00f3n de los trabajos de desinfecci\u00f3n para que se puedan utilizar con la mayor garant\u00eda de seguridad. Los operarios de [&hellip;]\" \/>\n<meta property=\"og:url\" content=\"https:\/\/santapola.es\/ca\/reapertura-parques-municipales\/\" \/>\n<meta property=\"og:site_name\" content=\"Ajuntament de Santa Pola\" \/>\n<meta property=\"article:publisher\" content=\"https:\/\/www.facebook.com\/AyuntamientoSantaPola\/\" \/>\n<meta property=\"article:published_time\" content=\"2020-06-17T09:15:53+00:00\" \/>\n<meta property=\"article:modified_time\" content=\"2024-03-07T17:38:37+00:00\" \/>\n<meta name=\"author\" content=\"\u00c1rea Municipal Alcald\u00eda\" \/>\n<meta name=\"twitter:card\" content=\"summary_large_image\" \/>\n<meta name=\"twitter:creator\" content=\"@SantaPolaAyunt\" \/>\n<meta name=\"twitter:site\" content=\"@SantaPolaAyunt\" \/>\n<script type=\"application\/ld+json\" class=\"yoast-schema-graph\">{\"@context\":\"https:\\\/\\\/schema.org\",\"@graph\":[{\"@type\":\"Article\",\"@id\":\"https:\\\/\\\/santapola.es\\\/ca\\\/reapertura-parques-municipales\\\/#article\",\"isPartOf\":{\"@id\":\"https:\\\/\\\/santapola.es\\\/ca\\\/reapertura-parques-municipales\\\/\"},\"author\":{\"name\":\"\u00c1rea Municipal Alcald\u00eda\",\"@id\":\"https:\\\/\\\/santapola.es\\\/ca\\\/#\\\/schema\\\/person\\\/c08381290b84c068e06ca5dc1f5a08a7\"},\"headline\":\"Reapertura parques municipales\",\"datePublished\":\"2020-06-17T09:15:53+00:00\",\"dateModified\":\"2024-03-07T17:38:37+00:00\",\"mainEntityOfPage\":{\"@id\":\"https:\\\/\\\/santapola.es\\\/ca\\\/reapertura-parques-municipales\\\/\"},\"wordCount\":183,\"articleSection\":[\"Inicio\",\"Servicios p\u00fablicos \\\/ infraestructura \\\/ fomento \\\/ cementerios\"],\"inLanguage\":\"ca\"},{\"@type\":\"WebPage\",\"@id\":\"https:\\\/\\\/santapola.es\\\/ca\\\/reapertura-parques-municipales\\\/\",\"url\":\"https:\\\/\\\/santapola.es\\\/ca\\\/reapertura-parques-municipales\\\/\",\"name\":\"Reapertura parques municipales - Ajuntament de Santa Pola\",\"isPartOf\":{\"@id\":\"https:\\\/\\\/santapola.es\\\/ca\\\/#website\"},\"datePublished\":\"2020-06-17T09:15:53+00:00\",\"dateModified\":\"2024-03-07T17:38:37+00:00\",\"author\":{\"@id\":\"https:\\\/\\\/santapola.es\\\/ca\\\/#\\\/schema\\\/person\\\/c08381290b84c068e06ca5dc1f5a08a7\"},\"breadcrumb\":{\"@id\":\"https:\\\/\\\/santapola.es\\\/ca\\\/reapertura-parques-municipales\\\/#breadcrumb\"},\"inLanguage\":\"ca\",\"potentialAction\":[{\"@type\":\"ReadAction\",\"target\":[\"https:\\\/\\\/santapola.es\\\/ca\\\/reapertura-parques-municipales\\\/\"]}]},{\"@type\":\"BreadcrumbList\",\"@id\":\"https:\\\/\\\/santapola.es\\\/ca\\\/reapertura-parques-municipales\\\/#breadcrumb\",\"itemListElement\":[{\"@type\":\"ListItem\",\"position\":1,\"name\":\"Inici\",\"item\":\"https:\\\/\\\/santapola.es\\\/ca\\\/\"},{\"@type\":\"ListItem\",\"position\":2,\"name\":\"Reapertura parques municipales\"}]},{\"@type\":\"WebSite\",\"@id\":\"https:\\\/\\\/santapola.es\\\/ca\\\/#website\",\"url\":\"https:\\\/\\\/santapola.es\\\/ca\\\/\",\"name\":\"Ayuntamiento de Santa Pola\",\"description\":\"Web de l'Ajuntament de Santa Pola\",\"potentialAction\":[{\"@type\":\"SearchAction\",\"target\":{\"@type\":\"EntryPoint\",\"urlTemplate\":\"https:\\\/\\\/santapola.es\\\/ca\\\/?s={search_term_string}\"},\"query-input\":{\"@type\":\"PropertyValueSpecification\",\"valueRequired\":true,\"valueName\":\"search_term_string\"}}],\"inLanguage\":\"ca\"},{\"@type\":\"Person\",\"@id\":\"https:\\\/\\\/santapola.es\\\/ca\\\/#\\\/schema\\\/person\\\/c08381290b84c068e06ca5dc1f5a08a7\",\"name\":\"\u00c1rea Municipal Alcald\u00eda\"}]}<\/script>\n<!-- \/ Yoast SEO plugin. -->","yoast_head_json":{"title":"Reapertura parques municipales - Ajuntament de Santa Pola","robots":{"index":"index","follow":"follow","max-snippet":"max-snippet:-1","max-image-preview":"max-image-preview:large","max-video-preview":"max-video-preview:-1"},"canonical":"https:\/\/santapola.es\/ca\/reapertura-parques-municipales\/","og_locale":"ca_ES","og_type":"article","og_title":"Reapertura parques municipales - Ajuntament de Santa Pola","og_description":"Con el inicio de la Fase 3 del Plan de Desescalada del Gobierno ya pueden abrir los parques municipales y zonas de juego infantiles. Hoy, 17 de junio, los parques ya est\u00e1n abiertos tras la realizaci\u00f3n de los trabajos de desinfecci\u00f3n para que se puedan utilizar con la mayor garant\u00eda de seguridad. Los operarios de [&hellip;]","og_url":"https:\/\/santapola.es\/ca\/reapertura-parques-municipales\/","og_site_name":"Ajuntament de Santa Pola","article_publisher":"https:\/\/www.facebook.com\/AyuntamientoSantaPola\/","article_published_time":"2020-06-17T09:15:53+00:00","article_modified_time":"2024-03-07T17:38:37+00:00","author":"\u00c1rea Municipal Alcald\u00eda","twitter_card":"summary_large_image","twitter_creator":"@SantaPolaAyunt","twitter_site":"@SantaPolaAyunt","schema":{"@context":"https:\/\/schema.org","@graph":[{"@type":"Article","@id":"https:\/\/santapola.es\/ca\/reapertura-parques-municipales\/#article","isPartOf":{"@id":"https:\/\/santapola.es\/ca\/reapertura-parques-municipales\/"},"author":{"name":"\u00c1rea Municipal Alcald\u00eda","@id":"https:\/\/santapola.es\/ca\/#\/schema\/person\/c08381290b84c068e06ca5dc1f5a08a7"},"headline":"Reapertura parques municipales","datePublished":"2020-06-17T09:15:53+00:00","dateModified":"2024-03-07T17:38:37+00:00","mainEntityOfPage":{"@id":"https:\/\/santapola.es\/ca\/reapertura-parques-municipales\/"},"wordCount":183,"articleSection":["Inicio","Servicios p\u00fablicos \/ infraestructura \/ fomento \/ cementerios"],"inLanguage":"ca"},{"@type":"WebPage","@id":"https:\/\/santapola.es\/ca\/reapertura-parques-municipales\/","url":"https:\/\/santapola.es\/ca\/reapertura-parques-municipales\/","name":"Reapertura parques municipales - Ajuntament de Santa Pola","isPartOf":{"@id":"https:\/\/santapola.es\/ca\/#website"},"datePublished":"2020-06-17T09:15:53+00:00","dateModified":"2024-03-07T17:38:37+00:00","author":{"@id":"https:\/\/santapola.es\/ca\/#\/schema\/person\/c08381290b84c068e06ca5dc1f5a08a7"},"breadcrumb":{"@id":"https:\/\/santapola.es\/ca\/reapertura-parques-municipales\/#breadcrumb"},"inLanguage":"ca","potentialAction":[{"@type":"ReadAction","target":["https:\/\/santapola.es\/ca\/reapertura-parques-municipales\/"]}]},{"@type":"BreadcrumbList","@id":"https:\/\/santapola.es\/ca\/reapertura-parques-municipales\/#breadcrumb","itemListElement":[{"@type":"ListItem","position":1,"name":"Inici","item":"https:\/\/santapola.es\/ca\/"},{"@type":"ListItem","position":2,"name":"Reapertura parques municipales"}]},{"@type":"WebSite","@id":"https:\/\/santapola.es\/ca\/#website","url":"https:\/\/santapola.es\/ca\/","name":"Ayuntamiento de Santa Pola","description":"Web de l'Ajuntament de Santa Pola","potentialAction":[{"@type":"SearchAction","target":{"@type":"EntryPoint","urlTemplate":"https:\/\/santapola.es\/ca\/?s={search_term_string}"},"query-input":{"@type":"PropertyValueSpecification","valueRequired":true,"valueName":"search_term_string"}}],"inLanguage":"ca"},{"@type":"Person","@id":"https:\/\/santapola.es\/ca\/#\/schema\/person\/c08381290b84c068e06ca5dc1f5a08a7","name":"\u00c1rea Municipal Alcald\u00eda"}]}},"_links":{"self":[{"href":"https:\/\/santapola.es\/ca\/wp-json\/wp\/v2\/posts\/12508","targetHints":{"allow":["GET"]}}],"collection":[{"href":"https:\/\/santapola.es\/ca\/wp-json\/wp\/v2\/posts"}],"about":[{"href":"https:\/\/santapola.es\/ca\/wp-json\/wp\/v2\/types\/post"}],"author":[{"embeddable":true,"href":"https:\/\/santapola.es\/ca\/wp-json\/wp\/v2\/users\/75"}],"replies":[{"embeddable":true,"href":"https:\/\/santapola.es\/ca\/wp-json\/wp\/v2\/comments?post=12508"}],"version-history":[{"count":0,"href":"https:\/\/santapola.es\/ca\/wp-json\/wp\/v2\/posts\/12508\/revisions"}],"wp:attachment":[{"href":"https:\/\/santapola.es\/ca\/wp-json\/wp\/v2\/media?parent=12508"}],"wp:term":[{"taxonomy":"category","embeddable":true,"href":"https:\/\/santapola.es\/ca\/wp-json\/wp\/v2\/categories?post=12508"},{"taxonomy":"post_tag","embeddable":true,"href":"https:\/\/santapola.es\/ca\/wp-json\/wp\/v2\/tags?post=12508"}],"curies":[{"name":"wp","href":"https:\/\/api.w.org\/{rel}","templated":true}]}}