{"id":12477,"date":"2020-06-11T11:18:28","date_gmt":"2020-06-11T10:18:28","guid":{"rendered":"https:\/\/www.santapola.es\/?p=12477"},"modified":"2024-03-07T18:38:36","modified_gmt":"2024-03-07T17:38:36","slug":"santa-pola-abre-sus-playas-con-servicio-de-socorrismo-y-asistencia","status":"publish","type":"post","link":"https:\/\/santapola.es\/ca\/santa-pola-abre-sus-playas-con-servicio-de-socorrismo-y-asistencia\/","title":{"rendered":"Santa Pola abre sus playas con servicio de socorrismo y asistencia"},"content":{"rendered":"<p><span style=\"font-weight: 400;\">Desde este viernes 12 de junio estar\u00e1n abiertas las playas de Levante y Gran Playa con servicio de socorrismo y asistencia en horario de 10:00 a 20:00 h. Adem\u00e1s, las playas naturales se han habilitado para que se pueda disfrutar del ba\u00f1o tras su limpieza y adecuaci\u00f3n al aforo permitido.\u00a0<\/span><\/p>\n<p style=\"text-align: justify;\"><span style=\"font-weight: 400;\">A partir del 15 de junio el resto de playas estar\u00e1n abiertas y operativas con servicio de socorrismo de 11:00 a 19:00 h., carteler\u00eda y vigilancia.<\/span><\/p>\n<p style=\"text-align: justify;\"><span style=\"font-weight: 400;\">Respecto a las medidas de seguridad en la playa, se adjunta el dec\u00e1logo de normas, orientadas a garantizar el distanciamiento social, que se aplicar\u00e1n de forma transitoria y que se ir\u00e1n adaptando a la evoluci\u00f3n de las fases de la desescalada. En cuanto al aforo, las playas se encontrar\u00e1n divididas en sectores con aforo limitado.<\/span><\/p>\n<p style=\"text-align: justify;\"><span style=\"font-weight: 400;\">En cada acceso se ubicar\u00e1 un cartel que indicar\u00e1 el sector, aforo, as\u00ed como un extracto de las normas.\u00a0<\/span><\/p>\n<p style=\"text-align: justify;\"><span style=\"font-weight: 400;\">Las playas estar\u00e1n vigiladas por Polic\u00eda Local, as\u00ed como agentes de salud que se encargar\u00e1n de informar de las recomendaciones ante el COVID y coordinar el aforo de las playas, adem\u00e1s de contar con la colaboraci\u00f3n de Protecci\u00f3n Civil.\u00a0<\/span><\/p>\n<p style=\"text-align: justify;\"><span style=\"font-weight: 400;\">Adem\u00e1s, esta misma semana ADEAC (Asociaci\u00f3n de Educaci\u00f3n Ambiental y del Consumidor) ha concedido a Santa Pola el distintivo Bandera Azul a las playas: Calas del Este, Varadero, Levante, Tamarit y Calas de Santiago Bernabeu. Adem\u00e1s, dos centros con Bandera Azul: CIMAR (Centro de Investigaci\u00f3n Marina) y el Museo de la Sal.\u00a0<\/span><\/p>\n<p style=\"text-align: justify;\"><b>Puntos accesibles:<\/b><b><br \/>\n<\/b><span style=\"font-weight: 400;\">Los puntos accesibles de Levante y Gran Playa a cargo de Cruz Roja estar\u00e1n operativos desde este viernes, en horario de 11:00 a 19:00 h. y las condiciones, adaptadas a la situaci\u00f3n de la crisis sanitaria, ser\u00e1n las siguientes:<\/span><\/p>\n<ul>\n<li style=\"font-weight: 400;\"><span style=\"font-weight: 400;\">Se trata de un servicio de pr\u00e9stamo, no de ba\u00f1o asistido<\/span><\/li>\n<li style=\"font-weight: 400;\"><span style=\"font-weight: 400;\">Se atender\u00e1 bajo cita previa en el tlf. 610100893\u00a0 (Lunes a viernes de 10:00 a 14:00 h.)<\/span><\/li>\n<li style=\"font-weight: 400;\"><span style=\"font-weight: 400;\">El usuario que desee ba\u00f1arse deber\u00e1 venir con dos acompa\u00f1antes al no estar permitido el ba\u00f1o asistido.<\/span><\/li>\n<li style=\"font-weight: 400;\"><span style=\"font-weight: 400;\">El aforo estar\u00e1 limitado y la duraci\u00f3n del servicio ser\u00e1 de 50 minutos<\/span><\/li>\n<\/ul>\n<p><b>NORMAS Y RECOMENDACIONES ANTE EL COVID-19<\/b><\/p>\n<ol>\n<li style=\"text-align: justify;\"><span style=\"font-weight: 400;\"> Respete los aforos de cada sector, indicados en la carteler\u00eda de cada acceso, as\u00ed como las indicaciones de los agentes de seguridad\u00a0 y por supuesto, qu\u00e9date en casa si tienes s\u00edntomas y contacta con el servicio sanitario en Tel.: 900 300 555.<\/span><\/li>\n<li style=\"text-align: justify;\"><span style=\"font-weight: 400;\"> El uso de las mascarilla es obligatorio en la playa siempre que no se pueda garantizar la distancia de seguridad de 2 mts.<\/span><\/li>\n<li style=\"text-align: justify;\"><span style=\"font-weight: 400;\"> Horario de inicio de servicio: 10:00h. Prohibida la ocupaci\u00f3n previa de la playa por sombrillas, sillas y otros elementos sin presencia del usuario.<\/span><\/li>\n<li style=\"text-align: justify;\"><span style=\"font-weight: 400;\"> Por solidaridad con el resto de usuarios, y para que todos tengan oportunidad de disfrutar de nuestra playa, se recomienda no permanecer en las playas m\u00e1s de 4 horas diarias y realizar s\u00f3lo una visita diaria.<\/span><\/li>\n<li style=\"text-align: justify;\"><span style=\"font-weight: 400;\"> Respetar el pasillo de seguridad de 6 m. a la l\u00ednea de agua para garantizar los paseos en ambas direcciones y el paso de veh\u00edculos de emergencia. Circula siempre por tu derecha. Adem\u00e1s, est\u00e1 prohibida la estancia en la arena frente los canales balizados para los deportes n\u00e1uticos.<\/span><\/li>\n<li style=\"text-align: justify;\"><span style=\"font-weight: 400;\"> Obligatorio 4 m. de distancia entre sombrillas o n\u00facleos de convivencia y 2 m. de distancia social en la zona de ba\u00f1o.<\/span><\/li>\n<li style=\"text-align: justify;\"><span style=\"font-weight: 400;\"> Para evitar la ruptura del distanciamiento social, no est\u00e1n permitidos juegos de pelota, palas, flotadores o colchonetas, salvo elementos de protecci\u00f3n y seguridad para los ni\u00f1os y personas con movilidad reducida. En general, la pr\u00e1ctica de deportes grupales s\u00f3lo podr\u00e1n practicarse fuera de las horas de mayor afluencia (10:00 h. a 19:00 h.), y el material necesario (redes, pelota, etc.) deber\u00e1 ser aportado por los propios usuarios.<\/span><\/li>\n<li style=\"text-align: justify;\"><span style=\"font-weight: 400;\">Usa los aseos s\u00f3lo si es estrictamente necesario. S\u00f3lo podr\u00e1 acceder una persona, salvo que necesite acompa\u00f1ar a alguien dependiente. L\u00e1vate las manos al entrar y salir del aseo. HORARIO: 11:00h. a 19:00h.<\/span><\/li>\n<li style=\"text-align: justify;\"><span style=\"font-weight: 400;\"> Est\u00e1 prohibido tirar material sanitario (guantes, mascarillas, etc.) en las papeleras de la playa y en el paseo mar\u00edtimo.<\/span><\/li>\n<li style=\"text-align: justify;\"><span style=\"font-weight: 400;\"> Las entradas y salidas de las playas se realizar\u00e1n \u00fanicamente a trav\u00e9s de las pasarelas habilitadas siguiendo la direcci\u00f3n marcada y ser\u00e1 obligatorio el uso de calzado en estas.<\/span><\/li>\n<li style=\"text-align: justify;\"><span style=\"font-weight: 400;\"> Para personas de edad avanzada recomendamos que su horario de playa NO sea de 12:00 a 16:00 h. Tu vida est\u00e1 en juego. Ante cualquier emergencia, llamar al 112<\/span><\/li>\n<li style=\"text-align: justify;\">Deposite sus residuos en las papeleras ubicadas en las salidas de las playas.<\/li>\n<li style=\"text-align: justify;\">Espere su turno para el uso de los lavapi\u00e9s guardando la distancia de seguridad de 2 m, utilizando calzado apropiado y tras su uso,\u00a0 enju\u00e1guese las manos con el agua suministrada por la instalaci\u00f3n y l\u00e1vese inmediatamente las manos con gel hidroalcoh\u00f3lico.<\/li>\n<\/ol>\n<p><img loading=\"lazy\" decoding=\"async\" class=\"size-large wp-image-12763 aligncenter\" src=\"https:\/\/santapola.es\/wp-content\/uploads\/2020\/06\/Playas_NormasVerano_2020-1024x1024.jpg\" alt=\"\" width=\"1024\" height=\"1024\" srcset=\"https:\/\/santapola.es\/wp-content\/uploads\/2020\/06\/Playas_NormasVerano_2020-1024x1024.jpg 1024w, https:\/\/santapola.es\/wp-content\/uploads\/2020\/06\/Playas_NormasVerano_2020-150x150.jpg 150w, https:\/\/santapola.es\/wp-content\/uploads\/2020\/06\/Playas_NormasVerano_2020-300x300.jpg 300w, https:\/\/santapola.es\/wp-content\/uploads\/2020\/06\/Playas_NormasVerano_2020-768x768.jpg 768w, https:\/\/santapola.es\/wp-content\/uploads\/2020\/06\/Playas_NormasVerano_2020-1080x1080.jpg 1080w, https:\/\/santapola.es\/wp-content\/uploads\/2020\/06\/Playas_NormasVerano_2020-610x610.jpg 610w, https:\/\/santapola.es\/wp-content\/uploads\/2020\/06\/Playas_NormasVerano_2020-100x100.jpg 100w\" sizes=\"(max-width: 1024px) 100vw, 1024px\" \/><\/p>\n","protected":false},"excerpt":{"rendered":"<p>Desde este viernes 12 de junio estar\u00e1n abiertas las playas de Levante y Gran Playa con servicio de socorrismo y asistencia en horario de 10:00 a 20:00 h. Adem\u00e1s, las playas naturales se han habilitado para que se pueda disfrutar del ba\u00f1o tras su limpieza y adecuaci\u00f3n al aforo permitido.\u00a0 A partir del 15 de [&hellip;]<\/p>\n","protected":false},"author":75,"featured_media":0,"comment_status":"closed","ping_status":"closed","sticky":false,"template":"","format":"standard","meta":{"_et_pb_use_builder":"","_et_pb_old_content":"","_et_gb_content_width":"","footnotes":""},"categories":[66,57,406],"tags":[],"class_list":["post-12477","post","type-post","status-publish","format-standard","hentry","category-inicio","category-playas-turismo-pesca","category-sin-categorizar-2"],"yoast_head":"<!-- This site is optimized with the Yoast SEO plugin v27.4 - https:\/\/yoast.com\/product\/yoast-seo-wordpress\/ -->\n<title>Santa Pola abre sus playas con servicio de socorrismo y asistencia - Ajuntament de Santa Pola<\/title>\n<meta name=\"robots\" content=\"index, follow, max-snippet:-1, max-image-preview:large, max-video-preview:-1\" \/>\n<link rel=\"canonical\" href=\"https:\/\/santapola.es\/ca\/santa-pola-abre-sus-playas-con-servicio-de-socorrismo-y-asistencia\/\" \/>\n<meta property=\"og:locale\" content=\"ca_ES\" \/>\n<meta property=\"og:type\" content=\"article\" \/>\n<meta property=\"og:title\" content=\"Santa Pola abre sus playas con servicio de socorrismo y asistencia - Ajuntament de Santa Pola\" \/>\n<meta property=\"og:description\" content=\"Desde este viernes 12 de junio estar\u00e1n abiertas las playas de Levante y Gran Playa con servicio de socorrismo y asistencia en horario de 10:00 a 20:00 h. Adem\u00e1s, las playas naturales se han habilitado para que se pueda disfrutar del ba\u00f1o tras su limpieza y adecuaci\u00f3n al aforo permitido.\u00a0 A partir del 15 de [&hellip;]\" \/>\n<meta property=\"og:url\" content=\"https:\/\/santapola.es\/ca\/santa-pola-abre-sus-playas-con-servicio-de-socorrismo-y-asistencia\/\" \/>\n<meta property=\"og:site_name\" content=\"Ajuntament de Santa Pola\" \/>\n<meta property=\"article:publisher\" content=\"https:\/\/www.facebook.com\/AyuntamientoSantaPola\/\" \/>\n<meta property=\"article:published_time\" content=\"2020-06-11T10:18:28+00:00\" \/>\n<meta property=\"article:modified_time\" content=\"2024-03-07T17:38:36+00:00\" \/>\n<meta property=\"og:image\" content=\"https:\/\/santapola.es\/wp-content\/uploads\/2020\/06\/Playas_NormasVerano_2020-1024x1024.jpg\" \/>\n<meta name=\"author\" content=\"\u00c1rea Municipal Alcald\u00eda\" \/>\n<meta name=\"twitter:card\" content=\"summary_large_image\" \/>\n<meta name=\"twitter:creator\" content=\"@SantaPolaAyunt\" \/>\n<meta name=\"twitter:site\" content=\"@SantaPolaAyunt\" \/>\n<script type=\"application\/ld+json\" class=\"yoast-schema-graph\">{\"@context\":\"https:\\\/\\\/schema.org\",\"@graph\":[{\"@type\":\"Article\",\"@id\":\"https:\\\/\\\/santapola.es\\\/ca\\\/santa-pola-abre-sus-playas-con-servicio-de-socorrismo-y-asistencia\\\/#article\",\"isPartOf\":{\"@id\":\"https:\\\/\\\/santapola.es\\\/ca\\\/santa-pola-abre-sus-playas-con-servicio-de-socorrismo-y-asistencia\\\/\"},\"author\":{\"name\":\"\u00c1rea Municipal Alcald\u00eda\",\"@id\":\"https:\\\/\\\/santapola.es\\\/ca\\\/#\\\/schema\\\/person\\\/c08381290b84c068e06ca5dc1f5a08a7\"},\"headline\":\"Santa Pola abre sus playas con servicio de socorrismo y asistencia\",\"datePublished\":\"2020-06-11T10:18:28+00:00\",\"dateModified\":\"2024-03-07T17:38:36+00:00\",\"mainEntityOfPage\":{\"@id\":\"https:\\\/\\\/santapola.es\\\/ca\\\/santa-pola-abre-sus-playas-con-servicio-de-socorrismo-y-asistencia\\\/\"},\"wordCount\":819,\"image\":{\"@id\":\"https:\\\/\\\/santapola.es\\\/ca\\\/santa-pola-abre-sus-playas-con-servicio-de-socorrismo-y-asistencia\\\/#primaryimage\"},\"thumbnailUrl\":\"https:\\\/\\\/santapola.es\\\/wp-content\\\/uploads\\\/2020\\\/06\\\/Playas_NormasVerano_2020-1024x1024.jpg\",\"articleSection\":[\"Inicio\",\"Playas \\\/ Turismo \\\/ Pesca\",\"Sin categorizar\"],\"inLanguage\":\"ca\"},{\"@type\":\"WebPage\",\"@id\":\"https:\\\/\\\/santapola.es\\\/ca\\\/santa-pola-abre-sus-playas-con-servicio-de-socorrismo-y-asistencia\\\/\",\"url\":\"https:\\\/\\\/santapola.es\\\/ca\\\/santa-pola-abre-sus-playas-con-servicio-de-socorrismo-y-asistencia\\\/\",\"name\":\"Santa Pola abre sus playas con servicio de socorrismo y asistencia - Ajuntament de Santa Pola\",\"isPartOf\":{\"@id\":\"https:\\\/\\\/santapola.es\\\/ca\\\/#website\"},\"primaryImageOfPage\":{\"@id\":\"https:\\\/\\\/santapola.es\\\/ca\\\/santa-pola-abre-sus-playas-con-servicio-de-socorrismo-y-asistencia\\\/#primaryimage\"},\"image\":{\"@id\":\"https:\\\/\\\/santapola.es\\\/ca\\\/santa-pola-abre-sus-playas-con-servicio-de-socorrismo-y-asistencia\\\/#primaryimage\"},\"thumbnailUrl\":\"https:\\\/\\\/santapola.es\\\/wp-content\\\/uploads\\\/2020\\\/06\\\/Playas_NormasVerano_2020-1024x1024.jpg\",\"datePublished\":\"2020-06-11T10:18:28+00:00\",\"dateModified\":\"2024-03-07T17:38:36+00:00\",\"author\":{\"@id\":\"https:\\\/\\\/santapola.es\\\/ca\\\/#\\\/schema\\\/person\\\/c08381290b84c068e06ca5dc1f5a08a7\"},\"breadcrumb\":{\"@id\":\"https:\\\/\\\/santapola.es\\\/ca\\\/santa-pola-abre-sus-playas-con-servicio-de-socorrismo-y-asistencia\\\/#breadcrumb\"},\"inLanguage\":\"ca\",\"potentialAction\":[{\"@type\":\"ReadAction\",\"target\":[\"https:\\\/\\\/santapola.es\\\/ca\\\/santa-pola-abre-sus-playas-con-servicio-de-socorrismo-y-asistencia\\\/\"]}]},{\"@type\":\"ImageObject\",\"inLanguage\":\"ca\",\"@id\":\"https:\\\/\\\/santapola.es\\\/ca\\\/santa-pola-abre-sus-playas-con-servicio-de-socorrismo-y-asistencia\\\/#primaryimage\",\"url\":\"https:\\\/\\\/santapola.es\\\/wp-content\\\/uploads\\\/2020\\\/06\\\/Playas_NormasVerano_2020-1024x1024.jpg\",\"contentUrl\":\"https:\\\/\\\/santapola.es\\\/wp-content\\\/uploads\\\/2020\\\/06\\\/Playas_NormasVerano_2020-1024x1024.jpg\"},{\"@type\":\"BreadcrumbList\",\"@id\":\"https:\\\/\\\/santapola.es\\\/ca\\\/santa-pola-abre-sus-playas-con-servicio-de-socorrismo-y-asistencia\\\/#breadcrumb\",\"itemListElement\":[{\"@type\":\"ListItem\",\"position\":1,\"name\":\"Inici\",\"item\":\"https:\\\/\\\/santapola.es\\\/ca\\\/\"},{\"@type\":\"ListItem\",\"position\":2,\"name\":\"Santa Pola abre sus playas con servicio de socorrismo y asistencia\"}]},{\"@type\":\"WebSite\",\"@id\":\"https:\\\/\\\/santapola.es\\\/ca\\\/#website\",\"url\":\"https:\\\/\\\/santapola.es\\\/ca\\\/\",\"name\":\"Ayuntamiento de Santa Pola\",\"description\":\"Web de l'Ajuntament de Santa Pola\",\"potentialAction\":[{\"@type\":\"SearchAction\",\"target\":{\"@type\":\"EntryPoint\",\"urlTemplate\":\"https:\\\/\\\/santapola.es\\\/ca\\\/?s={search_term_string}\"},\"query-input\":{\"@type\":\"PropertyValueSpecification\",\"valueRequired\":true,\"valueName\":\"search_term_string\"}}],\"inLanguage\":\"ca\"},{\"@type\":\"Person\",\"@id\":\"https:\\\/\\\/santapola.es\\\/ca\\\/#\\\/schema\\\/person\\\/c08381290b84c068e06ca5dc1f5a08a7\",\"name\":\"\u00c1rea Municipal Alcald\u00eda\"}]}<\/script>\n<!-- \/ Yoast SEO plugin. -->","yoast_head_json":{"title":"Santa Pola abre sus playas con servicio de socorrismo y asistencia - Ajuntament de Santa Pola","robots":{"index":"index","follow":"follow","max-snippet":"max-snippet:-1","max-image-preview":"max-image-preview:large","max-video-preview":"max-video-preview:-1"},"canonical":"https:\/\/santapola.es\/ca\/santa-pola-abre-sus-playas-con-servicio-de-socorrismo-y-asistencia\/","og_locale":"ca_ES","og_type":"article","og_title":"Santa Pola abre sus playas con servicio de socorrismo y asistencia - Ajuntament de Santa Pola","og_description":"Desde este viernes 12 de junio estar\u00e1n abiertas las playas de Levante y Gran Playa con servicio de socorrismo y asistencia en horario de 10:00 a 20:00 h. Adem\u00e1s, las playas naturales se han habilitado para que se pueda disfrutar del ba\u00f1o tras su limpieza y adecuaci\u00f3n al aforo permitido.\u00a0 A partir del 15 de [&hellip;]","og_url":"https:\/\/santapola.es\/ca\/santa-pola-abre-sus-playas-con-servicio-de-socorrismo-y-asistencia\/","og_site_name":"Ajuntament de Santa Pola","article_publisher":"https:\/\/www.facebook.com\/AyuntamientoSantaPola\/","article_published_time":"2020-06-11T10:18:28+00:00","article_modified_time":"2024-03-07T17:38:36+00:00","og_image":[{"url":"https:\/\/santapola.es\/wp-content\/uploads\/2020\/06\/Playas_NormasVerano_2020-1024x1024.jpg","type":"","width":"","height":""}],"author":"\u00c1rea Municipal Alcald\u00eda","twitter_card":"summary_large_image","twitter_creator":"@SantaPolaAyunt","twitter_site":"@SantaPolaAyunt","schema":{"@context":"https:\/\/schema.org","@graph":[{"@type":"Article","@id":"https:\/\/santapola.es\/ca\/santa-pola-abre-sus-playas-con-servicio-de-socorrismo-y-asistencia\/#article","isPartOf":{"@id":"https:\/\/santapola.es\/ca\/santa-pola-abre-sus-playas-con-servicio-de-socorrismo-y-asistencia\/"},"author":{"name":"\u00c1rea Municipal Alcald\u00eda","@id":"https:\/\/santapola.es\/ca\/#\/schema\/person\/c08381290b84c068e06ca5dc1f5a08a7"},"headline":"Santa Pola abre sus playas con servicio de socorrismo y asistencia","datePublished":"2020-06-11T10:18:28+00:00","dateModified":"2024-03-07T17:38:36+00:00","mainEntityOfPage":{"@id":"https:\/\/santapola.es\/ca\/santa-pola-abre-sus-playas-con-servicio-de-socorrismo-y-asistencia\/"},"wordCount":819,"image":{"@id":"https:\/\/santapola.es\/ca\/santa-pola-abre-sus-playas-con-servicio-de-socorrismo-y-asistencia\/#primaryimage"},"thumbnailUrl":"https:\/\/santapola.es\/wp-content\/uploads\/2020\/06\/Playas_NormasVerano_2020-1024x1024.jpg","articleSection":["Inicio","Playas \/ Turismo \/ Pesca","Sin categorizar"],"inLanguage":"ca"},{"@type":"WebPage","@id":"https:\/\/santapola.es\/ca\/santa-pola-abre-sus-playas-con-servicio-de-socorrismo-y-asistencia\/","url":"https:\/\/santapola.es\/ca\/santa-pola-abre-sus-playas-con-servicio-de-socorrismo-y-asistencia\/","name":"Santa Pola abre sus playas con servicio de socorrismo y asistencia - Ajuntament de Santa Pola","isPartOf":{"@id":"https:\/\/santapola.es\/ca\/#website"},"primaryImageOfPage":{"@id":"https:\/\/santapola.es\/ca\/santa-pola-abre-sus-playas-con-servicio-de-socorrismo-y-asistencia\/#primaryimage"},"image":{"@id":"https:\/\/santapola.es\/ca\/santa-pola-abre-sus-playas-con-servicio-de-socorrismo-y-asistencia\/#primaryimage"},"thumbnailUrl":"https:\/\/santapola.es\/wp-content\/uploads\/2020\/06\/Playas_NormasVerano_2020-1024x1024.jpg","datePublished":"2020-06-11T10:18:28+00:00","dateModified":"2024-03-07T17:38:36+00:00","author":{"@id":"https:\/\/santapola.es\/ca\/#\/schema\/person\/c08381290b84c068e06ca5dc1f5a08a7"},"breadcrumb":{"@id":"https:\/\/santapola.es\/ca\/santa-pola-abre-sus-playas-con-servicio-de-socorrismo-y-asistencia\/#breadcrumb"},"inLanguage":"ca","potentialAction":[{"@type":"ReadAction","target":["https:\/\/santapola.es\/ca\/santa-pola-abre-sus-playas-con-servicio-de-socorrismo-y-asistencia\/"]}]},{"@type":"ImageObject","inLanguage":"ca","@id":"https:\/\/santapola.es\/ca\/santa-pola-abre-sus-playas-con-servicio-de-socorrismo-y-asistencia\/#primaryimage","url":"https:\/\/santapola.es\/wp-content\/uploads\/2020\/06\/Playas_NormasVerano_2020-1024x1024.jpg","contentUrl":"https:\/\/santapola.es\/wp-content\/uploads\/2020\/06\/Playas_NormasVerano_2020-1024x1024.jpg"},{"@type":"BreadcrumbList","@id":"https:\/\/santapola.es\/ca\/santa-pola-abre-sus-playas-con-servicio-de-socorrismo-y-asistencia\/#breadcrumb","itemListElement":[{"@type":"ListItem","position":1,"name":"Inici","item":"https:\/\/santapola.es\/ca\/"},{"@type":"ListItem","position":2,"name":"Santa Pola abre sus playas con servicio de socorrismo y asistencia"}]},{"@type":"WebSite","@id":"https:\/\/santapola.es\/ca\/#website","url":"https:\/\/santapola.es\/ca\/","name":"Ayuntamiento de Santa Pola","description":"Web de l'Ajuntament de Santa Pola","potentialAction":[{"@type":"SearchAction","target":{"@type":"EntryPoint","urlTemplate":"https:\/\/santapola.es\/ca\/?s={search_term_string}"},"query-input":{"@type":"PropertyValueSpecification","valueRequired":true,"valueName":"search_term_string"}}],"inLanguage":"ca"},{"@type":"Person","@id":"https:\/\/santapola.es\/ca\/#\/schema\/person\/c08381290b84c068e06ca5dc1f5a08a7","name":"\u00c1rea Municipal Alcald\u00eda"}]}},"_links":{"self":[{"href":"https:\/\/santapola.es\/ca\/wp-json\/wp\/v2\/posts\/12477","targetHints":{"allow":["GET"]}}],"collection":[{"href":"https:\/\/santapola.es\/ca\/wp-json\/wp\/v2\/posts"}],"about":[{"href":"https:\/\/santapola.es\/ca\/wp-json\/wp\/v2\/types\/post"}],"author":[{"embeddable":true,"href":"https:\/\/santapola.es\/ca\/wp-json\/wp\/v2\/users\/75"}],"replies":[{"embeddable":true,"href":"https:\/\/santapola.es\/ca\/wp-json\/wp\/v2\/comments?post=12477"}],"version-history":[{"count":0,"href":"https:\/\/santapola.es\/ca\/wp-json\/wp\/v2\/posts\/12477\/revisions"}],"wp:attachment":[{"href":"https:\/\/santapola.es\/ca\/wp-json\/wp\/v2\/media?parent=12477"}],"wp:term":[{"taxonomy":"category","embeddable":true,"href":"https:\/\/santapola.es\/ca\/wp-json\/wp\/v2\/categories?post=12477"},{"taxonomy":"post_tag","embeddable":true,"href":"https:\/\/santapola.es\/ca\/wp-json\/wp\/v2\/tags?post=12477"}],"curies":[{"name":"wp","href":"https:\/\/api.w.org\/{rel}","templated":true}]}}