{"id":12244,"date":"2020-05-12T13:06:31","date_gmt":"2020-05-12T12:06:31","guid":{"rendered":"https:\/\/www.santapola.es\/?p=12244"},"modified":"2024-03-07T18:38:29","modified_gmt":"2024-03-07T17:38:29","slug":"aprobacion-calendario-fiscal-impuesto-de-vehiculos","status":"publish","type":"post","link":"https:\/\/santapola.es\/ca\/aprobacion-calendario-fiscal-impuesto-de-vehiculos\/","title":{"rendered":"Plazo Pago Impuesto de Veh\u00edculos"},"content":{"rendered":"<p style=\"text-align: justify;\">Esta misma ma\u00f1ana se ha decretado la modificaci\u00f3n de los plazos para el pago de los recibos del <strong>Impuesto de Veh\u00edculos de Tracci\u00f3n Mec\u00e1nica.\u00a0<\/strong><\/p>\n<p style=\"text-align: justify;\">Se ha establecido el <strong>plazo entre el 1 de junio y el 1 de septiembre de 2020.<\/strong> La fecha de cobro de los recibos domiciliados ser\u00e1 el 3 de agosto de 2020.<\/p>\n<p style=\"text-align: justify;\">Adem\u00e1s, tras la exposici\u00f3n al p\u00fablico del Padr\u00f3n del Impuesto sobre Veh\u00edculos de Tracci\u00f3n Mec\u00e1nicas y tras recibir de la Jefatura Provincial de Tra\u0301fico diversas altas y bajas producidas en el ejercicio de 2019 (con efectos de 1 de enero de 2020), se ha <strong>aprobado definitivamente el Padro\u0301n del Impuesto sobre Vehi\u0301culos de Traccio\u0301n Meca\u0301nica<\/strong>, correspondiente al an\u0303o 2020 que importa la cantidad de 1.767.762,48 euros.<\/p>\n<p style=\"text-align: justify;\">Por otra parte se ha realizado la comprobaci\u00f3n de los recibos correspondientes a veh\u00edculos con una antig\u00fcedad igual o superior a 20 a\u00f1os y que cumplen, adem\u00e1s, las siguientes condiciones:<\/p>\n<ul>\n<li>Los recibos de los \u00faltimos cinco a\u00f1os no han sido abonados en per\u00edodo voluntario y han sido dados de baja por Suma-Gesti\u00f3n Tributaria.<\/li>\n<li>Carecen de seguro.<\/li>\n<li>No cuentan con la ITV en vigor.<\/li>\n<\/ul>\n<p style=\"text-align: justify;\">Por lo que puede considerarse que los veh\u00edculos no existen f\u00edsicamente y que sus titulares no han tramitado la baja ante la Jefatura Provincial de Tr\u00e1fico. En estas condiciones se encuentran 611 recibos y se ha decretado no efectuar gestio\u0301n de cobro sobre los 611 recibos, por importe de 48.952,99 euros.<\/p>\n<p><a href=\"https:\/\/santapola.es\/wp-content\/uploads\/2020\/05\/12-05-2020_Decreto_de_resolucion_calendario-fiscal-impuesto-vehi\u0301culos.pdf\">Pod\u00e9is consultar el decreto aqu\u00ed.<\/a><\/p>\n","protected":false},"excerpt":{"rendered":"<p>Esta misma ma\u00f1ana se ha decretado la modificaci\u00f3n de los plazos para el pago de los recibos del Impuesto de Veh\u00edculos de Tracci\u00f3n Mec\u00e1nica.\u00a0 Se ha establecido el plazo entre el 1 de junio y el 1 de septiembre de 2020. La fecha de cobro de los recibos domiciliados ser\u00e1 el 3 de agosto de [&hellip;]<\/p>\n","protected":false},"author":75,"featured_media":0,"comment_status":"closed","ping_status":"closed","sticky":false,"template":"","format":"standard","meta":{"_et_pb_use_builder":"","_et_pb_old_content":"","_et_gb_content_width":"","footnotes":""},"categories":[67,66,406],"tags":[],"class_list":["post-12244","post","type-post","status-publish","format-standard","hentry","category-hacienda","category-inicio","category-sin-categorizar-2"],"yoast_head":"<!-- This site is optimized with the Yoast SEO plugin v27.4 - https:\/\/yoast.com\/product\/yoast-seo-wordpress\/ -->\n<title>Plazo Pago Impuesto de Veh\u00edculos - Ajuntament de Santa Pola<\/title>\n<meta name=\"robots\" content=\"index, follow, max-snippet:-1, max-image-preview:large, max-video-preview:-1\" \/>\n<link rel=\"canonical\" href=\"https:\/\/santapola.es\/ca\/aprobacion-calendario-fiscal-impuesto-de-vehiculos\/\" \/>\n<meta property=\"og:locale\" content=\"ca_ES\" \/>\n<meta property=\"og:type\" content=\"article\" \/>\n<meta property=\"og:title\" content=\"Plazo Pago Impuesto de Veh\u00edculos - Ajuntament de Santa Pola\" \/>\n<meta property=\"og:description\" content=\"Esta misma ma\u00f1ana se ha decretado la modificaci\u00f3n de los plazos para el pago de los recibos del Impuesto de Veh\u00edculos de Tracci\u00f3n Mec\u00e1nica.\u00a0 Se ha establecido el plazo entre el 1 de junio y el 1 de septiembre de 2020. La fecha de cobro de los recibos domiciliados ser\u00e1 el 3 de agosto de [&hellip;]\" \/>\n<meta property=\"og:url\" content=\"https:\/\/santapola.es\/ca\/aprobacion-calendario-fiscal-impuesto-de-vehiculos\/\" \/>\n<meta property=\"og:site_name\" content=\"Ajuntament de Santa Pola\" \/>\n<meta property=\"article:publisher\" content=\"https:\/\/www.facebook.com\/AyuntamientoSantaPola\/\" \/>\n<meta property=\"article:published_time\" content=\"2020-05-12T12:06:31+00:00\" \/>\n<meta property=\"article:modified_time\" content=\"2024-03-07T17:38:29+00:00\" \/>\n<meta name=\"author\" content=\"\u00c1rea Municipal Alcald\u00eda\" \/>\n<meta name=\"twitter:card\" content=\"summary_large_image\" \/>\n<meta name=\"twitter:creator\" content=\"@SantaPolaAyunt\" \/>\n<meta name=\"twitter:site\" content=\"@SantaPolaAyunt\" \/>\n<script type=\"application\/ld+json\" class=\"yoast-schema-graph\">{\"@context\":\"https:\\\/\\\/schema.org\",\"@graph\":[{\"@type\":\"Article\",\"@id\":\"https:\\\/\\\/santapola.es\\\/ca\\\/aprobacion-calendario-fiscal-impuesto-de-vehiculos\\\/#article\",\"isPartOf\":{\"@id\":\"https:\\\/\\\/santapola.es\\\/ca\\\/aprobacion-calendario-fiscal-impuesto-de-vehiculos\\\/\"},\"author\":{\"name\":\"\u00c1rea Municipal Alcald\u00eda\",\"@id\":\"https:\\\/\\\/santapola.es\\\/ca\\\/#\\\/schema\\\/person\\\/c08381290b84c068e06ca5dc1f5a08a7\"},\"headline\":\"Plazo Pago Impuesto de Veh\u00edculos\",\"datePublished\":\"2020-05-12T12:06:31+00:00\",\"dateModified\":\"2024-03-07T17:38:29+00:00\",\"mainEntityOfPage\":{\"@id\":\"https:\\\/\\\/santapola.es\\\/ca\\\/aprobacion-calendario-fiscal-impuesto-de-vehiculos\\\/\"},\"wordCount\":264,\"articleSection\":[\"Hacienda\",\"Inicio\",\"Sin categorizar\"],\"inLanguage\":\"ca\"},{\"@type\":\"WebPage\",\"@id\":\"https:\\\/\\\/santapola.es\\\/ca\\\/aprobacion-calendario-fiscal-impuesto-de-vehiculos\\\/\",\"url\":\"https:\\\/\\\/santapola.es\\\/ca\\\/aprobacion-calendario-fiscal-impuesto-de-vehiculos\\\/\",\"name\":\"Plazo Pago Impuesto de Veh\u00edculos - Ajuntament de Santa Pola\",\"isPartOf\":{\"@id\":\"https:\\\/\\\/santapola.es\\\/ca\\\/#website\"},\"datePublished\":\"2020-05-12T12:06:31+00:00\",\"dateModified\":\"2024-03-07T17:38:29+00:00\",\"author\":{\"@id\":\"https:\\\/\\\/santapola.es\\\/ca\\\/#\\\/schema\\\/person\\\/c08381290b84c068e06ca5dc1f5a08a7\"},\"breadcrumb\":{\"@id\":\"https:\\\/\\\/santapola.es\\\/ca\\\/aprobacion-calendario-fiscal-impuesto-de-vehiculos\\\/#breadcrumb\"},\"inLanguage\":\"ca\",\"potentialAction\":[{\"@type\":\"ReadAction\",\"target\":[\"https:\\\/\\\/santapola.es\\\/ca\\\/aprobacion-calendario-fiscal-impuesto-de-vehiculos\\\/\"]}]},{\"@type\":\"BreadcrumbList\",\"@id\":\"https:\\\/\\\/santapola.es\\\/ca\\\/aprobacion-calendario-fiscal-impuesto-de-vehiculos\\\/#breadcrumb\",\"itemListElement\":[{\"@type\":\"ListItem\",\"position\":1,\"name\":\"Inici\",\"item\":\"https:\\\/\\\/santapola.es\\\/ca\\\/\"},{\"@type\":\"ListItem\",\"position\":2,\"name\":\"Plazo Pago Impuesto de Veh\u00edculos\"}]},{\"@type\":\"WebSite\",\"@id\":\"https:\\\/\\\/santapola.es\\\/ca\\\/#website\",\"url\":\"https:\\\/\\\/santapola.es\\\/ca\\\/\",\"name\":\"Ayuntamiento de Santa Pola\",\"description\":\"Web de l'Ajuntament de Santa Pola\",\"potentialAction\":[{\"@type\":\"SearchAction\",\"target\":{\"@type\":\"EntryPoint\",\"urlTemplate\":\"https:\\\/\\\/santapola.es\\\/ca\\\/?s={search_term_string}\"},\"query-input\":{\"@type\":\"PropertyValueSpecification\",\"valueRequired\":true,\"valueName\":\"search_term_string\"}}],\"inLanguage\":\"ca\"},{\"@type\":\"Person\",\"@id\":\"https:\\\/\\\/santapola.es\\\/ca\\\/#\\\/schema\\\/person\\\/c08381290b84c068e06ca5dc1f5a08a7\",\"name\":\"\u00c1rea Municipal Alcald\u00eda\"}]}<\/script>\n<!-- \/ Yoast SEO plugin. -->","yoast_head_json":{"title":"Plazo Pago Impuesto de Veh\u00edculos - Ajuntament de Santa Pola","robots":{"index":"index","follow":"follow","max-snippet":"max-snippet:-1","max-image-preview":"max-image-preview:large","max-video-preview":"max-video-preview:-1"},"canonical":"https:\/\/santapola.es\/ca\/aprobacion-calendario-fiscal-impuesto-de-vehiculos\/","og_locale":"ca_ES","og_type":"article","og_title":"Plazo Pago Impuesto de Veh\u00edculos - Ajuntament de Santa Pola","og_description":"Esta misma ma\u00f1ana se ha decretado la modificaci\u00f3n de los plazos para el pago de los recibos del Impuesto de Veh\u00edculos de Tracci\u00f3n Mec\u00e1nica.\u00a0 Se ha establecido el plazo entre el 1 de junio y el 1 de septiembre de 2020. La fecha de cobro de los recibos domiciliados ser\u00e1 el 3 de agosto de [&hellip;]","og_url":"https:\/\/santapola.es\/ca\/aprobacion-calendario-fiscal-impuesto-de-vehiculos\/","og_site_name":"Ajuntament de Santa Pola","article_publisher":"https:\/\/www.facebook.com\/AyuntamientoSantaPola\/","article_published_time":"2020-05-12T12:06:31+00:00","article_modified_time":"2024-03-07T17:38:29+00:00","author":"\u00c1rea Municipal Alcald\u00eda","twitter_card":"summary_large_image","twitter_creator":"@SantaPolaAyunt","twitter_site":"@SantaPolaAyunt","schema":{"@context":"https:\/\/schema.org","@graph":[{"@type":"Article","@id":"https:\/\/santapola.es\/ca\/aprobacion-calendario-fiscal-impuesto-de-vehiculos\/#article","isPartOf":{"@id":"https:\/\/santapola.es\/ca\/aprobacion-calendario-fiscal-impuesto-de-vehiculos\/"},"author":{"name":"\u00c1rea Municipal Alcald\u00eda","@id":"https:\/\/santapola.es\/ca\/#\/schema\/person\/c08381290b84c068e06ca5dc1f5a08a7"},"headline":"Plazo Pago Impuesto de Veh\u00edculos","datePublished":"2020-05-12T12:06:31+00:00","dateModified":"2024-03-07T17:38:29+00:00","mainEntityOfPage":{"@id":"https:\/\/santapola.es\/ca\/aprobacion-calendario-fiscal-impuesto-de-vehiculos\/"},"wordCount":264,"articleSection":["Hacienda","Inicio","Sin categorizar"],"inLanguage":"ca"},{"@type":"WebPage","@id":"https:\/\/santapola.es\/ca\/aprobacion-calendario-fiscal-impuesto-de-vehiculos\/","url":"https:\/\/santapola.es\/ca\/aprobacion-calendario-fiscal-impuesto-de-vehiculos\/","name":"Plazo Pago Impuesto de Veh\u00edculos - Ajuntament de Santa Pola","isPartOf":{"@id":"https:\/\/santapola.es\/ca\/#website"},"datePublished":"2020-05-12T12:06:31+00:00","dateModified":"2024-03-07T17:38:29+00:00","author":{"@id":"https:\/\/santapola.es\/ca\/#\/schema\/person\/c08381290b84c068e06ca5dc1f5a08a7"},"breadcrumb":{"@id":"https:\/\/santapola.es\/ca\/aprobacion-calendario-fiscal-impuesto-de-vehiculos\/#breadcrumb"},"inLanguage":"ca","potentialAction":[{"@type":"ReadAction","target":["https:\/\/santapola.es\/ca\/aprobacion-calendario-fiscal-impuesto-de-vehiculos\/"]}]},{"@type":"BreadcrumbList","@id":"https:\/\/santapola.es\/ca\/aprobacion-calendario-fiscal-impuesto-de-vehiculos\/#breadcrumb","itemListElement":[{"@type":"ListItem","position":1,"name":"Inici","item":"https:\/\/santapola.es\/ca\/"},{"@type":"ListItem","position":2,"name":"Plazo Pago Impuesto de Veh\u00edculos"}]},{"@type":"WebSite","@id":"https:\/\/santapola.es\/ca\/#website","url":"https:\/\/santapola.es\/ca\/","name":"Ayuntamiento de Santa Pola","description":"Web de l'Ajuntament de Santa Pola","potentialAction":[{"@type":"SearchAction","target":{"@type":"EntryPoint","urlTemplate":"https:\/\/santapola.es\/ca\/?s={search_term_string}"},"query-input":{"@type":"PropertyValueSpecification","valueRequired":true,"valueName":"search_term_string"}}],"inLanguage":"ca"},{"@type":"Person","@id":"https:\/\/santapola.es\/ca\/#\/schema\/person\/c08381290b84c068e06ca5dc1f5a08a7","name":"\u00c1rea Municipal Alcald\u00eda"}]}},"_links":{"self":[{"href":"https:\/\/santapola.es\/ca\/wp-json\/wp\/v2\/posts\/12244","targetHints":{"allow":["GET"]}}],"collection":[{"href":"https:\/\/santapola.es\/ca\/wp-json\/wp\/v2\/posts"}],"about":[{"href":"https:\/\/santapola.es\/ca\/wp-json\/wp\/v2\/types\/post"}],"author":[{"embeddable":true,"href":"https:\/\/santapola.es\/ca\/wp-json\/wp\/v2\/users\/75"}],"replies":[{"embeddable":true,"href":"https:\/\/santapola.es\/ca\/wp-json\/wp\/v2\/comments?post=12244"}],"version-history":[{"count":0,"href":"https:\/\/santapola.es\/ca\/wp-json\/wp\/v2\/posts\/12244\/revisions"}],"wp:attachment":[{"href":"https:\/\/santapola.es\/ca\/wp-json\/wp\/v2\/media?parent=12244"}],"wp:term":[{"taxonomy":"category","embeddable":true,"href":"https:\/\/santapola.es\/ca\/wp-json\/wp\/v2\/categories?post=12244"},{"taxonomy":"post_tag","embeddable":true,"href":"https:\/\/santapola.es\/ca\/wp-json\/wp\/v2\/tags?post=12244"}],"curies":[{"name":"wp","href":"https:\/\/api.w.org\/{rel}","templated":true}]}}