{"id":12072,"date":"2020-04-15T12:07:35","date_gmt":"2020-04-15T11:07:35","guid":{"rendered":"https:\/\/www.santapola.es\/?p=12072"},"modified":"2024-03-07T18:38:20","modified_gmt":"2024-03-07T17:38:20","slug":"camiseta-benefica-juntos-vencimos-polanens","status":"publish","type":"post","link":"https:\/\/santapola.es\/ca\/camiseta-benefica-juntos-vencimos-polanens\/","title":{"rendered":"Camiseta ben\u00e9fica &#8220;Juntos Vencimos&#8221; Polanens"},"content":{"rendered":"<p style=\"text-align: justify;\">Con el objetivo de aportar un granito de arena en la batalla para erradicar el Coronavirus, el\u00a0\u00a0Club Deportivo Polanens\u00a0(Santa Pola) ha dise\u00f1ado una camiseta con el mensaje &#8220;<strong>Juntos Vencimos, COVID-19<\/strong>&#8220;.<br \/>\nLa camiseta est\u00e1 a la venta a trav\u00e9s del enlace\u00a0\u00a0<a href=\"https:\/\/polanens.es\/JuntosVencimos\" target=\"_blank\" rel=\"noopener noreferrer\">https:\/\/polanens.es\/JuntosVencimos<\/a> por un precio de 8,50 euros. Los beneficios obtenidos ir\u00e1n \u00edntegramente destinados a los Servicios Sociales del Ayuntamiento de Santa Pola, que han creado el Proyecto de Parentalidad Positiva.<\/p>\n<p style=\"text-align: justify;\">El programa de parentalidad positiva para familias con hijos menores de 4 a\u00f1os es una iniciativa del Departamento de Psicolog\u00eda Infantil y del Centro de D\u00eda de menores Pablo Iglesias en coordinaci\u00f3n con el Departamento de Servicios Sociales.<\/p>\n<p style=\"text-align: justify;\">Es un programa formativo para familias con hijos menores de 4 a\u00f1os, \u00a0que pretende a trav\u00e9s de reuniones grupales \u00a0semanales, ofrecer \u00a0asesoramiento, pautas y ayuda para que estas puedan \u00a0ejercer sus funciones parentales, de cuidado, atenci\u00f3n a las necesidades emocionales, establecimiento de normas \u00a0sin violencia, orientaci\u00f3n en su desarrollo, etc. en de la forma \u00a0m\u00e1s positiva y beneficiosa para todo el n\u00facleo familiar.<br \/>\nLa primera fase de este programa es detectar las necesidades emocionales que presentan las familias de estas caracter\u00edsticas.\u00a0 Para ello se ha dise\u00f1ado un cuestionario que estar\u00e1 disponible en Google forms para que lo cumplimenten todas las familias que quieran. Una vez cumplimentado este cuestionario, desde el departamento de Psicolog\u00eda infantil \u00a0nos iremos poniendo en contacto con las familias para poner en marcha las siguientes fases del programa.<\/p>\n<p><img loading=\"lazy\" decoding=\"async\" class=\"aligncenter size-full wp-image-12073\" src=\"https:\/\/santapola.es\/wp-content\/uploads\/2020\/04\/CAMISETA-BENEFICA-COVID-19-POLANENS-735x400-1.jpg\" alt=\"\" width=\"735\" height=\"400\" srcset=\"https:\/\/santapola.es\/wp-content\/uploads\/2020\/04\/CAMISETA-BENEFICA-COVID-19-POLANENS-735x400-1.jpg 735w, https:\/\/santapola.es\/wp-content\/uploads\/2020\/04\/CAMISETA-BENEFICA-COVID-19-POLANENS-735x400-1-300x163.jpg 300w, https:\/\/santapola.es\/wp-content\/uploads\/2020\/04\/CAMISETA-BENEFICA-COVID-19-POLANENS-735x400-1-610x332.jpg 610w\" sizes=\"(max-width: 735px) 100vw, 735px\" \/><\/p>\n","protected":false},"excerpt":{"rendered":"<p>Con el objetivo de aportar un granito de arena en la batalla para erradicar el Coronavirus, el\u00a0\u00a0Club Deportivo Polanens\u00a0(Santa Pola) ha dise\u00f1ado una camiseta con el mensaje &#8220;Juntos Vencimos, COVID-19&#8220;. La camiseta est\u00e1 a la venta a trav\u00e9s del enlace\u00a0\u00a0https:\/\/polanens.es\/JuntosVencimos por un precio de 8,50 euros. Los beneficios obtenidos ir\u00e1n \u00edntegramente destinados a los Servicios [&hellip;]<\/p>\n","protected":false},"author":75,"featured_media":0,"comment_status":"closed","ping_status":"closed","sticky":false,"template":"","format":"standard","meta":{"_et_pb_use_builder":"","_et_pb_old_content":"","_et_gb_content_width":"","footnotes":""},"categories":[53,66,406],"tags":[],"class_list":["post-12072","post","type-post","status-publish","format-standard","hentry","category-igualdad-diversidad-ac-social-vivienda","category-inicio","category-sin-categorizar-2"],"yoast_head":"<!-- This site is optimized with the Yoast SEO plugin v27.4 - https:\/\/yoast.com\/product\/yoast-seo-wordpress\/ -->\n<title>Camiseta ben\u00e9fica &quot;Juntos Vencimos&quot; Polanens - Ajuntament de Santa Pola<\/title>\n<meta name=\"robots\" content=\"index, follow, max-snippet:-1, max-image-preview:large, max-video-preview:-1\" \/>\n<link rel=\"canonical\" href=\"https:\/\/santapola.es\/ca\/camiseta-benefica-juntos-vencimos-polanens\/\" \/>\n<meta property=\"og:locale\" content=\"ca_ES\" \/>\n<meta property=\"og:type\" content=\"article\" \/>\n<meta property=\"og:title\" content=\"Camiseta ben\u00e9fica &quot;Juntos Vencimos&quot; Polanens - Ajuntament de Santa Pola\" \/>\n<meta property=\"og:description\" content=\"Con el objetivo de aportar un granito de arena en la batalla para erradicar el Coronavirus, el\u00a0\u00a0Club Deportivo Polanens\u00a0(Santa Pola) ha dise\u00f1ado una camiseta con el mensaje &#8220;Juntos Vencimos, COVID-19&#8220;. La camiseta est\u00e1 a la venta a trav\u00e9s del enlace\u00a0\u00a0https:\/\/polanens.es\/JuntosVencimos por un precio de 8,50 euros. Los beneficios obtenidos ir\u00e1n \u00edntegramente destinados a los Servicios [&hellip;]\" \/>\n<meta property=\"og:url\" content=\"https:\/\/santapola.es\/ca\/camiseta-benefica-juntos-vencimos-polanens\/\" \/>\n<meta property=\"og:site_name\" content=\"Ajuntament de Santa Pola\" \/>\n<meta property=\"article:publisher\" content=\"https:\/\/www.facebook.com\/AyuntamientoSantaPola\/\" \/>\n<meta property=\"article:published_time\" content=\"2020-04-15T11:07:35+00:00\" \/>\n<meta property=\"article:modified_time\" content=\"2024-03-07T17:38:20+00:00\" \/>\n<meta property=\"og:image\" content=\"https:\/\/santapola.es\/wp-content\/uploads\/2020\/04\/CAMISETA-BENEFICA-COVID-19-POLANENS-735x400-1.jpg\" \/>\n<meta name=\"author\" content=\"\u00c1rea Municipal Alcald\u00eda\" \/>\n<meta name=\"twitter:card\" content=\"summary_large_image\" \/>\n<meta name=\"twitter:creator\" content=\"@SantaPolaAyunt\" \/>\n<meta name=\"twitter:site\" content=\"@SantaPolaAyunt\" \/>\n<script type=\"application\/ld+json\" class=\"yoast-schema-graph\">{\"@context\":\"https:\\\/\\\/schema.org\",\"@graph\":[{\"@type\":\"Article\",\"@id\":\"https:\\\/\\\/santapola.es\\\/ca\\\/camiseta-benefica-juntos-vencimos-polanens\\\/#article\",\"isPartOf\":{\"@id\":\"https:\\\/\\\/santapola.es\\\/ca\\\/camiseta-benefica-juntos-vencimos-polanens\\\/\"},\"author\":{\"name\":\"\u00c1rea Municipal Alcald\u00eda\",\"@id\":\"https:\\\/\\\/santapola.es\\\/ca\\\/#\\\/schema\\\/person\\\/c08381290b84c068e06ca5dc1f5a08a7\"},\"headline\":\"Camiseta ben\u00e9fica &#8220;Juntos Vencimos&#8221; Polanens\",\"datePublished\":\"2020-04-15T11:07:35+00:00\",\"dateModified\":\"2024-03-07T17:38:20+00:00\",\"mainEntityOfPage\":{\"@id\":\"https:\\\/\\\/santapola.es\\\/ca\\\/camiseta-benefica-juntos-vencimos-polanens\\\/\"},\"wordCount\":263,\"image\":{\"@id\":\"https:\\\/\\\/santapola.es\\\/ca\\\/camiseta-benefica-juntos-vencimos-polanens\\\/#primaryimage\"},\"thumbnailUrl\":\"https:\\\/\\\/santapola.es\\\/wp-content\\\/uploads\\\/2020\\\/04\\\/CAMISETA-BENEFICA-COVID-19-POLANENS-735x400-1.jpg\",\"articleSection\":[\"Igualdad\\\/ Diversidad\\\/ Ac Social\\\/ Vivienda\",\"Inicio\",\"Sin categorizar\"],\"inLanguage\":\"ca\"},{\"@type\":\"WebPage\",\"@id\":\"https:\\\/\\\/santapola.es\\\/ca\\\/camiseta-benefica-juntos-vencimos-polanens\\\/\",\"url\":\"https:\\\/\\\/santapola.es\\\/ca\\\/camiseta-benefica-juntos-vencimos-polanens\\\/\",\"name\":\"Camiseta ben\u00e9fica \\\"Juntos Vencimos\\\" Polanens - Ajuntament de Santa Pola\",\"isPartOf\":{\"@id\":\"https:\\\/\\\/santapola.es\\\/ca\\\/#website\"},\"primaryImageOfPage\":{\"@id\":\"https:\\\/\\\/santapola.es\\\/ca\\\/camiseta-benefica-juntos-vencimos-polanens\\\/#primaryimage\"},\"image\":{\"@id\":\"https:\\\/\\\/santapola.es\\\/ca\\\/camiseta-benefica-juntos-vencimos-polanens\\\/#primaryimage\"},\"thumbnailUrl\":\"https:\\\/\\\/santapola.es\\\/wp-content\\\/uploads\\\/2020\\\/04\\\/CAMISETA-BENEFICA-COVID-19-POLANENS-735x400-1.jpg\",\"datePublished\":\"2020-04-15T11:07:35+00:00\",\"dateModified\":\"2024-03-07T17:38:20+00:00\",\"author\":{\"@id\":\"https:\\\/\\\/santapola.es\\\/ca\\\/#\\\/schema\\\/person\\\/c08381290b84c068e06ca5dc1f5a08a7\"},\"breadcrumb\":{\"@id\":\"https:\\\/\\\/santapola.es\\\/ca\\\/camiseta-benefica-juntos-vencimos-polanens\\\/#breadcrumb\"},\"inLanguage\":\"ca\",\"potentialAction\":[{\"@type\":\"ReadAction\",\"target\":[\"https:\\\/\\\/santapola.es\\\/ca\\\/camiseta-benefica-juntos-vencimos-polanens\\\/\"]}]},{\"@type\":\"ImageObject\",\"inLanguage\":\"ca\",\"@id\":\"https:\\\/\\\/santapola.es\\\/ca\\\/camiseta-benefica-juntos-vencimos-polanens\\\/#primaryimage\",\"url\":\"https:\\\/\\\/santapola.es\\\/wp-content\\\/uploads\\\/2020\\\/04\\\/CAMISETA-BENEFICA-COVID-19-POLANENS-735x400-1.jpg\",\"contentUrl\":\"https:\\\/\\\/santapola.es\\\/wp-content\\\/uploads\\\/2020\\\/04\\\/CAMISETA-BENEFICA-COVID-19-POLANENS-735x400-1.jpg\"},{\"@type\":\"BreadcrumbList\",\"@id\":\"https:\\\/\\\/santapola.es\\\/ca\\\/camiseta-benefica-juntos-vencimos-polanens\\\/#breadcrumb\",\"itemListElement\":[{\"@type\":\"ListItem\",\"position\":1,\"name\":\"Inici\",\"item\":\"https:\\\/\\\/santapola.es\\\/ca\\\/\"},{\"@type\":\"ListItem\",\"position\":2,\"name\":\"Camiseta ben\u00e9fica &#8220;Juntos Vencimos&#8221; Polanens\"}]},{\"@type\":\"WebSite\",\"@id\":\"https:\\\/\\\/santapola.es\\\/ca\\\/#website\",\"url\":\"https:\\\/\\\/santapola.es\\\/ca\\\/\",\"name\":\"Ayuntamiento de Santa Pola\",\"description\":\"Web de l'Ajuntament de Santa Pola\",\"potentialAction\":[{\"@type\":\"SearchAction\",\"target\":{\"@type\":\"EntryPoint\",\"urlTemplate\":\"https:\\\/\\\/santapola.es\\\/ca\\\/?s={search_term_string}\"},\"query-input\":{\"@type\":\"PropertyValueSpecification\",\"valueRequired\":true,\"valueName\":\"search_term_string\"}}],\"inLanguage\":\"ca\"},{\"@type\":\"Person\",\"@id\":\"https:\\\/\\\/santapola.es\\\/ca\\\/#\\\/schema\\\/person\\\/c08381290b84c068e06ca5dc1f5a08a7\",\"name\":\"\u00c1rea Municipal Alcald\u00eda\"}]}<\/script>\n<!-- \/ Yoast SEO plugin. -->","yoast_head_json":{"title":"Camiseta ben\u00e9fica \"Juntos Vencimos\" Polanens - Ajuntament de Santa Pola","robots":{"index":"index","follow":"follow","max-snippet":"max-snippet:-1","max-image-preview":"max-image-preview:large","max-video-preview":"max-video-preview:-1"},"canonical":"https:\/\/santapola.es\/ca\/camiseta-benefica-juntos-vencimos-polanens\/","og_locale":"ca_ES","og_type":"article","og_title":"Camiseta ben\u00e9fica \"Juntos Vencimos\" Polanens - Ajuntament de Santa Pola","og_description":"Con el objetivo de aportar un granito de arena en la batalla para erradicar el Coronavirus, el\u00a0\u00a0Club Deportivo Polanens\u00a0(Santa Pola) ha dise\u00f1ado una camiseta con el mensaje &#8220;Juntos Vencimos, COVID-19&#8220;. La camiseta est\u00e1 a la venta a trav\u00e9s del enlace\u00a0\u00a0https:\/\/polanens.es\/JuntosVencimos por un precio de 8,50 euros. Los beneficios obtenidos ir\u00e1n \u00edntegramente destinados a los Servicios [&hellip;]","og_url":"https:\/\/santapola.es\/ca\/camiseta-benefica-juntos-vencimos-polanens\/","og_site_name":"Ajuntament de Santa Pola","article_publisher":"https:\/\/www.facebook.com\/AyuntamientoSantaPola\/","article_published_time":"2020-04-15T11:07:35+00:00","article_modified_time":"2024-03-07T17:38:20+00:00","og_image":[{"url":"https:\/\/santapola.es\/wp-content\/uploads\/2020\/04\/CAMISETA-BENEFICA-COVID-19-POLANENS-735x400-1.jpg","type":"","width":"","height":""}],"author":"\u00c1rea Municipal Alcald\u00eda","twitter_card":"summary_large_image","twitter_creator":"@SantaPolaAyunt","twitter_site":"@SantaPolaAyunt","schema":{"@context":"https:\/\/schema.org","@graph":[{"@type":"Article","@id":"https:\/\/santapola.es\/ca\/camiseta-benefica-juntos-vencimos-polanens\/#article","isPartOf":{"@id":"https:\/\/santapola.es\/ca\/camiseta-benefica-juntos-vencimos-polanens\/"},"author":{"name":"\u00c1rea Municipal Alcald\u00eda","@id":"https:\/\/santapola.es\/ca\/#\/schema\/person\/c08381290b84c068e06ca5dc1f5a08a7"},"headline":"Camiseta ben\u00e9fica &#8220;Juntos Vencimos&#8221; Polanens","datePublished":"2020-04-15T11:07:35+00:00","dateModified":"2024-03-07T17:38:20+00:00","mainEntityOfPage":{"@id":"https:\/\/santapola.es\/ca\/camiseta-benefica-juntos-vencimos-polanens\/"},"wordCount":263,"image":{"@id":"https:\/\/santapola.es\/ca\/camiseta-benefica-juntos-vencimos-polanens\/#primaryimage"},"thumbnailUrl":"https:\/\/santapola.es\/wp-content\/uploads\/2020\/04\/CAMISETA-BENEFICA-COVID-19-POLANENS-735x400-1.jpg","articleSection":["Igualdad\/ Diversidad\/ Ac Social\/ Vivienda","Inicio","Sin categorizar"],"inLanguage":"ca"},{"@type":"WebPage","@id":"https:\/\/santapola.es\/ca\/camiseta-benefica-juntos-vencimos-polanens\/","url":"https:\/\/santapola.es\/ca\/camiseta-benefica-juntos-vencimos-polanens\/","name":"Camiseta ben\u00e9fica \"Juntos Vencimos\" Polanens - Ajuntament de Santa Pola","isPartOf":{"@id":"https:\/\/santapola.es\/ca\/#website"},"primaryImageOfPage":{"@id":"https:\/\/santapola.es\/ca\/camiseta-benefica-juntos-vencimos-polanens\/#primaryimage"},"image":{"@id":"https:\/\/santapola.es\/ca\/camiseta-benefica-juntos-vencimos-polanens\/#primaryimage"},"thumbnailUrl":"https:\/\/santapola.es\/wp-content\/uploads\/2020\/04\/CAMISETA-BENEFICA-COVID-19-POLANENS-735x400-1.jpg","datePublished":"2020-04-15T11:07:35+00:00","dateModified":"2024-03-07T17:38:20+00:00","author":{"@id":"https:\/\/santapola.es\/ca\/#\/schema\/person\/c08381290b84c068e06ca5dc1f5a08a7"},"breadcrumb":{"@id":"https:\/\/santapola.es\/ca\/camiseta-benefica-juntos-vencimos-polanens\/#breadcrumb"},"inLanguage":"ca","potentialAction":[{"@type":"ReadAction","target":["https:\/\/santapola.es\/ca\/camiseta-benefica-juntos-vencimos-polanens\/"]}]},{"@type":"ImageObject","inLanguage":"ca","@id":"https:\/\/santapola.es\/ca\/camiseta-benefica-juntos-vencimos-polanens\/#primaryimage","url":"https:\/\/santapola.es\/wp-content\/uploads\/2020\/04\/CAMISETA-BENEFICA-COVID-19-POLANENS-735x400-1.jpg","contentUrl":"https:\/\/santapola.es\/wp-content\/uploads\/2020\/04\/CAMISETA-BENEFICA-COVID-19-POLANENS-735x400-1.jpg"},{"@type":"BreadcrumbList","@id":"https:\/\/santapola.es\/ca\/camiseta-benefica-juntos-vencimos-polanens\/#breadcrumb","itemListElement":[{"@type":"ListItem","position":1,"name":"Inici","item":"https:\/\/santapola.es\/ca\/"},{"@type":"ListItem","position":2,"name":"Camiseta ben\u00e9fica &#8220;Juntos Vencimos&#8221; Polanens"}]},{"@type":"WebSite","@id":"https:\/\/santapola.es\/ca\/#website","url":"https:\/\/santapola.es\/ca\/","name":"Ayuntamiento de Santa Pola","description":"Web de l'Ajuntament de Santa Pola","potentialAction":[{"@type":"SearchAction","target":{"@type":"EntryPoint","urlTemplate":"https:\/\/santapola.es\/ca\/?s={search_term_string}"},"query-input":{"@type":"PropertyValueSpecification","valueRequired":true,"valueName":"search_term_string"}}],"inLanguage":"ca"},{"@type":"Person","@id":"https:\/\/santapola.es\/ca\/#\/schema\/person\/c08381290b84c068e06ca5dc1f5a08a7","name":"\u00c1rea Municipal Alcald\u00eda"}]}},"_links":{"self":[{"href":"https:\/\/santapola.es\/ca\/wp-json\/wp\/v2\/posts\/12072","targetHints":{"allow":["GET"]}}],"collection":[{"href":"https:\/\/santapola.es\/ca\/wp-json\/wp\/v2\/posts"}],"about":[{"href":"https:\/\/santapola.es\/ca\/wp-json\/wp\/v2\/types\/post"}],"author":[{"embeddable":true,"href":"https:\/\/santapola.es\/ca\/wp-json\/wp\/v2\/users\/75"}],"replies":[{"embeddable":true,"href":"https:\/\/santapola.es\/ca\/wp-json\/wp\/v2\/comments?post=12072"}],"version-history":[{"count":0,"href":"https:\/\/santapola.es\/ca\/wp-json\/wp\/v2\/posts\/12072\/revisions"}],"wp:attachment":[{"href":"https:\/\/santapola.es\/ca\/wp-json\/wp\/v2\/media?parent=12072"}],"wp:term":[{"taxonomy":"category","embeddable":true,"href":"https:\/\/santapola.es\/ca\/wp-json\/wp\/v2\/categories?post=12072"},{"taxonomy":"post_tag","embeddable":true,"href":"https:\/\/santapola.es\/ca\/wp-json\/wp\/v2\/tags?post=12072"}],"curies":[{"name":"wp","href":"https:\/\/api.w.org\/{rel}","templated":true}]}}