{"id":12014,"date":"2020-04-06T11:09:56","date_gmt":"2020-04-06T10:09:56","guid":{"rendered":"https:\/\/www.santapola.es\/?p=12014"},"modified":"2024-03-07T18:38:18","modified_gmt":"2024-03-07T17:38:18","slug":"turismo-lanza-una-campana-para-sonar-con-santa-pola","status":"publish","type":"post","link":"https:\/\/santapola.es\/ca\/turismo-lanza-una-campana-para-sonar-con-santa-pola\/","title":{"rendered":"Turismo lanza una campa\u00f1a para so\u00f1ar con Santa Pola"},"content":{"rendered":"<p style=\"text-align: justify;\">Desde Turismo Santa Pola somos conscientes de la dificultad que entra\u00f1a en estos d\u00edas quedarse en casa, pero eso no impide que podamos y queramos so\u00f1ar. Hay que so\u00f1ar despiertos, y disfrutar virtualmente de nuestras maravillosas playas, de nuestra cultura mediterr\u00e1nea, y c\u00f3mo no, de la fabulosa gastronom\u00eda basada en el m\u00e1s que conocido Peix de Santa Pola.<\/p>\n<p style=\"text-align: justify;\">Por eso desde hace unos d\u00edas hemos puesto en marcha la campa\u00f1a <strong><em>#SantaPolaTeEspera<\/em><\/strong>, para compartir contigo im\u00e1genes incomparables y v\u00eddeos que te har\u00e1n so\u00f1ar con volver a disfrutar del sol, del mar, de un atardecer, de un arroz a banda y de cualquier momento que, como t\u00fa bien sabes, hace que la vida valga la pena.<\/p>\n<p style=\"text-align: justify;\">Nos gustar\u00eda que compartieras con nosotros fotograf\u00edas o v\u00eddeos de tus momentos santapoleros. Sube tus fotos a redes sociales con el hashtag <strong><em>#SantaPolaTeEspera<\/em><\/strong> y no te olvides de mencionarnos.<\/p>\n<p style=\"text-align: justify;\">Tenemos a tu disposici\u00f3n Tours virtuales que te permitir\u00e1n pasear por el Castillo-Fortaleza y los museos de Santa Pola, eso si, desde casa. Tambi\u00e9n disponemos de fotos 360\u00ba que te transportar\u00e1n a nuestros lugares m\u00e1s emblem\u00e1ticos.<\/p>\n<p style=\"text-align: justify;\">Ya lo sabes, ahora m\u00e1s que nunca, <em><strong>#SantaPolaTeEspera<\/strong><\/em><\/p>\n<p style=\"text-align: justify;\">S\u00edguenos en:<br \/>\n<a href=\"https:\/\/www.facebook.com\/turismoSantaPola\/\" target=\"_blank\" rel=\"noopener noreferrer\">https:\/\/www.facebook.com\/turismoSantaPola\/<\/a><br \/>\n<a href=\"https:\/\/www.instagram.com\/santapolaturismo\/\" target=\"_blank\" rel=\"noopener noreferrer\">https:\/\/www.instagram.com\/santapolaturismo\/<\/a><br \/>\n<a href=\"https:\/\/twitter.com\/SantaPolaTurism\" target=\"_blank\" rel=\"noopener noreferrer\">https:\/\/twitter.com\/SantaPolaTurism<\/a><\/p>\n<p><a href=\"http:\/\/www.turismodesarrollo.santapola.es\" target=\"_blank\" rel=\"noopener noreferrer\"><img loading=\"lazy\" decoding=\"async\" class=\"aligncenter wp-image-12021 size-large\" src=\"https:\/\/santapola.es\/wp-content\/uploads\/2020\/04\/santapola-1024x576.jpg\" alt=\"\" width=\"1024\" height=\"576\" srcset=\"https:\/\/santapola.es\/wp-content\/uploads\/2020\/04\/santapola-1024x576.jpg 1024w, https:\/\/santapola.es\/wp-content\/uploads\/2020\/04\/santapola-300x169.jpg 300w, https:\/\/santapola.es\/wp-content\/uploads\/2020\/04\/santapola-768x432.jpg 768w, https:\/\/santapola.es\/wp-content\/uploads\/2020\/04\/santapola-1080x608.jpg 1080w, https:\/\/santapola.es\/wp-content\/uploads\/2020\/04\/santapola-610x343.jpg 610w, https:\/\/santapola.es\/wp-content\/uploads\/2020\/04\/santapola.jpg 1920w\" sizes=\"(max-width: 1024px) 100vw, 1024px\" \/><\/a><\/p>\n<p><img loading=\"lazy\" decoding=\"async\" class=\"aligncenter size-large wp-image-12020\" src=\"https:\/\/santapola.es\/wp-content\/uploads\/2020\/04\/playa_santapola-680x1024.jpg\" alt=\"\" width=\"680\" height=\"1024\" srcset=\"https:\/\/santapola.es\/wp-content\/uploads\/2020\/04\/playa_santapola-680x1024.jpg 680w, https:\/\/santapola.es\/wp-content\/uploads\/2020\/04\/playa_santapola-199x300.jpg 199w, https:\/\/santapola.es\/wp-content\/uploads\/2020\/04\/playa_santapola-768x1156.jpg 768w, https:\/\/santapola.es\/wp-content\/uploads\/2020\/04\/playa_santapola-1080x1626.jpg 1080w, https:\/\/santapola.es\/wp-content\/uploads\/2020\/04\/playa_santapola-610x918.jpg 610w, https:\/\/santapola.es\/wp-content\/uploads\/2020\/04\/playa_santapola.jpg 1993w\" sizes=\"(max-width: 680px) 100vw, 680px\" \/><\/p>\n<p><img loading=\"lazy\" decoding=\"async\" class=\"aligncenter size-large wp-image-12018\" src=\"https:\/\/santapola.es\/wp-content\/uploads\/2020\/04\/gastronomia_santapola-1024x683.jpg\" alt=\"\" width=\"1024\" height=\"683\" srcset=\"https:\/\/santapola.es\/wp-content\/uploads\/2020\/04\/gastronomia_santapola-1024x683.jpg 1024w, https:\/\/santapola.es\/wp-content\/uploads\/2020\/04\/gastronomia_santapola-300x200.jpg 300w, https:\/\/santapola.es\/wp-content\/uploads\/2020\/04\/gastronomia_santapola-768x512.jpg 768w, https:\/\/santapola.es\/wp-content\/uploads\/2020\/04\/gastronomia_santapola-1080x720.jpg 1080w, https:\/\/santapola.es\/wp-content\/uploads\/2020\/04\/gastronomia_santapola-610x407.jpg 610w, https:\/\/santapola.es\/wp-content\/uploads\/2020\/04\/gastronomia_santapola.jpg 1440w\" sizes=\"(max-width: 1024px) 100vw, 1024px\" \/><\/p>\n","protected":false},"excerpt":{"rendered":"<p>Desde Turismo Santa Pola somos conscientes de la dificultad que entra\u00f1a en estos d\u00edas quedarse en casa, pero eso no impide que podamos y queramos so\u00f1ar. Hay que so\u00f1ar despiertos, y disfrutar virtualmente de nuestras maravillosas playas, de nuestra cultura mediterr\u00e1nea, y c\u00f3mo no, de la fabulosa gastronom\u00eda basada en el m\u00e1s que conocido Peix [&hellip;]<\/p>\n","protected":false},"author":75,"featured_media":0,"comment_status":"closed","ping_status":"closed","sticky":false,"template":"","format":"standard","meta":{"_et_pb_use_builder":"","_et_pb_old_content":"","_et_gb_content_width":"","footnotes":""},"categories":[66,57,406],"tags":[],"class_list":["post-12014","post","type-post","status-publish","format-standard","hentry","category-inicio","category-playas-turismo-pesca","category-sin-categorizar-2"],"yoast_head":"<!-- This site is optimized with the Yoast SEO plugin v27.4 - https:\/\/yoast.com\/product\/yoast-seo-wordpress\/ -->\n<title>Turismo lanza una campa\u00f1a para so\u00f1ar con Santa Pola - Ajuntament de Santa Pola<\/title>\n<meta name=\"robots\" content=\"index, follow, max-snippet:-1, max-image-preview:large, max-video-preview:-1\" \/>\n<link rel=\"canonical\" href=\"https:\/\/santapola.es\/ca\/turismo-lanza-una-campana-para-sonar-con-santa-pola\/\" \/>\n<meta property=\"og:locale\" content=\"ca_ES\" \/>\n<meta property=\"og:type\" content=\"article\" \/>\n<meta property=\"og:title\" content=\"Turismo lanza una campa\u00f1a para so\u00f1ar con Santa Pola - Ajuntament de Santa Pola\" \/>\n<meta property=\"og:description\" content=\"Desde Turismo Santa Pola somos conscientes de la dificultad que entra\u00f1a en estos d\u00edas quedarse en casa, pero eso no impide que podamos y queramos so\u00f1ar. Hay que so\u00f1ar despiertos, y disfrutar virtualmente de nuestras maravillosas playas, de nuestra cultura mediterr\u00e1nea, y c\u00f3mo no, de la fabulosa gastronom\u00eda basada en el m\u00e1s que conocido Peix [&hellip;]\" \/>\n<meta property=\"og:url\" content=\"https:\/\/santapola.es\/ca\/turismo-lanza-una-campana-para-sonar-con-santa-pola\/\" \/>\n<meta property=\"og:site_name\" content=\"Ajuntament de Santa Pola\" \/>\n<meta property=\"article:publisher\" content=\"https:\/\/www.facebook.com\/AyuntamientoSantaPola\/\" \/>\n<meta property=\"article:published_time\" content=\"2020-04-06T10:09:56+00:00\" \/>\n<meta property=\"article:modified_time\" content=\"2024-03-07T17:38:18+00:00\" \/>\n<meta property=\"og:image\" content=\"https:\/\/santapola.es\/wp-content\/uploads\/2020\/04\/santapola-1024x576.jpg\" \/>\n<meta name=\"author\" content=\"\u00c1rea Municipal Alcald\u00eda\" \/>\n<meta name=\"twitter:card\" content=\"summary_large_image\" \/>\n<meta name=\"twitter:creator\" content=\"@SantaPolaAyunt\" \/>\n<meta name=\"twitter:site\" content=\"@SantaPolaAyunt\" \/>\n<script type=\"application\/ld+json\" class=\"yoast-schema-graph\">{\"@context\":\"https:\\\/\\\/schema.org\",\"@graph\":[{\"@type\":\"Article\",\"@id\":\"https:\\\/\\\/santapola.es\\\/ca\\\/turismo-lanza-una-campana-para-sonar-con-santa-pola\\\/#article\",\"isPartOf\":{\"@id\":\"https:\\\/\\\/santapola.es\\\/ca\\\/turismo-lanza-una-campana-para-sonar-con-santa-pola\\\/\"},\"author\":{\"name\":\"\u00c1rea Municipal Alcald\u00eda\",\"@id\":\"https:\\\/\\\/santapola.es\\\/ca\\\/#\\\/schema\\\/person\\\/c08381290b84c068e06ca5dc1f5a08a7\"},\"headline\":\"Turismo lanza una campa\u00f1a para so\u00f1ar con Santa Pola\",\"datePublished\":\"2020-04-06T10:09:56+00:00\",\"dateModified\":\"2024-03-07T17:38:18+00:00\",\"mainEntityOfPage\":{\"@id\":\"https:\\\/\\\/santapola.es\\\/ca\\\/turismo-lanza-una-campana-para-sonar-con-santa-pola\\\/\"},\"wordCount\":238,\"image\":{\"@id\":\"https:\\\/\\\/santapola.es\\\/ca\\\/turismo-lanza-una-campana-para-sonar-con-santa-pola\\\/#primaryimage\"},\"thumbnailUrl\":\"https:\\\/\\\/santapola.es\\\/wp-content\\\/uploads\\\/2020\\\/04\\\/santapola-1024x576.jpg\",\"articleSection\":[\"Inicio\",\"Playas \\\/ Turismo \\\/ Pesca\",\"Sin categorizar\"],\"inLanguage\":\"ca\"},{\"@type\":\"WebPage\",\"@id\":\"https:\\\/\\\/santapola.es\\\/ca\\\/turismo-lanza-una-campana-para-sonar-con-santa-pola\\\/\",\"url\":\"https:\\\/\\\/santapola.es\\\/ca\\\/turismo-lanza-una-campana-para-sonar-con-santa-pola\\\/\",\"name\":\"Turismo lanza una campa\u00f1a para so\u00f1ar con Santa Pola - Ajuntament de Santa Pola\",\"isPartOf\":{\"@id\":\"https:\\\/\\\/santapola.es\\\/ca\\\/#website\"},\"primaryImageOfPage\":{\"@id\":\"https:\\\/\\\/santapola.es\\\/ca\\\/turismo-lanza-una-campana-para-sonar-con-santa-pola\\\/#primaryimage\"},\"image\":{\"@id\":\"https:\\\/\\\/santapola.es\\\/ca\\\/turismo-lanza-una-campana-para-sonar-con-santa-pola\\\/#primaryimage\"},\"thumbnailUrl\":\"https:\\\/\\\/santapola.es\\\/wp-content\\\/uploads\\\/2020\\\/04\\\/santapola-1024x576.jpg\",\"datePublished\":\"2020-04-06T10:09:56+00:00\",\"dateModified\":\"2024-03-07T17:38:18+00:00\",\"author\":{\"@id\":\"https:\\\/\\\/santapola.es\\\/ca\\\/#\\\/schema\\\/person\\\/c08381290b84c068e06ca5dc1f5a08a7\"},\"breadcrumb\":{\"@id\":\"https:\\\/\\\/santapola.es\\\/ca\\\/turismo-lanza-una-campana-para-sonar-con-santa-pola\\\/#breadcrumb\"},\"inLanguage\":\"ca\",\"potentialAction\":[{\"@type\":\"ReadAction\",\"target\":[\"https:\\\/\\\/santapola.es\\\/ca\\\/turismo-lanza-una-campana-para-sonar-con-santa-pola\\\/\"]}]},{\"@type\":\"ImageObject\",\"inLanguage\":\"ca\",\"@id\":\"https:\\\/\\\/santapola.es\\\/ca\\\/turismo-lanza-una-campana-para-sonar-con-santa-pola\\\/#primaryimage\",\"url\":\"https:\\\/\\\/santapola.es\\\/wp-content\\\/uploads\\\/2020\\\/04\\\/santapola-1024x576.jpg\",\"contentUrl\":\"https:\\\/\\\/santapola.es\\\/wp-content\\\/uploads\\\/2020\\\/04\\\/santapola-1024x576.jpg\"},{\"@type\":\"BreadcrumbList\",\"@id\":\"https:\\\/\\\/santapola.es\\\/ca\\\/turismo-lanza-una-campana-para-sonar-con-santa-pola\\\/#breadcrumb\",\"itemListElement\":[{\"@type\":\"ListItem\",\"position\":1,\"name\":\"Inici\",\"item\":\"https:\\\/\\\/santapola.es\\\/ca\\\/\"},{\"@type\":\"ListItem\",\"position\":2,\"name\":\"Turismo lanza una campa\u00f1a para so\u00f1ar con Santa Pola\"}]},{\"@type\":\"WebSite\",\"@id\":\"https:\\\/\\\/santapola.es\\\/ca\\\/#website\",\"url\":\"https:\\\/\\\/santapola.es\\\/ca\\\/\",\"name\":\"Ayuntamiento de Santa Pola\",\"description\":\"Web de l'Ajuntament de Santa Pola\",\"potentialAction\":[{\"@type\":\"SearchAction\",\"target\":{\"@type\":\"EntryPoint\",\"urlTemplate\":\"https:\\\/\\\/santapola.es\\\/ca\\\/?s={search_term_string}\"},\"query-input\":{\"@type\":\"PropertyValueSpecification\",\"valueRequired\":true,\"valueName\":\"search_term_string\"}}],\"inLanguage\":\"ca\"},{\"@type\":\"Person\",\"@id\":\"https:\\\/\\\/santapola.es\\\/ca\\\/#\\\/schema\\\/person\\\/c08381290b84c068e06ca5dc1f5a08a7\",\"name\":\"\u00c1rea Municipal Alcald\u00eda\"}]}<\/script>\n<!-- \/ Yoast SEO plugin. -->","yoast_head_json":{"title":"Turismo lanza una campa\u00f1a para so\u00f1ar con Santa Pola - Ajuntament de Santa Pola","robots":{"index":"index","follow":"follow","max-snippet":"max-snippet:-1","max-image-preview":"max-image-preview:large","max-video-preview":"max-video-preview:-1"},"canonical":"https:\/\/santapola.es\/ca\/turismo-lanza-una-campana-para-sonar-con-santa-pola\/","og_locale":"ca_ES","og_type":"article","og_title":"Turismo lanza una campa\u00f1a para so\u00f1ar con Santa Pola - Ajuntament de Santa Pola","og_description":"Desde Turismo Santa Pola somos conscientes de la dificultad que entra\u00f1a en estos d\u00edas quedarse en casa, pero eso no impide que podamos y queramos so\u00f1ar. Hay que so\u00f1ar despiertos, y disfrutar virtualmente de nuestras maravillosas playas, de nuestra cultura mediterr\u00e1nea, y c\u00f3mo no, de la fabulosa gastronom\u00eda basada en el m\u00e1s que conocido Peix [&hellip;]","og_url":"https:\/\/santapola.es\/ca\/turismo-lanza-una-campana-para-sonar-con-santa-pola\/","og_site_name":"Ajuntament de Santa Pola","article_publisher":"https:\/\/www.facebook.com\/AyuntamientoSantaPola\/","article_published_time":"2020-04-06T10:09:56+00:00","article_modified_time":"2024-03-07T17:38:18+00:00","og_image":[{"url":"https:\/\/santapola.es\/wp-content\/uploads\/2020\/04\/santapola-1024x576.jpg","type":"","width":"","height":""}],"author":"\u00c1rea Municipal Alcald\u00eda","twitter_card":"summary_large_image","twitter_creator":"@SantaPolaAyunt","twitter_site":"@SantaPolaAyunt","schema":{"@context":"https:\/\/schema.org","@graph":[{"@type":"Article","@id":"https:\/\/santapola.es\/ca\/turismo-lanza-una-campana-para-sonar-con-santa-pola\/#article","isPartOf":{"@id":"https:\/\/santapola.es\/ca\/turismo-lanza-una-campana-para-sonar-con-santa-pola\/"},"author":{"name":"\u00c1rea Municipal Alcald\u00eda","@id":"https:\/\/santapola.es\/ca\/#\/schema\/person\/c08381290b84c068e06ca5dc1f5a08a7"},"headline":"Turismo lanza una campa\u00f1a para so\u00f1ar con Santa Pola","datePublished":"2020-04-06T10:09:56+00:00","dateModified":"2024-03-07T17:38:18+00:00","mainEntityOfPage":{"@id":"https:\/\/santapola.es\/ca\/turismo-lanza-una-campana-para-sonar-con-santa-pola\/"},"wordCount":238,"image":{"@id":"https:\/\/santapola.es\/ca\/turismo-lanza-una-campana-para-sonar-con-santa-pola\/#primaryimage"},"thumbnailUrl":"https:\/\/santapola.es\/wp-content\/uploads\/2020\/04\/santapola-1024x576.jpg","articleSection":["Inicio","Playas \/ Turismo \/ Pesca","Sin categorizar"],"inLanguage":"ca"},{"@type":"WebPage","@id":"https:\/\/santapola.es\/ca\/turismo-lanza-una-campana-para-sonar-con-santa-pola\/","url":"https:\/\/santapola.es\/ca\/turismo-lanza-una-campana-para-sonar-con-santa-pola\/","name":"Turismo lanza una campa\u00f1a para so\u00f1ar con Santa Pola - Ajuntament de Santa Pola","isPartOf":{"@id":"https:\/\/santapola.es\/ca\/#website"},"primaryImageOfPage":{"@id":"https:\/\/santapola.es\/ca\/turismo-lanza-una-campana-para-sonar-con-santa-pola\/#primaryimage"},"image":{"@id":"https:\/\/santapola.es\/ca\/turismo-lanza-una-campana-para-sonar-con-santa-pola\/#primaryimage"},"thumbnailUrl":"https:\/\/santapola.es\/wp-content\/uploads\/2020\/04\/santapola-1024x576.jpg","datePublished":"2020-04-06T10:09:56+00:00","dateModified":"2024-03-07T17:38:18+00:00","author":{"@id":"https:\/\/santapola.es\/ca\/#\/schema\/person\/c08381290b84c068e06ca5dc1f5a08a7"},"breadcrumb":{"@id":"https:\/\/santapola.es\/ca\/turismo-lanza-una-campana-para-sonar-con-santa-pola\/#breadcrumb"},"inLanguage":"ca","potentialAction":[{"@type":"ReadAction","target":["https:\/\/santapola.es\/ca\/turismo-lanza-una-campana-para-sonar-con-santa-pola\/"]}]},{"@type":"ImageObject","inLanguage":"ca","@id":"https:\/\/santapola.es\/ca\/turismo-lanza-una-campana-para-sonar-con-santa-pola\/#primaryimage","url":"https:\/\/santapola.es\/wp-content\/uploads\/2020\/04\/santapola-1024x576.jpg","contentUrl":"https:\/\/santapola.es\/wp-content\/uploads\/2020\/04\/santapola-1024x576.jpg"},{"@type":"BreadcrumbList","@id":"https:\/\/santapola.es\/ca\/turismo-lanza-una-campana-para-sonar-con-santa-pola\/#breadcrumb","itemListElement":[{"@type":"ListItem","position":1,"name":"Inici","item":"https:\/\/santapola.es\/ca\/"},{"@type":"ListItem","position":2,"name":"Turismo lanza una campa\u00f1a para so\u00f1ar con Santa Pola"}]},{"@type":"WebSite","@id":"https:\/\/santapola.es\/ca\/#website","url":"https:\/\/santapola.es\/ca\/","name":"Ayuntamiento de Santa Pola","description":"Web de l'Ajuntament de Santa Pola","potentialAction":[{"@type":"SearchAction","target":{"@type":"EntryPoint","urlTemplate":"https:\/\/santapola.es\/ca\/?s={search_term_string}"},"query-input":{"@type":"PropertyValueSpecification","valueRequired":true,"valueName":"search_term_string"}}],"inLanguage":"ca"},{"@type":"Person","@id":"https:\/\/santapola.es\/ca\/#\/schema\/person\/c08381290b84c068e06ca5dc1f5a08a7","name":"\u00c1rea Municipal Alcald\u00eda"}]}},"_links":{"self":[{"href":"https:\/\/santapola.es\/ca\/wp-json\/wp\/v2\/posts\/12014","targetHints":{"allow":["GET"]}}],"collection":[{"href":"https:\/\/santapola.es\/ca\/wp-json\/wp\/v2\/posts"}],"about":[{"href":"https:\/\/santapola.es\/ca\/wp-json\/wp\/v2\/types\/post"}],"author":[{"embeddable":true,"href":"https:\/\/santapola.es\/ca\/wp-json\/wp\/v2\/users\/75"}],"replies":[{"embeddable":true,"href":"https:\/\/santapola.es\/ca\/wp-json\/wp\/v2\/comments?post=12014"}],"version-history":[{"count":0,"href":"https:\/\/santapola.es\/ca\/wp-json\/wp\/v2\/posts\/12014\/revisions"}],"wp:attachment":[{"href":"https:\/\/santapola.es\/ca\/wp-json\/wp\/v2\/media?parent=12014"}],"wp:term":[{"taxonomy":"category","embeddable":true,"href":"https:\/\/santapola.es\/ca\/wp-json\/wp\/v2\/categories?post=12014"},{"taxonomy":"post_tag","embeddable":true,"href":"https:\/\/santapola.es\/ca\/wp-json\/wp\/v2\/tags?post=12014"}],"curies":[{"name":"wp","href":"https:\/\/api.w.org\/{rel}","templated":true}]}}