{"id":11959,"date":"2020-04-19T11:14:49","date_gmt":"2020-04-19T10:14:49","guid":{"rendered":"https:\/\/www.santapola.es\/?p=11959"},"modified":"2024-03-07T18:38:22","modified_gmt":"2024-03-07T17:38:22","slug":"concejalia-de-comercio-y-asociacion-de-comerciantes-facilitan-las-compras-a-los-vecinos","status":"publish","type":"post","link":"https:\/\/santapola.es\/ca\/concejalia-de-comercio-y-asociacion-de-comerciantes-facilitan-las-compras-a-los-vecinos\/","title":{"rendered":"Concejal\u00eda de Comercio y Asociaci\u00f3n de Comerciantes facilitan las compras a los vecinos"},"content":{"rendered":"<p style=\"text-align: justify;\">La Asociaci\u00f3n de Comerciantes Santa Pola ha ofrecido a los comercios un Servicio de reparto a domicilio, que empezar\u00e1 hoy martes, 31 de marzo.<\/p>\n<p style=\"text-align: justify;\">Conscientes de la dif\u00edcil e ins\u00f3lita situaci\u00f3n por la que est\u00e1n pasando los comerciantes, la Asociaci\u00f3n y el Ayuntamiento de Santa Pola han comenzado una campa\u00f1a en coordinaci\u00f3n con el comercio, para el \u201cServicio de reparto a domicilio\u201d, una acci\u00f3n que puede resultar de mucha utilidad en este momento.<\/p>\n<p style=\"text-align: justify;\">En este momento, son trece los comercios participantes en la iniciativa, pero desde la Asociaci\u00f3n y el Ayuntamiento se invita al resto de comercios de la localidad a que se sumen a la iniciativa.<\/p>\n<p style=\"text-align: justify;\">Los comercios interesados a participar tienen que comunicarlo a la Asociaci\u00f3n de Comerciantes, al correo pepagarriherb@gmail.com (Correo que queda habilitado para coordinar la iniciativa).<\/p>\n<p>Los establecimientos pueden ofrecer dos tipos de servicio:<br \/>\n&#8211; Pedido y recogida en establecimiento<br \/>\n&#8211; Entrega a domicilio<\/p>\n<p>La recogida de pedidos entre cliente y comercio ser\u00e1 coordinada por la Concejal\u00eda de Comercio, a trav\u00e9s del tel\u00e9fono 667 450 117, y cada comercio se encargar\u00e1 de hacer sus repartos.<\/p>\n<p>Desde la Asociaci\u00f3n de Comerciantes de Santa Pola se ha dise\u00f1ado una imagen del \u201cServicio de reparto a domicilio\u201d y se har\u00e1 la promoci\u00f3n de la campa\u00f1a por varios medios, tales como web y redes sociales, que se repetir\u00e1 peri\u00f3dicamente, durante el de alarma.<\/p>\n<p><img loading=\"lazy\" decoding=\"async\" class=\"aligncenter size-large wp-image-12155\" src=\"https:\/\/santapola.es\/wp-content\/uploads\/2020\/04\/Covid_Comercio_27_04-516x1024.jpeg\" alt=\"\" width=\"516\" height=\"1024\" srcset=\"https:\/\/santapola.es\/wp-content\/uploads\/2020\/04\/Covid_Comercio_27_04-516x1024.jpeg 516w, https:\/\/santapola.es\/wp-content\/uploads\/2020\/04\/Covid_Comercio_27_04-151x300.jpeg 151w, https:\/\/santapola.es\/wp-content\/uploads\/2020\/04\/Covid_Comercio_27_04-768x1525.jpeg 768w, https:\/\/santapola.es\/wp-content\/uploads\/2020\/04\/Covid_Comercio_27_04-610x1211.jpeg 610w, https:\/\/santapola.es\/wp-content\/uploads\/2020\/04\/Covid_Comercio_27_04.jpeg 806w\" sizes=\"(max-width: 516px) 100vw, 516px\" \/><\/p>\n","protected":false},"excerpt":{"rendered":"<p>La Asociaci\u00f3n de Comerciantes Santa Pola ha ofrecido a los comercios un Servicio de reparto a domicilio, que empezar\u00e1 hoy martes, 31 de marzo. Conscientes de la dif\u00edcil e ins\u00f3lita situaci\u00f3n por la que est\u00e1n pasando los comerciantes, la Asociaci\u00f3n y el Ayuntamiento de Santa Pola han comenzado una campa\u00f1a en coordinaci\u00f3n con el comercio, [&hellip;]<\/p>\n","protected":false},"author":75,"featured_media":0,"comment_status":"closed","ping_status":"closed","sticky":false,"template":"","format":"standard","meta":{"_et_pb_use_builder":"","_et_pb_old_content":"","_et_gb_content_width":"","footnotes":""},"categories":[406],"tags":[],"class_list":["post-11959","post","type-post","status-publish","format-standard","hentry","category-sin-categorizar-2"],"yoast_head":"<!-- This site is optimized with the Yoast SEO plugin v27.4 - https:\/\/yoast.com\/product\/yoast-seo-wordpress\/ -->\n<title>Concejal\u00eda de Comercio y Asociaci\u00f3n de Comerciantes facilitan las compras a los vecinos - Ajuntament de Santa Pola<\/title>\n<meta name=\"robots\" content=\"index, follow, max-snippet:-1, max-image-preview:large, max-video-preview:-1\" \/>\n<link rel=\"canonical\" href=\"https:\/\/santapola.es\/ca\/concejalia-de-comercio-y-asociacion-de-comerciantes-facilitan-las-compras-a-los-vecinos\/\" \/>\n<meta property=\"og:locale\" content=\"ca_ES\" \/>\n<meta property=\"og:type\" content=\"article\" \/>\n<meta property=\"og:title\" content=\"Concejal\u00eda de Comercio y Asociaci\u00f3n de Comerciantes facilitan las compras a los vecinos - Ajuntament de Santa Pola\" \/>\n<meta property=\"og:description\" content=\"La Asociaci\u00f3n de Comerciantes Santa Pola ha ofrecido a los comercios un Servicio de reparto a domicilio, que empezar\u00e1 hoy martes, 31 de marzo. Conscientes de la dif\u00edcil e ins\u00f3lita situaci\u00f3n por la que est\u00e1n pasando los comerciantes, la Asociaci\u00f3n y el Ayuntamiento de Santa Pola han comenzado una campa\u00f1a en coordinaci\u00f3n con el comercio, [&hellip;]\" \/>\n<meta property=\"og:url\" content=\"https:\/\/santapola.es\/ca\/concejalia-de-comercio-y-asociacion-de-comerciantes-facilitan-las-compras-a-los-vecinos\/\" \/>\n<meta property=\"og:site_name\" content=\"Ajuntament de Santa Pola\" \/>\n<meta property=\"article:publisher\" content=\"https:\/\/www.facebook.com\/AyuntamientoSantaPola\/\" \/>\n<meta property=\"article:published_time\" content=\"2020-04-19T10:14:49+00:00\" \/>\n<meta property=\"article:modified_time\" content=\"2024-03-07T17:38:22+00:00\" \/>\n<meta property=\"og:image\" content=\"https:\/\/santapola.es\/wp-content\/uploads\/2020\/04\/Covid_Comercio_27_04-516x1024.jpeg\" \/>\n<meta name=\"author\" content=\"\u00c1rea Municipal Alcald\u00eda\" \/>\n<meta name=\"twitter:card\" content=\"summary_large_image\" \/>\n<meta name=\"twitter:creator\" content=\"@SantaPolaAyunt\" \/>\n<meta name=\"twitter:site\" content=\"@SantaPolaAyunt\" \/>\n<script type=\"application\/ld+json\" class=\"yoast-schema-graph\">{\"@context\":\"https:\\\/\\\/schema.org\",\"@graph\":[{\"@type\":\"Article\",\"@id\":\"https:\\\/\\\/santapola.es\\\/ca\\\/concejalia-de-comercio-y-asociacion-de-comerciantes-facilitan-las-compras-a-los-vecinos\\\/#article\",\"isPartOf\":{\"@id\":\"https:\\\/\\\/santapola.es\\\/ca\\\/concejalia-de-comercio-y-asociacion-de-comerciantes-facilitan-las-compras-a-los-vecinos\\\/\"},\"author\":{\"name\":\"\u00c1rea Municipal Alcald\u00eda\",\"@id\":\"https:\\\/\\\/santapola.es\\\/ca\\\/#\\\/schema\\\/person\\\/c08381290b84c068e06ca5dc1f5a08a7\"},\"headline\":\"Concejal\u00eda de Comercio y Asociaci\u00f3n de Comerciantes facilitan las compras a los vecinos\",\"datePublished\":\"2020-04-19T10:14:49+00:00\",\"dateModified\":\"2024-03-07T17:38:22+00:00\",\"mainEntityOfPage\":{\"@id\":\"https:\\\/\\\/santapola.es\\\/ca\\\/concejalia-de-comercio-y-asociacion-de-comerciantes-facilitan-las-compras-a-los-vecinos\\\/\"},\"wordCount\":256,\"image\":{\"@id\":\"https:\\\/\\\/santapola.es\\\/ca\\\/concejalia-de-comercio-y-asociacion-de-comerciantes-facilitan-las-compras-a-los-vecinos\\\/#primaryimage\"},\"thumbnailUrl\":\"https:\\\/\\\/santapola.es\\\/wp-content\\\/uploads\\\/2020\\\/04\\\/Covid_Comercio_27_04-516x1024.jpeg\",\"articleSection\":[\"Sin categorizar\"],\"inLanguage\":\"ca\"},{\"@type\":\"WebPage\",\"@id\":\"https:\\\/\\\/santapola.es\\\/ca\\\/concejalia-de-comercio-y-asociacion-de-comerciantes-facilitan-las-compras-a-los-vecinos\\\/\",\"url\":\"https:\\\/\\\/santapola.es\\\/ca\\\/concejalia-de-comercio-y-asociacion-de-comerciantes-facilitan-las-compras-a-los-vecinos\\\/\",\"name\":\"Concejal\u00eda de Comercio y Asociaci\u00f3n de Comerciantes facilitan las compras a los vecinos - Ajuntament de Santa Pola\",\"isPartOf\":{\"@id\":\"https:\\\/\\\/santapola.es\\\/ca\\\/#website\"},\"primaryImageOfPage\":{\"@id\":\"https:\\\/\\\/santapola.es\\\/ca\\\/concejalia-de-comercio-y-asociacion-de-comerciantes-facilitan-las-compras-a-los-vecinos\\\/#primaryimage\"},\"image\":{\"@id\":\"https:\\\/\\\/santapola.es\\\/ca\\\/concejalia-de-comercio-y-asociacion-de-comerciantes-facilitan-las-compras-a-los-vecinos\\\/#primaryimage\"},\"thumbnailUrl\":\"https:\\\/\\\/santapola.es\\\/wp-content\\\/uploads\\\/2020\\\/04\\\/Covid_Comercio_27_04-516x1024.jpeg\",\"datePublished\":\"2020-04-19T10:14:49+00:00\",\"dateModified\":\"2024-03-07T17:38:22+00:00\",\"author\":{\"@id\":\"https:\\\/\\\/santapola.es\\\/ca\\\/#\\\/schema\\\/person\\\/c08381290b84c068e06ca5dc1f5a08a7\"},\"breadcrumb\":{\"@id\":\"https:\\\/\\\/santapola.es\\\/ca\\\/concejalia-de-comercio-y-asociacion-de-comerciantes-facilitan-las-compras-a-los-vecinos\\\/#breadcrumb\"},\"inLanguage\":\"ca\",\"potentialAction\":[{\"@type\":\"ReadAction\",\"target\":[\"https:\\\/\\\/santapola.es\\\/ca\\\/concejalia-de-comercio-y-asociacion-de-comerciantes-facilitan-las-compras-a-los-vecinos\\\/\"]}]},{\"@type\":\"ImageObject\",\"inLanguage\":\"ca\",\"@id\":\"https:\\\/\\\/santapola.es\\\/ca\\\/concejalia-de-comercio-y-asociacion-de-comerciantes-facilitan-las-compras-a-los-vecinos\\\/#primaryimage\",\"url\":\"https:\\\/\\\/santapola.es\\\/wp-content\\\/uploads\\\/2020\\\/04\\\/Covid_Comercio_27_04-516x1024.jpeg\",\"contentUrl\":\"https:\\\/\\\/santapola.es\\\/wp-content\\\/uploads\\\/2020\\\/04\\\/Covid_Comercio_27_04-516x1024.jpeg\"},{\"@type\":\"BreadcrumbList\",\"@id\":\"https:\\\/\\\/santapola.es\\\/ca\\\/concejalia-de-comercio-y-asociacion-de-comerciantes-facilitan-las-compras-a-los-vecinos\\\/#breadcrumb\",\"itemListElement\":[{\"@type\":\"ListItem\",\"position\":1,\"name\":\"Inici\",\"item\":\"https:\\\/\\\/santapola.es\\\/ca\\\/\"},{\"@type\":\"ListItem\",\"position\":2,\"name\":\"Concejal\u00eda de Comercio y Asociaci\u00f3n de Comerciantes facilitan las compras a los vecinos\"}]},{\"@type\":\"WebSite\",\"@id\":\"https:\\\/\\\/santapola.es\\\/ca\\\/#website\",\"url\":\"https:\\\/\\\/santapola.es\\\/ca\\\/\",\"name\":\"Ayuntamiento de Santa Pola\",\"description\":\"Web de l'Ajuntament de Santa Pola\",\"potentialAction\":[{\"@type\":\"SearchAction\",\"target\":{\"@type\":\"EntryPoint\",\"urlTemplate\":\"https:\\\/\\\/santapola.es\\\/ca\\\/?s={search_term_string}\"},\"query-input\":{\"@type\":\"PropertyValueSpecification\",\"valueRequired\":true,\"valueName\":\"search_term_string\"}}],\"inLanguage\":\"ca\"},{\"@type\":\"Person\",\"@id\":\"https:\\\/\\\/santapola.es\\\/ca\\\/#\\\/schema\\\/person\\\/c08381290b84c068e06ca5dc1f5a08a7\",\"name\":\"\u00c1rea Municipal Alcald\u00eda\"}]}<\/script>\n<!-- \/ Yoast SEO plugin. -->","yoast_head_json":{"title":"Concejal\u00eda de Comercio y Asociaci\u00f3n de Comerciantes facilitan las compras a los vecinos - Ajuntament de Santa Pola","robots":{"index":"index","follow":"follow","max-snippet":"max-snippet:-1","max-image-preview":"max-image-preview:large","max-video-preview":"max-video-preview:-1"},"canonical":"https:\/\/santapola.es\/ca\/concejalia-de-comercio-y-asociacion-de-comerciantes-facilitan-las-compras-a-los-vecinos\/","og_locale":"ca_ES","og_type":"article","og_title":"Concejal\u00eda de Comercio y Asociaci\u00f3n de Comerciantes facilitan las compras a los vecinos - Ajuntament de Santa Pola","og_description":"La Asociaci\u00f3n de Comerciantes Santa Pola ha ofrecido a los comercios un Servicio de reparto a domicilio, que empezar\u00e1 hoy martes, 31 de marzo. Conscientes de la dif\u00edcil e ins\u00f3lita situaci\u00f3n por la que est\u00e1n pasando los comerciantes, la Asociaci\u00f3n y el Ayuntamiento de Santa Pola han comenzado una campa\u00f1a en coordinaci\u00f3n con el comercio, [&hellip;]","og_url":"https:\/\/santapola.es\/ca\/concejalia-de-comercio-y-asociacion-de-comerciantes-facilitan-las-compras-a-los-vecinos\/","og_site_name":"Ajuntament de Santa Pola","article_publisher":"https:\/\/www.facebook.com\/AyuntamientoSantaPola\/","article_published_time":"2020-04-19T10:14:49+00:00","article_modified_time":"2024-03-07T17:38:22+00:00","og_image":[{"url":"https:\/\/santapola.es\/wp-content\/uploads\/2020\/04\/Covid_Comercio_27_04-516x1024.jpeg","type":"","width":"","height":""}],"author":"\u00c1rea Municipal Alcald\u00eda","twitter_card":"summary_large_image","twitter_creator":"@SantaPolaAyunt","twitter_site":"@SantaPolaAyunt","schema":{"@context":"https:\/\/schema.org","@graph":[{"@type":"Article","@id":"https:\/\/santapola.es\/ca\/concejalia-de-comercio-y-asociacion-de-comerciantes-facilitan-las-compras-a-los-vecinos\/#article","isPartOf":{"@id":"https:\/\/santapola.es\/ca\/concejalia-de-comercio-y-asociacion-de-comerciantes-facilitan-las-compras-a-los-vecinos\/"},"author":{"name":"\u00c1rea Municipal Alcald\u00eda","@id":"https:\/\/santapola.es\/ca\/#\/schema\/person\/c08381290b84c068e06ca5dc1f5a08a7"},"headline":"Concejal\u00eda de Comercio y Asociaci\u00f3n de Comerciantes facilitan las compras a los vecinos","datePublished":"2020-04-19T10:14:49+00:00","dateModified":"2024-03-07T17:38:22+00:00","mainEntityOfPage":{"@id":"https:\/\/santapola.es\/ca\/concejalia-de-comercio-y-asociacion-de-comerciantes-facilitan-las-compras-a-los-vecinos\/"},"wordCount":256,"image":{"@id":"https:\/\/santapola.es\/ca\/concejalia-de-comercio-y-asociacion-de-comerciantes-facilitan-las-compras-a-los-vecinos\/#primaryimage"},"thumbnailUrl":"https:\/\/santapola.es\/wp-content\/uploads\/2020\/04\/Covid_Comercio_27_04-516x1024.jpeg","articleSection":["Sin categorizar"],"inLanguage":"ca"},{"@type":"WebPage","@id":"https:\/\/santapola.es\/ca\/concejalia-de-comercio-y-asociacion-de-comerciantes-facilitan-las-compras-a-los-vecinos\/","url":"https:\/\/santapola.es\/ca\/concejalia-de-comercio-y-asociacion-de-comerciantes-facilitan-las-compras-a-los-vecinos\/","name":"Concejal\u00eda de Comercio y Asociaci\u00f3n de Comerciantes facilitan las compras a los vecinos - Ajuntament de Santa Pola","isPartOf":{"@id":"https:\/\/santapola.es\/ca\/#website"},"primaryImageOfPage":{"@id":"https:\/\/santapola.es\/ca\/concejalia-de-comercio-y-asociacion-de-comerciantes-facilitan-las-compras-a-los-vecinos\/#primaryimage"},"image":{"@id":"https:\/\/santapola.es\/ca\/concejalia-de-comercio-y-asociacion-de-comerciantes-facilitan-las-compras-a-los-vecinos\/#primaryimage"},"thumbnailUrl":"https:\/\/santapola.es\/wp-content\/uploads\/2020\/04\/Covid_Comercio_27_04-516x1024.jpeg","datePublished":"2020-04-19T10:14:49+00:00","dateModified":"2024-03-07T17:38:22+00:00","author":{"@id":"https:\/\/santapola.es\/ca\/#\/schema\/person\/c08381290b84c068e06ca5dc1f5a08a7"},"breadcrumb":{"@id":"https:\/\/santapola.es\/ca\/concejalia-de-comercio-y-asociacion-de-comerciantes-facilitan-las-compras-a-los-vecinos\/#breadcrumb"},"inLanguage":"ca","potentialAction":[{"@type":"ReadAction","target":["https:\/\/santapola.es\/ca\/concejalia-de-comercio-y-asociacion-de-comerciantes-facilitan-las-compras-a-los-vecinos\/"]}]},{"@type":"ImageObject","inLanguage":"ca","@id":"https:\/\/santapola.es\/ca\/concejalia-de-comercio-y-asociacion-de-comerciantes-facilitan-las-compras-a-los-vecinos\/#primaryimage","url":"https:\/\/santapola.es\/wp-content\/uploads\/2020\/04\/Covid_Comercio_27_04-516x1024.jpeg","contentUrl":"https:\/\/santapola.es\/wp-content\/uploads\/2020\/04\/Covid_Comercio_27_04-516x1024.jpeg"},{"@type":"BreadcrumbList","@id":"https:\/\/santapola.es\/ca\/concejalia-de-comercio-y-asociacion-de-comerciantes-facilitan-las-compras-a-los-vecinos\/#breadcrumb","itemListElement":[{"@type":"ListItem","position":1,"name":"Inici","item":"https:\/\/santapola.es\/ca\/"},{"@type":"ListItem","position":2,"name":"Concejal\u00eda de Comercio y Asociaci\u00f3n de Comerciantes facilitan las compras a los vecinos"}]},{"@type":"WebSite","@id":"https:\/\/santapola.es\/ca\/#website","url":"https:\/\/santapola.es\/ca\/","name":"Ayuntamiento de Santa Pola","description":"Web de l'Ajuntament de Santa Pola","potentialAction":[{"@type":"SearchAction","target":{"@type":"EntryPoint","urlTemplate":"https:\/\/santapola.es\/ca\/?s={search_term_string}"},"query-input":{"@type":"PropertyValueSpecification","valueRequired":true,"valueName":"search_term_string"}}],"inLanguage":"ca"},{"@type":"Person","@id":"https:\/\/santapola.es\/ca\/#\/schema\/person\/c08381290b84c068e06ca5dc1f5a08a7","name":"\u00c1rea Municipal Alcald\u00eda"}]}},"_links":{"self":[{"href":"https:\/\/santapola.es\/ca\/wp-json\/wp\/v2\/posts\/11959","targetHints":{"allow":["GET"]}}],"collection":[{"href":"https:\/\/santapola.es\/ca\/wp-json\/wp\/v2\/posts"}],"about":[{"href":"https:\/\/santapola.es\/ca\/wp-json\/wp\/v2\/types\/post"}],"author":[{"embeddable":true,"href":"https:\/\/santapola.es\/ca\/wp-json\/wp\/v2\/users\/75"}],"replies":[{"embeddable":true,"href":"https:\/\/santapola.es\/ca\/wp-json\/wp\/v2\/comments?post=11959"}],"version-history":[{"count":0,"href":"https:\/\/santapola.es\/ca\/wp-json\/wp\/v2\/posts\/11959\/revisions"}],"wp:attachment":[{"href":"https:\/\/santapola.es\/ca\/wp-json\/wp\/v2\/media?parent=11959"}],"wp:term":[{"taxonomy":"category","embeddable":true,"href":"https:\/\/santapola.es\/ca\/wp-json\/wp\/v2\/categories?post=11959"},{"taxonomy":"post_tag","embeddable":true,"href":"https:\/\/santapola.es\/ca\/wp-json\/wp\/v2\/tags?post=11959"}],"curies":[{"name":"wp","href":"https:\/\/api.w.org\/{rel}","templated":true}]}}