{"id":11827,"date":"2020-03-23T13:54:39","date_gmt":"2020-03-23T12:54:39","guid":{"rendered":"https:\/\/www.santapola.es\/?p=11827"},"modified":"2024-03-07T18:38:14","modified_gmt":"2024-03-07T17:38:14","slug":"criterios-vales-de-servicios-sociales-covid-19","status":"publish","type":"post","link":"https:\/\/santapola.es\/ca\/criterios-vales-de-servicios-sociales-covid-19\/","title":{"rendered":"Ayudas de emergencia servicios sociales COVID-19"},"content":{"rendered":"<p style=\"text-align: justify;\">Con el fin de apoyar a las familias en situaci\u00f3n de riesgo, agravada por la situaci\u00f3n de emergencia actual, el Ayuntamiento, a trav\u00e9s de su Departamento de Servicios Sociales, concede unas ayudas de emergencia mediante vales para la compra de productos b\u00e1sicos de alimentaci\u00f3n, higiene y aseo personal. Para tal fin se han definido los siguientes criterios:<\/p>\n<p style=\"text-align: justify;\">1. Podr\u00e1n tener ayuda de vales de emergencia las personas que no tengan ning\u00fan tipo de ingreso o que los ingresos totales de la unidad de convivencia no superen el iprem mensual (548,60 euros). Se priorizar\u00e1 cuando haya menores a cargo y seg\u00fan el n\u00famero de miembros de convivencia.<\/p>\n<p style=\"text-align: justify;\">2. Podr\u00e1n tener ayuda de vales de emergencia aquellos que sean titulares de puesto en el mercadillo y que sea su \u00fanica fuente de ingresos familiares. Para ello deber\u00e1n presentar el \u00faltimo recibo del a\u00f1o en curso de las tasas de mercadillo.<\/p>\n<p style=\"text-align: justify;\">3. No podr\u00e1n tener ayuda de vales de emergencia las personas que est\u00e9n pendientes de cobro de ayuda de emergencia ya aprobada.<\/p>\n<p style=\"text-align: justify;\">4. No podr\u00e1n tener ayuda de vales de emergencia las personas que vayan a cobrar n\u00f3mina este mes aunque su empresa haya cesado la actividad, porque la misma haya presentado ERTE y vaya a cobrar prestaci\u00f3n por desempleo.<\/p>\n<p style=\"text-align: justify;\">El procedimiento para solicitar esta ayuda ser\u00e1:<br \/>\n1. Deber\u00e1n llamar a los tel\u00e9fonos 96 669 42 00 y 96 669 27 81, dejando su n\u00famero de tel\u00e9fono.<br \/>\n2. Recibir\u00e1n a la mayor brevedad posible una llamada de un t\u00e9cnico y ser\u00e1n atendidos telef\u00f3nicamente.<br \/>\n3. Valorada la situaci\u00f3n si pueden recibir la ayuda de emergencia se les dar\u00e1 una cita para la entrega del vale de emergencia, indic\u00e1ndose la hora y d\u00eda.<br \/>\n4. La entrega de vales de emergencia se realizar\u00e1 martes y jueves entre las 11h y las 13h en la recepci\u00f3n del Centro C\u00edvico y Social.<\/p>\n<p style=\"text-align: justify;\">Se ruega a la poblaci\u00f3n solicitante que llame s\u00f3lo a los tel\u00e9fonos indicados anteriormente y que los tel\u00e9fonos de los m\u00f3viles 647 65 83 17 y 661 544 787, se usen s\u00f3lo para comunicar casos de urgencia: personas mayores que puedan estar desamparadas, casos de violencia de g\u00e9nero, menores en situaci\u00f3n de desprotecci\u00f3n, enfermos mentales vulnerables.<\/p>\n<p style=\"text-align: justify;\">Es muy importante que esos m\u00f3viles no se colapsen pues se usan para comunicar esas situaciones y para que el Departamento de Servicios Sociales se coordine con los Servicios Sanitarios, Polic\u00eda Local, Guardia Civil, Protecci\u00f3n Civil, Juzgados y Conseller\u00edas.<\/p>\n<p style=\"text-align: justify;\">Tambi\u00e9n pueden comunicar las situaciones antes mencionadas al correo electr\u00f3nico: social20@desarrollo.santapola.es.<\/p>\n<p style=\"text-align: justify;\">Las consultas sobre el estado de Renta Valenciana de Inclusi\u00f3n ya tramitadas deben hacerse al tel\u00e9fono 012.<\/p>\n","protected":false},"excerpt":{"rendered":"<p>Con el fin de apoyar a las familias en situaci\u00f3n de riesgo, agravada por la situaci\u00f3n de emergencia actual, el Ayuntamiento, a trav\u00e9s de su Departamento de Servicios Sociales, concede unas ayudas de emergencia mediante vales para la compra de productos b\u00e1sicos de alimentaci\u00f3n, higiene y aseo personal. Para tal fin se han definido los [&hellip;]<\/p>\n","protected":false},"author":75,"featured_media":0,"comment_status":"closed","ping_status":"closed","sticky":false,"template":"","format":"standard","meta":{"_et_pb_use_builder":"","_et_pb_old_content":"","_et_gb_content_width":"","footnotes":""},"categories":[53,66,406],"tags":[],"class_list":["post-11827","post","type-post","status-publish","format-standard","hentry","category-igualdad-diversidad-ac-social-vivienda","category-inicio","category-sin-categorizar-2"],"yoast_head":"<!-- This site is optimized with the Yoast SEO plugin v27.4 - https:\/\/yoast.com\/product\/yoast-seo-wordpress\/ -->\n<title>Ayudas de emergencia servicios sociales COVID-19 - Ajuntament de Santa Pola<\/title>\n<meta name=\"robots\" content=\"index, follow, max-snippet:-1, max-image-preview:large, max-video-preview:-1\" \/>\n<link rel=\"canonical\" href=\"https:\/\/santapola.es\/ca\/criterios-vales-de-servicios-sociales-covid-19\/\" \/>\n<meta property=\"og:locale\" content=\"ca_ES\" \/>\n<meta property=\"og:type\" content=\"article\" \/>\n<meta property=\"og:title\" content=\"Ayudas de emergencia servicios sociales COVID-19 - Ajuntament de Santa Pola\" \/>\n<meta property=\"og:description\" content=\"Con el fin de apoyar a las familias en situaci\u00f3n de riesgo, agravada por la situaci\u00f3n de emergencia actual, el Ayuntamiento, a trav\u00e9s de su Departamento de Servicios Sociales, concede unas ayudas de emergencia mediante vales para la compra de productos b\u00e1sicos de alimentaci\u00f3n, higiene y aseo personal. Para tal fin se han definido los [&hellip;]\" \/>\n<meta property=\"og:url\" content=\"https:\/\/santapola.es\/ca\/criterios-vales-de-servicios-sociales-covid-19\/\" \/>\n<meta property=\"og:site_name\" content=\"Ajuntament de Santa Pola\" \/>\n<meta property=\"article:publisher\" content=\"https:\/\/www.facebook.com\/AyuntamientoSantaPola\/\" \/>\n<meta property=\"article:published_time\" content=\"2020-03-23T12:54:39+00:00\" \/>\n<meta property=\"article:modified_time\" content=\"2024-03-07T17:38:14+00:00\" \/>\n<meta name=\"author\" content=\"\u00c1rea Municipal Alcald\u00eda\" \/>\n<meta name=\"twitter:card\" content=\"summary_large_image\" \/>\n<meta name=\"twitter:creator\" content=\"@SantaPolaAyunt\" \/>\n<meta name=\"twitter:site\" content=\"@SantaPolaAyunt\" \/>\n<script type=\"application\/ld+json\" class=\"yoast-schema-graph\">{\"@context\":\"https:\\\/\\\/schema.org\",\"@graph\":[{\"@type\":\"Article\",\"@id\":\"https:\\\/\\\/santapola.es\\\/ca\\\/criterios-vales-de-servicios-sociales-covid-19\\\/#article\",\"isPartOf\":{\"@id\":\"https:\\\/\\\/santapola.es\\\/ca\\\/criterios-vales-de-servicios-sociales-covid-19\\\/\"},\"author\":{\"name\":\"\u00c1rea Municipal Alcald\u00eda\",\"@id\":\"https:\\\/\\\/santapola.es\\\/ca\\\/#\\\/schema\\\/person\\\/c08381290b84c068e06ca5dc1f5a08a7\"},\"headline\":\"Ayudas de emergencia servicios sociales COVID-19\",\"datePublished\":\"2020-03-23T12:54:39+00:00\",\"dateModified\":\"2024-03-07T17:38:14+00:00\",\"mainEntityOfPage\":{\"@id\":\"https:\\\/\\\/santapola.es\\\/ca\\\/criterios-vales-de-servicios-sociales-covid-19\\\/\"},\"wordCount\":459,\"articleSection\":[\"Igualdad\\\/ Diversidad\\\/ Ac Social\\\/ Vivienda\",\"Inicio\",\"Sin categorizar\"],\"inLanguage\":\"ca\"},{\"@type\":\"WebPage\",\"@id\":\"https:\\\/\\\/santapola.es\\\/ca\\\/criterios-vales-de-servicios-sociales-covid-19\\\/\",\"url\":\"https:\\\/\\\/santapola.es\\\/ca\\\/criterios-vales-de-servicios-sociales-covid-19\\\/\",\"name\":\"Ayudas de emergencia servicios sociales COVID-19 - Ajuntament de Santa Pola\",\"isPartOf\":{\"@id\":\"https:\\\/\\\/santapola.es\\\/ca\\\/#website\"},\"datePublished\":\"2020-03-23T12:54:39+00:00\",\"dateModified\":\"2024-03-07T17:38:14+00:00\",\"author\":{\"@id\":\"https:\\\/\\\/santapola.es\\\/ca\\\/#\\\/schema\\\/person\\\/c08381290b84c068e06ca5dc1f5a08a7\"},\"breadcrumb\":{\"@id\":\"https:\\\/\\\/santapola.es\\\/ca\\\/criterios-vales-de-servicios-sociales-covid-19\\\/#breadcrumb\"},\"inLanguage\":\"ca\",\"potentialAction\":[{\"@type\":\"ReadAction\",\"target\":[\"https:\\\/\\\/santapola.es\\\/ca\\\/criterios-vales-de-servicios-sociales-covid-19\\\/\"]}]},{\"@type\":\"BreadcrumbList\",\"@id\":\"https:\\\/\\\/santapola.es\\\/ca\\\/criterios-vales-de-servicios-sociales-covid-19\\\/#breadcrumb\",\"itemListElement\":[{\"@type\":\"ListItem\",\"position\":1,\"name\":\"Inici\",\"item\":\"https:\\\/\\\/santapola.es\\\/ca\\\/\"},{\"@type\":\"ListItem\",\"position\":2,\"name\":\"Ayudas de emergencia servicios sociales COVID-19\"}]},{\"@type\":\"WebSite\",\"@id\":\"https:\\\/\\\/santapola.es\\\/ca\\\/#website\",\"url\":\"https:\\\/\\\/santapola.es\\\/ca\\\/\",\"name\":\"Ayuntamiento de Santa Pola\",\"description\":\"Web de l'Ajuntament de Santa Pola\",\"potentialAction\":[{\"@type\":\"SearchAction\",\"target\":{\"@type\":\"EntryPoint\",\"urlTemplate\":\"https:\\\/\\\/santapola.es\\\/ca\\\/?s={search_term_string}\"},\"query-input\":{\"@type\":\"PropertyValueSpecification\",\"valueRequired\":true,\"valueName\":\"search_term_string\"}}],\"inLanguage\":\"ca\"},{\"@type\":\"Person\",\"@id\":\"https:\\\/\\\/santapola.es\\\/ca\\\/#\\\/schema\\\/person\\\/c08381290b84c068e06ca5dc1f5a08a7\",\"name\":\"\u00c1rea Municipal Alcald\u00eda\"}]}<\/script>\n<!-- \/ Yoast SEO plugin. -->","yoast_head_json":{"title":"Ayudas de emergencia servicios sociales COVID-19 - Ajuntament de Santa Pola","robots":{"index":"index","follow":"follow","max-snippet":"max-snippet:-1","max-image-preview":"max-image-preview:large","max-video-preview":"max-video-preview:-1"},"canonical":"https:\/\/santapola.es\/ca\/criterios-vales-de-servicios-sociales-covid-19\/","og_locale":"ca_ES","og_type":"article","og_title":"Ayudas de emergencia servicios sociales COVID-19 - Ajuntament de Santa Pola","og_description":"Con el fin de apoyar a las familias en situaci\u00f3n de riesgo, agravada por la situaci\u00f3n de emergencia actual, el Ayuntamiento, a trav\u00e9s de su Departamento de Servicios Sociales, concede unas ayudas de emergencia mediante vales para la compra de productos b\u00e1sicos de alimentaci\u00f3n, higiene y aseo personal. Para tal fin se han definido los [&hellip;]","og_url":"https:\/\/santapola.es\/ca\/criterios-vales-de-servicios-sociales-covid-19\/","og_site_name":"Ajuntament de Santa Pola","article_publisher":"https:\/\/www.facebook.com\/AyuntamientoSantaPola\/","article_published_time":"2020-03-23T12:54:39+00:00","article_modified_time":"2024-03-07T17:38:14+00:00","author":"\u00c1rea Municipal Alcald\u00eda","twitter_card":"summary_large_image","twitter_creator":"@SantaPolaAyunt","twitter_site":"@SantaPolaAyunt","schema":{"@context":"https:\/\/schema.org","@graph":[{"@type":"Article","@id":"https:\/\/santapola.es\/ca\/criterios-vales-de-servicios-sociales-covid-19\/#article","isPartOf":{"@id":"https:\/\/santapola.es\/ca\/criterios-vales-de-servicios-sociales-covid-19\/"},"author":{"name":"\u00c1rea Municipal Alcald\u00eda","@id":"https:\/\/santapola.es\/ca\/#\/schema\/person\/c08381290b84c068e06ca5dc1f5a08a7"},"headline":"Ayudas de emergencia servicios sociales COVID-19","datePublished":"2020-03-23T12:54:39+00:00","dateModified":"2024-03-07T17:38:14+00:00","mainEntityOfPage":{"@id":"https:\/\/santapola.es\/ca\/criterios-vales-de-servicios-sociales-covid-19\/"},"wordCount":459,"articleSection":["Igualdad\/ Diversidad\/ Ac Social\/ Vivienda","Inicio","Sin categorizar"],"inLanguage":"ca"},{"@type":"WebPage","@id":"https:\/\/santapola.es\/ca\/criterios-vales-de-servicios-sociales-covid-19\/","url":"https:\/\/santapola.es\/ca\/criterios-vales-de-servicios-sociales-covid-19\/","name":"Ayudas de emergencia servicios sociales COVID-19 - Ajuntament de Santa Pola","isPartOf":{"@id":"https:\/\/santapola.es\/ca\/#website"},"datePublished":"2020-03-23T12:54:39+00:00","dateModified":"2024-03-07T17:38:14+00:00","author":{"@id":"https:\/\/santapola.es\/ca\/#\/schema\/person\/c08381290b84c068e06ca5dc1f5a08a7"},"breadcrumb":{"@id":"https:\/\/santapola.es\/ca\/criterios-vales-de-servicios-sociales-covid-19\/#breadcrumb"},"inLanguage":"ca","potentialAction":[{"@type":"ReadAction","target":["https:\/\/santapola.es\/ca\/criterios-vales-de-servicios-sociales-covid-19\/"]}]},{"@type":"BreadcrumbList","@id":"https:\/\/santapola.es\/ca\/criterios-vales-de-servicios-sociales-covid-19\/#breadcrumb","itemListElement":[{"@type":"ListItem","position":1,"name":"Inici","item":"https:\/\/santapola.es\/ca\/"},{"@type":"ListItem","position":2,"name":"Ayudas de emergencia servicios sociales COVID-19"}]},{"@type":"WebSite","@id":"https:\/\/santapola.es\/ca\/#website","url":"https:\/\/santapola.es\/ca\/","name":"Ayuntamiento de Santa Pola","description":"Web de l'Ajuntament de Santa Pola","potentialAction":[{"@type":"SearchAction","target":{"@type":"EntryPoint","urlTemplate":"https:\/\/santapola.es\/ca\/?s={search_term_string}"},"query-input":{"@type":"PropertyValueSpecification","valueRequired":true,"valueName":"search_term_string"}}],"inLanguage":"ca"},{"@type":"Person","@id":"https:\/\/santapola.es\/ca\/#\/schema\/person\/c08381290b84c068e06ca5dc1f5a08a7","name":"\u00c1rea Municipal Alcald\u00eda"}]}},"_links":{"self":[{"href":"https:\/\/santapola.es\/ca\/wp-json\/wp\/v2\/posts\/11827","targetHints":{"allow":["GET"]}}],"collection":[{"href":"https:\/\/santapola.es\/ca\/wp-json\/wp\/v2\/posts"}],"about":[{"href":"https:\/\/santapola.es\/ca\/wp-json\/wp\/v2\/types\/post"}],"author":[{"embeddable":true,"href":"https:\/\/santapola.es\/ca\/wp-json\/wp\/v2\/users\/75"}],"replies":[{"embeddable":true,"href":"https:\/\/santapola.es\/ca\/wp-json\/wp\/v2\/comments?post=11827"}],"version-history":[{"count":0,"href":"https:\/\/santapola.es\/ca\/wp-json\/wp\/v2\/posts\/11827\/revisions"}],"wp:attachment":[{"href":"https:\/\/santapola.es\/ca\/wp-json\/wp\/v2\/media?parent=11827"}],"wp:term":[{"taxonomy":"category","embeddable":true,"href":"https:\/\/santapola.es\/ca\/wp-json\/wp\/v2\/categories?post=11827"},{"taxonomy":"post_tag","embeddable":true,"href":"https:\/\/santapola.es\/ca\/wp-json\/wp\/v2\/tags?post=11827"}],"curies":[{"name":"wp","href":"https:\/\/api.w.org\/{rel}","templated":true}]}}