{"id":11824,"date":"2020-04-20T10:39:27","date_gmt":"2020-04-20T09:39:27","guid":{"rendered":"https:\/\/www.santapola.es\/?p=11824"},"modified":"2024-03-07T18:38:22","modified_gmt":"2024-03-07T17:38:22","slug":"atencion-telefonica-y-telematica-ayuntamiento-covid-19","status":"publish","type":"post","link":"https:\/\/santapola.es\/ca\/atencion-telefonica-y-telematica-ayuntamiento-covid-19\/","title":{"rendered":"Atenci\u00f3n telef\u00f3nica y telem\u00e1tica Ayuntamiento COVID-19"},"content":{"rendered":"<p style=\"text-align: justify;\"><strong>SERVICIOS SOCIALES<\/strong><br \/>\nDe lunes a viernes de 9 a 14 h.<br \/>\nTlf. 966 694 200 y 966 692 781<br \/>\nM\u00f3viles 647 658 317 y 661 544 787 s\u00f3lo para comunicar casos de urgencia: personas mayores que puedan estar desamparadas, casos de violencia de g\u00e9nero, menores en situaci\u00f3n de desprotecci\u00f3n, enfermos mentales vulnerables<br \/>\nSocial20@desarrollo.santapola.es<\/p>\n<p style=\"text-align: justify;\"><strong>PSICOLOG\u00cdA INFANTIL<\/strong><br \/>\nConsultas psicol\u00f3gicas por correo electr\u00f3nico psicologia3@desarrollo.santapola.es<br \/>\n<a href=\"https:\/\/santapola.es\/wp-content\/uploads\/2020\/03\/RECOMENDACIONES-COVID-10-progenitores-con-menores.pdf\" target=\"_blank\" rel=\"noopener noreferrer\">Recomendaciones psicol\u00f3gicas para la cuarentena para familias con menores.<\/a><br \/>\n<a href=\"https:\/\/santapola.es\/wp-content\/uploads\/2020\/03\/RECOMENDACIONES-COVID-10-mayores.pdf\" target=\"_blank\" rel=\"noopener noreferrer\">Recomendaciones psicol\u00f3gicas para mayores durante la cuarentena.\u00a0<\/a><br \/>\n<a href=\"https:\/\/santapola.es\/wp-content\/uploads\/2020\/04\/RECOMENDACIONES-para-la-gestion-de-pensamientos-y-ansiedad.pdf\" target=\"_blank\" rel=\"noopener noreferrer\">Recomendaciones psicol\u00f3gicas para la gesti\u00f3n de los pensamientos y ansiedad.<\/a><\/p>\n<p style=\"text-align: justify;\"><strong>OFICINA PANGEA \/ AMICS<\/strong><br \/>\nDe lunes a viernes de 9 a 12:30 h.<br \/>\nTlf. 966 696 208<\/p>\n<p style=\"text-align: justify;\"><strong>LIMPIEZA, RECOGIDA RESIDUOS Y ENSERES &#8211; URBASER<\/strong><br \/>\nIncidencias Whatsapp 686 801 323<\/p>\n<p style=\"text-align: justify;\"><strong>AGENCIA DE DESARROLLO LOCAL <\/strong><br \/>\nDe 8:30 a 14:00 h. de lunes a viernes.<br \/>\nTlf. 647 763 040 y 670 241 867<br \/>\n<a href=\"http:\/\/www.adldesarrollo.santapola.es\" target=\"_blank\" rel=\"noopener noreferrer\">www.adldesarrollo.santapola.es<\/a><br \/>\nEmpleo: fmacia@adldesarrollo.santapola.es<br \/>\nEmpresas: ijimenez@adldesarrollo.santapola.es<br \/>\nFormaci\u00f3n: ranton@adldesarrollo.santapola.es<br \/>\nGeneral: correo@adldesarrollo.santapola.es<br \/>\nCita previa certificados digitales: pru@adldesarrollo.santapola.es<br \/>\nServicio Informaci\u00f3n empresarios: <a href=\"https:\/\/www.adldesarrollo.santapola.es\/es\/servicios\/empresas\/servicios-empresarios\" target=\"_blank\" rel=\"noopener noreferrer\">https:\/\/www.adldesarrollo.santapola.es\/es\/servicios\/empresas\/servicios-empresarios<\/a><br \/>\nAula Mentor: <a href=\"https:\/\/www.adldesarrollo.santapola.es\/es\/servicios\/formacion\/mentor\" target=\"_blank\" rel=\"noopener noreferrer\">https:\/\/www.adldesarrollo.santapola.es\/es\/servicios\/formacion\/mentor<\/a><\/p>\n<p style=\"text-align: justify;\"><strong>REGISTRO DE ENTRADA AYUNTAMIENTO<\/strong><br \/>\nDe lunes a viernes de 9 a 14 h.<br \/>\nTlf. 965 411 100<br \/>\nregistro telem\u00e1tico en <a href=\"http:\/\/santapola.es\" target=\"_blank\" rel=\"noopener noreferrer\">www.desarrollo.santapola.es<\/a><br \/>\nestadistica<span class=\"gmail_default\">5<\/span>@desarrollo.santapola.es<br \/>\nestadistica<span class=\"gmail_default\">2<\/span>@desarrollo.santapola.es<br \/>\nestadistica<span class=\"gmail_default\">6<\/span>@desarrollo.santapola.es<br \/>\nestadistica11@desarrollo.santapola.es<\/p>\n<p style=\"text-align: justify;\"><strong>PADR\u00d3N HABITANTES<\/strong><br \/>\nMientras se encuentre vigente la situaci\u00f3n de Estado de Alarma, se podr\u00e1n solicitar altas y modificaciones en el Padr\u00f3n de Habitantes a trav\u00e9s del correo electr\u00f3nico estadistica5@desarrollo.santapola.es<br \/>\nPara ello deber\u00e1n realizar, a trav\u00e9s de este medio, una solicitud especificando las personas sobre las que se solicita el alta\/modificaci\u00f3n, lugar de procedencia (en caso de nuevas altas) y nivel de estudios de cada una de ellas. Al email se deber\u00e1 adjuntar la documentaci\u00f3n de identidad (DNI, Libro de Familia en caso de menores, NIE, pasaporte u otros), as\u00ed como la documentaci\u00f3n que acredite el derecho a ocupar la vivienda en cuesti\u00f3n (Escritura de propiedad, contrato de compra-venta, contrato de arrendamiento u otros).<br \/>\nEn caso de altas o cambios de domicilio de menores de edad con uno solo de los progenitores, se deber\u00e1 acreditar estar en posesi\u00f3n de la guarda y custodia de los mismos. Pueden ampliar la informaci\u00f3n en los tel\u00e9fonos 965411100 o 965411108.<br \/>\nEn breve estar\u00e1 disponible este tr\u00e1mite a trav\u00e9s de nuestra Sede Electr\u00f3nica.<\/p>\n<p style=\"text-align: justify;\"><strong>ACTIVIDADES Y OCUPACI\u00d3N V\u00cdA P\u00daBLICA<\/strong><br \/>\ninfraestructura4@desarrollo.santapola.es<br \/>\ninfraestructura15@desarrollo.santapola.es<\/p>\n<p style=\"text-align: justify;\"><strong>URBANISMO<\/strong><br \/>\nCertificados de compatibilidad urban\u00edstica y alquileres tur\u00edsticos: urbanismo1@desarrollo.santapola.es<br \/>\nObras mayores y declaraciones responsables: urbanismo4@desarrollo.santapola.es<br \/>\nLicencias de segunda ocupaci\u00f3n: urbanismo3@desarrollo.santapola.es<br \/>\nLicencias de primera ocupaci\u00f3n, infracciones urban\u00edsticas y obras menores: urbanismo2@desarrollo.santapola.es<br \/>\nInfracciones urban\u00edsticas, certificados de infracciones y de no infracciones: urbanismo5@desarrollo.santapola.es<\/p>\n<p><strong>RENTAS <\/strong><br \/>\nrentas8@desarrollo.santapola.es<br \/>\nrentas2@desarrollo.santapola.es<br \/>\nrentas5@desarrollo.santapola.es<br \/>\nrentas1@desarrollo.santapola.es<\/p>\n<p style=\"text-align: justify;\"><b>TESORER\u00cdA<\/b><br \/>\nPago Proveedores, mantenimiento de terceros y relaciones con entidades financieras &#8211; tesoreria4@desarrollo.santapola.es<br \/>\nIngresos y relaciones con entidades financieras &#8211; tesoreria1@desarrollo.santapola.es<br \/>\nPagos y mantenimiento de terceros &#8211; tesoreria2@desarrollo.santapola.es<br \/>\nRecaudaci\u00f3n ejecutiva &#8211; ejecutiva3@desarrollo.santapola.es<br \/>\nJefa de \u00c1rea &#8211; tesoreria8@desarrollo.santapola.es<\/p>\n<p><strong>EDUCACI\u00d3N<\/strong><br \/>\ncultura4@desarrollo.santapola.es<\/p>\n<p style=\"text-align: justify;\"><strong>EVENTOS<\/strong><br \/>\neventos2@desarrollo.santapola.es<\/p>\n<p style=\"text-align: justify;\"><strong>BODAS CIVILES, TARJETAS Y RESERVA PLAZAS MINUSV\u00c1LIDOS<\/strong><br \/>\ngobernacion2@desarrollo.santapola.es<br \/>\ngobernacion4@desarrollo.santapola.es<\/p>\n<p style=\"text-align: justify;\"><strong>COMERCIO<\/strong><br \/>\nDe lunes a viernes de 8.30 a 14 horas.<br \/>\nTlf. 966 693 684 consumo<br \/>\nTlf. 966 694 746 mercado y comercio<br \/>\nMercado Central est\u00e1 abierto y cuenta con vigilancia.<\/p>\n<p><strong>EMPRENDE SANTA POLA<\/strong><br \/>\nemprendedores@desarrollo.santapola.es<\/p>\n<div><strong>CASA DE CULTURA<\/strong><\/div>\n<div>De lunes a viernes de 8.30 a 14.00h<\/div>\n<div>Tlf. 966 692 776<\/div>\n<div>Informaci\u00f3n casacultura4@desarrollo.santapola.es<\/div>\n<div>Administraci\u00f3n casacultura1@desarrollo.santapola.es<\/div>\n<div><\/div>\n<div><strong>BIBLIOTECAS<\/strong><br \/>\nLunes, mi\u00e9rcoles, jueves y viernes de 8:30 a 14h.<br \/>\n966 694 008 &#8211; biblioteca Infantil (centro c\u00edvico)<br \/>\n966 692 773 &#8211; biblioteca Central<br \/>\n966 697 110 &#8211; biblioteca Internacional Gran Alacant<br \/>\nWhatsapp Bibliotecas 664 152 168<\/div>\n<div><\/div>\n<div><strong>ARCHIVO MUNICIPAL<\/strong><br \/>\nLunes a viernes de 8:30 a 14h<br \/>\nTlf. 966 690 342<\/div>\n<div>\n<p><strong style=\"text-align: justify;\">JUVENTUD &#8211; RAC\u00d3 JOVE<br \/>\n<\/strong><span style=\"text-align: justify;\">De lunes a viernes de 9 a 14:00 h.<br \/>\n<\/span><span style=\"text-align: justify;\">Tlf. 966 694 040<br \/>\n<\/span><span style=\"text-align: justify;\">racojove@santaola.es<\/span><\/p>\n<\/div>\n<p style=\"text-align: justify;\"><strong>INSTALACIONES DEPORTIVAS<\/strong><br \/>\nDe lunes a s\u00e1bado de 8:30 a 14:00 h.<br \/>\nTlf. 620 749 463<br \/>\ncultura3@desarrollo.santapola.es<\/p>\n<p style=\"text-align: justify;\"><strong>TURISMO<\/strong><br \/>\nDe lunes a viernes de 10 a 14:00 h.<br \/>\nTlf. 966 692 276<br \/>\nsantapola@touristinfo.net<\/p>\n<p style=\"text-align: justify;\"><strong>OFICINA DE VALENCIANO &#8211; AVIVA<\/strong><br \/>\nDe lunes a viernes de 8:30 a 14:00 h.<br \/>\nTlf. 966 692 773<br \/>\nofival.santapola@gmail.com<\/p>\n<p><strong>JUZGADO DE PAZ<br \/>\n<\/strong>jpaz_santapola@gva.es<\/p>\n<p style=\"text-align: justify;\"><strong>PROCESOS TELEM\u00c1TICOS<\/strong><br \/>\n<a href=\"http:\/\/santapola.es\" target=\"_blank\" rel=\"noopener noreferrer\">www.desarrollo.santapola.es<\/a><\/p>\n<p style=\"text-align: justify;\"><strong>INCIDENCIAS<\/strong><br \/>\ninfo@desarrollo.santapola.es<\/p>\n<p><strong>INFORMACI\u00d3N OFICIAL COVID-19<\/strong><br \/>\n<a href=\"https:\/\/santapola.es\/2020\/03\/23\/informacion-coronavirus-covid-19\/\" target=\"_blank\" rel=\"noopener noreferrer\">https:\/\/santapola.es\/2020\/03\/23\/informacion-coronavirus-covid-19\/<\/a><\/p>\n<p style=\"text-align: justify;\"><strong>ENGLISH INFORMATION:<\/strong> <a href=\"https:\/\/santapola.es\/2020\/03\/26\/atencion-telefonica-y-telematica-ayuntamiento-covid-19\/?lang=en\">https:\/\/santapola.es\/2020\/03\/26\/atencion-telefonica-y-telematica-ayuntamiento-covid-19\/?lang=en<\/a><\/p>\n","protected":false},"excerpt":{"rendered":"<p>SERVICIOS SOCIALES De lunes a viernes de 9 a 14 h. Tlf. 966 694 200 y 966 692 781 M\u00f3viles 647 658 317 y 661 544 787 s\u00f3lo para comunicar casos de urgencia: personas mayores que puedan estar desamparadas, casos de violencia de g\u00e9nero, menores en situaci\u00f3n de desprotecci\u00f3n, enfermos mentales vulnerables Social20@desarrollo.santapola.es PSICOLOG\u00cdA INFANTIL [&hellip;]<\/p>\n","protected":false},"author":75,"featured_media":0,"comment_status":"closed","ping_status":"closed","sticky":false,"template":"","format":"standard","meta":{"_et_pb_use_builder":"","_et_pb_old_content":"","_et_gb_content_width":"","footnotes":""},"categories":[64,62,53,66,63,57,55,56,54,406],"tags":[],"class_list":["post-11824","post","type-post","status-publish","format-standard","hentry","category-avisos","category-emprende","category-igualdad-diversidad-ac-social-vivienda","category-inicio","category-participacion-ciudadana-transparencia","category-playas-turismo-pesca","category-recursos-humanos","category-seguridad-ciudadana-proteccion-civil","category-servicios-publicos-infraestructura-fomento-cementerios","category-sin-categorizar-2"],"yoast_head":"<!-- This site is optimized with the Yoast SEO plugin v27.4 - https:\/\/yoast.com\/product\/yoast-seo-wordpress\/ -->\n<title>Atenci\u00f3n telef\u00f3nica y telem\u00e1tica Ayuntamiento COVID-19 - Ajuntament de Santa Pola<\/title>\n<meta name=\"robots\" content=\"index, follow, max-snippet:-1, max-image-preview:large, max-video-preview:-1\" \/>\n<link rel=\"canonical\" href=\"https:\/\/santapola.es\/ca\/atencion-telefonica-y-telematica-ayuntamiento-covid-19\/\" \/>\n<meta property=\"og:locale\" content=\"ca_ES\" \/>\n<meta property=\"og:type\" content=\"article\" \/>\n<meta property=\"og:title\" content=\"Atenci\u00f3n telef\u00f3nica y telem\u00e1tica Ayuntamiento COVID-19 - Ajuntament de Santa Pola\" \/>\n<meta property=\"og:description\" content=\"SERVICIOS SOCIALES De lunes a viernes de 9 a 14 h. Tlf. 966 694 200 y 966 692 781 M\u00f3viles 647 658 317 y 661 544 787 s\u00f3lo para comunicar casos de urgencia: personas mayores que puedan estar desamparadas, casos de violencia de g\u00e9nero, menores en situaci\u00f3n de desprotecci\u00f3n, enfermos mentales vulnerables Social20@desarrollo.santapola.es PSICOLOG\u00cdA INFANTIL [&hellip;]\" \/>\n<meta property=\"og:url\" content=\"https:\/\/santapola.es\/ca\/atencion-telefonica-y-telematica-ayuntamiento-covid-19\/\" \/>\n<meta property=\"og:site_name\" content=\"Ajuntament de Santa Pola\" \/>\n<meta property=\"article:publisher\" content=\"https:\/\/www.facebook.com\/AyuntamientoSantaPola\/\" \/>\n<meta property=\"article:published_time\" content=\"2020-04-20T09:39:27+00:00\" \/>\n<meta property=\"article:modified_time\" content=\"2024-03-07T17:38:22+00:00\" \/>\n<meta name=\"author\" content=\"\u00c1rea Municipal Alcald\u00eda\" \/>\n<meta name=\"twitter:card\" content=\"summary_large_image\" \/>\n<meta name=\"twitter:creator\" content=\"@SantaPolaAyunt\" \/>\n<meta name=\"twitter:site\" content=\"@SantaPolaAyunt\" \/>\n<script type=\"application\/ld+json\" class=\"yoast-schema-graph\">{\"@context\":\"https:\\\/\\\/schema.org\",\"@graph\":[{\"@type\":\"Article\",\"@id\":\"https:\\\/\\\/santapola.es\\\/ca\\\/atencion-telefonica-y-telematica-ayuntamiento-covid-19\\\/#article\",\"isPartOf\":{\"@id\":\"https:\\\/\\\/santapola.es\\\/ca\\\/atencion-telefonica-y-telematica-ayuntamiento-covid-19\\\/\"},\"author\":{\"name\":\"\u00c1rea Municipal Alcald\u00eda\",\"@id\":\"https:\\\/\\\/santapola.es\\\/ca\\\/#\\\/schema\\\/person\\\/c08381290b84c068e06ca5dc1f5a08a7\"},\"headline\":\"Atenci\u00f3n telef\u00f3nica y telem\u00e1tica Ayuntamiento COVID-19\",\"datePublished\":\"2020-04-20T09:39:27+00:00\",\"dateModified\":\"2024-03-07T17:38:22+00:00\",\"mainEntityOfPage\":{\"@id\":\"https:\\\/\\\/santapola.es\\\/ca\\\/atencion-telefonica-y-telematica-ayuntamiento-covid-19\\\/\"},\"wordCount\":769,\"articleSection\":[\"Avisos\",\"Emprende Santa Pola\",\"Igualdad\\\/ Diversidad\\\/ Ac Social\\\/ Vivienda\",\"Inicio\",\"Participaci\u00f3n Ciudadana \\\/ Transparencia\",\"Playas \\\/ Turismo \\\/ Pesca\",\"Recursos Humanos\",\"Seguridad Ciudadana \\\/ Protecci\u00f3n Civil\",\"Servicios p\u00fablicos \\\/ infraestructura \\\/ fomento \\\/ cementerios\",\"Sin categorizar\"],\"inLanguage\":\"ca\"},{\"@type\":\"WebPage\",\"@id\":\"https:\\\/\\\/santapola.es\\\/ca\\\/atencion-telefonica-y-telematica-ayuntamiento-covid-19\\\/\",\"url\":\"https:\\\/\\\/santapola.es\\\/ca\\\/atencion-telefonica-y-telematica-ayuntamiento-covid-19\\\/\",\"name\":\"Atenci\u00f3n telef\u00f3nica y telem\u00e1tica Ayuntamiento COVID-19 - Ajuntament de Santa Pola\",\"isPartOf\":{\"@id\":\"https:\\\/\\\/santapola.es\\\/ca\\\/#website\"},\"datePublished\":\"2020-04-20T09:39:27+00:00\",\"dateModified\":\"2024-03-07T17:38:22+00:00\",\"author\":{\"@id\":\"https:\\\/\\\/santapola.es\\\/ca\\\/#\\\/schema\\\/person\\\/c08381290b84c068e06ca5dc1f5a08a7\"},\"breadcrumb\":{\"@id\":\"https:\\\/\\\/santapola.es\\\/ca\\\/atencion-telefonica-y-telematica-ayuntamiento-covid-19\\\/#breadcrumb\"},\"inLanguage\":\"ca\",\"potentialAction\":[{\"@type\":\"ReadAction\",\"target\":[\"https:\\\/\\\/santapola.es\\\/ca\\\/atencion-telefonica-y-telematica-ayuntamiento-covid-19\\\/\"]}]},{\"@type\":\"BreadcrumbList\",\"@id\":\"https:\\\/\\\/santapola.es\\\/ca\\\/atencion-telefonica-y-telematica-ayuntamiento-covid-19\\\/#breadcrumb\",\"itemListElement\":[{\"@type\":\"ListItem\",\"position\":1,\"name\":\"Inici\",\"item\":\"https:\\\/\\\/santapola.es\\\/ca\\\/\"},{\"@type\":\"ListItem\",\"position\":2,\"name\":\"Atenci\u00f3n telef\u00f3nica y telem\u00e1tica Ayuntamiento COVID-19\"}]},{\"@type\":\"WebSite\",\"@id\":\"https:\\\/\\\/santapola.es\\\/ca\\\/#website\",\"url\":\"https:\\\/\\\/santapola.es\\\/ca\\\/\",\"name\":\"Ayuntamiento de Santa Pola\",\"description\":\"Web de l'Ajuntament de Santa Pola\",\"potentialAction\":[{\"@type\":\"SearchAction\",\"target\":{\"@type\":\"EntryPoint\",\"urlTemplate\":\"https:\\\/\\\/santapola.es\\\/ca\\\/?s={search_term_string}\"},\"query-input\":{\"@type\":\"PropertyValueSpecification\",\"valueRequired\":true,\"valueName\":\"search_term_string\"}}],\"inLanguage\":\"ca\"},{\"@type\":\"Person\",\"@id\":\"https:\\\/\\\/santapola.es\\\/ca\\\/#\\\/schema\\\/person\\\/c08381290b84c068e06ca5dc1f5a08a7\",\"name\":\"\u00c1rea Municipal Alcald\u00eda\"}]}<\/script>\n<!-- \/ Yoast SEO plugin. -->","yoast_head_json":{"title":"Atenci\u00f3n telef\u00f3nica y telem\u00e1tica Ayuntamiento COVID-19 - Ajuntament de Santa Pola","robots":{"index":"index","follow":"follow","max-snippet":"max-snippet:-1","max-image-preview":"max-image-preview:large","max-video-preview":"max-video-preview:-1"},"canonical":"https:\/\/santapola.es\/ca\/atencion-telefonica-y-telematica-ayuntamiento-covid-19\/","og_locale":"ca_ES","og_type":"article","og_title":"Atenci\u00f3n telef\u00f3nica y telem\u00e1tica Ayuntamiento COVID-19 - Ajuntament de Santa Pola","og_description":"SERVICIOS SOCIALES De lunes a viernes de 9 a 14 h. Tlf. 966 694 200 y 966 692 781 M\u00f3viles 647 658 317 y 661 544 787 s\u00f3lo para comunicar casos de urgencia: personas mayores que puedan estar desamparadas, casos de violencia de g\u00e9nero, menores en situaci\u00f3n de desprotecci\u00f3n, enfermos mentales vulnerables Social20@desarrollo.santapola.es PSICOLOG\u00cdA INFANTIL [&hellip;]","og_url":"https:\/\/santapola.es\/ca\/atencion-telefonica-y-telematica-ayuntamiento-covid-19\/","og_site_name":"Ajuntament de Santa Pola","article_publisher":"https:\/\/www.facebook.com\/AyuntamientoSantaPola\/","article_published_time":"2020-04-20T09:39:27+00:00","article_modified_time":"2024-03-07T17:38:22+00:00","author":"\u00c1rea Municipal Alcald\u00eda","twitter_card":"summary_large_image","twitter_creator":"@SantaPolaAyunt","twitter_site":"@SantaPolaAyunt","schema":{"@context":"https:\/\/schema.org","@graph":[{"@type":"Article","@id":"https:\/\/santapola.es\/ca\/atencion-telefonica-y-telematica-ayuntamiento-covid-19\/#article","isPartOf":{"@id":"https:\/\/santapola.es\/ca\/atencion-telefonica-y-telematica-ayuntamiento-covid-19\/"},"author":{"name":"\u00c1rea Municipal Alcald\u00eda","@id":"https:\/\/santapola.es\/ca\/#\/schema\/person\/c08381290b84c068e06ca5dc1f5a08a7"},"headline":"Atenci\u00f3n telef\u00f3nica y telem\u00e1tica Ayuntamiento COVID-19","datePublished":"2020-04-20T09:39:27+00:00","dateModified":"2024-03-07T17:38:22+00:00","mainEntityOfPage":{"@id":"https:\/\/santapola.es\/ca\/atencion-telefonica-y-telematica-ayuntamiento-covid-19\/"},"wordCount":769,"articleSection":["Avisos","Emprende Santa Pola","Igualdad\/ Diversidad\/ Ac Social\/ Vivienda","Inicio","Participaci\u00f3n Ciudadana \/ Transparencia","Playas \/ Turismo \/ Pesca","Recursos Humanos","Seguridad Ciudadana \/ Protecci\u00f3n Civil","Servicios p\u00fablicos \/ infraestructura \/ fomento \/ cementerios","Sin categorizar"],"inLanguage":"ca"},{"@type":"WebPage","@id":"https:\/\/santapola.es\/ca\/atencion-telefonica-y-telematica-ayuntamiento-covid-19\/","url":"https:\/\/santapola.es\/ca\/atencion-telefonica-y-telematica-ayuntamiento-covid-19\/","name":"Atenci\u00f3n telef\u00f3nica y telem\u00e1tica Ayuntamiento COVID-19 - Ajuntament de Santa Pola","isPartOf":{"@id":"https:\/\/santapola.es\/ca\/#website"},"datePublished":"2020-04-20T09:39:27+00:00","dateModified":"2024-03-07T17:38:22+00:00","author":{"@id":"https:\/\/santapola.es\/ca\/#\/schema\/person\/c08381290b84c068e06ca5dc1f5a08a7"},"breadcrumb":{"@id":"https:\/\/santapola.es\/ca\/atencion-telefonica-y-telematica-ayuntamiento-covid-19\/#breadcrumb"},"inLanguage":"ca","potentialAction":[{"@type":"ReadAction","target":["https:\/\/santapola.es\/ca\/atencion-telefonica-y-telematica-ayuntamiento-covid-19\/"]}]},{"@type":"BreadcrumbList","@id":"https:\/\/santapola.es\/ca\/atencion-telefonica-y-telematica-ayuntamiento-covid-19\/#breadcrumb","itemListElement":[{"@type":"ListItem","position":1,"name":"Inici","item":"https:\/\/santapola.es\/ca\/"},{"@type":"ListItem","position":2,"name":"Atenci\u00f3n telef\u00f3nica y telem\u00e1tica Ayuntamiento COVID-19"}]},{"@type":"WebSite","@id":"https:\/\/santapola.es\/ca\/#website","url":"https:\/\/santapola.es\/ca\/","name":"Ayuntamiento de Santa Pola","description":"Web de l'Ajuntament de Santa Pola","potentialAction":[{"@type":"SearchAction","target":{"@type":"EntryPoint","urlTemplate":"https:\/\/santapola.es\/ca\/?s={search_term_string}"},"query-input":{"@type":"PropertyValueSpecification","valueRequired":true,"valueName":"search_term_string"}}],"inLanguage":"ca"},{"@type":"Person","@id":"https:\/\/santapola.es\/ca\/#\/schema\/person\/c08381290b84c068e06ca5dc1f5a08a7","name":"\u00c1rea Municipal Alcald\u00eda"}]}},"_links":{"self":[{"href":"https:\/\/santapola.es\/ca\/wp-json\/wp\/v2\/posts\/11824","targetHints":{"allow":["GET"]}}],"collection":[{"href":"https:\/\/santapola.es\/ca\/wp-json\/wp\/v2\/posts"}],"about":[{"href":"https:\/\/santapola.es\/ca\/wp-json\/wp\/v2\/types\/post"}],"author":[{"embeddable":true,"href":"https:\/\/santapola.es\/ca\/wp-json\/wp\/v2\/users\/75"}],"replies":[{"embeddable":true,"href":"https:\/\/santapola.es\/ca\/wp-json\/wp\/v2\/comments?post=11824"}],"version-history":[{"count":0,"href":"https:\/\/santapola.es\/ca\/wp-json\/wp\/v2\/posts\/11824\/revisions"}],"wp:attachment":[{"href":"https:\/\/santapola.es\/ca\/wp-json\/wp\/v2\/media?parent=11824"}],"wp:term":[{"taxonomy":"category","embeddable":true,"href":"https:\/\/santapola.es\/ca\/wp-json\/wp\/v2\/categories?post=11824"},{"taxonomy":"post_tag","embeddable":true,"href":"https:\/\/santapola.es\/ca\/wp-json\/wp\/v2\/tags?post=11824"}],"curies":[{"name":"wp","href":"https:\/\/api.w.org\/{rel}","templated":true}]}}