{"id":11793,"date":"2020-03-17T19:07:17","date_gmt":"2020-03-17T18:07:17","guid":{"rendered":"https:\/\/www.santapola.es\/?p=11793"},"modified":"2024-03-07T18:38:13","modified_gmt":"2024-03-07T17:38:13","slug":"el-equipo-de-gobierno-se-reune-con-el-director-general-de-infraestructuras-educativas-de-la-generalitat-valenciana","status":"publish","type":"post","link":"https:\/\/santapola.es\/ca\/el-equipo-de-gobierno-se-reune-con-el-director-general-de-infraestructuras-educativas-de-la-generalitat-valenciana\/","title":{"rendered":"El Equipo de Gobierno se re\u00fane con el Director General de Infraestructuras Educativas de la Generalitat Valenciana"},"content":{"rendered":"<p style=\"text-align: justify;\">El jueves, 12 de marzo, la alcaldesa de Santa Pola, junto a la concejala de Educaci\u00f3n y el concejal de Gran Alacant se desplazaron a Valencia para mantener una reuni\u00f3n con el Director General de Infraestructuras Educativas.<\/p>\n<p style=\"text-align: justify;\">All\u00ed se trataron varios asuntos. Por un lado conocer exactamente en qu\u00e9 situaci\u00f3n se encontraba el Plan Edificant y que se iba a plantear para el plan Edificant 2.<\/p>\n<p style=\"text-align: justify;\">La concejala de Educaci\u00f3n le propuso que se realicen proyectos integrales en todos los colegios de la localidad.<\/p>\n<p style=\"text-align: justify;\">Lo que se quiere plantear es informar de todas las necesidades que requiere cada centro y que en vez de realizarse \u201cparcheando\u201d como hasta ahora, sea con proyectos integrales. Por ejemplo si se realiza en un colegio una gran inversi\u00f3n en calefacci\u00f3n tambi\u00e9n se deben reemplazar las viejas ventanas y as\u00ed se optimicen todos los recursos.<\/p>\n<p style=\"text-align: justify;\">La semana anterior ya se iniciaron visitas a los centros escolares con los t\u00e9cnicos municipales para ver qu\u00e9 reparaciones ser\u00edan las m\u00e1s adecuadas. A partir de ah\u00ed se enviar\u00e1 a Conseller\u00eda y lo que se plantean es ejecutar estas acciones por fases anuales en cada centro o bien cada a\u00f1o centrarse en algunos centros.<\/p>\n<p style=\"text-align: justify;\">Por otra parte, se le pregunt\u00f3 en qu\u00e9 situaci\u00f3n se encuentra la construcci\u00f3n del Colegio Hispanidad. Nos informaron que est\u00e1n terminando de revisar la memoria que le hab\u00edamos enviado y que probablemente tendr\u00edamos que subsanar alg\u00fan tipo de deficiencia. Quedamos a la espera de que se nos informe de las deficiencias para realizar las modificaciones oportunas y se apruebe definitivamente.<\/p>\n<p style=\"text-align: justify;\">En lo que respecta a la construcci\u00f3n del segundo colegio de Gran Alacant, cabe recordar que este compete a Conseller\u00eda todos los tr\u00e1mites, es por ello que tras haber solicitado Conseller\u00eda a la empresa encargada la subsanaci\u00f3n de las deficiencias que hab\u00edan, nos confirman que en el plazo de un mes estar\u00e1n resueltas, a partir de ah\u00ed lo \u00fanico que queda es que Intervenci\u00f3n de Conseller\u00eda autorice la retenci\u00f3n de cr\u00e9dito y empezar\u00e1n con la correspondiente licitaci\u00f3n.<\/p>\n<p style=\"text-align: justify;\">Desde Conseller\u00eda calculan que aproximadamente a finales de este a\u00f1o comenzar\u00e1 la construcci\u00f3n del segundo colegio de Gran Alacant.<\/p>\n<p style=\"text-align: justify;\">Respecto al instituto de Gran Alacant, el proyecto que envi\u00f3 este equipo de gobierno ya ha sido aprobado por Conseller\u00eda, que est\u00e1 realizando los tr\u00e1mites necesarios para llevar a cabo la delegaci\u00f3n de competencias a favor del Ayuntamiento, seg\u00fan prev\u00e9 Conseller\u00eda esto se realizar\u00e1 en torno al mes de Junio.<\/p>\n<p style=\"text-align: justify;\">Por parte del Ayuntamiento, tan pronto se realice la delegaci\u00f3n de competencias, se llevar\u00e1 a cabo la licitaci\u00f3n para la redacci\u00f3n del proyecto y su posterior ejecuci\u00f3n.<\/p>\n<p style=\"text-align: justify;\">La ejecuci\u00f3n de la obra podr\u00eda empezar a finales del a\u00f1o 2020 principios del a\u00f1o 2021, si no hay retraso en ning\u00fan tr\u00e1mite.<\/p>\n<p style=\"text-align: justify;\">Por \u00faltimo se ha tratado el asunto de la ubicaci\u00f3n de los m\u00f3dulos temporales de la secci\u00f3n del instituto de Gran Alacant. Al Director General le ha parecido que la propuesta de ubicaci\u00f3n, junto al pabell\u00f3n deportivo de Gran Alacant, era una propuesta interesante que est\u00e1n estudiando para que est\u00e9 lista en septiembre de este a\u00f1o.<\/p>\n","protected":false},"excerpt":{"rendered":"<p>El jueves, 12 de marzo, la alcaldesa de Santa Pola, junto a la concejala de Educaci\u00f3n y el concejal de Gran Alacant se desplazaron a Valencia para mantener una reuni\u00f3n con el Director General de Infraestructuras Educativas. All\u00ed se trataron varios asuntos. Por un lado conocer exactamente en qu\u00e9 situaci\u00f3n se encontraba el Plan Edificant [&hellip;]<\/p>\n","protected":false},"author":75,"featured_media":0,"comment_status":"closed","ping_status":"closed","sticky":false,"template":"","format":"standard","meta":{"_et_pb_use_builder":"","_et_pb_old_content":"","_et_gb_content_width":"","footnotes":""},"categories":[60,66,406],"tags":[],"class_list":["post-11793","post","type-post","status-publish","format-standard","hentry","category-educacion-juventud","category-inicio","category-sin-categorizar-2"],"yoast_head":"<!-- This site is optimized with the Yoast SEO plugin v27.4 - https:\/\/yoast.com\/product\/yoast-seo-wordpress\/ -->\n<title>El Equipo de Gobierno se re\u00fane con el Director General de Infraestructuras Educativas de la Generalitat Valenciana - Ajuntament de Santa Pola<\/title>\n<meta name=\"robots\" content=\"index, follow, max-snippet:-1, max-image-preview:large, max-video-preview:-1\" \/>\n<link rel=\"canonical\" href=\"https:\/\/santapola.es\/ca\/el-equipo-de-gobierno-se-reune-con-el-director-general-de-infraestructuras-educativas-de-la-generalitat-valenciana\/\" \/>\n<meta property=\"og:locale\" content=\"ca_ES\" \/>\n<meta property=\"og:type\" content=\"article\" \/>\n<meta property=\"og:title\" content=\"El Equipo de Gobierno se re\u00fane con el Director General de Infraestructuras Educativas de la Generalitat Valenciana - Ajuntament de Santa Pola\" \/>\n<meta property=\"og:description\" content=\"El jueves, 12 de marzo, la alcaldesa de Santa Pola, junto a la concejala de Educaci\u00f3n y el concejal de Gran Alacant se desplazaron a Valencia para mantener una reuni\u00f3n con el Director General de Infraestructuras Educativas. All\u00ed se trataron varios asuntos. Por un lado conocer exactamente en qu\u00e9 situaci\u00f3n se encontraba el Plan Edificant [&hellip;]\" \/>\n<meta property=\"og:url\" content=\"https:\/\/santapola.es\/ca\/el-equipo-de-gobierno-se-reune-con-el-director-general-de-infraestructuras-educativas-de-la-generalitat-valenciana\/\" \/>\n<meta property=\"og:site_name\" content=\"Ajuntament de Santa Pola\" \/>\n<meta property=\"article:publisher\" content=\"https:\/\/www.facebook.com\/AyuntamientoSantaPola\/\" \/>\n<meta property=\"article:published_time\" content=\"2020-03-17T18:07:17+00:00\" \/>\n<meta property=\"article:modified_time\" content=\"2024-03-07T17:38:13+00:00\" \/>\n<meta name=\"author\" content=\"\u00c1rea Municipal Alcald\u00eda\" \/>\n<meta name=\"twitter:card\" content=\"summary_large_image\" \/>\n<meta name=\"twitter:creator\" content=\"@SantaPolaAyunt\" \/>\n<meta name=\"twitter:site\" content=\"@SantaPolaAyunt\" \/>\n<script type=\"application\/ld+json\" class=\"yoast-schema-graph\">{\"@context\":\"https:\\\/\\\/schema.org\",\"@graph\":[{\"@type\":\"Article\",\"@id\":\"https:\\\/\\\/santapola.es\\\/ca\\\/el-equipo-de-gobierno-se-reune-con-el-director-general-de-infraestructuras-educativas-de-la-generalitat-valenciana\\\/#article\",\"isPartOf\":{\"@id\":\"https:\\\/\\\/santapola.es\\\/ca\\\/el-equipo-de-gobierno-se-reune-con-el-director-general-de-infraestructuras-educativas-de-la-generalitat-valenciana\\\/\"},\"author\":{\"name\":\"\u00c1rea Municipal Alcald\u00eda\",\"@id\":\"https:\\\/\\\/santapola.es\\\/ca\\\/#\\\/schema\\\/person\\\/c08381290b84c068e06ca5dc1f5a08a7\"},\"headline\":\"El Equipo de Gobierno se re\u00fane con el Director General de Infraestructuras Educativas de la Generalitat Valenciana\",\"datePublished\":\"2020-03-17T18:07:17+00:00\",\"dateModified\":\"2024-03-07T17:38:13+00:00\",\"mainEntityOfPage\":{\"@id\":\"https:\\\/\\\/santapola.es\\\/ca\\\/el-equipo-de-gobierno-se-reune-con-el-director-general-de-infraestructuras-educativas-de-la-generalitat-valenciana\\\/\"},\"wordCount\":576,\"articleSection\":[\"Educaci\u00f3n \\\/ Juventud\",\"Inicio\",\"Sin categorizar\"],\"inLanguage\":\"ca\"},{\"@type\":\"WebPage\",\"@id\":\"https:\\\/\\\/santapola.es\\\/ca\\\/el-equipo-de-gobierno-se-reune-con-el-director-general-de-infraestructuras-educativas-de-la-generalitat-valenciana\\\/\",\"url\":\"https:\\\/\\\/santapola.es\\\/ca\\\/el-equipo-de-gobierno-se-reune-con-el-director-general-de-infraestructuras-educativas-de-la-generalitat-valenciana\\\/\",\"name\":\"El Equipo de Gobierno se re\u00fane con el Director General de Infraestructuras Educativas de la Generalitat Valenciana - Ajuntament de Santa Pola\",\"isPartOf\":{\"@id\":\"https:\\\/\\\/santapola.es\\\/ca\\\/#website\"},\"datePublished\":\"2020-03-17T18:07:17+00:00\",\"dateModified\":\"2024-03-07T17:38:13+00:00\",\"author\":{\"@id\":\"https:\\\/\\\/santapola.es\\\/ca\\\/#\\\/schema\\\/person\\\/c08381290b84c068e06ca5dc1f5a08a7\"},\"breadcrumb\":{\"@id\":\"https:\\\/\\\/santapola.es\\\/ca\\\/el-equipo-de-gobierno-se-reune-con-el-director-general-de-infraestructuras-educativas-de-la-generalitat-valenciana\\\/#breadcrumb\"},\"inLanguage\":\"ca\",\"potentialAction\":[{\"@type\":\"ReadAction\",\"target\":[\"https:\\\/\\\/santapola.es\\\/ca\\\/el-equipo-de-gobierno-se-reune-con-el-director-general-de-infraestructuras-educativas-de-la-generalitat-valenciana\\\/\"]}]},{\"@type\":\"BreadcrumbList\",\"@id\":\"https:\\\/\\\/santapola.es\\\/ca\\\/el-equipo-de-gobierno-se-reune-con-el-director-general-de-infraestructuras-educativas-de-la-generalitat-valenciana\\\/#breadcrumb\",\"itemListElement\":[{\"@type\":\"ListItem\",\"position\":1,\"name\":\"Inici\",\"item\":\"https:\\\/\\\/santapola.es\\\/ca\\\/\"},{\"@type\":\"ListItem\",\"position\":2,\"name\":\"El Equipo de Gobierno se re\u00fane con el Director General de Infraestructuras Educativas de la Generalitat Valenciana\"}]},{\"@type\":\"WebSite\",\"@id\":\"https:\\\/\\\/santapola.es\\\/ca\\\/#website\",\"url\":\"https:\\\/\\\/santapola.es\\\/ca\\\/\",\"name\":\"Ayuntamiento de Santa Pola\",\"description\":\"Web de l'Ajuntament de Santa Pola\",\"potentialAction\":[{\"@type\":\"SearchAction\",\"target\":{\"@type\":\"EntryPoint\",\"urlTemplate\":\"https:\\\/\\\/santapola.es\\\/ca\\\/?s={search_term_string}\"},\"query-input\":{\"@type\":\"PropertyValueSpecification\",\"valueRequired\":true,\"valueName\":\"search_term_string\"}}],\"inLanguage\":\"ca\"},{\"@type\":\"Person\",\"@id\":\"https:\\\/\\\/santapola.es\\\/ca\\\/#\\\/schema\\\/person\\\/c08381290b84c068e06ca5dc1f5a08a7\",\"name\":\"\u00c1rea Municipal Alcald\u00eda\"}]}<\/script>\n<!-- \/ Yoast SEO plugin. -->","yoast_head_json":{"title":"El Equipo de Gobierno se re\u00fane con el Director General de Infraestructuras Educativas de la Generalitat Valenciana - Ajuntament de Santa Pola","robots":{"index":"index","follow":"follow","max-snippet":"max-snippet:-1","max-image-preview":"max-image-preview:large","max-video-preview":"max-video-preview:-1"},"canonical":"https:\/\/santapola.es\/ca\/el-equipo-de-gobierno-se-reune-con-el-director-general-de-infraestructuras-educativas-de-la-generalitat-valenciana\/","og_locale":"ca_ES","og_type":"article","og_title":"El Equipo de Gobierno se re\u00fane con el Director General de Infraestructuras Educativas de la Generalitat Valenciana - Ajuntament de Santa Pola","og_description":"El jueves, 12 de marzo, la alcaldesa de Santa Pola, junto a la concejala de Educaci\u00f3n y el concejal de Gran Alacant se desplazaron a Valencia para mantener una reuni\u00f3n con el Director General de Infraestructuras Educativas. All\u00ed se trataron varios asuntos. Por un lado conocer exactamente en qu\u00e9 situaci\u00f3n se encontraba el Plan Edificant [&hellip;]","og_url":"https:\/\/santapola.es\/ca\/el-equipo-de-gobierno-se-reune-con-el-director-general-de-infraestructuras-educativas-de-la-generalitat-valenciana\/","og_site_name":"Ajuntament de Santa Pola","article_publisher":"https:\/\/www.facebook.com\/AyuntamientoSantaPola\/","article_published_time":"2020-03-17T18:07:17+00:00","article_modified_time":"2024-03-07T17:38:13+00:00","author":"\u00c1rea Municipal Alcald\u00eda","twitter_card":"summary_large_image","twitter_creator":"@SantaPolaAyunt","twitter_site":"@SantaPolaAyunt","schema":{"@context":"https:\/\/schema.org","@graph":[{"@type":"Article","@id":"https:\/\/santapola.es\/ca\/el-equipo-de-gobierno-se-reune-con-el-director-general-de-infraestructuras-educativas-de-la-generalitat-valenciana\/#article","isPartOf":{"@id":"https:\/\/santapola.es\/ca\/el-equipo-de-gobierno-se-reune-con-el-director-general-de-infraestructuras-educativas-de-la-generalitat-valenciana\/"},"author":{"name":"\u00c1rea Municipal Alcald\u00eda","@id":"https:\/\/santapola.es\/ca\/#\/schema\/person\/c08381290b84c068e06ca5dc1f5a08a7"},"headline":"El Equipo de Gobierno se re\u00fane con el Director General de Infraestructuras Educativas de la Generalitat Valenciana","datePublished":"2020-03-17T18:07:17+00:00","dateModified":"2024-03-07T17:38:13+00:00","mainEntityOfPage":{"@id":"https:\/\/santapola.es\/ca\/el-equipo-de-gobierno-se-reune-con-el-director-general-de-infraestructuras-educativas-de-la-generalitat-valenciana\/"},"wordCount":576,"articleSection":["Educaci\u00f3n \/ Juventud","Inicio","Sin categorizar"],"inLanguage":"ca"},{"@type":"WebPage","@id":"https:\/\/santapola.es\/ca\/el-equipo-de-gobierno-se-reune-con-el-director-general-de-infraestructuras-educativas-de-la-generalitat-valenciana\/","url":"https:\/\/santapola.es\/ca\/el-equipo-de-gobierno-se-reune-con-el-director-general-de-infraestructuras-educativas-de-la-generalitat-valenciana\/","name":"El Equipo de Gobierno se re\u00fane con el Director General de Infraestructuras Educativas de la Generalitat Valenciana - Ajuntament de Santa Pola","isPartOf":{"@id":"https:\/\/santapola.es\/ca\/#website"},"datePublished":"2020-03-17T18:07:17+00:00","dateModified":"2024-03-07T17:38:13+00:00","author":{"@id":"https:\/\/santapola.es\/ca\/#\/schema\/person\/c08381290b84c068e06ca5dc1f5a08a7"},"breadcrumb":{"@id":"https:\/\/santapola.es\/ca\/el-equipo-de-gobierno-se-reune-con-el-director-general-de-infraestructuras-educativas-de-la-generalitat-valenciana\/#breadcrumb"},"inLanguage":"ca","potentialAction":[{"@type":"ReadAction","target":["https:\/\/santapola.es\/ca\/el-equipo-de-gobierno-se-reune-con-el-director-general-de-infraestructuras-educativas-de-la-generalitat-valenciana\/"]}]},{"@type":"BreadcrumbList","@id":"https:\/\/santapola.es\/ca\/el-equipo-de-gobierno-se-reune-con-el-director-general-de-infraestructuras-educativas-de-la-generalitat-valenciana\/#breadcrumb","itemListElement":[{"@type":"ListItem","position":1,"name":"Inici","item":"https:\/\/santapola.es\/ca\/"},{"@type":"ListItem","position":2,"name":"El Equipo de Gobierno se re\u00fane con el Director General de Infraestructuras Educativas de la Generalitat Valenciana"}]},{"@type":"WebSite","@id":"https:\/\/santapola.es\/ca\/#website","url":"https:\/\/santapola.es\/ca\/","name":"Ayuntamiento de Santa Pola","description":"Web de l'Ajuntament de Santa Pola","potentialAction":[{"@type":"SearchAction","target":{"@type":"EntryPoint","urlTemplate":"https:\/\/santapola.es\/ca\/?s={search_term_string}"},"query-input":{"@type":"PropertyValueSpecification","valueRequired":true,"valueName":"search_term_string"}}],"inLanguage":"ca"},{"@type":"Person","@id":"https:\/\/santapola.es\/ca\/#\/schema\/person\/c08381290b84c068e06ca5dc1f5a08a7","name":"\u00c1rea Municipal Alcald\u00eda"}]}},"_links":{"self":[{"href":"https:\/\/santapola.es\/ca\/wp-json\/wp\/v2\/posts\/11793","targetHints":{"allow":["GET"]}}],"collection":[{"href":"https:\/\/santapola.es\/ca\/wp-json\/wp\/v2\/posts"}],"about":[{"href":"https:\/\/santapola.es\/ca\/wp-json\/wp\/v2\/types\/post"}],"author":[{"embeddable":true,"href":"https:\/\/santapola.es\/ca\/wp-json\/wp\/v2\/users\/75"}],"replies":[{"embeddable":true,"href":"https:\/\/santapola.es\/ca\/wp-json\/wp\/v2\/comments?post=11793"}],"version-history":[{"count":0,"href":"https:\/\/santapola.es\/ca\/wp-json\/wp\/v2\/posts\/11793\/revisions"}],"wp:attachment":[{"href":"https:\/\/santapola.es\/ca\/wp-json\/wp\/v2\/media?parent=11793"}],"wp:term":[{"taxonomy":"category","embeddable":true,"href":"https:\/\/santapola.es\/ca\/wp-json\/wp\/v2\/categories?post=11793"},{"taxonomy":"post_tag","embeddable":true,"href":"https:\/\/santapola.es\/ca\/wp-json\/wp\/v2\/tags?post=11793"}],"curies":[{"name":"wp","href":"https:\/\/api.w.org\/{rel}","templated":true}]}}