{"id":11776,"date":"2020-03-16T13:08:01","date_gmt":"2020-03-16T12:08:01","guid":{"rendered":"https:\/\/www.santapola.es\/?p=11776"},"modified":"2024-03-07T18:38:12","modified_gmt":"2024-03-07T17:38:12","slug":"el-ayuntamiento-toma-medidas-preventivas-para-no-transmitir-el-virus-y-para-ello-la-alcaldesa-firma-decreto-y-bando","status":"publish","type":"post","link":"https:\/\/santapola.es\/ca\/el-ayuntamiento-toma-medidas-preventivas-para-no-transmitir-el-virus-y-para-ello-la-alcaldesa-firma-decreto-y-bando\/","title":{"rendered":"El Ayuntamiento toma medidas preventivas para no transmitir el virus y para ello, la alcaldesa firma decreto y bando"},"content":{"rendered":"<p>Lunes, 16 de marzo de 2020<\/p>\n<p>De conformidad con la Declaraci\u00f3n del Estado de Alarma el Ayuntamiento de Santa Pola <strong>ha emitido decreto para garantizar los servicios m\u00ednimos municipales<\/strong>:<\/p>\n<p>Respecto al personal municipal afecto a Servicios Externos (jardiner\u00eda, obras, electricidad, servicios generales&#8230;), se establecer\u00e1n un Servicios de Guardias Localizadas a trav\u00e9s del tel\u00e9fono m\u00f3vil por turnos diarios.<br \/>\nSe realizar\u00e1n en las instalaciones municipales (instalaciones deportivas y dem\u00e1s instalaciones externas) servicio de guardia por una persona.<br \/>\nQuienes no est\u00e9n de guardia deber\u00e1n permanecer en su casa de conformidad con el estado de emergencia.<\/p>\n<p><strong>No habr\u00e1 atenci\u00f3n presencial en las Dependencias Municipales,<\/strong> y para el personas administrativo y t\u00e9cnico se establece un m\u00ednimo por cada departamento. El personal de riesgo permanecer\u00e1 en su casa. As\u00ed mismo quien no forme parte de ese m\u00ednimo deber\u00e1 permanecer en sus domicilios.<br \/>\nLa actividad y trabajo en la v\u00edas p\u00fablicas solamente se permite para los casos previstos en la declaraci\u00f3n del estado de emergencia, por lo tanto deben de cesar cualquier actividad o trabajo ajeno a las medidas adoptadas.<\/p>\n<p>Se utilizar\u00e1 la v\u00eda de emergencia para contratar necesidades b\u00e1sicas de personas necesitadas as\u00ed como la adquisici\u00f3n de material destinado a la prevenci\u00f3n de la transmisi\u00f3n del virus.<br \/>\nSe encarga a la empresa concesionaria del SAD, que debe hacerse cargo de los servicios que el Ayuntamiento ven\u00eda prestando hasta ahora, ya que el Ayuntamiento no dispone de material suficiente para la protecci\u00f3n de los trabajadores municipales.<\/p>\n<p><strong>Adem\u00e1s, se ha emitido el siguiente bando:<\/strong><\/p>\n<p>Recordar la obligaci\u00f3n de la entrega de mascarillas y dem\u00e1s material m\u00e9dico tal y como se declara en el estado de alarma.<\/p>\n<p>Solicitar a las empresas que pueden permanecer abiertas seg\u00fan la declaraci\u00f3n de Alarma que deben mantenerse las distancias de seguridad asi como respetar la capacidad del establecimiento fijada en las medidas que obran en la declaraci\u00f3n de alarma.<\/p>\n<p>Recordar la situaci\u00f3n de emergencia y la necesaria obligaci\u00f3n y colaboraci\u00f3n en orden al cumplimiento de las medidas dispuestas que redundan en el beneficio de todos y cuyo objetivo es la superaci\u00f3n de la crisis.<\/p>\n<p>No se realizar\u00e1 atenci\u00f3n presencial en las Dependencias Municipales. Los tr\u00e1mites urgentes se podr\u00e1n realizar a trav\u00e9s de la p\u00e1gina web municipal www.desarrollo.santapola.es y la atenci\u00f3n telef\u00f3nica llamando al tel\u00e9fono 965411100 y en los n\u00fameros que constan en la p\u00e1gina web.<\/p>\n<h3><strong>CONSULTA AQU\u00cd:<\/strong><\/h3>\n<h3><strong><a href=\"https:\/\/santapola.es\/wp-content\/uploads\/2020\/03\/decreto_emergencia-1.pdf\" target=\"_blank\" rel=\"noopener noreferrer\">DECRETO<\/a> <\/strong><\/h3>\n<h3><a href=\"https:\/\/santapola.es\/wp-content\/uploads\/2020\/03\/Bando_emergencia.pdf\" target=\"_blank\" rel=\"noopener noreferrer\"><strong>BANDO<\/strong><\/a><\/h3>\n","protected":false},"excerpt":{"rendered":"<p>Lunes, 16 de marzo de 2020 De conformidad con la Declaraci\u00f3n del Estado de Alarma el Ayuntamiento de Santa Pola ha emitido decreto para garantizar los servicios m\u00ednimos municipales: Respecto al personal municipal afecto a Servicios Externos (jardiner\u00eda, obras, electricidad, servicios generales&#8230;), se establecer\u00e1n un Servicios de Guardias Localizadas a trav\u00e9s del tel\u00e9fono m\u00f3vil por [&hellip;]<\/p>\n","protected":false},"author":75,"featured_media":0,"comment_status":"closed","ping_status":"closed","sticky":false,"template":"","format":"standard","meta":{"_et_pb_use_builder":"","_et_pb_old_content":"","_et_gb_content_width":"","footnotes":""},"categories":[61,66,406],"tags":[],"class_list":["post-11776","post","type-post","status-publish","format-standard","hentry","category-alcaldia","category-inicio","category-sin-categorizar-2"],"yoast_head":"<!-- This site is optimized with the Yoast SEO plugin v27.4 - https:\/\/yoast.com\/product\/yoast-seo-wordpress\/ -->\n<title>El Ayuntamiento toma medidas preventivas para no transmitir el virus y para ello, la alcaldesa firma decreto y bando - Ajuntament de Santa Pola<\/title>\n<meta name=\"robots\" content=\"index, follow, max-snippet:-1, max-image-preview:large, max-video-preview:-1\" \/>\n<link rel=\"canonical\" href=\"https:\/\/santapola.es\/ca\/el-ayuntamiento-toma-medidas-preventivas-para-no-transmitir-el-virus-y-para-ello-la-alcaldesa-firma-decreto-y-bando\/\" \/>\n<meta property=\"og:locale\" content=\"ca_ES\" \/>\n<meta property=\"og:type\" content=\"article\" \/>\n<meta property=\"og:title\" content=\"El Ayuntamiento toma medidas preventivas para no transmitir el virus y para ello, la alcaldesa firma decreto y bando - Ajuntament de Santa Pola\" \/>\n<meta property=\"og:description\" content=\"Lunes, 16 de marzo de 2020 De conformidad con la Declaraci\u00f3n del Estado de Alarma el Ayuntamiento de Santa Pola ha emitido decreto para garantizar los servicios m\u00ednimos municipales: Respecto al personal municipal afecto a Servicios Externos (jardiner\u00eda, obras, electricidad, servicios generales&#8230;), se establecer\u00e1n un Servicios de Guardias Localizadas a trav\u00e9s del tel\u00e9fono m\u00f3vil por [&hellip;]\" \/>\n<meta property=\"og:url\" content=\"https:\/\/santapola.es\/ca\/el-ayuntamiento-toma-medidas-preventivas-para-no-transmitir-el-virus-y-para-ello-la-alcaldesa-firma-decreto-y-bando\/\" \/>\n<meta property=\"og:site_name\" content=\"Ajuntament de Santa Pola\" \/>\n<meta property=\"article:publisher\" content=\"https:\/\/www.facebook.com\/AyuntamientoSantaPola\/\" \/>\n<meta property=\"article:published_time\" content=\"2020-03-16T12:08:01+00:00\" \/>\n<meta property=\"article:modified_time\" content=\"2024-03-07T17:38:12+00:00\" \/>\n<meta name=\"author\" content=\"\u00c1rea Municipal Alcald\u00eda\" \/>\n<meta name=\"twitter:card\" content=\"summary_large_image\" \/>\n<meta name=\"twitter:creator\" content=\"@SantaPolaAyunt\" \/>\n<meta name=\"twitter:site\" content=\"@SantaPolaAyunt\" \/>\n<script type=\"application\/ld+json\" class=\"yoast-schema-graph\">{\"@context\":\"https:\\\/\\\/schema.org\",\"@graph\":[{\"@type\":\"Article\",\"@id\":\"https:\\\/\\\/santapola.es\\\/ca\\\/el-ayuntamiento-toma-medidas-preventivas-para-no-transmitir-el-virus-y-para-ello-la-alcaldesa-firma-decreto-y-bando\\\/#article\",\"isPartOf\":{\"@id\":\"https:\\\/\\\/santapola.es\\\/ca\\\/el-ayuntamiento-toma-medidas-preventivas-para-no-transmitir-el-virus-y-para-ello-la-alcaldesa-firma-decreto-y-bando\\\/\"},\"author\":{\"name\":\"\u00c1rea Municipal Alcald\u00eda\",\"@id\":\"https:\\\/\\\/santapola.es\\\/ca\\\/#\\\/schema\\\/person\\\/c08381290b84c068e06ca5dc1f5a08a7\"},\"headline\":\"El Ayuntamiento toma medidas preventivas para no transmitir el virus y para ello, la alcaldesa firma decreto y bando\",\"datePublished\":\"2020-03-16T12:08:01+00:00\",\"dateModified\":\"2024-03-07T17:38:12+00:00\",\"mainEntityOfPage\":{\"@id\":\"https:\\\/\\\/santapola.es\\\/ca\\\/el-ayuntamiento-toma-medidas-preventivas-para-no-transmitir-el-virus-y-para-ello-la-alcaldesa-firma-decreto-y-bando\\\/\"},\"wordCount\":451,\"articleSection\":[\"Alcald\u00eda\",\"Inicio\",\"Sin categorizar\"],\"inLanguage\":\"ca\"},{\"@type\":\"WebPage\",\"@id\":\"https:\\\/\\\/santapola.es\\\/ca\\\/el-ayuntamiento-toma-medidas-preventivas-para-no-transmitir-el-virus-y-para-ello-la-alcaldesa-firma-decreto-y-bando\\\/\",\"url\":\"https:\\\/\\\/santapola.es\\\/ca\\\/el-ayuntamiento-toma-medidas-preventivas-para-no-transmitir-el-virus-y-para-ello-la-alcaldesa-firma-decreto-y-bando\\\/\",\"name\":\"El Ayuntamiento toma medidas preventivas para no transmitir el virus y para ello, la alcaldesa firma decreto y bando - Ajuntament de Santa Pola\",\"isPartOf\":{\"@id\":\"https:\\\/\\\/santapola.es\\\/ca\\\/#website\"},\"datePublished\":\"2020-03-16T12:08:01+00:00\",\"dateModified\":\"2024-03-07T17:38:12+00:00\",\"author\":{\"@id\":\"https:\\\/\\\/santapola.es\\\/ca\\\/#\\\/schema\\\/person\\\/c08381290b84c068e06ca5dc1f5a08a7\"},\"breadcrumb\":{\"@id\":\"https:\\\/\\\/santapola.es\\\/ca\\\/el-ayuntamiento-toma-medidas-preventivas-para-no-transmitir-el-virus-y-para-ello-la-alcaldesa-firma-decreto-y-bando\\\/#breadcrumb\"},\"inLanguage\":\"ca\",\"potentialAction\":[{\"@type\":\"ReadAction\",\"target\":[\"https:\\\/\\\/santapola.es\\\/ca\\\/el-ayuntamiento-toma-medidas-preventivas-para-no-transmitir-el-virus-y-para-ello-la-alcaldesa-firma-decreto-y-bando\\\/\"]}]},{\"@type\":\"BreadcrumbList\",\"@id\":\"https:\\\/\\\/santapola.es\\\/ca\\\/el-ayuntamiento-toma-medidas-preventivas-para-no-transmitir-el-virus-y-para-ello-la-alcaldesa-firma-decreto-y-bando\\\/#breadcrumb\",\"itemListElement\":[{\"@type\":\"ListItem\",\"position\":1,\"name\":\"Inici\",\"item\":\"https:\\\/\\\/santapola.es\\\/ca\\\/\"},{\"@type\":\"ListItem\",\"position\":2,\"name\":\"El Ayuntamiento toma medidas preventivas para no transmitir el virus y para ello, la alcaldesa firma decreto y bando\"}]},{\"@type\":\"WebSite\",\"@id\":\"https:\\\/\\\/santapola.es\\\/ca\\\/#website\",\"url\":\"https:\\\/\\\/santapola.es\\\/ca\\\/\",\"name\":\"Ayuntamiento de Santa Pola\",\"description\":\"Web de l'Ajuntament de Santa Pola\",\"potentialAction\":[{\"@type\":\"SearchAction\",\"target\":{\"@type\":\"EntryPoint\",\"urlTemplate\":\"https:\\\/\\\/santapola.es\\\/ca\\\/?s={search_term_string}\"},\"query-input\":{\"@type\":\"PropertyValueSpecification\",\"valueRequired\":true,\"valueName\":\"search_term_string\"}}],\"inLanguage\":\"ca\"},{\"@type\":\"Person\",\"@id\":\"https:\\\/\\\/santapola.es\\\/ca\\\/#\\\/schema\\\/person\\\/c08381290b84c068e06ca5dc1f5a08a7\",\"name\":\"\u00c1rea Municipal Alcald\u00eda\"}]}<\/script>\n<!-- \/ Yoast SEO plugin. -->","yoast_head_json":{"title":"El Ayuntamiento toma medidas preventivas para no transmitir el virus y para ello, la alcaldesa firma decreto y bando - Ajuntament de Santa Pola","robots":{"index":"index","follow":"follow","max-snippet":"max-snippet:-1","max-image-preview":"max-image-preview:large","max-video-preview":"max-video-preview:-1"},"canonical":"https:\/\/santapola.es\/ca\/el-ayuntamiento-toma-medidas-preventivas-para-no-transmitir-el-virus-y-para-ello-la-alcaldesa-firma-decreto-y-bando\/","og_locale":"ca_ES","og_type":"article","og_title":"El Ayuntamiento toma medidas preventivas para no transmitir el virus y para ello, la alcaldesa firma decreto y bando - Ajuntament de Santa Pola","og_description":"Lunes, 16 de marzo de 2020 De conformidad con la Declaraci\u00f3n del Estado de Alarma el Ayuntamiento de Santa Pola ha emitido decreto para garantizar los servicios m\u00ednimos municipales: Respecto al personal municipal afecto a Servicios Externos (jardiner\u00eda, obras, electricidad, servicios generales&#8230;), se establecer\u00e1n un Servicios de Guardias Localizadas a trav\u00e9s del tel\u00e9fono m\u00f3vil por [&hellip;]","og_url":"https:\/\/santapola.es\/ca\/el-ayuntamiento-toma-medidas-preventivas-para-no-transmitir-el-virus-y-para-ello-la-alcaldesa-firma-decreto-y-bando\/","og_site_name":"Ajuntament de Santa Pola","article_publisher":"https:\/\/www.facebook.com\/AyuntamientoSantaPola\/","article_published_time":"2020-03-16T12:08:01+00:00","article_modified_time":"2024-03-07T17:38:12+00:00","author":"\u00c1rea Municipal Alcald\u00eda","twitter_card":"summary_large_image","twitter_creator":"@SantaPolaAyunt","twitter_site":"@SantaPolaAyunt","schema":{"@context":"https:\/\/schema.org","@graph":[{"@type":"Article","@id":"https:\/\/santapola.es\/ca\/el-ayuntamiento-toma-medidas-preventivas-para-no-transmitir-el-virus-y-para-ello-la-alcaldesa-firma-decreto-y-bando\/#article","isPartOf":{"@id":"https:\/\/santapola.es\/ca\/el-ayuntamiento-toma-medidas-preventivas-para-no-transmitir-el-virus-y-para-ello-la-alcaldesa-firma-decreto-y-bando\/"},"author":{"name":"\u00c1rea Municipal Alcald\u00eda","@id":"https:\/\/santapola.es\/ca\/#\/schema\/person\/c08381290b84c068e06ca5dc1f5a08a7"},"headline":"El Ayuntamiento toma medidas preventivas para no transmitir el virus y para ello, la alcaldesa firma decreto y bando","datePublished":"2020-03-16T12:08:01+00:00","dateModified":"2024-03-07T17:38:12+00:00","mainEntityOfPage":{"@id":"https:\/\/santapola.es\/ca\/el-ayuntamiento-toma-medidas-preventivas-para-no-transmitir-el-virus-y-para-ello-la-alcaldesa-firma-decreto-y-bando\/"},"wordCount":451,"articleSection":["Alcald\u00eda","Inicio","Sin categorizar"],"inLanguage":"ca"},{"@type":"WebPage","@id":"https:\/\/santapola.es\/ca\/el-ayuntamiento-toma-medidas-preventivas-para-no-transmitir-el-virus-y-para-ello-la-alcaldesa-firma-decreto-y-bando\/","url":"https:\/\/santapola.es\/ca\/el-ayuntamiento-toma-medidas-preventivas-para-no-transmitir-el-virus-y-para-ello-la-alcaldesa-firma-decreto-y-bando\/","name":"El Ayuntamiento toma medidas preventivas para no transmitir el virus y para ello, la alcaldesa firma decreto y bando - Ajuntament de Santa Pola","isPartOf":{"@id":"https:\/\/santapola.es\/ca\/#website"},"datePublished":"2020-03-16T12:08:01+00:00","dateModified":"2024-03-07T17:38:12+00:00","author":{"@id":"https:\/\/santapola.es\/ca\/#\/schema\/person\/c08381290b84c068e06ca5dc1f5a08a7"},"breadcrumb":{"@id":"https:\/\/santapola.es\/ca\/el-ayuntamiento-toma-medidas-preventivas-para-no-transmitir-el-virus-y-para-ello-la-alcaldesa-firma-decreto-y-bando\/#breadcrumb"},"inLanguage":"ca","potentialAction":[{"@type":"ReadAction","target":["https:\/\/santapola.es\/ca\/el-ayuntamiento-toma-medidas-preventivas-para-no-transmitir-el-virus-y-para-ello-la-alcaldesa-firma-decreto-y-bando\/"]}]},{"@type":"BreadcrumbList","@id":"https:\/\/santapola.es\/ca\/el-ayuntamiento-toma-medidas-preventivas-para-no-transmitir-el-virus-y-para-ello-la-alcaldesa-firma-decreto-y-bando\/#breadcrumb","itemListElement":[{"@type":"ListItem","position":1,"name":"Inici","item":"https:\/\/santapola.es\/ca\/"},{"@type":"ListItem","position":2,"name":"El Ayuntamiento toma medidas preventivas para no transmitir el virus y para ello, la alcaldesa firma decreto y bando"}]},{"@type":"WebSite","@id":"https:\/\/santapola.es\/ca\/#website","url":"https:\/\/santapola.es\/ca\/","name":"Ayuntamiento de Santa Pola","description":"Web de l'Ajuntament de Santa Pola","potentialAction":[{"@type":"SearchAction","target":{"@type":"EntryPoint","urlTemplate":"https:\/\/santapola.es\/ca\/?s={search_term_string}"},"query-input":{"@type":"PropertyValueSpecification","valueRequired":true,"valueName":"search_term_string"}}],"inLanguage":"ca"},{"@type":"Person","@id":"https:\/\/santapola.es\/ca\/#\/schema\/person\/c08381290b84c068e06ca5dc1f5a08a7","name":"\u00c1rea Municipal Alcald\u00eda"}]}},"_links":{"self":[{"href":"https:\/\/santapola.es\/ca\/wp-json\/wp\/v2\/posts\/11776","targetHints":{"allow":["GET"]}}],"collection":[{"href":"https:\/\/santapola.es\/ca\/wp-json\/wp\/v2\/posts"}],"about":[{"href":"https:\/\/santapola.es\/ca\/wp-json\/wp\/v2\/types\/post"}],"author":[{"embeddable":true,"href":"https:\/\/santapola.es\/ca\/wp-json\/wp\/v2\/users\/75"}],"replies":[{"embeddable":true,"href":"https:\/\/santapola.es\/ca\/wp-json\/wp\/v2\/comments?post=11776"}],"version-history":[{"count":0,"href":"https:\/\/santapola.es\/ca\/wp-json\/wp\/v2\/posts\/11776\/revisions"}],"wp:attachment":[{"href":"https:\/\/santapola.es\/ca\/wp-json\/wp\/v2\/media?parent=11776"}],"wp:term":[{"taxonomy":"category","embeddable":true,"href":"https:\/\/santapola.es\/ca\/wp-json\/wp\/v2\/categories?post=11776"},{"taxonomy":"post_tag","embeddable":true,"href":"https:\/\/santapola.es\/ca\/wp-json\/wp\/v2\/tags?post=11776"}],"curies":[{"name":"wp","href":"https:\/\/api.w.org\/{rel}","templated":true}]}}