{"id":11562,"date":"2020-02-18T09:26:39","date_gmt":"2020-02-18T08:26:39","guid":{"rendered":"https:\/\/www.santapola.es\/?p=11562"},"modified":"2024-03-07T18:38:05","modified_gmt":"2024-03-07T17:38:05","slug":"subvenciones-a-empresas-por-la-contratacion-de-jovenes-cualificados-en-el-marco-del-sistema-nacional-de-garantia-juvenil-avalem-joves","status":"publish","type":"post","link":"https:\/\/santapola.es\/ca\/subvenciones-a-empresas-por-la-contratacion-de-jovenes-cualificados-en-el-marco-del-sistema-nacional-de-garantia-juvenil-avalem-joves\/","title":{"rendered":"Subvenciones a empresas por la contrataci\u00f3n de j\u00f3venes cualificados en el marco del sistema nacional de garant\u00eda juvenil (Avalem Joves)"},"content":{"rendered":"<p style=\"text-align: justify;\">El pasado 13 de febrero se public\u00f3 la convocatoria para el ejercicio 2020 del Programa de fomento (AVALEM JOVES), en el marco del Sistema Nacional de Garant\u00eda Juvenil.<\/p>\n<p style=\"text-align: justify;\">Hay dos tipos de subvenciones:<\/p>\n<p style=\"text-align: justify;\"><strong>1. Contrataci\u00f3n en pr\u00e1cticas de personas j\u00f3venes cualificadas<br \/>\n<\/strong>Podr\u00e1n ser beneficiarias de subvenciones desde 10.640\u20ac a 11.970\u20ac, cualquier entidad empleadora, incluidas las personas trabajadoras aut\u00f3nomas, con centro de trabajo en la Comunitat Valenciana, que realicen una contrataci\u00f3n en pr\u00e1cticas a jornada completa durante al menos 12 meses de personas que cumplan con los siguientes requisitos:<br \/>\n&#8211; Personas j\u00f3venes mayores de 16 a\u00f1os.<br \/>\n&#8211; Con una cualificaci\u00f3n profesional reconocida por el sistema de formaci\u00f3n profesional para el empleo o del sistema educativo.<br \/>\n&#8211; Inscritas como beneficiarias en el fichero del Sistema Nacional de Garant\u00eda Juvenil en el \u00e1mbito territorial de la Comunitat Valenciana.<\/p>\n<p style=\"text-align: justify;\"><strong>2. Contrataci\u00f3n indefinida de personas j\u00f3venes cualificadas<br \/>\n<\/strong>Podr\u00e1n ser beneficiarias de subvenciones desde 23.940\u20ac a 26.600\u20ac, aquellas entidades empleadoras de naturaleza privada, incluidas las personas trabajadoras aut\u00f3nomas, con centro de trabajo en la Comunitat Valenciana, que realicen una contrataci\u00f3n indefinida inicial a jornada completa de personas que cumplan con los siguientes requisitos:<br \/>\n&#8211; Personas j\u00f3venes mayores de 16 a\u00f1os.<br \/>\n&#8211; Con una cualificaci\u00f3n profesional reconocida por el sistema de formaci\u00f3n profesional para el empleo o del sistema educativo.<br \/>\n&#8211; Inscritas como beneficiarias en el fichero del Sistema Nacional de Garant\u00eda Juvenil en el \u00e1mbito territorial de la Comunitat Valenciana.<\/p>\n<p style=\"text-align: justify;\">El plazo de presentaci\u00f3n de las solicitudes se inicia el 14 de febrero de 2020 y finalizar\u00e1 el 30 de septiembre de 2020. (DOGV n\u00ba 8739, de 13\/02\/2020)<br \/>\nSi deseas m\u00e1s informaci\u00f3n, puedes contactar con la Agencia de Desarrollo Local de Santa Pola, Servicio Santa Pola Empresas a trav\u00e9s del tel\u00e9fono 965417136 (Inmaculada Jim\u00e9nez) o enviar un correo a ijimenez@adldesarrollo.santapola.es<\/p>\n","protected":false},"excerpt":{"rendered":"<p>El pasado 13 de febrero se public\u00f3 la convocatoria para el ejercicio 2020 del Programa de fomento (AVALEM JOVES), en el marco del Sistema Nacional de Garant\u00eda Juvenil. Hay dos tipos de subvenciones: 1. Contrataci\u00f3n en pr\u00e1cticas de personas j\u00f3venes cualificadas Podr\u00e1n ser beneficiarias de subvenciones desde 10.640\u20ac a 11.970\u20ac, cualquier entidad empleadora, incluidas las [&hellip;]<\/p>\n","protected":false},"author":75,"featured_media":11564,"comment_status":"closed","ping_status":"closed","sticky":false,"template":"","format":"standard","meta":{"_et_pb_use_builder":"","_et_pb_old_content":"","_et_gb_content_width":"","footnotes":""},"categories":[62,66,406],"tags":[],"class_list":["post-11562","post","type-post","status-publish","format-standard","has-post-thumbnail","hentry","category-emprende","category-inicio","category-sin-categorizar-2"],"yoast_head":"<!-- This site is optimized with the Yoast SEO plugin v27.4 - https:\/\/yoast.com\/product\/yoast-seo-wordpress\/ -->\n<title>Subvenciones a empresas por la contrataci\u00f3n de j\u00f3venes cualificados en el marco del sistema nacional de garant\u00eda juvenil (Avalem Joves) - Ajuntament de Santa Pola<\/title>\n<meta name=\"robots\" content=\"index, follow, max-snippet:-1, max-image-preview:large, max-video-preview:-1\" \/>\n<link rel=\"canonical\" href=\"https:\/\/santapola.es\/ca\/subvenciones-a-empresas-por-la-contratacion-de-jovenes-cualificados-en-el-marco-del-sistema-nacional-de-garantia-juvenil-avalem-joves\/\" \/>\n<meta property=\"og:locale\" content=\"ca_ES\" \/>\n<meta property=\"og:type\" content=\"article\" \/>\n<meta property=\"og:title\" content=\"Subvenciones a empresas por la contrataci\u00f3n de j\u00f3venes cualificados en el marco del sistema nacional de garant\u00eda juvenil (Avalem Joves) - Ajuntament de Santa Pola\" \/>\n<meta property=\"og:description\" content=\"El pasado 13 de febrero se public\u00f3 la convocatoria para el ejercicio 2020 del Programa de fomento (AVALEM JOVES), en el marco del Sistema Nacional de Garant\u00eda Juvenil. Hay dos tipos de subvenciones: 1. Contrataci\u00f3n en pr\u00e1cticas de personas j\u00f3venes cualificadas Podr\u00e1n ser beneficiarias de subvenciones desde 10.640\u20ac a 11.970\u20ac, cualquier entidad empleadora, incluidas las [&hellip;]\" \/>\n<meta property=\"og:url\" content=\"https:\/\/santapola.es\/ca\/subvenciones-a-empresas-por-la-contratacion-de-jovenes-cualificados-en-el-marco-del-sistema-nacional-de-garantia-juvenil-avalem-joves\/\" \/>\n<meta property=\"og:site_name\" content=\"Ajuntament de Santa Pola\" \/>\n<meta property=\"article:publisher\" content=\"https:\/\/www.facebook.com\/AyuntamientoSantaPola\/\" \/>\n<meta property=\"article:published_time\" content=\"2020-02-18T08:26:39+00:00\" \/>\n<meta property=\"article:modified_time\" content=\"2024-03-07T17:38:05+00:00\" \/>\n<meta property=\"og:image\" content=\"https:\/\/santapola.es\/wp-content\/uploads\/2020\/02\/Avalem_Subvenciones.png\" \/>\n\t<meta property=\"og:image:width\" content=\"800\" \/>\n\t<meta property=\"og:image:height\" content=\"500\" \/>\n\t<meta property=\"og:image:type\" content=\"image\/png\" \/>\n<meta name=\"author\" content=\"\u00c1rea Municipal Alcald\u00eda\" \/>\n<meta name=\"twitter:card\" content=\"summary_large_image\" \/>\n<meta name=\"twitter:creator\" content=\"@SantaPolaAyunt\" \/>\n<meta name=\"twitter:site\" content=\"@SantaPolaAyunt\" \/>\n<script type=\"application\/ld+json\" class=\"yoast-schema-graph\">{\"@context\":\"https:\\\/\\\/schema.org\",\"@graph\":[{\"@type\":\"Article\",\"@id\":\"https:\\\/\\\/santapola.es\\\/ca\\\/subvenciones-a-empresas-por-la-contratacion-de-jovenes-cualificados-en-el-marco-del-sistema-nacional-de-garantia-juvenil-avalem-joves\\\/#article\",\"isPartOf\":{\"@id\":\"https:\\\/\\\/santapola.es\\\/ca\\\/subvenciones-a-empresas-por-la-contratacion-de-jovenes-cualificados-en-el-marco-del-sistema-nacional-de-garantia-juvenil-avalem-joves\\\/\"},\"author\":{\"name\":\"\u00c1rea Municipal Alcald\u00eda\",\"@id\":\"https:\\\/\\\/santapola.es\\\/ca\\\/#\\\/schema\\\/person\\\/c08381290b84c068e06ca5dc1f5a08a7\"},\"headline\":\"Subvenciones a empresas por la contrataci\u00f3n de j\u00f3venes cualificados en el marco del sistema nacional de garant\u00eda juvenil (Avalem Joves)\",\"datePublished\":\"2020-02-18T08:26:39+00:00\",\"dateModified\":\"2024-03-07T17:38:05+00:00\",\"mainEntityOfPage\":{\"@id\":\"https:\\\/\\\/santapola.es\\\/ca\\\/subvenciones-a-empresas-por-la-contratacion-de-jovenes-cualificados-en-el-marco-del-sistema-nacional-de-garantia-juvenil-avalem-joves\\\/\"},\"wordCount\":331,\"image\":{\"@id\":\"https:\\\/\\\/santapola.es\\\/ca\\\/subvenciones-a-empresas-por-la-contratacion-de-jovenes-cualificados-en-el-marco-del-sistema-nacional-de-garantia-juvenil-avalem-joves\\\/#primaryimage\"},\"thumbnailUrl\":\"https:\\\/\\\/santapola.es\\\/wp-content\\\/uploads\\\/2020\\\/02\\\/Avalem_Subvenciones.png\",\"articleSection\":[\"Emprende Santa Pola\",\"Inicio\",\"Sin categorizar\"],\"inLanguage\":\"ca\"},{\"@type\":\"WebPage\",\"@id\":\"https:\\\/\\\/santapola.es\\\/ca\\\/subvenciones-a-empresas-por-la-contratacion-de-jovenes-cualificados-en-el-marco-del-sistema-nacional-de-garantia-juvenil-avalem-joves\\\/\",\"url\":\"https:\\\/\\\/santapola.es\\\/ca\\\/subvenciones-a-empresas-por-la-contratacion-de-jovenes-cualificados-en-el-marco-del-sistema-nacional-de-garantia-juvenil-avalem-joves\\\/\",\"name\":\"Subvenciones a empresas por la contrataci\u00f3n de j\u00f3venes cualificados en el marco del sistema nacional de garant\u00eda juvenil (Avalem Joves) - Ajuntament de Santa Pola\",\"isPartOf\":{\"@id\":\"https:\\\/\\\/santapola.es\\\/ca\\\/#website\"},\"primaryImageOfPage\":{\"@id\":\"https:\\\/\\\/santapola.es\\\/ca\\\/subvenciones-a-empresas-por-la-contratacion-de-jovenes-cualificados-en-el-marco-del-sistema-nacional-de-garantia-juvenil-avalem-joves\\\/#primaryimage\"},\"image\":{\"@id\":\"https:\\\/\\\/santapola.es\\\/ca\\\/subvenciones-a-empresas-por-la-contratacion-de-jovenes-cualificados-en-el-marco-del-sistema-nacional-de-garantia-juvenil-avalem-joves\\\/#primaryimage\"},\"thumbnailUrl\":\"https:\\\/\\\/santapola.es\\\/wp-content\\\/uploads\\\/2020\\\/02\\\/Avalem_Subvenciones.png\",\"datePublished\":\"2020-02-18T08:26:39+00:00\",\"dateModified\":\"2024-03-07T17:38:05+00:00\",\"author\":{\"@id\":\"https:\\\/\\\/santapola.es\\\/ca\\\/#\\\/schema\\\/person\\\/c08381290b84c068e06ca5dc1f5a08a7\"},\"breadcrumb\":{\"@id\":\"https:\\\/\\\/santapola.es\\\/ca\\\/subvenciones-a-empresas-por-la-contratacion-de-jovenes-cualificados-en-el-marco-del-sistema-nacional-de-garantia-juvenil-avalem-joves\\\/#breadcrumb\"},\"inLanguage\":\"ca\",\"potentialAction\":[{\"@type\":\"ReadAction\",\"target\":[\"https:\\\/\\\/santapola.es\\\/ca\\\/subvenciones-a-empresas-por-la-contratacion-de-jovenes-cualificados-en-el-marco-del-sistema-nacional-de-garantia-juvenil-avalem-joves\\\/\"]}]},{\"@type\":\"ImageObject\",\"inLanguage\":\"ca\",\"@id\":\"https:\\\/\\\/santapola.es\\\/ca\\\/subvenciones-a-empresas-por-la-contratacion-de-jovenes-cualificados-en-el-marco-del-sistema-nacional-de-garantia-juvenil-avalem-joves\\\/#primaryimage\",\"url\":\"https:\\\/\\\/santapola.es\\\/wp-content\\\/uploads\\\/2020\\\/02\\\/Avalem_Subvenciones.png\",\"contentUrl\":\"https:\\\/\\\/santapola.es\\\/wp-content\\\/uploads\\\/2020\\\/02\\\/Avalem_Subvenciones.png\",\"width\":800,\"height\":500},{\"@type\":\"BreadcrumbList\",\"@id\":\"https:\\\/\\\/santapola.es\\\/ca\\\/subvenciones-a-empresas-por-la-contratacion-de-jovenes-cualificados-en-el-marco-del-sistema-nacional-de-garantia-juvenil-avalem-joves\\\/#breadcrumb\",\"itemListElement\":[{\"@type\":\"ListItem\",\"position\":1,\"name\":\"Inici\",\"item\":\"https:\\\/\\\/santapola.es\\\/ca\\\/\"},{\"@type\":\"ListItem\",\"position\":2,\"name\":\"Subvenciones a empresas por la contrataci\u00f3n de j\u00f3venes cualificados en el marco del sistema nacional de garant\u00eda juvenil (Avalem Joves)\"}]},{\"@type\":\"WebSite\",\"@id\":\"https:\\\/\\\/santapola.es\\\/ca\\\/#website\",\"url\":\"https:\\\/\\\/santapola.es\\\/ca\\\/\",\"name\":\"Ayuntamiento de Santa Pola\",\"description\":\"Web de l'Ajuntament de Santa Pola\",\"potentialAction\":[{\"@type\":\"SearchAction\",\"target\":{\"@type\":\"EntryPoint\",\"urlTemplate\":\"https:\\\/\\\/santapola.es\\\/ca\\\/?s={search_term_string}\"},\"query-input\":{\"@type\":\"PropertyValueSpecification\",\"valueRequired\":true,\"valueName\":\"search_term_string\"}}],\"inLanguage\":\"ca\"},{\"@type\":\"Person\",\"@id\":\"https:\\\/\\\/santapola.es\\\/ca\\\/#\\\/schema\\\/person\\\/c08381290b84c068e06ca5dc1f5a08a7\",\"name\":\"\u00c1rea Municipal Alcald\u00eda\"}]}<\/script>\n<!-- \/ Yoast SEO plugin. -->","yoast_head_json":{"title":"Subvenciones a empresas por la contrataci\u00f3n de j\u00f3venes cualificados en el marco del sistema nacional de garant\u00eda juvenil (Avalem Joves) - Ajuntament de Santa Pola","robots":{"index":"index","follow":"follow","max-snippet":"max-snippet:-1","max-image-preview":"max-image-preview:large","max-video-preview":"max-video-preview:-1"},"canonical":"https:\/\/santapola.es\/ca\/subvenciones-a-empresas-por-la-contratacion-de-jovenes-cualificados-en-el-marco-del-sistema-nacional-de-garantia-juvenil-avalem-joves\/","og_locale":"ca_ES","og_type":"article","og_title":"Subvenciones a empresas por la contrataci\u00f3n de j\u00f3venes cualificados en el marco del sistema nacional de garant\u00eda juvenil (Avalem Joves) - Ajuntament de Santa Pola","og_description":"El pasado 13 de febrero se public\u00f3 la convocatoria para el ejercicio 2020 del Programa de fomento (AVALEM JOVES), en el marco del Sistema Nacional de Garant\u00eda Juvenil. Hay dos tipos de subvenciones: 1. Contrataci\u00f3n en pr\u00e1cticas de personas j\u00f3venes cualificadas Podr\u00e1n ser beneficiarias de subvenciones desde 10.640\u20ac a 11.970\u20ac, cualquier entidad empleadora, incluidas las [&hellip;]","og_url":"https:\/\/santapola.es\/ca\/subvenciones-a-empresas-por-la-contratacion-de-jovenes-cualificados-en-el-marco-del-sistema-nacional-de-garantia-juvenil-avalem-joves\/","og_site_name":"Ajuntament de Santa Pola","article_publisher":"https:\/\/www.facebook.com\/AyuntamientoSantaPola\/","article_published_time":"2020-02-18T08:26:39+00:00","article_modified_time":"2024-03-07T17:38:05+00:00","og_image":[{"width":800,"height":500,"url":"https:\/\/santapola.es\/wp-content\/uploads\/2020\/02\/Avalem_Subvenciones.png","type":"image\/png"}],"author":"\u00c1rea Municipal Alcald\u00eda","twitter_card":"summary_large_image","twitter_creator":"@SantaPolaAyunt","twitter_site":"@SantaPolaAyunt","schema":{"@context":"https:\/\/schema.org","@graph":[{"@type":"Article","@id":"https:\/\/santapola.es\/ca\/subvenciones-a-empresas-por-la-contratacion-de-jovenes-cualificados-en-el-marco-del-sistema-nacional-de-garantia-juvenil-avalem-joves\/#article","isPartOf":{"@id":"https:\/\/santapola.es\/ca\/subvenciones-a-empresas-por-la-contratacion-de-jovenes-cualificados-en-el-marco-del-sistema-nacional-de-garantia-juvenil-avalem-joves\/"},"author":{"name":"\u00c1rea Municipal Alcald\u00eda","@id":"https:\/\/santapola.es\/ca\/#\/schema\/person\/c08381290b84c068e06ca5dc1f5a08a7"},"headline":"Subvenciones a empresas por la contrataci\u00f3n de j\u00f3venes cualificados en el marco del sistema nacional de garant\u00eda juvenil (Avalem Joves)","datePublished":"2020-02-18T08:26:39+00:00","dateModified":"2024-03-07T17:38:05+00:00","mainEntityOfPage":{"@id":"https:\/\/santapola.es\/ca\/subvenciones-a-empresas-por-la-contratacion-de-jovenes-cualificados-en-el-marco-del-sistema-nacional-de-garantia-juvenil-avalem-joves\/"},"wordCount":331,"image":{"@id":"https:\/\/santapola.es\/ca\/subvenciones-a-empresas-por-la-contratacion-de-jovenes-cualificados-en-el-marco-del-sistema-nacional-de-garantia-juvenil-avalem-joves\/#primaryimage"},"thumbnailUrl":"https:\/\/santapola.es\/wp-content\/uploads\/2020\/02\/Avalem_Subvenciones.png","articleSection":["Emprende Santa Pola","Inicio","Sin categorizar"],"inLanguage":"ca"},{"@type":"WebPage","@id":"https:\/\/santapola.es\/ca\/subvenciones-a-empresas-por-la-contratacion-de-jovenes-cualificados-en-el-marco-del-sistema-nacional-de-garantia-juvenil-avalem-joves\/","url":"https:\/\/santapola.es\/ca\/subvenciones-a-empresas-por-la-contratacion-de-jovenes-cualificados-en-el-marco-del-sistema-nacional-de-garantia-juvenil-avalem-joves\/","name":"Subvenciones a empresas por la contrataci\u00f3n de j\u00f3venes cualificados en el marco del sistema nacional de garant\u00eda juvenil (Avalem Joves) - Ajuntament de Santa Pola","isPartOf":{"@id":"https:\/\/santapola.es\/ca\/#website"},"primaryImageOfPage":{"@id":"https:\/\/santapola.es\/ca\/subvenciones-a-empresas-por-la-contratacion-de-jovenes-cualificados-en-el-marco-del-sistema-nacional-de-garantia-juvenil-avalem-joves\/#primaryimage"},"image":{"@id":"https:\/\/santapola.es\/ca\/subvenciones-a-empresas-por-la-contratacion-de-jovenes-cualificados-en-el-marco-del-sistema-nacional-de-garantia-juvenil-avalem-joves\/#primaryimage"},"thumbnailUrl":"https:\/\/santapola.es\/wp-content\/uploads\/2020\/02\/Avalem_Subvenciones.png","datePublished":"2020-02-18T08:26:39+00:00","dateModified":"2024-03-07T17:38:05+00:00","author":{"@id":"https:\/\/santapola.es\/ca\/#\/schema\/person\/c08381290b84c068e06ca5dc1f5a08a7"},"breadcrumb":{"@id":"https:\/\/santapola.es\/ca\/subvenciones-a-empresas-por-la-contratacion-de-jovenes-cualificados-en-el-marco-del-sistema-nacional-de-garantia-juvenil-avalem-joves\/#breadcrumb"},"inLanguage":"ca","potentialAction":[{"@type":"ReadAction","target":["https:\/\/santapola.es\/ca\/subvenciones-a-empresas-por-la-contratacion-de-jovenes-cualificados-en-el-marco-del-sistema-nacional-de-garantia-juvenil-avalem-joves\/"]}]},{"@type":"ImageObject","inLanguage":"ca","@id":"https:\/\/santapola.es\/ca\/subvenciones-a-empresas-por-la-contratacion-de-jovenes-cualificados-en-el-marco-del-sistema-nacional-de-garantia-juvenil-avalem-joves\/#primaryimage","url":"https:\/\/santapola.es\/wp-content\/uploads\/2020\/02\/Avalem_Subvenciones.png","contentUrl":"https:\/\/santapola.es\/wp-content\/uploads\/2020\/02\/Avalem_Subvenciones.png","width":800,"height":500},{"@type":"BreadcrumbList","@id":"https:\/\/santapola.es\/ca\/subvenciones-a-empresas-por-la-contratacion-de-jovenes-cualificados-en-el-marco-del-sistema-nacional-de-garantia-juvenil-avalem-joves\/#breadcrumb","itemListElement":[{"@type":"ListItem","position":1,"name":"Inici","item":"https:\/\/santapola.es\/ca\/"},{"@type":"ListItem","position":2,"name":"Subvenciones a empresas por la contrataci\u00f3n de j\u00f3venes cualificados en el marco del sistema nacional de garant\u00eda juvenil (Avalem Joves)"}]},{"@type":"WebSite","@id":"https:\/\/santapola.es\/ca\/#website","url":"https:\/\/santapola.es\/ca\/","name":"Ayuntamiento de Santa Pola","description":"Web de l'Ajuntament de Santa Pola","potentialAction":[{"@type":"SearchAction","target":{"@type":"EntryPoint","urlTemplate":"https:\/\/santapola.es\/ca\/?s={search_term_string}"},"query-input":{"@type":"PropertyValueSpecification","valueRequired":true,"valueName":"search_term_string"}}],"inLanguage":"ca"},{"@type":"Person","@id":"https:\/\/santapola.es\/ca\/#\/schema\/person\/c08381290b84c068e06ca5dc1f5a08a7","name":"\u00c1rea Municipal Alcald\u00eda"}]}},"_links":{"self":[{"href":"https:\/\/santapola.es\/ca\/wp-json\/wp\/v2\/posts\/11562","targetHints":{"allow":["GET"]}}],"collection":[{"href":"https:\/\/santapola.es\/ca\/wp-json\/wp\/v2\/posts"}],"about":[{"href":"https:\/\/santapola.es\/ca\/wp-json\/wp\/v2\/types\/post"}],"author":[{"embeddable":true,"href":"https:\/\/santapola.es\/ca\/wp-json\/wp\/v2\/users\/75"}],"replies":[{"embeddable":true,"href":"https:\/\/santapola.es\/ca\/wp-json\/wp\/v2\/comments?post=11562"}],"version-history":[{"count":0,"href":"https:\/\/santapola.es\/ca\/wp-json\/wp\/v2\/posts\/11562\/revisions"}],"wp:featuredmedia":[{"embeddable":true,"href":"https:\/\/santapola.es\/ca\/wp-json\/wp\/v2\/media\/11564"}],"wp:attachment":[{"href":"https:\/\/santapola.es\/ca\/wp-json\/wp\/v2\/media?parent=11562"}],"wp:term":[{"taxonomy":"category","embeddable":true,"href":"https:\/\/santapola.es\/ca\/wp-json\/wp\/v2\/categories?post=11562"},{"taxonomy":"post_tag","embeddable":true,"href":"https:\/\/santapola.es\/ca\/wp-json\/wp\/v2\/tags?post=11562"}],"curies":[{"name":"wp","href":"https:\/\/api.w.org\/{rel}","templated":true}]}}