{"id":11502,"date":"2020-01-20T15:00:41","date_gmt":"2020-01-20T13:00:41","guid":{"rendered":"https:\/\/www.santapola.es\/?p=11502"},"modified":"2024-03-07T18:38:03","modified_gmt":"2024-03-07T17:38:03","slug":"%f0%9f%a5%87-exito-de-participacion-y-nuevo-record-de-la-prueba-%f0%9f%a5%87","status":"publish","type":"post","link":"https:\/\/santapola.es\/ca\/%f0%9f%a5%87-exito-de-participacion-y-nuevo-record-de-la-prueba-%f0%9f%a5%87\/","title":{"rendered":"? \u00c9XITO DE PARTICIPACI\u00d3N Y NUEVO R\u00c9CORD DE LA PRUEBA ?"},"content":{"rendered":"<p>El Club de Atletismo Santa Pola vuelve a celebrar la Mitja Marat\u00f3 Internacional de Santa Pola por todo lo alto, dos corredores han parado el crono por debajo de la hora, el ganador ha sido el keniata Alexander Mutiso, que domin\u00f3 la prueba consiguiendo un tiempo de 59:09. El segundo atleta ha sido Geofrey Kusuro con un tiempo de 59:56 y cierra el podium Vestus <span class=\"text_exposed_show\">Chemjor Cheboi con el tercer puesto parando el crono en 1:00:47 dentro de la clasificaci\u00f3n general.<\/span><\/p>\n<div class=\"text_exposed_show\">\n<p>En cuanto a las f\u00e9minas, la primera en cruzar la meta ha sido Vibian Chepkirui con un tiempo de 1.09, a unos pocos segundos de superar el r\u00e9cord seguida de Nancy Jepkosgei Kiprop y de Ayel Likina Amebaw del Club Atletismo Albacete.<\/p>\n<p>Este a\u00f1o ha sido nuevamente el Club de Atletismo Santa Pola el organizador de esta Media Marat\u00f3n, y junto al Ayuntamiento, patrocinadores y colaboradores se han sentido muy satisfechos desde el punto de vista deportivo con estas dos marcas, as\u00ed como con el desarrollo de la prueba y su organizaci\u00f3n. Han sido m\u00e1s de 5.500 deportistas los que han podido disfrutar de una de las mejores pruebas de esta disciplina, el ambiente ha sido de emoci\u00f3n y alegr\u00eda a lo largo de todo el circuito ambientado con m\u00fasica en directo, bailes y batucadas.<\/p>\n<p>El tiempo pese a la amezada de viento y lluvia ha querido respetar a esta gran fiesta del deporte consolid\u00e1ndose como una de las mejores a nivel internacional. El clima ha favorecido poder conseguir los r\u00e9cords tanto de la prueba como de las marcas personales de muchos de los participantes.<\/p>\n<p>Pueden consultar las clasificaciones en:<\/p>\n<p><a href=\"http:\/\/www.mitjasantapola.com\/la-carrera\/clasificacion-29-mitja-marato-internacional-vila-de-santa-pola\/?fbclid=IwAR1gMIVIrFZp-7tp4Yi6DgEGGTGNScIGf3Jn3wpO4s2k7hY7u_CvLF0MW1M\" target=\"_blank\" rel=\"noopener nofollow noreferrer\" data-ft=\"{&quot;tn&quot;:&quot;-U&quot;}\" data-lynx-mode=\"async\" data-lynx-uri=\"https:\/\/l.facebook.com\/l.php?u=http%3A%2F%2Fwww.mitjasantapola.com%2Fla-carrera%2Fclasificacion-29-mitja-marato-internacional-vila-de-santa-pola%2F%3Ffbclid%3DIwAR1gMIVIrFZp-7tp4Yi6DgEGGTGNScIGf3Jn3wpO4s2k7hY7u_CvLF0MW1M&amp;h=AT2jkE_kqlobNaDOXIv77PYrZA2VYjBMAk2zFjm5djEjU3QLGyzeNbalo4Y1s7ARp49J1fmgRGJc2P8A9lmE3A-WcePuF-ZBWCDLuBDKKoPA4nOrzr4CxY4qSEtX9NrXV7zvVQZjqaEYPnSj9DEG13cxfdXlFWXDC3jfqaZl01FAZ5mrrj8VpjuABxAWogq0TWylqhbq0J4iPUlcZXdZbgsFNDXTJTE3gDQYUwTi1fo6JNKm51fjHXi-cjerVgwzX-u5b-HAMXDtXIX8Rr5XCvv4R8isgFTHYWYnHigzy1XtXEO9io_DNlKUTMYoaC8vKyungQ7mHu6Rhk0mnyoXfNiIX7Jed9fICCDPCMK9EKLrtUXEMLl1UA1QCnm03ScRxoBrjtWWfDST5MRAbCgRwyt9fRfmIzP7PpZZri11Hog11W0XulE14lU1BmSQ0mxBwPfMMNL6dmqMP7pvHr1_SqXo4u7h4OWsF92zBOJpuiPwZ1MJdLjAG0L-h04s0jnJzQh4QGGrusvvXs2aR9O5Ki7HXibZNLF0j1wNURx9VIRe7S6ZBIMMAgx9LiaQiVNZfrxKbYMGBFYWMk4hMSgvAj1VhBmpKOy-GaWop0h38a7X1C-6KMcN0C1f3v80cLshLvdZ\">http:\/\/www.mitjasantapola.com\/\u2026\/clasificacion-29-mitja-mar\u2026\/<\/a><\/p>\n<\/div>\n","protected":false},"excerpt":{"rendered":"<p>El Club de Atletismo Santa Pola vuelve a celebrar la Mitja Marat\u00f3 Internacional de Santa Pola por todo lo alto, dos corredores han parado el crono por debajo de la hora, el ganador ha sido el keniata Alexander Mutiso, que domin\u00f3 la prueba consiguiendo un tiempo de 59:09. El segundo atleta ha sido Geofrey Kusuro [&hellip;]<\/p>\n","protected":false},"author":75,"featured_media":11503,"comment_status":"closed","ping_status":"closed","sticky":false,"template":"","format":"standard","meta":{"_et_pb_use_builder":"","_et_pb_old_content":"","_et_gb_content_width":"","footnotes":""},"categories":[61,51,59,60,66,406],"tags":[],"class_list":["post-11502","post","type-post","status-publish","format-standard","has-post-thumbnail","hentry","category-alcaldia","category-cultura-fiestas","category-deportes","category-educacion-juventud","category-inicio","category-sin-categorizar-2"],"yoast_head":"<!-- This site is optimized with the Yoast SEO plugin v27.4 - https:\/\/yoast.com\/product\/yoast-seo-wordpress\/ -->\n<title>? \u00c9XITO DE PARTICIPACI\u00d3N Y NUEVO R\u00c9CORD DE LA PRUEBA ? - Ajuntament de Santa Pola<\/title>\n<meta name=\"robots\" content=\"index, follow, max-snippet:-1, max-image-preview:large, max-video-preview:-1\" \/>\n<link rel=\"canonical\" href=\"https:\/\/santapola.es\/ca\/%f0%9f%a5%87-exito-de-participacion-y-nuevo-record-de-la-prueba-%f0%9f%a5%87\/\" \/>\n<meta property=\"og:locale\" content=\"ca_ES\" \/>\n<meta property=\"og:type\" content=\"article\" \/>\n<meta property=\"og:title\" content=\"? \u00c9XITO DE PARTICIPACI\u00d3N Y NUEVO R\u00c9CORD DE LA PRUEBA ? - Ajuntament de Santa Pola\" \/>\n<meta property=\"og:description\" content=\"El Club de Atletismo Santa Pola vuelve a celebrar la Mitja Marat\u00f3 Internacional de Santa Pola por todo lo alto, dos corredores han parado el crono por debajo de la hora, el ganador ha sido el keniata Alexander Mutiso, que domin\u00f3 la prueba consiguiendo un tiempo de 59:09. El segundo atleta ha sido Geofrey Kusuro [&hellip;]\" \/>\n<meta property=\"og:url\" content=\"https:\/\/santapola.es\/ca\/%f0%9f%a5%87-exito-de-participacion-y-nuevo-record-de-la-prueba-%f0%9f%a5%87\/\" \/>\n<meta property=\"og:site_name\" content=\"Ajuntament de Santa Pola\" \/>\n<meta property=\"article:publisher\" content=\"https:\/\/www.facebook.com\/AyuntamientoSantaPola\/\" \/>\n<meta property=\"article:published_time\" content=\"2020-01-20T13:00:41+00:00\" \/>\n<meta property=\"article:modified_time\" content=\"2024-03-07T17:38:03+00:00\" \/>\n<meta property=\"og:image\" content=\"https:\/\/santapola.es\/wp-content\/uploads\/2020\/01\/foto-llegada-y-record.jpg\" \/>\n\t<meta property=\"og:image:width\" content=\"1574\" \/>\n\t<meta property=\"og:image:height\" content=\"899\" \/>\n\t<meta property=\"og:image:type\" content=\"image\/jpeg\" \/>\n<meta name=\"author\" content=\"\u00c1rea Municipal Alcald\u00eda\" \/>\n<meta name=\"twitter:card\" content=\"summary_large_image\" \/>\n<meta name=\"twitter:creator\" content=\"@SantaPolaAyunt\" \/>\n<meta name=\"twitter:site\" content=\"@SantaPolaAyunt\" \/>\n<script type=\"application\/ld+json\" class=\"yoast-schema-graph\">{\"@context\":\"https:\\\/\\\/schema.org\",\"@graph\":[{\"@type\":\"Article\",\"@id\":\"https:\\\/\\\/santapola.es\\\/ca\\\/%f0%9f%a5%87-exito-de-participacion-y-nuevo-record-de-la-prueba-%f0%9f%a5%87\\\/#article\",\"isPartOf\":{\"@id\":\"https:\\\/\\\/santapola.es\\\/ca\\\/%f0%9f%a5%87-exito-de-participacion-y-nuevo-record-de-la-prueba-%f0%9f%a5%87\\\/\"},\"author\":{\"name\":\"\u00c1rea Municipal Alcald\u00eda\",\"@id\":\"https:\\\/\\\/santapola.es\\\/ca\\\/#\\\/schema\\\/person\\\/c08381290b84c068e06ca5dc1f5a08a7\"},\"headline\":\"? \u00c9XITO DE PARTICIPACI\u00d3N Y NUEVO R\u00c9CORD DE LA PRUEBA ?\",\"datePublished\":\"2020-01-20T13:00:41+00:00\",\"dateModified\":\"2024-03-07T17:38:03+00:00\",\"mainEntityOfPage\":{\"@id\":\"https:\\\/\\\/santapola.es\\\/ca\\\/%f0%9f%a5%87-exito-de-participacion-y-nuevo-record-de-la-prueba-%f0%9f%a5%87\\\/\"},\"wordCount\":295,\"image\":{\"@id\":\"https:\\\/\\\/santapola.es\\\/ca\\\/%f0%9f%a5%87-exito-de-participacion-y-nuevo-record-de-la-prueba-%f0%9f%a5%87\\\/#primaryimage\"},\"thumbnailUrl\":\"https:\\\/\\\/santapola.es\\\/wp-content\\\/uploads\\\/2020\\\/01\\\/foto-llegada-y-record.jpg\",\"articleSection\":[\"Alcald\u00eda\",\"Cultura\\\/ Fiestas\",\"Deportes\",\"Educaci\u00f3n \\\/ Juventud\",\"Inicio\",\"Sin categorizar\"],\"inLanguage\":\"ca\"},{\"@type\":\"WebPage\",\"@id\":\"https:\\\/\\\/santapola.es\\\/ca\\\/%f0%9f%a5%87-exito-de-participacion-y-nuevo-record-de-la-prueba-%f0%9f%a5%87\\\/\",\"url\":\"https:\\\/\\\/santapola.es\\\/ca\\\/%f0%9f%a5%87-exito-de-participacion-y-nuevo-record-de-la-prueba-%f0%9f%a5%87\\\/\",\"name\":\"? \u00c9XITO DE PARTICIPACI\u00d3N Y NUEVO R\u00c9CORD DE LA PRUEBA ? - Ajuntament de Santa Pola\",\"isPartOf\":{\"@id\":\"https:\\\/\\\/santapola.es\\\/ca\\\/#website\"},\"primaryImageOfPage\":{\"@id\":\"https:\\\/\\\/santapola.es\\\/ca\\\/%f0%9f%a5%87-exito-de-participacion-y-nuevo-record-de-la-prueba-%f0%9f%a5%87\\\/#primaryimage\"},\"image\":{\"@id\":\"https:\\\/\\\/santapola.es\\\/ca\\\/%f0%9f%a5%87-exito-de-participacion-y-nuevo-record-de-la-prueba-%f0%9f%a5%87\\\/#primaryimage\"},\"thumbnailUrl\":\"https:\\\/\\\/santapola.es\\\/wp-content\\\/uploads\\\/2020\\\/01\\\/foto-llegada-y-record.jpg\",\"datePublished\":\"2020-01-20T13:00:41+00:00\",\"dateModified\":\"2024-03-07T17:38:03+00:00\",\"author\":{\"@id\":\"https:\\\/\\\/santapola.es\\\/ca\\\/#\\\/schema\\\/person\\\/c08381290b84c068e06ca5dc1f5a08a7\"},\"breadcrumb\":{\"@id\":\"https:\\\/\\\/santapola.es\\\/ca\\\/%f0%9f%a5%87-exito-de-participacion-y-nuevo-record-de-la-prueba-%f0%9f%a5%87\\\/#breadcrumb\"},\"inLanguage\":\"ca\",\"potentialAction\":[{\"@type\":\"ReadAction\",\"target\":[\"https:\\\/\\\/santapola.es\\\/ca\\\/%f0%9f%a5%87-exito-de-participacion-y-nuevo-record-de-la-prueba-%f0%9f%a5%87\\\/\"]}]},{\"@type\":\"ImageObject\",\"inLanguage\":\"ca\",\"@id\":\"https:\\\/\\\/santapola.es\\\/ca\\\/%f0%9f%a5%87-exito-de-participacion-y-nuevo-record-de-la-prueba-%f0%9f%a5%87\\\/#primaryimage\",\"url\":\"https:\\\/\\\/santapola.es\\\/wp-content\\\/uploads\\\/2020\\\/01\\\/foto-llegada-y-record.jpg\",\"contentUrl\":\"https:\\\/\\\/santapola.es\\\/wp-content\\\/uploads\\\/2020\\\/01\\\/foto-llegada-y-record.jpg\",\"width\":1574,\"height\":899},{\"@type\":\"BreadcrumbList\",\"@id\":\"https:\\\/\\\/santapola.es\\\/ca\\\/%f0%9f%a5%87-exito-de-participacion-y-nuevo-record-de-la-prueba-%f0%9f%a5%87\\\/#breadcrumb\",\"itemListElement\":[{\"@type\":\"ListItem\",\"position\":1,\"name\":\"Inici\",\"item\":\"https:\\\/\\\/santapola.es\\\/ca\\\/\"},{\"@type\":\"ListItem\",\"position\":2,\"name\":\"? \u00c9XITO DE PARTICIPACI\u00d3N Y NUEVO R\u00c9CORD DE LA PRUEBA ?\"}]},{\"@type\":\"WebSite\",\"@id\":\"https:\\\/\\\/santapola.es\\\/ca\\\/#website\",\"url\":\"https:\\\/\\\/santapola.es\\\/ca\\\/\",\"name\":\"Ayuntamiento de Santa Pola\",\"description\":\"Web de l'Ajuntament de Santa Pola\",\"potentialAction\":[{\"@type\":\"SearchAction\",\"target\":{\"@type\":\"EntryPoint\",\"urlTemplate\":\"https:\\\/\\\/santapola.es\\\/ca\\\/?s={search_term_string}\"},\"query-input\":{\"@type\":\"PropertyValueSpecification\",\"valueRequired\":true,\"valueName\":\"search_term_string\"}}],\"inLanguage\":\"ca\"},{\"@type\":\"Person\",\"@id\":\"https:\\\/\\\/santapola.es\\\/ca\\\/#\\\/schema\\\/person\\\/c08381290b84c068e06ca5dc1f5a08a7\",\"name\":\"\u00c1rea Municipal Alcald\u00eda\"}]}<\/script>\n<!-- \/ Yoast SEO plugin. -->","yoast_head_json":{"title":"? \u00c9XITO DE PARTICIPACI\u00d3N Y NUEVO R\u00c9CORD DE LA PRUEBA ? - Ajuntament de Santa Pola","robots":{"index":"index","follow":"follow","max-snippet":"max-snippet:-1","max-image-preview":"max-image-preview:large","max-video-preview":"max-video-preview:-1"},"canonical":"https:\/\/santapola.es\/ca\/%f0%9f%a5%87-exito-de-participacion-y-nuevo-record-de-la-prueba-%f0%9f%a5%87\/","og_locale":"ca_ES","og_type":"article","og_title":"? \u00c9XITO DE PARTICIPACI\u00d3N Y NUEVO R\u00c9CORD DE LA PRUEBA ? - Ajuntament de Santa Pola","og_description":"El Club de Atletismo Santa Pola vuelve a celebrar la Mitja Marat\u00f3 Internacional de Santa Pola por todo lo alto, dos corredores han parado el crono por debajo de la hora, el ganador ha sido el keniata Alexander Mutiso, que domin\u00f3 la prueba consiguiendo un tiempo de 59:09. El segundo atleta ha sido Geofrey Kusuro [&hellip;]","og_url":"https:\/\/santapola.es\/ca\/%f0%9f%a5%87-exito-de-participacion-y-nuevo-record-de-la-prueba-%f0%9f%a5%87\/","og_site_name":"Ajuntament de Santa Pola","article_publisher":"https:\/\/www.facebook.com\/AyuntamientoSantaPola\/","article_published_time":"2020-01-20T13:00:41+00:00","article_modified_time":"2024-03-07T17:38:03+00:00","og_image":[{"width":1574,"height":899,"url":"https:\/\/santapola.es\/wp-content\/uploads\/2020\/01\/foto-llegada-y-record.jpg","type":"image\/jpeg"}],"author":"\u00c1rea Municipal Alcald\u00eda","twitter_card":"summary_large_image","twitter_creator":"@SantaPolaAyunt","twitter_site":"@SantaPolaAyunt","schema":{"@context":"https:\/\/schema.org","@graph":[{"@type":"Article","@id":"https:\/\/santapola.es\/ca\/%f0%9f%a5%87-exito-de-participacion-y-nuevo-record-de-la-prueba-%f0%9f%a5%87\/#article","isPartOf":{"@id":"https:\/\/santapola.es\/ca\/%f0%9f%a5%87-exito-de-participacion-y-nuevo-record-de-la-prueba-%f0%9f%a5%87\/"},"author":{"name":"\u00c1rea Municipal Alcald\u00eda","@id":"https:\/\/santapola.es\/ca\/#\/schema\/person\/c08381290b84c068e06ca5dc1f5a08a7"},"headline":"? \u00c9XITO DE PARTICIPACI\u00d3N Y NUEVO R\u00c9CORD DE LA PRUEBA ?","datePublished":"2020-01-20T13:00:41+00:00","dateModified":"2024-03-07T17:38:03+00:00","mainEntityOfPage":{"@id":"https:\/\/santapola.es\/ca\/%f0%9f%a5%87-exito-de-participacion-y-nuevo-record-de-la-prueba-%f0%9f%a5%87\/"},"wordCount":295,"image":{"@id":"https:\/\/santapola.es\/ca\/%f0%9f%a5%87-exito-de-participacion-y-nuevo-record-de-la-prueba-%f0%9f%a5%87\/#primaryimage"},"thumbnailUrl":"https:\/\/santapola.es\/wp-content\/uploads\/2020\/01\/foto-llegada-y-record.jpg","articleSection":["Alcald\u00eda","Cultura\/ Fiestas","Deportes","Educaci\u00f3n \/ Juventud","Inicio","Sin categorizar"],"inLanguage":"ca"},{"@type":"WebPage","@id":"https:\/\/santapola.es\/ca\/%f0%9f%a5%87-exito-de-participacion-y-nuevo-record-de-la-prueba-%f0%9f%a5%87\/","url":"https:\/\/santapola.es\/ca\/%f0%9f%a5%87-exito-de-participacion-y-nuevo-record-de-la-prueba-%f0%9f%a5%87\/","name":"? \u00c9XITO DE PARTICIPACI\u00d3N Y NUEVO R\u00c9CORD DE LA PRUEBA ? - Ajuntament de Santa Pola","isPartOf":{"@id":"https:\/\/santapola.es\/ca\/#website"},"primaryImageOfPage":{"@id":"https:\/\/santapola.es\/ca\/%f0%9f%a5%87-exito-de-participacion-y-nuevo-record-de-la-prueba-%f0%9f%a5%87\/#primaryimage"},"image":{"@id":"https:\/\/santapola.es\/ca\/%f0%9f%a5%87-exito-de-participacion-y-nuevo-record-de-la-prueba-%f0%9f%a5%87\/#primaryimage"},"thumbnailUrl":"https:\/\/santapola.es\/wp-content\/uploads\/2020\/01\/foto-llegada-y-record.jpg","datePublished":"2020-01-20T13:00:41+00:00","dateModified":"2024-03-07T17:38:03+00:00","author":{"@id":"https:\/\/santapola.es\/ca\/#\/schema\/person\/c08381290b84c068e06ca5dc1f5a08a7"},"breadcrumb":{"@id":"https:\/\/santapola.es\/ca\/%f0%9f%a5%87-exito-de-participacion-y-nuevo-record-de-la-prueba-%f0%9f%a5%87\/#breadcrumb"},"inLanguage":"ca","potentialAction":[{"@type":"ReadAction","target":["https:\/\/santapola.es\/ca\/%f0%9f%a5%87-exito-de-participacion-y-nuevo-record-de-la-prueba-%f0%9f%a5%87\/"]}]},{"@type":"ImageObject","inLanguage":"ca","@id":"https:\/\/santapola.es\/ca\/%f0%9f%a5%87-exito-de-participacion-y-nuevo-record-de-la-prueba-%f0%9f%a5%87\/#primaryimage","url":"https:\/\/santapola.es\/wp-content\/uploads\/2020\/01\/foto-llegada-y-record.jpg","contentUrl":"https:\/\/santapola.es\/wp-content\/uploads\/2020\/01\/foto-llegada-y-record.jpg","width":1574,"height":899},{"@type":"BreadcrumbList","@id":"https:\/\/santapola.es\/ca\/%f0%9f%a5%87-exito-de-participacion-y-nuevo-record-de-la-prueba-%f0%9f%a5%87\/#breadcrumb","itemListElement":[{"@type":"ListItem","position":1,"name":"Inici","item":"https:\/\/santapola.es\/ca\/"},{"@type":"ListItem","position":2,"name":"? \u00c9XITO DE PARTICIPACI\u00d3N Y NUEVO R\u00c9CORD DE LA PRUEBA ?"}]},{"@type":"WebSite","@id":"https:\/\/santapola.es\/ca\/#website","url":"https:\/\/santapola.es\/ca\/","name":"Ayuntamiento de Santa Pola","description":"Web de l'Ajuntament de Santa Pola","potentialAction":[{"@type":"SearchAction","target":{"@type":"EntryPoint","urlTemplate":"https:\/\/santapola.es\/ca\/?s={search_term_string}"},"query-input":{"@type":"PropertyValueSpecification","valueRequired":true,"valueName":"search_term_string"}}],"inLanguage":"ca"},{"@type":"Person","@id":"https:\/\/santapola.es\/ca\/#\/schema\/person\/c08381290b84c068e06ca5dc1f5a08a7","name":"\u00c1rea Municipal Alcald\u00eda"}]}},"_links":{"self":[{"href":"https:\/\/santapola.es\/ca\/wp-json\/wp\/v2\/posts\/11502","targetHints":{"allow":["GET"]}}],"collection":[{"href":"https:\/\/santapola.es\/ca\/wp-json\/wp\/v2\/posts"}],"about":[{"href":"https:\/\/santapola.es\/ca\/wp-json\/wp\/v2\/types\/post"}],"author":[{"embeddable":true,"href":"https:\/\/santapola.es\/ca\/wp-json\/wp\/v2\/users\/75"}],"replies":[{"embeddable":true,"href":"https:\/\/santapola.es\/ca\/wp-json\/wp\/v2\/comments?post=11502"}],"version-history":[{"count":0,"href":"https:\/\/santapola.es\/ca\/wp-json\/wp\/v2\/posts\/11502\/revisions"}],"wp:featuredmedia":[{"embeddable":true,"href":"https:\/\/santapola.es\/ca\/wp-json\/wp\/v2\/media\/11503"}],"wp:attachment":[{"href":"https:\/\/santapola.es\/ca\/wp-json\/wp\/v2\/media?parent=11502"}],"wp:term":[{"taxonomy":"category","embeddable":true,"href":"https:\/\/santapola.es\/ca\/wp-json\/wp\/v2\/categories?post=11502"},{"taxonomy":"post_tag","embeddable":true,"href":"https:\/\/santapola.es\/ca\/wp-json\/wp\/v2\/tags?post=11502"}],"curies":[{"name":"wp","href":"https:\/\/api.w.org\/{rel}","templated":true}]}}