{"id":11463,"date":"2019-12-19T20:34:26","date_gmt":"2019-12-19T18:34:26","guid":{"rendered":"https:\/\/www.santapola.es\/?p=11463"},"modified":"2024-03-07T18:38:02","modified_gmt":"2024-03-07T17:38:02","slug":"la-conselleria-de-vivienda-analiza-con-el-ayuntamiento-de-santa-pola-la-situacion-en-materia-de-vivienda","status":"publish","type":"post","link":"https:\/\/santapola.es\/ca\/la-conselleria-de-vivienda-analiza-con-el-ayuntamiento-de-santa-pola-la-situacion-en-materia-de-vivienda\/","title":{"rendered":"La Conselleria de Vivienda analiza con el ayuntamiento de Santa Pola la situaci\u00f3n en materia de vivienda"},"content":{"rendered":"<p align=\"justify\"><span style=\"font-family: Times New Roman, serif;\"><span style=\"color: #000000;\"><span style=\"font-size: medium;\">La <\/span><\/span><span style=\"color: #000000;\"><span style=\"font-size: medium;\">Vicepresidencia Segunda y Conselleria de Vivienda y Arquitectura Bioclim\u00e1tica, <\/span><\/span><span style=\"color: #000000;\"><span style=\"font-size: medium;\">a trav\u00e9s de la Enti<\/span><\/span><span style=\"color: #000000;\"><span style=\"font-size: medium;\">tat <\/span><\/span><strong><span style=\"color: #000000;\"><span style=\"font-size: medium;\">Valenciana d<\/span><\/span><\/strong><strong><span style=\"color: #000000;\"><span style=\"font-size: medium;\">\u00b4Habitage i S\u00f2l<\/span><\/span><\/strong><strong><span style=\"color: #000000;\"><span style=\"font-size: medium;\"> (EVha), <\/span><\/span><\/strong><strong><span style=\"color: #000000;\"><span style=\"font-size: medium;\">ha mantenido reuniones con los a<\/span><\/span><\/strong><strong><span style=\"color: #000000;\"><span style=\"font-size: medium;\">yuntamiento<\/span><\/span><\/strong><strong><span style=\"color: #000000;\"><span style=\"font-size: medium;\">s<\/span><\/span><\/strong> <strong><span style=\"color: #000000;\"><span style=\"font-size: medium;\">de Santa Pola, Monforte del Cid y La Nuc\u00eda <\/span><\/span><\/strong><strong><span style=\"color: #000000;\"><span style=\"font-size: medium;\">para analizar la situaci\u00f3n de <\/span><\/span><\/strong><strong><span style=\"color: #000000;\"><span style=\"font-size: medium;\">cada <\/span><\/span><\/strong><strong><span style=\"color: #000000;\"><span style=\"font-size: medium;\">municipio en materia de vivienda.<\/span><\/span><\/strong><\/span><\/p>\n<p align=\"justify\"><span style=\"font-size: small;\"><strong><span style=\"color: #000000;\"><span style=\"font-size: medium;\"><span style=\"font-family: Times New Roman, serif;\">El director <\/span><\/span><\/span><\/strong><span style=\"color: #000000;\"><strong><span style=\"font-size: medium;\">general <\/span><\/strong><strong><span style=\"font-size: medium;\">de EVha, Alberto Aznar Traval, <\/span><\/strong><strong><span style=\"font-size: medium;\">y <\/span><\/strong><strong><span style=\"font-size: medium;\">la subdirectora de Gesti\u00f3n de la entidad, Pura Peris, <\/span><\/strong><strong><span style=\"font-size: medium;\">se han reunido con los distintos representantes municipales. El primero de ellos ha sido con la alcaldesa de Santa Pola, Loreto Serrano. <\/span><\/strong><\/span><\/span><\/p>\n<p align=\"justify\"><span style=\"font-size: small;\"><strong><span style=\"color: #000000;\"><span style=\"font-size: medium;\"><span style=\"font-family: Times New Roman, serif;\">En el encuentro se ha anunciado que durante el primer <\/span><\/span><\/span><\/strong><span style=\"color: #000000;\"><strong><span style=\"font-size: medium;\">se<\/span><\/strong><strong><span style=\"font-size: medium;\">mestre del a\u00f1o est\u00e1 previsto que la Conselleria inicie las obras del Plan de Intervenci\u00f3n Integral Sostenible previsto en el grupo de vivienda p\u00fablica de Santa Pola, con una inversi\u00f3n estimada de 676.000 euros.<\/span><\/strong><\/span><\/span><\/p>\n<p align=\"justify\"><span style=\"font-family: Times New Roman, serif;\"><span style=\"font-size: small;\"><span style=\"color: #000000;\"><span style=\"font-size: medium;\">L<\/span><\/span><span style=\"color: #000000;\"><span style=\"font-size: medium;\">as <\/span><\/span><span style=\"color: #000000;\"><span style=\"font-size: medium;\">actuaciones previstas se centran en la mejora de la accesibilidad a los edificios y zonas comunes; reparaci\u00f3n de desperfectos puntuales en elementos estructurales; impermeabilizaci\u00f3n en cubiertas; reparaciones puntuales en fachada y pintura de plantas bajas. <\/span><\/span><\/span><\/span><\/p>\n<p align=\"justify\"><span style=\"color: #000000;\"><span style=\"font-family: Times New Roman, serif;\"><span style=\"font-size: medium;\">Las obras tambi\u00e9n tratar\u00e1n un problema significativo de este grupo y se solucionar\u00e1 la sobrepresi\u00f3n en la red de abastecimientos de agua. El acceso al forjado sanitario de varios bloques ser\u00e1 otra de las actuaciones previstas.<\/span><\/span><\/span><\/p>\n<p align=\"justify\"><span style=\"color: #000000;\"><span style=\"font-family: Times New Roman, serif;\"><span style=\"font-size: medium;\">Por \u00faltimo, se realizar\u00e1 una intervenci\u00f3n en todos los zaguanes de los edificios, reparando aquellos elementos que se encuentren en mal estado y se mejorar\u00e1n las zonas verdes comunes.<\/span><\/span><\/span><\/p>\n","protected":false},"excerpt":{"rendered":"<p>La Vicepresidencia Segunda y Conselleria de Vivienda y Arquitectura Bioclim\u00e1tica, a trav\u00e9s de la Entitat Valenciana d\u00b4Habitage i S\u00f2l (EVha), ha mantenido reuniones con los ayuntamientos de Santa Pola, Monforte del Cid y La Nuc\u00eda para analizar la situaci\u00f3n de cada municipio en materia de vivienda. El director general de EVha, Alberto Aznar Traval, y [&hellip;]<\/p>\n","protected":false},"author":75,"featured_media":10818,"comment_status":"closed","ping_status":"closed","sticky":false,"template":"","format":"standard","meta":{"_et_pb_use_builder":"","_et_pb_old_content":"","_et_gb_content_width":"","footnotes":""},"categories":[61,53,66,406],"tags":[],"class_list":["post-11463","post","type-post","status-publish","format-standard","has-post-thumbnail","hentry","category-alcaldia","category-igualdad-diversidad-ac-social-vivienda","category-inicio","category-sin-categorizar-2"],"yoast_head":"<!-- This site is optimized with the Yoast SEO plugin v27.4 - https:\/\/yoast.com\/product\/yoast-seo-wordpress\/ -->\n<title>La Conselleria de Vivienda analiza con el ayuntamiento de Santa Pola la situaci\u00f3n en materia de vivienda - Ajuntament de Santa Pola<\/title>\n<meta name=\"robots\" content=\"index, follow, max-snippet:-1, max-image-preview:large, max-video-preview:-1\" \/>\n<link rel=\"canonical\" href=\"https:\/\/santapola.es\/ca\/la-conselleria-de-vivienda-analiza-con-el-ayuntamiento-de-santa-pola-la-situacion-en-materia-de-vivienda\/\" \/>\n<meta property=\"og:locale\" content=\"ca_ES\" \/>\n<meta property=\"og:type\" content=\"article\" \/>\n<meta property=\"og:title\" content=\"La Conselleria de Vivienda analiza con el ayuntamiento de Santa Pola la situaci\u00f3n en materia de vivienda - Ajuntament de Santa Pola\" \/>\n<meta property=\"og:description\" content=\"La Vicepresidencia Segunda y Conselleria de Vivienda y Arquitectura Bioclim\u00e1tica, a trav\u00e9s de la Entitat Valenciana d\u00b4Habitage i S\u00f2l (EVha), ha mantenido reuniones con los ayuntamientos de Santa Pola, Monforte del Cid y La Nuc\u00eda para analizar la situaci\u00f3n de cada municipio en materia de vivienda. El director general de EVha, Alberto Aznar Traval, y [&hellip;]\" \/>\n<meta property=\"og:url\" content=\"https:\/\/santapola.es\/ca\/la-conselleria-de-vivienda-analiza-con-el-ayuntamiento-de-santa-pola-la-situacion-en-materia-de-vivienda\/\" \/>\n<meta property=\"og:site_name\" content=\"Ajuntament de Santa Pola\" \/>\n<meta property=\"article:publisher\" content=\"https:\/\/www.facebook.com\/AyuntamientoSantaPola\/\" \/>\n<meta property=\"article:published_time\" content=\"2019-12-19T18:34:26+00:00\" \/>\n<meta property=\"article:modified_time\" content=\"2024-03-07T17:38:02+00:00\" \/>\n<meta property=\"og:image\" content=\"https:\/\/santapola.es\/wp-content\/uploads\/2019\/08\/BOTON-AREA_SERVICIOSSOCIALES.jpg\" \/>\n\t<meta property=\"og:image:width\" content=\"355\" \/>\n\t<meta property=\"og:image:height\" content=\"113\" \/>\n\t<meta property=\"og:image:type\" content=\"image\/jpeg\" \/>\n<meta name=\"author\" content=\"\u00c1rea Municipal Alcald\u00eda\" \/>\n<meta name=\"twitter:card\" content=\"summary_large_image\" \/>\n<meta name=\"twitter:creator\" content=\"@SantaPolaAyunt\" \/>\n<meta name=\"twitter:site\" content=\"@SantaPolaAyunt\" \/>\n<script type=\"application\/ld+json\" class=\"yoast-schema-graph\">{\"@context\":\"https:\\\/\\\/schema.org\",\"@graph\":[{\"@type\":\"Article\",\"@id\":\"https:\\\/\\\/santapola.es\\\/ca\\\/la-conselleria-de-vivienda-analiza-con-el-ayuntamiento-de-santa-pola-la-situacion-en-materia-de-vivienda\\\/#article\",\"isPartOf\":{\"@id\":\"https:\\\/\\\/santapola.es\\\/ca\\\/la-conselleria-de-vivienda-analiza-con-el-ayuntamiento-de-santa-pola-la-situacion-en-materia-de-vivienda\\\/\"},\"author\":{\"name\":\"\u00c1rea Municipal Alcald\u00eda\",\"@id\":\"https:\\\/\\\/santapola.es\\\/ca\\\/#\\\/schema\\\/person\\\/c08381290b84c068e06ca5dc1f5a08a7\"},\"headline\":\"La Conselleria de Vivienda analiza con el ayuntamiento de Santa Pola la situaci\u00f3n en materia de vivienda\",\"datePublished\":\"2019-12-19T18:34:26+00:00\",\"dateModified\":\"2024-03-07T17:38:02+00:00\",\"mainEntityOfPage\":{\"@id\":\"https:\\\/\\\/santapola.es\\\/ca\\\/la-conselleria-de-vivienda-analiza-con-el-ayuntamiento-de-santa-pola-la-situacion-en-materia-de-vivienda\\\/\"},\"wordCount\":271,\"image\":{\"@id\":\"https:\\\/\\\/santapola.es\\\/ca\\\/la-conselleria-de-vivienda-analiza-con-el-ayuntamiento-de-santa-pola-la-situacion-en-materia-de-vivienda\\\/#primaryimage\"},\"thumbnailUrl\":\"https:\\\/\\\/santapola.es\\\/wp-content\\\/uploads\\\/2019\\\/08\\\/BOTON-AREA_SERVICIOSSOCIALES.jpg\",\"articleSection\":[\"Alcald\u00eda\",\"Igualdad\\\/ Diversidad\\\/ Ac Social\\\/ Vivienda\",\"Inicio\",\"Sin categorizar\"],\"inLanguage\":\"ca\"},{\"@type\":\"WebPage\",\"@id\":\"https:\\\/\\\/santapola.es\\\/ca\\\/la-conselleria-de-vivienda-analiza-con-el-ayuntamiento-de-santa-pola-la-situacion-en-materia-de-vivienda\\\/\",\"url\":\"https:\\\/\\\/santapola.es\\\/ca\\\/la-conselleria-de-vivienda-analiza-con-el-ayuntamiento-de-santa-pola-la-situacion-en-materia-de-vivienda\\\/\",\"name\":\"La Conselleria de Vivienda analiza con el ayuntamiento de Santa Pola la situaci\u00f3n en materia de vivienda - Ajuntament de Santa Pola\",\"isPartOf\":{\"@id\":\"https:\\\/\\\/santapola.es\\\/ca\\\/#website\"},\"primaryImageOfPage\":{\"@id\":\"https:\\\/\\\/santapola.es\\\/ca\\\/la-conselleria-de-vivienda-analiza-con-el-ayuntamiento-de-santa-pola-la-situacion-en-materia-de-vivienda\\\/#primaryimage\"},\"image\":{\"@id\":\"https:\\\/\\\/santapola.es\\\/ca\\\/la-conselleria-de-vivienda-analiza-con-el-ayuntamiento-de-santa-pola-la-situacion-en-materia-de-vivienda\\\/#primaryimage\"},\"thumbnailUrl\":\"https:\\\/\\\/santapola.es\\\/wp-content\\\/uploads\\\/2019\\\/08\\\/BOTON-AREA_SERVICIOSSOCIALES.jpg\",\"datePublished\":\"2019-12-19T18:34:26+00:00\",\"dateModified\":\"2024-03-07T17:38:02+00:00\",\"author\":{\"@id\":\"https:\\\/\\\/santapola.es\\\/ca\\\/#\\\/schema\\\/person\\\/c08381290b84c068e06ca5dc1f5a08a7\"},\"breadcrumb\":{\"@id\":\"https:\\\/\\\/santapola.es\\\/ca\\\/la-conselleria-de-vivienda-analiza-con-el-ayuntamiento-de-santa-pola-la-situacion-en-materia-de-vivienda\\\/#breadcrumb\"},\"inLanguage\":\"ca\",\"potentialAction\":[{\"@type\":\"ReadAction\",\"target\":[\"https:\\\/\\\/santapola.es\\\/ca\\\/la-conselleria-de-vivienda-analiza-con-el-ayuntamiento-de-santa-pola-la-situacion-en-materia-de-vivienda\\\/\"]}]},{\"@type\":\"ImageObject\",\"inLanguage\":\"ca\",\"@id\":\"https:\\\/\\\/santapola.es\\\/ca\\\/la-conselleria-de-vivienda-analiza-con-el-ayuntamiento-de-santa-pola-la-situacion-en-materia-de-vivienda\\\/#primaryimage\",\"url\":\"https:\\\/\\\/santapola.es\\\/wp-content\\\/uploads\\\/2019\\\/08\\\/BOTON-AREA_SERVICIOSSOCIALES.jpg\",\"contentUrl\":\"https:\\\/\\\/santapola.es\\\/wp-content\\\/uploads\\\/2019\\\/08\\\/BOTON-AREA_SERVICIOSSOCIALES.jpg\",\"width\":355,\"height\":113},{\"@type\":\"BreadcrumbList\",\"@id\":\"https:\\\/\\\/santapola.es\\\/ca\\\/la-conselleria-de-vivienda-analiza-con-el-ayuntamiento-de-santa-pola-la-situacion-en-materia-de-vivienda\\\/#breadcrumb\",\"itemListElement\":[{\"@type\":\"ListItem\",\"position\":1,\"name\":\"Inici\",\"item\":\"https:\\\/\\\/santapola.es\\\/ca\\\/\"},{\"@type\":\"ListItem\",\"position\":2,\"name\":\"La Conselleria de Vivienda analiza con el ayuntamiento de Santa Pola la situaci\u00f3n en materia de vivienda\"}]},{\"@type\":\"WebSite\",\"@id\":\"https:\\\/\\\/santapola.es\\\/ca\\\/#website\",\"url\":\"https:\\\/\\\/santapola.es\\\/ca\\\/\",\"name\":\"Ayuntamiento de Santa Pola\",\"description\":\"Web de l'Ajuntament de Santa Pola\",\"potentialAction\":[{\"@type\":\"SearchAction\",\"target\":{\"@type\":\"EntryPoint\",\"urlTemplate\":\"https:\\\/\\\/santapola.es\\\/ca\\\/?s={search_term_string}\"},\"query-input\":{\"@type\":\"PropertyValueSpecification\",\"valueRequired\":true,\"valueName\":\"search_term_string\"}}],\"inLanguage\":\"ca\"},{\"@type\":\"Person\",\"@id\":\"https:\\\/\\\/santapola.es\\\/ca\\\/#\\\/schema\\\/person\\\/c08381290b84c068e06ca5dc1f5a08a7\",\"name\":\"\u00c1rea Municipal Alcald\u00eda\"}]}<\/script>\n<!-- \/ Yoast SEO plugin. -->","yoast_head_json":{"title":"La Conselleria de Vivienda analiza con el ayuntamiento de Santa Pola la situaci\u00f3n en materia de vivienda - Ajuntament de Santa Pola","robots":{"index":"index","follow":"follow","max-snippet":"max-snippet:-1","max-image-preview":"max-image-preview:large","max-video-preview":"max-video-preview:-1"},"canonical":"https:\/\/santapola.es\/ca\/la-conselleria-de-vivienda-analiza-con-el-ayuntamiento-de-santa-pola-la-situacion-en-materia-de-vivienda\/","og_locale":"ca_ES","og_type":"article","og_title":"La Conselleria de Vivienda analiza con el ayuntamiento de Santa Pola la situaci\u00f3n en materia de vivienda - Ajuntament de Santa Pola","og_description":"La Vicepresidencia Segunda y Conselleria de Vivienda y Arquitectura Bioclim\u00e1tica, a trav\u00e9s de la Entitat Valenciana d\u00b4Habitage i S\u00f2l (EVha), ha mantenido reuniones con los ayuntamientos de Santa Pola, Monforte del Cid y La Nuc\u00eda para analizar la situaci\u00f3n de cada municipio en materia de vivienda. El director general de EVha, Alberto Aznar Traval, y [&hellip;]","og_url":"https:\/\/santapola.es\/ca\/la-conselleria-de-vivienda-analiza-con-el-ayuntamiento-de-santa-pola-la-situacion-en-materia-de-vivienda\/","og_site_name":"Ajuntament de Santa Pola","article_publisher":"https:\/\/www.facebook.com\/AyuntamientoSantaPola\/","article_published_time":"2019-12-19T18:34:26+00:00","article_modified_time":"2024-03-07T17:38:02+00:00","og_image":[{"width":355,"height":113,"url":"https:\/\/santapola.es\/wp-content\/uploads\/2019\/08\/BOTON-AREA_SERVICIOSSOCIALES.jpg","type":"image\/jpeg"}],"author":"\u00c1rea Municipal Alcald\u00eda","twitter_card":"summary_large_image","twitter_creator":"@SantaPolaAyunt","twitter_site":"@SantaPolaAyunt","schema":{"@context":"https:\/\/schema.org","@graph":[{"@type":"Article","@id":"https:\/\/santapola.es\/ca\/la-conselleria-de-vivienda-analiza-con-el-ayuntamiento-de-santa-pola-la-situacion-en-materia-de-vivienda\/#article","isPartOf":{"@id":"https:\/\/santapola.es\/ca\/la-conselleria-de-vivienda-analiza-con-el-ayuntamiento-de-santa-pola-la-situacion-en-materia-de-vivienda\/"},"author":{"name":"\u00c1rea Municipal Alcald\u00eda","@id":"https:\/\/santapola.es\/ca\/#\/schema\/person\/c08381290b84c068e06ca5dc1f5a08a7"},"headline":"La Conselleria de Vivienda analiza con el ayuntamiento de Santa Pola la situaci\u00f3n en materia de vivienda","datePublished":"2019-12-19T18:34:26+00:00","dateModified":"2024-03-07T17:38:02+00:00","mainEntityOfPage":{"@id":"https:\/\/santapola.es\/ca\/la-conselleria-de-vivienda-analiza-con-el-ayuntamiento-de-santa-pola-la-situacion-en-materia-de-vivienda\/"},"wordCount":271,"image":{"@id":"https:\/\/santapola.es\/ca\/la-conselleria-de-vivienda-analiza-con-el-ayuntamiento-de-santa-pola-la-situacion-en-materia-de-vivienda\/#primaryimage"},"thumbnailUrl":"https:\/\/santapola.es\/wp-content\/uploads\/2019\/08\/BOTON-AREA_SERVICIOSSOCIALES.jpg","articleSection":["Alcald\u00eda","Igualdad\/ Diversidad\/ Ac Social\/ Vivienda","Inicio","Sin categorizar"],"inLanguage":"ca"},{"@type":"WebPage","@id":"https:\/\/santapola.es\/ca\/la-conselleria-de-vivienda-analiza-con-el-ayuntamiento-de-santa-pola-la-situacion-en-materia-de-vivienda\/","url":"https:\/\/santapola.es\/ca\/la-conselleria-de-vivienda-analiza-con-el-ayuntamiento-de-santa-pola-la-situacion-en-materia-de-vivienda\/","name":"La Conselleria de Vivienda analiza con el ayuntamiento de Santa Pola la situaci\u00f3n en materia de vivienda - Ajuntament de Santa Pola","isPartOf":{"@id":"https:\/\/santapola.es\/ca\/#website"},"primaryImageOfPage":{"@id":"https:\/\/santapola.es\/ca\/la-conselleria-de-vivienda-analiza-con-el-ayuntamiento-de-santa-pola-la-situacion-en-materia-de-vivienda\/#primaryimage"},"image":{"@id":"https:\/\/santapola.es\/ca\/la-conselleria-de-vivienda-analiza-con-el-ayuntamiento-de-santa-pola-la-situacion-en-materia-de-vivienda\/#primaryimage"},"thumbnailUrl":"https:\/\/santapola.es\/wp-content\/uploads\/2019\/08\/BOTON-AREA_SERVICIOSSOCIALES.jpg","datePublished":"2019-12-19T18:34:26+00:00","dateModified":"2024-03-07T17:38:02+00:00","author":{"@id":"https:\/\/santapola.es\/ca\/#\/schema\/person\/c08381290b84c068e06ca5dc1f5a08a7"},"breadcrumb":{"@id":"https:\/\/santapola.es\/ca\/la-conselleria-de-vivienda-analiza-con-el-ayuntamiento-de-santa-pola-la-situacion-en-materia-de-vivienda\/#breadcrumb"},"inLanguage":"ca","potentialAction":[{"@type":"ReadAction","target":["https:\/\/santapola.es\/ca\/la-conselleria-de-vivienda-analiza-con-el-ayuntamiento-de-santa-pola-la-situacion-en-materia-de-vivienda\/"]}]},{"@type":"ImageObject","inLanguage":"ca","@id":"https:\/\/santapola.es\/ca\/la-conselleria-de-vivienda-analiza-con-el-ayuntamiento-de-santa-pola-la-situacion-en-materia-de-vivienda\/#primaryimage","url":"https:\/\/santapola.es\/wp-content\/uploads\/2019\/08\/BOTON-AREA_SERVICIOSSOCIALES.jpg","contentUrl":"https:\/\/santapola.es\/wp-content\/uploads\/2019\/08\/BOTON-AREA_SERVICIOSSOCIALES.jpg","width":355,"height":113},{"@type":"BreadcrumbList","@id":"https:\/\/santapola.es\/ca\/la-conselleria-de-vivienda-analiza-con-el-ayuntamiento-de-santa-pola-la-situacion-en-materia-de-vivienda\/#breadcrumb","itemListElement":[{"@type":"ListItem","position":1,"name":"Inici","item":"https:\/\/santapola.es\/ca\/"},{"@type":"ListItem","position":2,"name":"La Conselleria de Vivienda analiza con el ayuntamiento de Santa Pola la situaci\u00f3n en materia de vivienda"}]},{"@type":"WebSite","@id":"https:\/\/santapola.es\/ca\/#website","url":"https:\/\/santapola.es\/ca\/","name":"Ayuntamiento de Santa Pola","description":"Web de l'Ajuntament de Santa Pola","potentialAction":[{"@type":"SearchAction","target":{"@type":"EntryPoint","urlTemplate":"https:\/\/santapola.es\/ca\/?s={search_term_string}"},"query-input":{"@type":"PropertyValueSpecification","valueRequired":true,"valueName":"search_term_string"}}],"inLanguage":"ca"},{"@type":"Person","@id":"https:\/\/santapola.es\/ca\/#\/schema\/person\/c08381290b84c068e06ca5dc1f5a08a7","name":"\u00c1rea Municipal Alcald\u00eda"}]}},"_links":{"self":[{"href":"https:\/\/santapola.es\/ca\/wp-json\/wp\/v2\/posts\/11463","targetHints":{"allow":["GET"]}}],"collection":[{"href":"https:\/\/santapola.es\/ca\/wp-json\/wp\/v2\/posts"}],"about":[{"href":"https:\/\/santapola.es\/ca\/wp-json\/wp\/v2\/types\/post"}],"author":[{"embeddable":true,"href":"https:\/\/santapola.es\/ca\/wp-json\/wp\/v2\/users\/75"}],"replies":[{"embeddable":true,"href":"https:\/\/santapola.es\/ca\/wp-json\/wp\/v2\/comments?post=11463"}],"version-history":[{"count":0,"href":"https:\/\/santapola.es\/ca\/wp-json\/wp\/v2\/posts\/11463\/revisions"}],"wp:featuredmedia":[{"embeddable":true,"href":"https:\/\/santapola.es\/ca\/wp-json\/wp\/v2\/media\/10818"}],"wp:attachment":[{"href":"https:\/\/santapola.es\/ca\/wp-json\/wp\/v2\/media?parent=11463"}],"wp:term":[{"taxonomy":"category","embeddable":true,"href":"https:\/\/santapola.es\/ca\/wp-json\/wp\/v2\/categories?post=11463"},{"taxonomy":"post_tag","embeddable":true,"href":"https:\/\/santapola.es\/ca\/wp-json\/wp\/v2\/tags?post=11463"}],"curies":[{"name":"wp","href":"https:\/\/api.w.org\/{rel}","templated":true}]}}