{"id":11456,"date":"2019-12-17T19:46:50","date_gmt":"2019-12-17T17:46:50","guid":{"rendered":"https:\/\/www.santapola.es\/?p=11456"},"modified":"2024-03-07T18:38:02","modified_gmt":"2024-03-07T17:38:02","slug":"emociona-dogs-una-escuela-de-verano-muy-especial","status":"publish","type":"post","link":"https:\/\/santapola.es\/ca\/emociona-dogs-una-escuela-de-verano-muy-especial\/","title":{"rendered":"EMOCIONA &#8211; DOGS  UNA ESCUELA DE VERANO MUY ESPECIAL"},"content":{"rendered":"<p>\u2022 La alcaldesa de Santa Pola, Loreto Serrano y la concejala de Servicios sociales hicieron entrega el viernes 18 de octubre de los diplomas del curso de la Escuela de verano a los j\u00f3venes participantes.<br \/>\n\u2022 La escuela de verano Emociona &#8211; Dogs dirigida a Adolescentes en situaci\u00f3n de vulnerabilidad se llev\u00f3 a cabo durante los meses de julio y agosto de 2019 y ha sido implementada por la asociaci\u00f3n Somos Humanymal en colaboraci\u00f3n con el Ayuntamiento de Santa Pola,<\/p>\n<p>\u2022 Esta escuela de verano incorpora perros de terapia para apoyar actividades educativas y terap\u00e9uticas con los menores participantes.<\/p>\n<p>La escuela de verano Emociona \u2013 Dogs, que ya cuenta con tres ediciones y lleva desarroll\u00e1ndose en la localidad desde el verano de 2017, tiene como principal objetivo el ofrecer un recurso a los adolescentes residentes en Santa Pola durante los meses de verano, que permita abordar las diferentes problem\u00e1ticas de tipo escolar, personal, social y familiar que presentan. Para ello, se han incorporado 5 perros de terapia que han actuado como elementos motivadores y generadores de adherencia al programa, adem\u00e1s de actuar como apoyo y est\u00edmulo en las diferentes actividades que se plantean en la escuela.<\/p>\n<p>Hasta el momento, han participado m\u00e1s de 70 adolescentes que han aprendido nociones b\u00e1sicas sobre perros y han adquirido las competencias b\u00e1sicas como gu\u00edas caninos de perros de terapia en sesiones dirigidas a 3\u00aa edad, ni\u00f1os y personas con diversidad funcional. As\u00ed mismo, los menores beneficiarios se han involucrado en acciones de activismo por los animales, desarrollando campa\u00f1as de concienciaci\u00f3n en la localidad sobre abandono de animales de compa\u00f1\u00eda, para promover la adopci\u00f3n y por la eliminaci\u00f3n de las fiestas populares con animales en la comunidad valenciana.<br \/>\nCon respecto a los beneficios que se han constatado en los alumnos participantes, la mejora de la autoestima y de las din\u00e1micas familiares, el aumento de la integraci\u00f3n social as\u00ed como, la vuelta al sistema educativo, son algunos de los m\u00e1s rese\u00f1ables,<br \/>\nEmociona-Dogs tambi\u00e9n incorpora acciones para potenciar el acceso al empleo por parte de j\u00f3venes y 6 de los alumnos de la escuela fueron contratados en posteriores ediciones como auxiliares.<\/p>\n","protected":false},"excerpt":{"rendered":"<p>\u2022 La alcaldesa de Santa Pola, Loreto Serrano y la concejala de Servicios sociales hicieron entrega el viernes 18 de octubre de los diplomas del curso de la Escuela de verano a los j\u00f3venes participantes. \u2022 La escuela de verano Emociona &#8211; Dogs dirigida a Adolescentes en situaci\u00f3n de vulnerabilidad se llev\u00f3 a cabo durante [&hellip;]<\/p>\n","protected":false},"author":75,"featured_media":11457,"comment_status":"closed","ping_status":"closed","sticky":false,"template":"","format":"standard","meta":{"_et_pb_use_builder":"","_et_pb_old_content":"","_et_gb_content_width":"","footnotes":""},"categories":[60,53,66,406],"tags":[],"class_list":["post-11456","post","type-post","status-publish","format-standard","has-post-thumbnail","hentry","category-educacion-juventud","category-igualdad-diversidad-ac-social-vivienda","category-inicio","category-sin-categorizar-2"],"yoast_head":"<!-- This site is optimized with the Yoast SEO plugin v27.4 - https:\/\/yoast.com\/product\/yoast-seo-wordpress\/ -->\n<title>EMOCIONA - DOGS UNA ESCUELA DE VERANO MUY ESPECIAL - Ajuntament de Santa Pola<\/title>\n<meta name=\"robots\" content=\"index, follow, max-snippet:-1, max-image-preview:large, max-video-preview:-1\" \/>\n<link rel=\"canonical\" href=\"https:\/\/santapola.es\/ca\/emociona-dogs-una-escuela-de-verano-muy-especial\/\" \/>\n<meta property=\"og:locale\" content=\"ca_ES\" \/>\n<meta property=\"og:type\" content=\"article\" \/>\n<meta property=\"og:title\" content=\"EMOCIONA - DOGS UNA ESCUELA DE VERANO MUY ESPECIAL - Ajuntament de Santa Pola\" \/>\n<meta property=\"og:description\" content=\"\u2022 La alcaldesa de Santa Pola, Loreto Serrano y la concejala de Servicios sociales hicieron entrega el viernes 18 de octubre de los diplomas del curso de la Escuela de verano a los j\u00f3venes participantes. \u2022 La escuela de verano Emociona &#8211; Dogs dirigida a Adolescentes en situaci\u00f3n de vulnerabilidad se llev\u00f3 a cabo durante [&hellip;]\" \/>\n<meta property=\"og:url\" content=\"https:\/\/santapola.es\/ca\/emociona-dogs-una-escuela-de-verano-muy-especial\/\" \/>\n<meta property=\"og:site_name\" content=\"Ajuntament de Santa Pola\" \/>\n<meta property=\"article:publisher\" content=\"https:\/\/www.facebook.com\/AyuntamientoSantaPola\/\" \/>\n<meta property=\"article:published_time\" content=\"2019-12-17T17:46:50+00:00\" \/>\n<meta property=\"article:modified_time\" content=\"2024-03-07T17:38:02+00:00\" \/>\n<meta property=\"og:image\" content=\"https:\/\/santapola.es\/wp-content\/uploads\/2019\/12\/ESCUELA-DE-VERANO-foto_17-12-19.jpg\" \/>\n\t<meta property=\"og:image:width\" content=\"3000\" \/>\n\t<meta property=\"og:image:height\" content=\"1451\" \/>\n\t<meta property=\"og:image:type\" content=\"image\/jpeg\" \/>\n<meta name=\"author\" content=\"\u00c1rea Municipal Alcald\u00eda\" \/>\n<meta name=\"twitter:card\" content=\"summary_large_image\" \/>\n<meta name=\"twitter:creator\" content=\"@SantaPolaAyunt\" \/>\n<meta name=\"twitter:site\" content=\"@SantaPolaAyunt\" \/>\n<script type=\"application\/ld+json\" class=\"yoast-schema-graph\">{\"@context\":\"https:\\\/\\\/schema.org\",\"@graph\":[{\"@type\":\"Article\",\"@id\":\"https:\\\/\\\/santapola.es\\\/ca\\\/emociona-dogs-una-escuela-de-verano-muy-especial\\\/#article\",\"isPartOf\":{\"@id\":\"https:\\\/\\\/santapola.es\\\/ca\\\/emociona-dogs-una-escuela-de-verano-muy-especial\\\/\"},\"author\":{\"name\":\"\u00c1rea Municipal Alcald\u00eda\",\"@id\":\"https:\\\/\\\/santapola.es\\\/ca\\\/#\\\/schema\\\/person\\\/c08381290b84c068e06ca5dc1f5a08a7\"},\"headline\":\"EMOCIONA &#8211; DOGS UNA ESCUELA DE VERANO MUY ESPECIAL\",\"datePublished\":\"2019-12-17T17:46:50+00:00\",\"dateModified\":\"2024-03-07T17:38:02+00:00\",\"mainEntityOfPage\":{\"@id\":\"https:\\\/\\\/santapola.es\\\/ca\\\/emociona-dogs-una-escuela-de-verano-muy-especial\\\/\"},\"wordCount\":377,\"image\":{\"@id\":\"https:\\\/\\\/santapola.es\\\/ca\\\/emociona-dogs-una-escuela-de-verano-muy-especial\\\/#primaryimage\"},\"thumbnailUrl\":\"https:\\\/\\\/santapola.es\\\/wp-content\\\/uploads\\\/2019\\\/12\\\/ESCUELA-DE-VERANO-foto_17-12-19.jpg\",\"articleSection\":[\"Educaci\u00f3n \\\/ Juventud\",\"Igualdad\\\/ Diversidad\\\/ Ac Social\\\/ Vivienda\",\"Inicio\",\"Sin categorizar\"],\"inLanguage\":\"ca\"},{\"@type\":\"WebPage\",\"@id\":\"https:\\\/\\\/santapola.es\\\/ca\\\/emociona-dogs-una-escuela-de-verano-muy-especial\\\/\",\"url\":\"https:\\\/\\\/santapola.es\\\/ca\\\/emociona-dogs-una-escuela-de-verano-muy-especial\\\/\",\"name\":\"EMOCIONA - DOGS UNA ESCUELA DE VERANO MUY ESPECIAL - Ajuntament de Santa Pola\",\"isPartOf\":{\"@id\":\"https:\\\/\\\/santapola.es\\\/ca\\\/#website\"},\"primaryImageOfPage\":{\"@id\":\"https:\\\/\\\/santapola.es\\\/ca\\\/emociona-dogs-una-escuela-de-verano-muy-especial\\\/#primaryimage\"},\"image\":{\"@id\":\"https:\\\/\\\/santapola.es\\\/ca\\\/emociona-dogs-una-escuela-de-verano-muy-especial\\\/#primaryimage\"},\"thumbnailUrl\":\"https:\\\/\\\/santapola.es\\\/wp-content\\\/uploads\\\/2019\\\/12\\\/ESCUELA-DE-VERANO-foto_17-12-19.jpg\",\"datePublished\":\"2019-12-17T17:46:50+00:00\",\"dateModified\":\"2024-03-07T17:38:02+00:00\",\"author\":{\"@id\":\"https:\\\/\\\/santapola.es\\\/ca\\\/#\\\/schema\\\/person\\\/c08381290b84c068e06ca5dc1f5a08a7\"},\"breadcrumb\":{\"@id\":\"https:\\\/\\\/santapola.es\\\/ca\\\/emociona-dogs-una-escuela-de-verano-muy-especial\\\/#breadcrumb\"},\"inLanguage\":\"ca\",\"potentialAction\":[{\"@type\":\"ReadAction\",\"target\":[\"https:\\\/\\\/santapola.es\\\/ca\\\/emociona-dogs-una-escuela-de-verano-muy-especial\\\/\"]}]},{\"@type\":\"ImageObject\",\"inLanguage\":\"ca\",\"@id\":\"https:\\\/\\\/santapola.es\\\/ca\\\/emociona-dogs-una-escuela-de-verano-muy-especial\\\/#primaryimage\",\"url\":\"https:\\\/\\\/santapola.es\\\/wp-content\\\/uploads\\\/2019\\\/12\\\/ESCUELA-DE-VERANO-foto_17-12-19.jpg\",\"contentUrl\":\"https:\\\/\\\/santapola.es\\\/wp-content\\\/uploads\\\/2019\\\/12\\\/ESCUELA-DE-VERANO-foto_17-12-19.jpg\",\"width\":3000,\"height\":1451},{\"@type\":\"BreadcrumbList\",\"@id\":\"https:\\\/\\\/santapola.es\\\/ca\\\/emociona-dogs-una-escuela-de-verano-muy-especial\\\/#breadcrumb\",\"itemListElement\":[{\"@type\":\"ListItem\",\"position\":1,\"name\":\"Inici\",\"item\":\"https:\\\/\\\/santapola.es\\\/ca\\\/\"},{\"@type\":\"ListItem\",\"position\":2,\"name\":\"EMOCIONA &#8211; DOGS UNA ESCUELA DE VERANO MUY ESPECIAL\"}]},{\"@type\":\"WebSite\",\"@id\":\"https:\\\/\\\/santapola.es\\\/ca\\\/#website\",\"url\":\"https:\\\/\\\/santapola.es\\\/ca\\\/\",\"name\":\"Ayuntamiento de Santa Pola\",\"description\":\"Web de l'Ajuntament de Santa Pola\",\"potentialAction\":[{\"@type\":\"SearchAction\",\"target\":{\"@type\":\"EntryPoint\",\"urlTemplate\":\"https:\\\/\\\/santapola.es\\\/ca\\\/?s={search_term_string}\"},\"query-input\":{\"@type\":\"PropertyValueSpecification\",\"valueRequired\":true,\"valueName\":\"search_term_string\"}}],\"inLanguage\":\"ca\"},{\"@type\":\"Person\",\"@id\":\"https:\\\/\\\/santapola.es\\\/ca\\\/#\\\/schema\\\/person\\\/c08381290b84c068e06ca5dc1f5a08a7\",\"name\":\"\u00c1rea Municipal Alcald\u00eda\"}]}<\/script>\n<!-- \/ Yoast SEO plugin. -->","yoast_head_json":{"title":"EMOCIONA - DOGS UNA ESCUELA DE VERANO MUY ESPECIAL - Ajuntament de Santa Pola","robots":{"index":"index","follow":"follow","max-snippet":"max-snippet:-1","max-image-preview":"max-image-preview:large","max-video-preview":"max-video-preview:-1"},"canonical":"https:\/\/santapola.es\/ca\/emociona-dogs-una-escuela-de-verano-muy-especial\/","og_locale":"ca_ES","og_type":"article","og_title":"EMOCIONA - DOGS UNA ESCUELA DE VERANO MUY ESPECIAL - Ajuntament de Santa Pola","og_description":"\u2022 La alcaldesa de Santa Pola, Loreto Serrano y la concejala de Servicios sociales hicieron entrega el viernes 18 de octubre de los diplomas del curso de la Escuela de verano a los j\u00f3venes participantes. \u2022 La escuela de verano Emociona &#8211; Dogs dirigida a Adolescentes en situaci\u00f3n de vulnerabilidad se llev\u00f3 a cabo durante [&hellip;]","og_url":"https:\/\/santapola.es\/ca\/emociona-dogs-una-escuela-de-verano-muy-especial\/","og_site_name":"Ajuntament de Santa Pola","article_publisher":"https:\/\/www.facebook.com\/AyuntamientoSantaPola\/","article_published_time":"2019-12-17T17:46:50+00:00","article_modified_time":"2024-03-07T17:38:02+00:00","og_image":[{"width":3000,"height":1451,"url":"https:\/\/santapola.es\/wp-content\/uploads\/2019\/12\/ESCUELA-DE-VERANO-foto_17-12-19.jpg","type":"image\/jpeg"}],"author":"\u00c1rea Municipal Alcald\u00eda","twitter_card":"summary_large_image","twitter_creator":"@SantaPolaAyunt","twitter_site":"@SantaPolaAyunt","schema":{"@context":"https:\/\/schema.org","@graph":[{"@type":"Article","@id":"https:\/\/santapola.es\/ca\/emociona-dogs-una-escuela-de-verano-muy-especial\/#article","isPartOf":{"@id":"https:\/\/santapola.es\/ca\/emociona-dogs-una-escuela-de-verano-muy-especial\/"},"author":{"name":"\u00c1rea Municipal Alcald\u00eda","@id":"https:\/\/santapola.es\/ca\/#\/schema\/person\/c08381290b84c068e06ca5dc1f5a08a7"},"headline":"EMOCIONA &#8211; DOGS UNA ESCUELA DE VERANO MUY ESPECIAL","datePublished":"2019-12-17T17:46:50+00:00","dateModified":"2024-03-07T17:38:02+00:00","mainEntityOfPage":{"@id":"https:\/\/santapola.es\/ca\/emociona-dogs-una-escuela-de-verano-muy-especial\/"},"wordCount":377,"image":{"@id":"https:\/\/santapola.es\/ca\/emociona-dogs-una-escuela-de-verano-muy-especial\/#primaryimage"},"thumbnailUrl":"https:\/\/santapola.es\/wp-content\/uploads\/2019\/12\/ESCUELA-DE-VERANO-foto_17-12-19.jpg","articleSection":["Educaci\u00f3n \/ Juventud","Igualdad\/ Diversidad\/ Ac Social\/ Vivienda","Inicio","Sin categorizar"],"inLanguage":"ca"},{"@type":"WebPage","@id":"https:\/\/santapola.es\/ca\/emociona-dogs-una-escuela-de-verano-muy-especial\/","url":"https:\/\/santapola.es\/ca\/emociona-dogs-una-escuela-de-verano-muy-especial\/","name":"EMOCIONA - DOGS UNA ESCUELA DE VERANO MUY ESPECIAL - Ajuntament de Santa Pola","isPartOf":{"@id":"https:\/\/santapola.es\/ca\/#website"},"primaryImageOfPage":{"@id":"https:\/\/santapola.es\/ca\/emociona-dogs-una-escuela-de-verano-muy-especial\/#primaryimage"},"image":{"@id":"https:\/\/santapola.es\/ca\/emociona-dogs-una-escuela-de-verano-muy-especial\/#primaryimage"},"thumbnailUrl":"https:\/\/santapola.es\/wp-content\/uploads\/2019\/12\/ESCUELA-DE-VERANO-foto_17-12-19.jpg","datePublished":"2019-12-17T17:46:50+00:00","dateModified":"2024-03-07T17:38:02+00:00","author":{"@id":"https:\/\/santapola.es\/ca\/#\/schema\/person\/c08381290b84c068e06ca5dc1f5a08a7"},"breadcrumb":{"@id":"https:\/\/santapola.es\/ca\/emociona-dogs-una-escuela-de-verano-muy-especial\/#breadcrumb"},"inLanguage":"ca","potentialAction":[{"@type":"ReadAction","target":["https:\/\/santapola.es\/ca\/emociona-dogs-una-escuela-de-verano-muy-especial\/"]}]},{"@type":"ImageObject","inLanguage":"ca","@id":"https:\/\/santapola.es\/ca\/emociona-dogs-una-escuela-de-verano-muy-especial\/#primaryimage","url":"https:\/\/santapola.es\/wp-content\/uploads\/2019\/12\/ESCUELA-DE-VERANO-foto_17-12-19.jpg","contentUrl":"https:\/\/santapola.es\/wp-content\/uploads\/2019\/12\/ESCUELA-DE-VERANO-foto_17-12-19.jpg","width":3000,"height":1451},{"@type":"BreadcrumbList","@id":"https:\/\/santapola.es\/ca\/emociona-dogs-una-escuela-de-verano-muy-especial\/#breadcrumb","itemListElement":[{"@type":"ListItem","position":1,"name":"Inici","item":"https:\/\/santapola.es\/ca\/"},{"@type":"ListItem","position":2,"name":"EMOCIONA &#8211; DOGS UNA ESCUELA DE VERANO MUY ESPECIAL"}]},{"@type":"WebSite","@id":"https:\/\/santapola.es\/ca\/#website","url":"https:\/\/santapola.es\/ca\/","name":"Ayuntamiento de Santa Pola","description":"Web de l'Ajuntament de Santa Pola","potentialAction":[{"@type":"SearchAction","target":{"@type":"EntryPoint","urlTemplate":"https:\/\/santapola.es\/ca\/?s={search_term_string}"},"query-input":{"@type":"PropertyValueSpecification","valueRequired":true,"valueName":"search_term_string"}}],"inLanguage":"ca"},{"@type":"Person","@id":"https:\/\/santapola.es\/ca\/#\/schema\/person\/c08381290b84c068e06ca5dc1f5a08a7","name":"\u00c1rea Municipal Alcald\u00eda"}]}},"_links":{"self":[{"href":"https:\/\/santapola.es\/ca\/wp-json\/wp\/v2\/posts\/11456","targetHints":{"allow":["GET"]}}],"collection":[{"href":"https:\/\/santapola.es\/ca\/wp-json\/wp\/v2\/posts"}],"about":[{"href":"https:\/\/santapola.es\/ca\/wp-json\/wp\/v2\/types\/post"}],"author":[{"embeddable":true,"href":"https:\/\/santapola.es\/ca\/wp-json\/wp\/v2\/users\/75"}],"replies":[{"embeddable":true,"href":"https:\/\/santapola.es\/ca\/wp-json\/wp\/v2\/comments?post=11456"}],"version-history":[{"count":0,"href":"https:\/\/santapola.es\/ca\/wp-json\/wp\/v2\/posts\/11456\/revisions"}],"wp:featuredmedia":[{"embeddable":true,"href":"https:\/\/santapola.es\/ca\/wp-json\/wp\/v2\/media\/11457"}],"wp:attachment":[{"href":"https:\/\/santapola.es\/ca\/wp-json\/wp\/v2\/media?parent=11456"}],"wp:term":[{"taxonomy":"category","embeddable":true,"href":"https:\/\/santapola.es\/ca\/wp-json\/wp\/v2\/categories?post=11456"},{"taxonomy":"post_tag","embeddable":true,"href":"https:\/\/santapola.es\/ca\/wp-json\/wp\/v2\/tags?post=11456"}],"curies":[{"name":"wp","href":"https:\/\/api.w.org\/{rel}","templated":true}]}}