{"id":11446,"date":"2019-12-16T16:41:32","date_gmt":"2019-12-16T14:41:32","guid":{"rendered":"https:\/\/www.santapola.es\/?p=11446"},"modified":"2024-03-07T18:38:01","modified_gmt":"2024-03-07T17:38:01","slug":"el-ayuntamiento-de-santa-pola-y-vectalia-analizan-mejoras-en-el-transporte-urbano","status":"publish","type":"post","link":"https:\/\/santapola.es\/ca\/el-ayuntamiento-de-santa-pola-y-vectalia-analizan-mejoras-en-el-transporte-urbano\/","title":{"rendered":"EL AYUNTAMIENTO DE SANTA POLA Y VECTALIA ANALIZAN MEJORAS EN EL TRANSPORTE URBANO"},"content":{"rendered":"<p>El Ayuntamiento de Santa Pola y el grupo Vectalia han mantenido una primera reuni\u00f3n para analizar el transporte urbano y plantear posibles mejoras. El pasado jueves 12 de diciembre, se reunieron en el Ayuntamiento de Santa Pola el Delegado de Vectalia David Sastre Navarro, Ra\u00fal Cantero Hern\u00e1ndez como director de Transporte Urbano y Francisco Blanca como Responsable del Servicio, la Alcaldesa M\u00aa Loreto Serrano, el concejal de Gran Alacant Oscar Valenzuela y Julio Baeza y Ana Bermejo como concejal y t\u00e9cnico de Turismo respectivamente.<\/p>\n<p>Como consecuencia de las distintas propuestas y peticiones recibidas de la ciudadan\u00eda, fue necesaria y prioritaria para el equipo de gobierno mantener esa reuni\u00f3n en la cual se debati\u00f3 acerca de la problem\u00e1tica del transporte y las mejoras que se puedan acometer a corto y medio plazo, todas estas mejoras se realizar\u00e1n teniendo en consideraci\u00f3n al titular del servicio que corresponde a la Conseller\u00eda de Transportes<\/p>\n<p>El nuevo delegado de Vectalia manifest\u00f3 que est\u00e1n trabajando intensamente en darle un enfoque metropolitano al transporte del eje Alicante-Gran Alacant-Santa Pola integrando las l\u00edneas urbanas e interurbanas, con una informaci\u00f3n sencilla en gran formato que resuelva las dudas que frecuentemente se plantean por parte de los usuarios en cuanto a l\u00edneas y conexiones.<\/p>\n<p>En este sentido se va a acometer una reubicaci\u00f3n y mejora de las paradas y de la informaci\u00f3n desplegada en las mismas, petici\u00f3n expresada frecuentemente por los concejales. En el apartado de mejoras tecnol\u00f3gicas tambi\u00e9n se va proceder a usar tarjetas <i>contactless<\/i> para los bonos y otras que permitir\u00e1n ofrecer informaci\u00f3n actualizada a los usuarios y mejorar la planificaci\u00f3n del servicio.<\/p>\n<p>Desde el ayuntamiento, por parte de la Alcaldesa y de las distintas concejal\u00edas se han especificado las necesidades y recorridos para cada barrio que se deben estudiar e implementar. De esta forma, queda plasmada el trasladado de las peticiones vecinales de barrios como Pablo Iglesias o Calvario, Playa Lisa y Tamarit y Gran Alacant.<\/p>\n<p>En la l\u00ednea de Alicante-Santa Pola se va a aumentar capacidad en algunas frecuencias y se van a hacer refuerzos y mejores sincronizaciones para aeropuerto, instituto y universidades de Elche y Alicante. Se ha insistido en la formaci\u00f3n de los conductores para ofrecer correctamente la informaci\u00f3n de rutas y conexiones, que seg\u00fan zonas debe estar traducida al ingl\u00e9s.<\/p>\n<p>Tambi\u00e9n, se dio traslado de quejas acerca de accesibilidad que hay que mejorar a corto y medio plazo con diferentes actuaciones, siendo una problem\u00e1tica costosa de resolver.<\/p>\n<p>Y un tema a incluir en todos los acuerdos, a medio y largo plazo, es la mejora en emisiones y veh\u00edculos m\u00e1s ecol\u00f3gicos.<\/p>\n","protected":false},"excerpt":{"rendered":"<p>El Ayuntamiento de Santa Pola y el grupo Vectalia han mantenido una primera reuni\u00f3n para analizar el transporte urbano y plantear posibles mejoras. El pasado jueves 12 de diciembre, se reunieron en el Ayuntamiento de Santa Pola el Delegado de Vectalia David Sastre Navarro, Ra\u00fal Cantero Hern\u00e1ndez como director de Transporte Urbano y Francisco Blanca [&hellip;]<\/p>\n","protected":false},"author":75,"featured_media":0,"comment_status":"closed","ping_status":"closed","sticky":false,"template":"","format":"standard","meta":{"_et_pb_use_builder":"","_et_pb_old_content":"","_et_gb_content_width":"","footnotes":""},"categories":[61,66,57,406],"tags":[],"class_list":["post-11446","post","type-post","status-publish","format-standard","hentry","category-alcaldia","category-inicio","category-playas-turismo-pesca","category-sin-categorizar-2"],"yoast_head":"<!-- This site is optimized with the Yoast SEO plugin v27.4 - https:\/\/yoast.com\/product\/yoast-seo-wordpress\/ -->\n<title>EL AYUNTAMIENTO DE SANTA POLA Y VECTALIA ANALIZAN MEJORAS EN EL TRANSPORTE URBANO - Ajuntament de Santa Pola<\/title>\n<meta name=\"robots\" content=\"index, follow, max-snippet:-1, max-image-preview:large, max-video-preview:-1\" \/>\n<link rel=\"canonical\" href=\"https:\/\/santapola.es\/ca\/el-ayuntamiento-de-santa-pola-y-vectalia-analizan-mejoras-en-el-transporte-urbano\/\" \/>\n<meta property=\"og:locale\" content=\"ca_ES\" \/>\n<meta property=\"og:type\" content=\"article\" \/>\n<meta property=\"og:title\" content=\"EL AYUNTAMIENTO DE SANTA POLA Y VECTALIA ANALIZAN MEJORAS EN EL TRANSPORTE URBANO - Ajuntament de Santa Pola\" \/>\n<meta property=\"og:description\" content=\"El Ayuntamiento de Santa Pola y el grupo Vectalia han mantenido una primera reuni\u00f3n para analizar el transporte urbano y plantear posibles mejoras. El pasado jueves 12 de diciembre, se reunieron en el Ayuntamiento de Santa Pola el Delegado de Vectalia David Sastre Navarro, Ra\u00fal Cantero Hern\u00e1ndez como director de Transporte Urbano y Francisco Blanca [&hellip;]\" \/>\n<meta property=\"og:url\" content=\"https:\/\/santapola.es\/ca\/el-ayuntamiento-de-santa-pola-y-vectalia-analizan-mejoras-en-el-transporte-urbano\/\" \/>\n<meta property=\"og:site_name\" content=\"Ajuntament de Santa Pola\" \/>\n<meta property=\"article:publisher\" content=\"https:\/\/www.facebook.com\/AyuntamientoSantaPola\/\" \/>\n<meta property=\"article:published_time\" content=\"2019-12-16T14:41:32+00:00\" \/>\n<meta property=\"article:modified_time\" content=\"2024-03-07T17:38:01+00:00\" \/>\n<meta name=\"author\" content=\"\u00c1rea Municipal Alcald\u00eda\" \/>\n<meta name=\"twitter:card\" content=\"summary_large_image\" \/>\n<meta name=\"twitter:creator\" content=\"@SantaPolaAyunt\" \/>\n<meta name=\"twitter:site\" content=\"@SantaPolaAyunt\" \/>\n<script type=\"application\/ld+json\" class=\"yoast-schema-graph\">{\"@context\":\"https:\\\/\\\/schema.org\",\"@graph\":[{\"@type\":\"Article\",\"@id\":\"https:\\\/\\\/santapola.es\\\/ca\\\/el-ayuntamiento-de-santa-pola-y-vectalia-analizan-mejoras-en-el-transporte-urbano\\\/#article\",\"isPartOf\":{\"@id\":\"https:\\\/\\\/santapola.es\\\/ca\\\/el-ayuntamiento-de-santa-pola-y-vectalia-analizan-mejoras-en-el-transporte-urbano\\\/\"},\"author\":{\"name\":\"\u00c1rea Municipal Alcald\u00eda\",\"@id\":\"https:\\\/\\\/santapola.es\\\/ca\\\/#\\\/schema\\\/person\\\/c08381290b84c068e06ca5dc1f5a08a7\"},\"headline\":\"EL AYUNTAMIENTO DE SANTA POLA Y VECTALIA ANALIZAN MEJORAS EN EL TRANSPORTE URBANO\",\"datePublished\":\"2019-12-16T14:41:32+00:00\",\"dateModified\":\"2024-03-07T17:38:01+00:00\",\"mainEntityOfPage\":{\"@id\":\"https:\\\/\\\/santapola.es\\\/ca\\\/el-ayuntamiento-de-santa-pola-y-vectalia-analizan-mejoras-en-el-transporte-urbano\\\/\"},\"wordCount\":472,\"articleSection\":[\"Alcald\u00eda\",\"Inicio\",\"Playas \\\/ Turismo \\\/ Pesca\",\"Sin categorizar\"],\"inLanguage\":\"ca\"},{\"@type\":\"WebPage\",\"@id\":\"https:\\\/\\\/santapola.es\\\/ca\\\/el-ayuntamiento-de-santa-pola-y-vectalia-analizan-mejoras-en-el-transporte-urbano\\\/\",\"url\":\"https:\\\/\\\/santapola.es\\\/ca\\\/el-ayuntamiento-de-santa-pola-y-vectalia-analizan-mejoras-en-el-transporte-urbano\\\/\",\"name\":\"EL AYUNTAMIENTO DE SANTA POLA Y VECTALIA ANALIZAN MEJORAS EN EL TRANSPORTE URBANO - Ajuntament de Santa Pola\",\"isPartOf\":{\"@id\":\"https:\\\/\\\/santapola.es\\\/ca\\\/#website\"},\"datePublished\":\"2019-12-16T14:41:32+00:00\",\"dateModified\":\"2024-03-07T17:38:01+00:00\",\"author\":{\"@id\":\"https:\\\/\\\/santapola.es\\\/ca\\\/#\\\/schema\\\/person\\\/c08381290b84c068e06ca5dc1f5a08a7\"},\"breadcrumb\":{\"@id\":\"https:\\\/\\\/santapola.es\\\/ca\\\/el-ayuntamiento-de-santa-pola-y-vectalia-analizan-mejoras-en-el-transporte-urbano\\\/#breadcrumb\"},\"inLanguage\":\"ca\",\"potentialAction\":[{\"@type\":\"ReadAction\",\"target\":[\"https:\\\/\\\/santapola.es\\\/ca\\\/el-ayuntamiento-de-santa-pola-y-vectalia-analizan-mejoras-en-el-transporte-urbano\\\/\"]}]},{\"@type\":\"BreadcrumbList\",\"@id\":\"https:\\\/\\\/santapola.es\\\/ca\\\/el-ayuntamiento-de-santa-pola-y-vectalia-analizan-mejoras-en-el-transporte-urbano\\\/#breadcrumb\",\"itemListElement\":[{\"@type\":\"ListItem\",\"position\":1,\"name\":\"Inici\",\"item\":\"https:\\\/\\\/santapola.es\\\/ca\\\/\"},{\"@type\":\"ListItem\",\"position\":2,\"name\":\"EL AYUNTAMIENTO DE SANTA POLA Y VECTALIA ANALIZAN MEJORAS EN EL TRANSPORTE URBANO\"}]},{\"@type\":\"WebSite\",\"@id\":\"https:\\\/\\\/santapola.es\\\/ca\\\/#website\",\"url\":\"https:\\\/\\\/santapola.es\\\/ca\\\/\",\"name\":\"Ayuntamiento de Santa Pola\",\"description\":\"Web de l'Ajuntament de Santa Pola\",\"potentialAction\":[{\"@type\":\"SearchAction\",\"target\":{\"@type\":\"EntryPoint\",\"urlTemplate\":\"https:\\\/\\\/santapola.es\\\/ca\\\/?s={search_term_string}\"},\"query-input\":{\"@type\":\"PropertyValueSpecification\",\"valueRequired\":true,\"valueName\":\"search_term_string\"}}],\"inLanguage\":\"ca\"},{\"@type\":\"Person\",\"@id\":\"https:\\\/\\\/santapola.es\\\/ca\\\/#\\\/schema\\\/person\\\/c08381290b84c068e06ca5dc1f5a08a7\",\"name\":\"\u00c1rea Municipal Alcald\u00eda\"}]}<\/script>\n<!-- \/ Yoast SEO plugin. -->","yoast_head_json":{"title":"EL AYUNTAMIENTO DE SANTA POLA Y VECTALIA ANALIZAN MEJORAS EN EL TRANSPORTE URBANO - Ajuntament de Santa Pola","robots":{"index":"index","follow":"follow","max-snippet":"max-snippet:-1","max-image-preview":"max-image-preview:large","max-video-preview":"max-video-preview:-1"},"canonical":"https:\/\/santapola.es\/ca\/el-ayuntamiento-de-santa-pola-y-vectalia-analizan-mejoras-en-el-transporte-urbano\/","og_locale":"ca_ES","og_type":"article","og_title":"EL AYUNTAMIENTO DE SANTA POLA Y VECTALIA ANALIZAN MEJORAS EN EL TRANSPORTE URBANO - Ajuntament de Santa Pola","og_description":"El Ayuntamiento de Santa Pola y el grupo Vectalia han mantenido una primera reuni\u00f3n para analizar el transporte urbano y plantear posibles mejoras. El pasado jueves 12 de diciembre, se reunieron en el Ayuntamiento de Santa Pola el Delegado de Vectalia David Sastre Navarro, Ra\u00fal Cantero Hern\u00e1ndez como director de Transporte Urbano y Francisco Blanca [&hellip;]","og_url":"https:\/\/santapola.es\/ca\/el-ayuntamiento-de-santa-pola-y-vectalia-analizan-mejoras-en-el-transporte-urbano\/","og_site_name":"Ajuntament de Santa Pola","article_publisher":"https:\/\/www.facebook.com\/AyuntamientoSantaPola\/","article_published_time":"2019-12-16T14:41:32+00:00","article_modified_time":"2024-03-07T17:38:01+00:00","author":"\u00c1rea Municipal Alcald\u00eda","twitter_card":"summary_large_image","twitter_creator":"@SantaPolaAyunt","twitter_site":"@SantaPolaAyunt","schema":{"@context":"https:\/\/schema.org","@graph":[{"@type":"Article","@id":"https:\/\/santapola.es\/ca\/el-ayuntamiento-de-santa-pola-y-vectalia-analizan-mejoras-en-el-transporte-urbano\/#article","isPartOf":{"@id":"https:\/\/santapola.es\/ca\/el-ayuntamiento-de-santa-pola-y-vectalia-analizan-mejoras-en-el-transporte-urbano\/"},"author":{"name":"\u00c1rea Municipal Alcald\u00eda","@id":"https:\/\/santapola.es\/ca\/#\/schema\/person\/c08381290b84c068e06ca5dc1f5a08a7"},"headline":"EL AYUNTAMIENTO DE SANTA POLA Y VECTALIA ANALIZAN MEJORAS EN EL TRANSPORTE URBANO","datePublished":"2019-12-16T14:41:32+00:00","dateModified":"2024-03-07T17:38:01+00:00","mainEntityOfPage":{"@id":"https:\/\/santapola.es\/ca\/el-ayuntamiento-de-santa-pola-y-vectalia-analizan-mejoras-en-el-transporte-urbano\/"},"wordCount":472,"articleSection":["Alcald\u00eda","Inicio","Playas \/ Turismo \/ Pesca","Sin categorizar"],"inLanguage":"ca"},{"@type":"WebPage","@id":"https:\/\/santapola.es\/ca\/el-ayuntamiento-de-santa-pola-y-vectalia-analizan-mejoras-en-el-transporte-urbano\/","url":"https:\/\/santapola.es\/ca\/el-ayuntamiento-de-santa-pola-y-vectalia-analizan-mejoras-en-el-transporte-urbano\/","name":"EL AYUNTAMIENTO DE SANTA POLA Y VECTALIA ANALIZAN MEJORAS EN EL TRANSPORTE URBANO - Ajuntament de Santa Pola","isPartOf":{"@id":"https:\/\/santapola.es\/ca\/#website"},"datePublished":"2019-12-16T14:41:32+00:00","dateModified":"2024-03-07T17:38:01+00:00","author":{"@id":"https:\/\/santapola.es\/ca\/#\/schema\/person\/c08381290b84c068e06ca5dc1f5a08a7"},"breadcrumb":{"@id":"https:\/\/santapola.es\/ca\/el-ayuntamiento-de-santa-pola-y-vectalia-analizan-mejoras-en-el-transporte-urbano\/#breadcrumb"},"inLanguage":"ca","potentialAction":[{"@type":"ReadAction","target":["https:\/\/santapola.es\/ca\/el-ayuntamiento-de-santa-pola-y-vectalia-analizan-mejoras-en-el-transporte-urbano\/"]}]},{"@type":"BreadcrumbList","@id":"https:\/\/santapola.es\/ca\/el-ayuntamiento-de-santa-pola-y-vectalia-analizan-mejoras-en-el-transporte-urbano\/#breadcrumb","itemListElement":[{"@type":"ListItem","position":1,"name":"Inici","item":"https:\/\/santapola.es\/ca\/"},{"@type":"ListItem","position":2,"name":"EL AYUNTAMIENTO DE SANTA POLA Y VECTALIA ANALIZAN MEJORAS EN EL TRANSPORTE URBANO"}]},{"@type":"WebSite","@id":"https:\/\/santapola.es\/ca\/#website","url":"https:\/\/santapola.es\/ca\/","name":"Ayuntamiento de Santa Pola","description":"Web de l'Ajuntament de Santa Pola","potentialAction":[{"@type":"SearchAction","target":{"@type":"EntryPoint","urlTemplate":"https:\/\/santapola.es\/ca\/?s={search_term_string}"},"query-input":{"@type":"PropertyValueSpecification","valueRequired":true,"valueName":"search_term_string"}}],"inLanguage":"ca"},{"@type":"Person","@id":"https:\/\/santapola.es\/ca\/#\/schema\/person\/c08381290b84c068e06ca5dc1f5a08a7","name":"\u00c1rea Municipal Alcald\u00eda"}]}},"_links":{"self":[{"href":"https:\/\/santapola.es\/ca\/wp-json\/wp\/v2\/posts\/11446","targetHints":{"allow":["GET"]}}],"collection":[{"href":"https:\/\/santapola.es\/ca\/wp-json\/wp\/v2\/posts"}],"about":[{"href":"https:\/\/santapola.es\/ca\/wp-json\/wp\/v2\/types\/post"}],"author":[{"embeddable":true,"href":"https:\/\/santapola.es\/ca\/wp-json\/wp\/v2\/users\/75"}],"replies":[{"embeddable":true,"href":"https:\/\/santapola.es\/ca\/wp-json\/wp\/v2\/comments?post=11446"}],"version-history":[{"count":0,"href":"https:\/\/santapola.es\/ca\/wp-json\/wp\/v2\/posts\/11446\/revisions"}],"wp:attachment":[{"href":"https:\/\/santapola.es\/ca\/wp-json\/wp\/v2\/media?parent=11446"}],"wp:term":[{"taxonomy":"category","embeddable":true,"href":"https:\/\/santapola.es\/ca\/wp-json\/wp\/v2\/categories?post=11446"},{"taxonomy":"post_tag","embeddable":true,"href":"https:\/\/santapola.es\/ca\/wp-json\/wp\/v2\/tags?post=11446"}],"curies":[{"name":"wp","href":"https:\/\/api.w.org\/{rel}","templated":true}]}}