{"id":11369,"date":"2019-11-22T15:32:07","date_gmt":"2019-11-22T13:32:07","guid":{"rendered":"https:\/\/www.santapola.es\/?p=11369"},"modified":"2025-03-31T09:33:10","modified_gmt":"2025-03-31T07:33:10","slug":"11369","status":"publish","type":"post","link":"https:\/\/santapola.es\/ca\/11369\/","title":{"rendered":"Reconocimiento al conseguir el reto Ecovidrio"},"content":{"rendered":"<p>Nuestra concejal de limpieza Encarnaci\u00f3n Ram\u00edrez Baeza, como representante del Ayuntamiento de Santa Pola recibi\u00f3 el pasado d\u00eda 20 de noviembre de la mano de Joan Piquer, director general del Cambio Clim\u00e1tico y Calidad Ambiental de la Generalitat Valenciana el reconocimiento al conseguir el reto Ecovidrio superando sus niveles de recogida de envases de vidrio del a\u00f1o pasado.<\/p>\n<p>Gracias al trabajo en equipo del consistorio, los ciudadanos de Santa Pola y los profesionales hosteleros nuestra ciudad ha dado un paso m\u00e1s all\u00e1 en la lucha contra el cambio clim\u00e1tico, la sobreexplotaci\u00f3n de los recursos naturales y el cuidado de nuestras maravillosas costas.<\/p>\n<p>Nuestro municipio ha recogido en los meses de verano hasta 438.641 kg, lo que supone un incremento del 6% con respecto al a\u00f1o pasado.<\/p>\n<p>Santa Pola, junto a los municipios de L\u00b4Alf\u00e0s Del Pi, Calpe, Orihuela, Pilar De La Horadada, Benic\u00e0ssim, Oropesa Del Mar, Villajoyosa, Gand\u00eda, Sueca, Torrevieja y Val\u00e8ncia se alzaron con este reconocimiento por haber conseguido alcanzar sus objetivos.<\/p>\n<p>El acto fue presidido por Mireia Moll\u00e0, Consellera de Agricultura, Desarrollo Rural, Emergencia Clim\u00e1tica y Transici\u00f3n Ecol\u00f3gica de la Generalitat Valenciana y Jos\u00e9 Manuel N\u00fa\u00f1ez Lagos, Director General de Ecovidrio quienes entregaron a los ayuntamientos de Benidorm y Denia las banderas verdes de Ecovidrio de esta comunidad, galard\u00f3n ambiental que representa el compromiso en este verano con la sostenibilidad y el reciclaje de envases de vidrio.<\/p>\n<p>El Movimiento Banderas Verdes que tiene el fin de reconocer a los 9 municipios costeros espa\u00f1oles m\u00e1s comprometidos con la lucha contra el cambio clim\u00e1tico y la protecci\u00f3n del litoral a trav\u00e9s del reciclaje de envases de vidrio.<\/p>\n<p>La incidencia del turismo y el aumento del consumo hace de los meses estivales una etapa clave para la recogida selectiva de envases de vidrio.<\/p>\n<p>Gracias a esta iniciativa, la Comunitat Valenciana ha conseguido aumentar la recogida selectiva de envases de vidrio a trav\u00e9s del contenedor verde un 6,6% m\u00e1s con respecto al a\u00f1o anterior. Para alcanzar estos datos, Ecovidrio realiz\u00f3 en la Comunidad un total de 4.700 visitas a establecimientos, recoloc\u00f3 o sustituy\u00f3 404 contenedores verdes a pie de calle y entreg\u00f3 1.128 cubos adaptados a las necesidades de los hosteleros.<\/p>\n<p>El reciclaje de envases de vidrio es un elemento fundamental para contribuir al desarrollo sostenible, fomentar la transici\u00f3n hacia la econom\u00eda circular y luchar contra el cambio clim\u00e1tico. Adem\u00e1s, el reciclaje de envases de vidrio es una actividad que apoya el cumplimiento de la Agenda 2030 y los Objetivos de Desarrollo Sostenible, concretamente, redunda sobre los objetivos (11) Ciudades y comunidades sostenibles, (12) Producci\u00f3n y consumo responsables y (13) Acci\u00f3n por el clima.<\/p>\n","protected":false},"excerpt":{"rendered":"<p>Nuestra concejal de limpieza Encarnaci\u00f3n Ram\u00edrez Baeza, como representante del Ayuntamiento de Santa Pola recibi\u00f3 el pasado d\u00eda 20 de noviembre de la mano de Joan Piquer, director general del Cambio Clim\u00e1tico y Calidad Ambiental de la Generalitat Valenciana el reconocimiento al conseguir el reto Ecovidrio superando sus niveles de recogida de envases de vidrio [&hellip;]<\/p>\n","protected":false},"author":75,"featured_media":11370,"comment_status":"closed","ping_status":"closed","sticky":false,"template":"","format":"standard","meta":{"_et_pb_use_builder":"","_et_pb_old_content":"","_et_gb_content_width":"","footnotes":""},"categories":[66,57,406,65],"tags":[],"class_list":["post-11369","post","type-post","status-publish","format-standard","has-post-thumbnail","hentry","category-inicio","category-playas-turismo-pesca","category-sin-categorizar-2","category-tramites-destacados"],"yoast_head":"<!-- This site is optimized with the Yoast SEO plugin v27.4 - https:\/\/yoast.com\/product\/yoast-seo-wordpress\/ -->\n<title>Reconocimiento al conseguir el reto Ecovidrio - Ajuntament de Santa Pola<\/title>\n<meta name=\"robots\" content=\"index, follow, max-snippet:-1, max-image-preview:large, max-video-preview:-1\" \/>\n<link rel=\"canonical\" href=\"https:\/\/santapola.es\/ca\/11369\/\" \/>\n<meta property=\"og:locale\" content=\"ca_ES\" \/>\n<meta property=\"og:type\" content=\"article\" \/>\n<meta property=\"og:title\" content=\"Reconocimiento al conseguir el reto Ecovidrio - Ajuntament de Santa Pola\" \/>\n<meta property=\"og:description\" content=\"Nuestra concejal de limpieza Encarnaci\u00f3n Ram\u00edrez Baeza, como representante del Ayuntamiento de Santa Pola recibi\u00f3 el pasado d\u00eda 20 de noviembre de la mano de Joan Piquer, director general del Cambio Clim\u00e1tico y Calidad Ambiental de la Generalitat Valenciana el reconocimiento al conseguir el reto Ecovidrio superando sus niveles de recogida de envases de vidrio [&hellip;]\" \/>\n<meta property=\"og:url\" content=\"https:\/\/santapola.es\/ca\/11369\/\" \/>\n<meta property=\"og:site_name\" content=\"Ajuntament de Santa Pola\" \/>\n<meta property=\"article:publisher\" content=\"https:\/\/www.facebook.com\/AyuntamientoSantaPola\/\" \/>\n<meta property=\"article:published_time\" content=\"2019-11-22T13:32:07+00:00\" \/>\n<meta property=\"article:modified_time\" content=\"2025-03-31T07:33:10+00:00\" \/>\n<meta property=\"og:image\" content=\"https:\/\/santapola.es\/wp-content\/uploads\/2019\/11\/foto-encarni-con-joan-y-director.jpg\" \/>\n\t<meta property=\"og:image:width\" content=\"2235\" \/>\n\t<meta property=\"og:image:height\" content=\"2363\" \/>\n\t<meta property=\"og:image:type\" content=\"image\/jpeg\" \/>\n<meta name=\"author\" content=\"\u00c1rea Municipal Alcald\u00eda\" \/>\n<meta name=\"twitter:card\" content=\"summary_large_image\" \/>\n<meta name=\"twitter:creator\" content=\"@SantaPolaAyunt\" \/>\n<meta name=\"twitter:site\" content=\"@SantaPolaAyunt\" \/>\n<script type=\"application\/ld+json\" class=\"yoast-schema-graph\">{\"@context\":\"https:\\\/\\\/schema.org\",\"@graph\":[{\"@type\":\"Article\",\"@id\":\"https:\\\/\\\/santapola.es\\\/ca\\\/11369\\\/#article\",\"isPartOf\":{\"@id\":\"https:\\\/\\\/santapola.es\\\/ca\\\/11369\\\/\"},\"author\":{\"name\":\"\u00c1rea Municipal Alcald\u00eda\",\"@id\":\"https:\\\/\\\/santapola.es\\\/ca\\\/#\\\/schema\\\/person\\\/c08381290b84c068e06ca5dc1f5a08a7\"},\"headline\":\"Reconocimiento al conseguir el reto Ecovidrio\",\"datePublished\":\"2019-11-22T13:32:07+00:00\",\"dateModified\":\"2025-03-31T07:33:10+00:00\",\"mainEntityOfPage\":{\"@id\":\"https:\\\/\\\/santapola.es\\\/ca\\\/11369\\\/\"},\"wordCount\":459,\"image\":{\"@id\":\"https:\\\/\\\/santapola.es\\\/ca\\\/11369\\\/#primaryimage\"},\"thumbnailUrl\":\"https:\\\/\\\/santapola.es\\\/wp-content\\\/uploads\\\/2019\\\/11\\\/foto-encarni-con-joan-y-director.jpg\",\"articleSection\":[\"Inicio\",\"Playas \\\/ Turismo \\\/ Pesca\",\"Sin categorizar\",\"Tr\u00e1mites destacados\"],\"inLanguage\":\"ca\"},{\"@type\":\"WebPage\",\"@id\":\"https:\\\/\\\/santapola.es\\\/ca\\\/11369\\\/\",\"url\":\"https:\\\/\\\/santapola.es\\\/ca\\\/11369\\\/\",\"name\":\"Reconocimiento al conseguir el reto Ecovidrio - Ajuntament de Santa Pola\",\"isPartOf\":{\"@id\":\"https:\\\/\\\/santapola.es\\\/ca\\\/#website\"},\"primaryImageOfPage\":{\"@id\":\"https:\\\/\\\/santapola.es\\\/ca\\\/11369\\\/#primaryimage\"},\"image\":{\"@id\":\"https:\\\/\\\/santapola.es\\\/ca\\\/11369\\\/#primaryimage\"},\"thumbnailUrl\":\"https:\\\/\\\/santapola.es\\\/wp-content\\\/uploads\\\/2019\\\/11\\\/foto-encarni-con-joan-y-director.jpg\",\"datePublished\":\"2019-11-22T13:32:07+00:00\",\"dateModified\":\"2025-03-31T07:33:10+00:00\",\"author\":{\"@id\":\"https:\\\/\\\/santapola.es\\\/ca\\\/#\\\/schema\\\/person\\\/c08381290b84c068e06ca5dc1f5a08a7\"},\"breadcrumb\":{\"@id\":\"https:\\\/\\\/santapola.es\\\/ca\\\/11369\\\/#breadcrumb\"},\"inLanguage\":\"ca\",\"potentialAction\":[{\"@type\":\"ReadAction\",\"target\":[\"https:\\\/\\\/santapola.es\\\/ca\\\/11369\\\/\"]}]},{\"@type\":\"ImageObject\",\"inLanguage\":\"ca\",\"@id\":\"https:\\\/\\\/santapola.es\\\/ca\\\/11369\\\/#primaryimage\",\"url\":\"https:\\\/\\\/santapola.es\\\/wp-content\\\/uploads\\\/2019\\\/11\\\/foto-encarni-con-joan-y-director.jpg\",\"contentUrl\":\"https:\\\/\\\/santapola.es\\\/wp-content\\\/uploads\\\/2019\\\/11\\\/foto-encarni-con-joan-y-director.jpg\",\"width\":2235,\"height\":2363},{\"@type\":\"BreadcrumbList\",\"@id\":\"https:\\\/\\\/santapola.es\\\/ca\\\/11369\\\/#breadcrumb\",\"itemListElement\":[{\"@type\":\"ListItem\",\"position\":1,\"name\":\"Inici\",\"item\":\"https:\\\/\\\/santapola.es\\\/ca\\\/\"},{\"@type\":\"ListItem\",\"position\":2,\"name\":\"Reconocimiento al conseguir el reto Ecovidrio\"}]},{\"@type\":\"WebSite\",\"@id\":\"https:\\\/\\\/santapola.es\\\/ca\\\/#website\",\"url\":\"https:\\\/\\\/santapola.es\\\/ca\\\/\",\"name\":\"Ayuntamiento de Santa Pola\",\"description\":\"Web de l'Ajuntament de Santa Pola\",\"potentialAction\":[{\"@type\":\"SearchAction\",\"target\":{\"@type\":\"EntryPoint\",\"urlTemplate\":\"https:\\\/\\\/santapola.es\\\/ca\\\/?s={search_term_string}\"},\"query-input\":{\"@type\":\"PropertyValueSpecification\",\"valueRequired\":true,\"valueName\":\"search_term_string\"}}],\"inLanguage\":\"ca\"},{\"@type\":\"Person\",\"@id\":\"https:\\\/\\\/santapola.es\\\/ca\\\/#\\\/schema\\\/person\\\/c08381290b84c068e06ca5dc1f5a08a7\",\"name\":\"\u00c1rea Municipal Alcald\u00eda\"}]}<\/script>\n<!-- \/ Yoast SEO plugin. -->","yoast_head_json":{"title":"Reconocimiento al conseguir el reto Ecovidrio - Ajuntament de Santa Pola","robots":{"index":"index","follow":"follow","max-snippet":"max-snippet:-1","max-image-preview":"max-image-preview:large","max-video-preview":"max-video-preview:-1"},"canonical":"https:\/\/santapola.es\/ca\/11369\/","og_locale":"ca_ES","og_type":"article","og_title":"Reconocimiento al conseguir el reto Ecovidrio - Ajuntament de Santa Pola","og_description":"Nuestra concejal de limpieza Encarnaci\u00f3n Ram\u00edrez Baeza, como representante del Ayuntamiento de Santa Pola recibi\u00f3 el pasado d\u00eda 20 de noviembre de la mano de Joan Piquer, director general del Cambio Clim\u00e1tico y Calidad Ambiental de la Generalitat Valenciana el reconocimiento al conseguir el reto Ecovidrio superando sus niveles de recogida de envases de vidrio [&hellip;]","og_url":"https:\/\/santapola.es\/ca\/11369\/","og_site_name":"Ajuntament de Santa Pola","article_publisher":"https:\/\/www.facebook.com\/AyuntamientoSantaPola\/","article_published_time":"2019-11-22T13:32:07+00:00","article_modified_time":"2025-03-31T07:33:10+00:00","og_image":[{"width":2235,"height":2363,"url":"https:\/\/santapola.es\/wp-content\/uploads\/2019\/11\/foto-encarni-con-joan-y-director.jpg","type":"image\/jpeg"}],"author":"\u00c1rea Municipal Alcald\u00eda","twitter_card":"summary_large_image","twitter_creator":"@SantaPolaAyunt","twitter_site":"@SantaPolaAyunt","schema":{"@context":"https:\/\/schema.org","@graph":[{"@type":"Article","@id":"https:\/\/santapola.es\/ca\/11369\/#article","isPartOf":{"@id":"https:\/\/santapola.es\/ca\/11369\/"},"author":{"name":"\u00c1rea Municipal Alcald\u00eda","@id":"https:\/\/santapola.es\/ca\/#\/schema\/person\/c08381290b84c068e06ca5dc1f5a08a7"},"headline":"Reconocimiento al conseguir el reto Ecovidrio","datePublished":"2019-11-22T13:32:07+00:00","dateModified":"2025-03-31T07:33:10+00:00","mainEntityOfPage":{"@id":"https:\/\/santapola.es\/ca\/11369\/"},"wordCount":459,"image":{"@id":"https:\/\/santapola.es\/ca\/11369\/#primaryimage"},"thumbnailUrl":"https:\/\/santapola.es\/wp-content\/uploads\/2019\/11\/foto-encarni-con-joan-y-director.jpg","articleSection":["Inicio","Playas \/ Turismo \/ Pesca","Sin categorizar","Tr\u00e1mites destacados"],"inLanguage":"ca"},{"@type":"WebPage","@id":"https:\/\/santapola.es\/ca\/11369\/","url":"https:\/\/santapola.es\/ca\/11369\/","name":"Reconocimiento al conseguir el reto Ecovidrio - Ajuntament de Santa Pola","isPartOf":{"@id":"https:\/\/santapola.es\/ca\/#website"},"primaryImageOfPage":{"@id":"https:\/\/santapola.es\/ca\/11369\/#primaryimage"},"image":{"@id":"https:\/\/santapola.es\/ca\/11369\/#primaryimage"},"thumbnailUrl":"https:\/\/santapola.es\/wp-content\/uploads\/2019\/11\/foto-encarni-con-joan-y-director.jpg","datePublished":"2019-11-22T13:32:07+00:00","dateModified":"2025-03-31T07:33:10+00:00","author":{"@id":"https:\/\/santapola.es\/ca\/#\/schema\/person\/c08381290b84c068e06ca5dc1f5a08a7"},"breadcrumb":{"@id":"https:\/\/santapola.es\/ca\/11369\/#breadcrumb"},"inLanguage":"ca","potentialAction":[{"@type":"ReadAction","target":["https:\/\/santapola.es\/ca\/11369\/"]}]},{"@type":"ImageObject","inLanguage":"ca","@id":"https:\/\/santapola.es\/ca\/11369\/#primaryimage","url":"https:\/\/santapola.es\/wp-content\/uploads\/2019\/11\/foto-encarni-con-joan-y-director.jpg","contentUrl":"https:\/\/santapola.es\/wp-content\/uploads\/2019\/11\/foto-encarni-con-joan-y-director.jpg","width":2235,"height":2363},{"@type":"BreadcrumbList","@id":"https:\/\/santapola.es\/ca\/11369\/#breadcrumb","itemListElement":[{"@type":"ListItem","position":1,"name":"Inici","item":"https:\/\/santapola.es\/ca\/"},{"@type":"ListItem","position":2,"name":"Reconocimiento al conseguir el reto Ecovidrio"}]},{"@type":"WebSite","@id":"https:\/\/santapola.es\/ca\/#website","url":"https:\/\/santapola.es\/ca\/","name":"Ayuntamiento de Santa Pola","description":"Web de l'Ajuntament de Santa Pola","potentialAction":[{"@type":"SearchAction","target":{"@type":"EntryPoint","urlTemplate":"https:\/\/santapola.es\/ca\/?s={search_term_string}"},"query-input":{"@type":"PropertyValueSpecification","valueRequired":true,"valueName":"search_term_string"}}],"inLanguage":"ca"},{"@type":"Person","@id":"https:\/\/santapola.es\/ca\/#\/schema\/person\/c08381290b84c068e06ca5dc1f5a08a7","name":"\u00c1rea Municipal Alcald\u00eda"}]}},"_links":{"self":[{"href":"https:\/\/santapola.es\/ca\/wp-json\/wp\/v2\/posts\/11369","targetHints":{"allow":["GET"]}}],"collection":[{"href":"https:\/\/santapola.es\/ca\/wp-json\/wp\/v2\/posts"}],"about":[{"href":"https:\/\/santapola.es\/ca\/wp-json\/wp\/v2\/types\/post"}],"author":[{"embeddable":true,"href":"https:\/\/santapola.es\/ca\/wp-json\/wp\/v2\/users\/75"}],"replies":[{"embeddable":true,"href":"https:\/\/santapola.es\/ca\/wp-json\/wp\/v2\/comments?post=11369"}],"version-history":[{"count":0,"href":"https:\/\/santapola.es\/ca\/wp-json\/wp\/v2\/posts\/11369\/revisions"}],"wp:featuredmedia":[{"embeddable":true,"href":"https:\/\/santapola.es\/ca\/wp-json\/wp\/v2\/media\/11370"}],"wp:attachment":[{"href":"https:\/\/santapola.es\/ca\/wp-json\/wp\/v2\/media?parent=11369"}],"wp:term":[{"taxonomy":"category","embeddable":true,"href":"https:\/\/santapola.es\/ca\/wp-json\/wp\/v2\/categories?post=11369"},{"taxonomy":"post_tag","embeddable":true,"href":"https:\/\/santapola.es\/ca\/wp-json\/wp\/v2\/tags?post=11369"}],"curies":[{"name":"wp","href":"https:\/\/api.w.org\/{rel}","templated":true}]}}