{"id":11363,"date":"2019-11-14T16:45:07","date_gmt":"2019-11-14T14:45:07","guid":{"rendered":"https:\/\/www.santapola.es\/?p=11363"},"modified":"2024-03-07T18:37:58","modified_gmt":"2024-03-07T17:37:58","slug":"cambia-tus-habitos-reduce-tus-residuos","status":"publish","type":"post","link":"https:\/\/santapola.es\/ca\/cambia-tus-habitos-reduce-tus-residuos\/","title":{"rendered":"CAMBIA TUS H\u00c1BITOS, REDUCE TUS RESIDUOS"},"content":{"rendered":"<p>El pr\u00f3ximo domingo 17, a las <span class=\"text_exposed_show\">a las 10:00 horas de la ma\u00f1ana y desde el muelle de la Playa de La Gola, se va a proceder a una limpieza de micropl\u00e1sticos en la Playa de La Gola.<\/span><\/p>\n<p>Esta iniciativa est\u00e1 promovida por la La Asociaci\u00f3n Nasinba y el Parc Natural De Les Salinas De Santa Pola con motivo de la Semana Europea de la Prevenci\u00f3n de Residuos. El objetivo de dicha actividad es el de concienciar a la ciudadan\u00eda de la importancia de reducir los residuos.<\/p>\n<p>El Ajuntament de Santa Pola y Urbaser Santa Pola colaboran, aportando entre otras cosas las bolsas de basura y los guantes para los voluntarios, junto con otras instituciones y entidades.<\/p>\n<p>Toda aquella persona que quiera asistir como voluntaria puede inscribirse en la direcci\u00f3n de correo electr\u00f3nico parque_santapola@gva.es o llamando al 965938590.<\/p>\n<p>Se recomienda traer repelente antimosquitos y protector solar.<\/p>\n<p>\u00a1\u00danete al escuadr\u00f3n antiresiduos!<\/p>\n<p>&nbsp;<\/p>\n<p>&nbsp;<\/p>\n<div class=\"text_exposed_show\">\n<p>&nbsp;<\/p>\n<\/div>\n","protected":false},"excerpt":{"rendered":"<p>El pr\u00f3ximo domingo 17, a las a las 10:00 horas de la ma\u00f1ana y desde el muelle de la Playa de La Gola, se va a proceder a una limpieza de micropl\u00e1sticos en la Playa de La Gola. Esta iniciativa est\u00e1 promovida por la La Asociaci\u00f3n Nasinba y el Parc Natural De Les Salinas De [&hellip;]<\/p>\n","protected":false},"author":75,"featured_media":11364,"comment_status":"closed","ping_status":"closed","sticky":false,"template":"","format":"standard","meta":{"_et_pb_use_builder":"","_et_pb_old_content":"","_et_gb_content_width":"","footnotes":""},"categories":[66,63,57,406],"tags":[],"class_list":["post-11363","post","type-post","status-publish","format-standard","has-post-thumbnail","hentry","category-inicio","category-participacion-ciudadana-transparencia","category-playas-turismo-pesca","category-sin-categorizar-2"],"yoast_head":"<!-- This site is optimized with the Yoast SEO plugin v27.4 - https:\/\/yoast.com\/product\/yoast-seo-wordpress\/ -->\n<title>CAMBIA TUS H\u00c1BITOS, REDUCE TUS RESIDUOS - Ajuntament de Santa Pola<\/title>\n<meta name=\"robots\" content=\"index, follow, max-snippet:-1, max-image-preview:large, max-video-preview:-1\" \/>\n<link rel=\"canonical\" href=\"https:\/\/santapola.es\/ca\/cambia-tus-habitos-reduce-tus-residuos\/\" \/>\n<meta property=\"og:locale\" content=\"ca_ES\" \/>\n<meta property=\"og:type\" content=\"article\" \/>\n<meta property=\"og:title\" content=\"CAMBIA TUS H\u00c1BITOS, REDUCE TUS RESIDUOS - Ajuntament de Santa Pola\" \/>\n<meta property=\"og:description\" content=\"El pr\u00f3ximo domingo 17, a las a las 10:00 horas de la ma\u00f1ana y desde el muelle de la Playa de La Gola, se va a proceder a una limpieza de micropl\u00e1sticos en la Playa de La Gola. Esta iniciativa est\u00e1 promovida por la La Asociaci\u00f3n Nasinba y el Parc Natural De Les Salinas De [&hellip;]\" \/>\n<meta property=\"og:url\" content=\"https:\/\/santapola.es\/ca\/cambia-tus-habitos-reduce-tus-residuos\/\" \/>\n<meta property=\"og:site_name\" content=\"Ajuntament de Santa Pola\" \/>\n<meta property=\"article:publisher\" content=\"https:\/\/www.facebook.com\/AyuntamientoSantaPola\/\" \/>\n<meta property=\"article:published_time\" content=\"2019-11-14T14:45:07+00:00\" \/>\n<meta property=\"article:modified_time\" content=\"2024-03-07T17:37:58+00:00\" \/>\n<meta property=\"og:image\" content=\"https:\/\/santapola.es\/wp-content\/uploads\/2019\/11\/14-11-19_limpieza-microplasticos.jpg\" \/>\n\t<meta property=\"og:image:width\" content=\"1024\" \/>\n\t<meta property=\"og:image:height\" content=\"768\" \/>\n\t<meta property=\"og:image:type\" content=\"image\/jpeg\" \/>\n<meta name=\"author\" content=\"\u00c1rea Municipal Alcald\u00eda\" \/>\n<meta name=\"twitter:card\" content=\"summary_large_image\" \/>\n<meta name=\"twitter:creator\" content=\"@SantaPolaAyunt\" \/>\n<meta name=\"twitter:site\" content=\"@SantaPolaAyunt\" \/>\n<script type=\"application\/ld+json\" class=\"yoast-schema-graph\">{\"@context\":\"https:\\\/\\\/schema.org\",\"@graph\":[{\"@type\":\"Article\",\"@id\":\"https:\\\/\\\/santapola.es\\\/ca\\\/cambia-tus-habitos-reduce-tus-residuos\\\/#article\",\"isPartOf\":{\"@id\":\"https:\\\/\\\/santapola.es\\\/ca\\\/cambia-tus-habitos-reduce-tus-residuos\\\/\"},\"author\":{\"name\":\"\u00c1rea Municipal Alcald\u00eda\",\"@id\":\"https:\\\/\\\/santapola.es\\\/ca\\\/#\\\/schema\\\/person\\\/c08381290b84c068e06ca5dc1f5a08a7\"},\"headline\":\"CAMBIA TUS H\u00c1BITOS, REDUCE TUS RESIDUOS\",\"datePublished\":\"2019-11-14T14:45:07+00:00\",\"dateModified\":\"2024-03-07T17:37:58+00:00\",\"mainEntityOfPage\":{\"@id\":\"https:\\\/\\\/santapola.es\\\/ca\\\/cambia-tus-habitos-reduce-tus-residuos\\\/\"},\"wordCount\":169,\"image\":{\"@id\":\"https:\\\/\\\/santapola.es\\\/ca\\\/cambia-tus-habitos-reduce-tus-residuos\\\/#primaryimage\"},\"thumbnailUrl\":\"https:\\\/\\\/santapola.es\\\/wp-content\\\/uploads\\\/2019\\\/11\\\/14-11-19_limpieza-microplasticos.jpg\",\"articleSection\":[\"Inicio\",\"Participaci\u00f3n Ciudadana \\\/ Transparencia\",\"Playas \\\/ Turismo \\\/ Pesca\",\"Sin categorizar\"],\"inLanguage\":\"ca\"},{\"@type\":\"WebPage\",\"@id\":\"https:\\\/\\\/santapola.es\\\/ca\\\/cambia-tus-habitos-reduce-tus-residuos\\\/\",\"url\":\"https:\\\/\\\/santapola.es\\\/ca\\\/cambia-tus-habitos-reduce-tus-residuos\\\/\",\"name\":\"CAMBIA TUS H\u00c1BITOS, REDUCE TUS RESIDUOS - Ajuntament de Santa Pola\",\"isPartOf\":{\"@id\":\"https:\\\/\\\/santapola.es\\\/ca\\\/#website\"},\"primaryImageOfPage\":{\"@id\":\"https:\\\/\\\/santapola.es\\\/ca\\\/cambia-tus-habitos-reduce-tus-residuos\\\/#primaryimage\"},\"image\":{\"@id\":\"https:\\\/\\\/santapola.es\\\/ca\\\/cambia-tus-habitos-reduce-tus-residuos\\\/#primaryimage\"},\"thumbnailUrl\":\"https:\\\/\\\/santapola.es\\\/wp-content\\\/uploads\\\/2019\\\/11\\\/14-11-19_limpieza-microplasticos.jpg\",\"datePublished\":\"2019-11-14T14:45:07+00:00\",\"dateModified\":\"2024-03-07T17:37:58+00:00\",\"author\":{\"@id\":\"https:\\\/\\\/santapola.es\\\/ca\\\/#\\\/schema\\\/person\\\/c08381290b84c068e06ca5dc1f5a08a7\"},\"breadcrumb\":{\"@id\":\"https:\\\/\\\/santapola.es\\\/ca\\\/cambia-tus-habitos-reduce-tus-residuos\\\/#breadcrumb\"},\"inLanguage\":\"ca\",\"potentialAction\":[{\"@type\":\"ReadAction\",\"target\":[\"https:\\\/\\\/santapola.es\\\/ca\\\/cambia-tus-habitos-reduce-tus-residuos\\\/\"]}]},{\"@type\":\"ImageObject\",\"inLanguage\":\"ca\",\"@id\":\"https:\\\/\\\/santapola.es\\\/ca\\\/cambia-tus-habitos-reduce-tus-residuos\\\/#primaryimage\",\"url\":\"https:\\\/\\\/santapola.es\\\/wp-content\\\/uploads\\\/2019\\\/11\\\/14-11-19_limpieza-microplasticos.jpg\",\"contentUrl\":\"https:\\\/\\\/santapola.es\\\/wp-content\\\/uploads\\\/2019\\\/11\\\/14-11-19_limpieza-microplasticos.jpg\",\"width\":1024,\"height\":768},{\"@type\":\"BreadcrumbList\",\"@id\":\"https:\\\/\\\/santapola.es\\\/ca\\\/cambia-tus-habitos-reduce-tus-residuos\\\/#breadcrumb\",\"itemListElement\":[{\"@type\":\"ListItem\",\"position\":1,\"name\":\"Inici\",\"item\":\"https:\\\/\\\/santapola.es\\\/ca\\\/\"},{\"@type\":\"ListItem\",\"position\":2,\"name\":\"CAMBIA TUS H\u00c1BITOS, REDUCE TUS RESIDUOS\"}]},{\"@type\":\"WebSite\",\"@id\":\"https:\\\/\\\/santapola.es\\\/ca\\\/#website\",\"url\":\"https:\\\/\\\/santapola.es\\\/ca\\\/\",\"name\":\"Ayuntamiento de Santa Pola\",\"description\":\"Web de l'Ajuntament de Santa Pola\",\"potentialAction\":[{\"@type\":\"SearchAction\",\"target\":{\"@type\":\"EntryPoint\",\"urlTemplate\":\"https:\\\/\\\/santapola.es\\\/ca\\\/?s={search_term_string}\"},\"query-input\":{\"@type\":\"PropertyValueSpecification\",\"valueRequired\":true,\"valueName\":\"search_term_string\"}}],\"inLanguage\":\"ca\"},{\"@type\":\"Person\",\"@id\":\"https:\\\/\\\/santapola.es\\\/ca\\\/#\\\/schema\\\/person\\\/c08381290b84c068e06ca5dc1f5a08a7\",\"name\":\"\u00c1rea Municipal Alcald\u00eda\"}]}<\/script>\n<!-- \/ Yoast SEO plugin. -->","yoast_head_json":{"title":"CAMBIA TUS H\u00c1BITOS, REDUCE TUS RESIDUOS - Ajuntament de Santa Pola","robots":{"index":"index","follow":"follow","max-snippet":"max-snippet:-1","max-image-preview":"max-image-preview:large","max-video-preview":"max-video-preview:-1"},"canonical":"https:\/\/santapola.es\/ca\/cambia-tus-habitos-reduce-tus-residuos\/","og_locale":"ca_ES","og_type":"article","og_title":"CAMBIA TUS H\u00c1BITOS, REDUCE TUS RESIDUOS - Ajuntament de Santa Pola","og_description":"El pr\u00f3ximo domingo 17, a las a las 10:00 horas de la ma\u00f1ana y desde el muelle de la Playa de La Gola, se va a proceder a una limpieza de micropl\u00e1sticos en la Playa de La Gola. Esta iniciativa est\u00e1 promovida por la La Asociaci\u00f3n Nasinba y el Parc Natural De Les Salinas De [&hellip;]","og_url":"https:\/\/santapola.es\/ca\/cambia-tus-habitos-reduce-tus-residuos\/","og_site_name":"Ajuntament de Santa Pola","article_publisher":"https:\/\/www.facebook.com\/AyuntamientoSantaPola\/","article_published_time":"2019-11-14T14:45:07+00:00","article_modified_time":"2024-03-07T17:37:58+00:00","og_image":[{"width":1024,"height":768,"url":"https:\/\/santapola.es\/wp-content\/uploads\/2019\/11\/14-11-19_limpieza-microplasticos.jpg","type":"image\/jpeg"}],"author":"\u00c1rea Municipal Alcald\u00eda","twitter_card":"summary_large_image","twitter_creator":"@SantaPolaAyunt","twitter_site":"@SantaPolaAyunt","schema":{"@context":"https:\/\/schema.org","@graph":[{"@type":"Article","@id":"https:\/\/santapola.es\/ca\/cambia-tus-habitos-reduce-tus-residuos\/#article","isPartOf":{"@id":"https:\/\/santapola.es\/ca\/cambia-tus-habitos-reduce-tus-residuos\/"},"author":{"name":"\u00c1rea Municipal Alcald\u00eda","@id":"https:\/\/santapola.es\/ca\/#\/schema\/person\/c08381290b84c068e06ca5dc1f5a08a7"},"headline":"CAMBIA TUS H\u00c1BITOS, REDUCE TUS RESIDUOS","datePublished":"2019-11-14T14:45:07+00:00","dateModified":"2024-03-07T17:37:58+00:00","mainEntityOfPage":{"@id":"https:\/\/santapola.es\/ca\/cambia-tus-habitos-reduce-tus-residuos\/"},"wordCount":169,"image":{"@id":"https:\/\/santapola.es\/ca\/cambia-tus-habitos-reduce-tus-residuos\/#primaryimage"},"thumbnailUrl":"https:\/\/santapola.es\/wp-content\/uploads\/2019\/11\/14-11-19_limpieza-microplasticos.jpg","articleSection":["Inicio","Participaci\u00f3n Ciudadana \/ Transparencia","Playas \/ Turismo \/ Pesca","Sin categorizar"],"inLanguage":"ca"},{"@type":"WebPage","@id":"https:\/\/santapola.es\/ca\/cambia-tus-habitos-reduce-tus-residuos\/","url":"https:\/\/santapola.es\/ca\/cambia-tus-habitos-reduce-tus-residuos\/","name":"CAMBIA TUS H\u00c1BITOS, REDUCE TUS RESIDUOS - Ajuntament de Santa Pola","isPartOf":{"@id":"https:\/\/santapola.es\/ca\/#website"},"primaryImageOfPage":{"@id":"https:\/\/santapola.es\/ca\/cambia-tus-habitos-reduce-tus-residuos\/#primaryimage"},"image":{"@id":"https:\/\/santapola.es\/ca\/cambia-tus-habitos-reduce-tus-residuos\/#primaryimage"},"thumbnailUrl":"https:\/\/santapola.es\/wp-content\/uploads\/2019\/11\/14-11-19_limpieza-microplasticos.jpg","datePublished":"2019-11-14T14:45:07+00:00","dateModified":"2024-03-07T17:37:58+00:00","author":{"@id":"https:\/\/santapola.es\/ca\/#\/schema\/person\/c08381290b84c068e06ca5dc1f5a08a7"},"breadcrumb":{"@id":"https:\/\/santapola.es\/ca\/cambia-tus-habitos-reduce-tus-residuos\/#breadcrumb"},"inLanguage":"ca","potentialAction":[{"@type":"ReadAction","target":["https:\/\/santapola.es\/ca\/cambia-tus-habitos-reduce-tus-residuos\/"]}]},{"@type":"ImageObject","inLanguage":"ca","@id":"https:\/\/santapola.es\/ca\/cambia-tus-habitos-reduce-tus-residuos\/#primaryimage","url":"https:\/\/santapola.es\/wp-content\/uploads\/2019\/11\/14-11-19_limpieza-microplasticos.jpg","contentUrl":"https:\/\/santapola.es\/wp-content\/uploads\/2019\/11\/14-11-19_limpieza-microplasticos.jpg","width":1024,"height":768},{"@type":"BreadcrumbList","@id":"https:\/\/santapola.es\/ca\/cambia-tus-habitos-reduce-tus-residuos\/#breadcrumb","itemListElement":[{"@type":"ListItem","position":1,"name":"Inici","item":"https:\/\/santapola.es\/ca\/"},{"@type":"ListItem","position":2,"name":"CAMBIA TUS H\u00c1BITOS, REDUCE TUS RESIDUOS"}]},{"@type":"WebSite","@id":"https:\/\/santapola.es\/ca\/#website","url":"https:\/\/santapola.es\/ca\/","name":"Ayuntamiento de Santa Pola","description":"Web de l'Ajuntament de Santa Pola","potentialAction":[{"@type":"SearchAction","target":{"@type":"EntryPoint","urlTemplate":"https:\/\/santapola.es\/ca\/?s={search_term_string}"},"query-input":{"@type":"PropertyValueSpecification","valueRequired":true,"valueName":"search_term_string"}}],"inLanguage":"ca"},{"@type":"Person","@id":"https:\/\/santapola.es\/ca\/#\/schema\/person\/c08381290b84c068e06ca5dc1f5a08a7","name":"\u00c1rea Municipal Alcald\u00eda"}]}},"_links":{"self":[{"href":"https:\/\/santapola.es\/ca\/wp-json\/wp\/v2\/posts\/11363","targetHints":{"allow":["GET"]}}],"collection":[{"href":"https:\/\/santapola.es\/ca\/wp-json\/wp\/v2\/posts"}],"about":[{"href":"https:\/\/santapola.es\/ca\/wp-json\/wp\/v2\/types\/post"}],"author":[{"embeddable":true,"href":"https:\/\/santapola.es\/ca\/wp-json\/wp\/v2\/users\/75"}],"replies":[{"embeddable":true,"href":"https:\/\/santapola.es\/ca\/wp-json\/wp\/v2\/comments?post=11363"}],"version-history":[{"count":0,"href":"https:\/\/santapola.es\/ca\/wp-json\/wp\/v2\/posts\/11363\/revisions"}],"wp:featuredmedia":[{"embeddable":true,"href":"https:\/\/santapola.es\/ca\/wp-json\/wp\/v2\/media\/11364"}],"wp:attachment":[{"href":"https:\/\/santapola.es\/ca\/wp-json\/wp\/v2\/media?parent=11363"}],"wp:term":[{"taxonomy":"category","embeddable":true,"href":"https:\/\/santapola.es\/ca\/wp-json\/wp\/v2\/categories?post=11363"},{"taxonomy":"post_tag","embeddable":true,"href":"https:\/\/santapola.es\/ca\/wp-json\/wp\/v2\/tags?post=11363"}],"curies":[{"name":"wp","href":"https:\/\/api.w.org\/{rel}","templated":true}]}}