{"id":11300,"date":"2019-10-24T15:10:41","date_gmt":"2019-10-24T13:10:41","guid":{"rendered":"https:\/\/www.santapola.es\/?p=11300"},"modified":"2024-03-07T18:37:58","modified_gmt":"2024-03-07T17:37:58","slug":"informacion-decreto-237-2019-de-18-de-octubre-de-2019-para-ayudas-a-vehiculos-siniestrados-por-efecto-de-la-dana","status":"publish","type":"post","link":"https:\/\/santapola.es\/ca\/informacion-decreto-237-2019-de-18-de-octubre-de-2019-para-ayudas-a-vehiculos-siniestrados-por-efecto-de-la-dana\/","title":{"rendered":"Informaci\u00f3n Decreto 237\/2019 de 18 de octubre de 2019 para ayudas a veh\u00edculos siniestrados por efecto de la DANA"},"content":{"rendered":"<div id=\"js_6\" class=\"_5pbx userContent _3576\" data-testid=\"post_message\" data-ft=\"{&quot;tn&quot;:&quot;K&quot;}\">\n<p>Dado que nuestro municipio est\u00e1 recogido en el Anexo I del Decreto 237\/2019 de 18 de octubre, publicado en el DOGV n\u00famero 8662 de fecha 23\/10\/2019, se adjunta un resumen con la informaci\u00f3n esencial para que los vecinos afectados puedan tramitar las ayudas en caso de necesitarlas.<\/p>\n<p>La ayuda es a personas f\u00edsicas con residencia habitual en municipios del Anexo I y adquieran un veh\u00edculo (nuevo, de segunda mano, leasing o renting) por haber sido los suyos declarados \u201cSINIESTRO TOTAL\u201d, como consecuencia del temporal de lluvia, fen\u00f3menos costeros y viento producido por la DANA acaecida en el Mediterr\u00e1neo entre el 11 y el 14 de septiembre de 2019.<\/p>\n<p>El plazo para presentar la solicitud ser\u00e1 desde el 24 de octubre hasta el 15 de diciembre de 2019, inclusive y se tramitar\u00e1 en la oficina de la OMIC de Santa Pola.<\/p>\n<p><em>Documentaci\u00f3n a presentar<\/em>:<\/p>\n<p>&#8211; Documentaci\u00f3n acreditativa residencia: Copia del DNI\/NIE \/ Certificado de empadronamiento.<\/p>\n<p>&#8211; Informe del Consorcio de Compensaci\u00f3n de Seguros, en el que se contenga la declaraci\u00f3n de \u00absiniestro total\u00bb del autom\u00f3vil o motocicleta de su propiedad como consecuencia del temporal de lluvia, fen\u00f3menos costeros y viento ocurrido en la Comunitat Valenciana los d\u00edas 11, 12, 13 y 14 de septiembre de 2019.<\/p>\n<p>&#8211; Certificado de destrucci\u00f3n del autom\u00f3vil o motocicleta siniestrado, emitido por un Centro Autorizado de Tratamiento.<\/p>\n<p>&#8211; Justificante de baja definitiva en el Registro de Veh\u00edculos la Direcci\u00f3n General de Tr\u00e1fico del veh\u00edculo o motocicleta siniestrado.<\/p>\n<p>&#8211; Domiciliaci\u00f3n bancaria (Anexo III).<\/p>\n<p>&#8211; Para adquisici\u00f3n:<\/p>\n<p>* Primera matriculaci\u00f3n:<\/p>\n<p>\u00a7 Permiso de circulaci\u00f3n emitido por la Direcci\u00f3n General de Tr\u00e1fico.<\/p>\n<p>\u00a7 Tarjeta t\u00e9cnica del veh\u00edculo de nueva adquisici\u00f3n.<\/p>\n<p>\u00a7 Factura de compraventa (deber\u00e1 constar la matr\u00edcula o n\u00famero de bastidor, marca, modelo y versi\u00f3n del veh\u00edculo adquirido).<\/p>\n<p>\u00a7 Justificantes de pago del impuesto de circulaci\u00f3n de veh\u00edculos de tracci\u00f3n mec\u00e1nica.<\/p>\n<p>\u00a7 Justificante de pago del impuesto de matriculaci\u00f3n.<\/p>\n<p>* Veh\u00edculos usados:<\/p>\n<p>\u00a7 Permiso de circulaci\u00f3n emitido por la Direcci\u00f3n General de Tr\u00e1fico, tras efectuar el cambio de titularidad.<\/p>\n<p>\u00a7 Tarjeta t\u00e9cnica del veh\u00edculo adquirido.<\/p>\n<p>\u00a7 Contrato de compraventa.<\/p>\n<p>\u00a7 Justificante de pago por la persona compradora del Impuesto de circulaci\u00f3n de veh\u00edculos de tracci\u00f3n mec\u00e1nica.<\/p>\n<p>&#8211; Para leasing o renting:<\/p>\n<p>\u00a7 Contrato de alquiler con duraci\u00f3n m\u00ednima de 2 a\u00f1os.<\/p>\n<p><span class=\"_5mfr\"><span class=\"_6qdm\">\u2139\ufe0f<\/span><\/span> IMPORTANTE<\/p>\n<p>El decreto 237\/2019 es una ayuda para sustituir los veh\u00edculos que han sido declarados siniestro total con motivo del temporal del 11 al 14 de septiembre, no para la reparaci\u00f3n de veh\u00edculos da\u00f1ados.<\/p>\n<p>* Para solicitar la ayuda el veh\u00edculo que se adquiera (nueva, segunda mano\u2026) debe ser de fecha de matriculaci\u00f3n posterior al 1 de enero de 2014.<\/p>\n<p>Para m\u00e1s informaci\u00f3n pueden consultar el enlace que detallo a continuaci\u00f3n:<\/p>\n<p><a href=\"https:\/\/www.gva.es\/es\/inicio\/procedimientos?id_proc=20542&amp;fbclid=IwAR3TY9j7ty0DOTm1lUavvnai59kASWxZltwn03XfwCsIOKjFC0UJsXL4mJ0\" target=\"_blank\" rel=\"noopener nofollow noreferrer\" data-ft=\"{&quot;tn&quot;:&quot;-U&quot;}\" data-lynx-mode=\"async\" data-lynx-uri=\"https:\/\/l.facebook.com\/l.php?u=https%3A%2F%2Fwww.gva.es%2Fes%2Finicio%2Fprocedimientos%3Fid_proc%3D20542%26fbclid%3DIwAR3TY9j7ty0DOTm1lUavvnai59kASWxZltwn03XfwCsIOKjFC0UJsXL4mJ0&amp;h=AT30XG-UGjhkiHIL28V0EtVW5Bg2aYsviPyQ2k9RNPly_2ER_HsXft0cis2xpMTKBGfjvAU0NjDhfomRP8jKiF4CzQleLHTpcJHgZCRUtH88HpXIvt3XrtS6k4xAJGuEXX38PHTJ_gxqmk2tmOK_XVg41Tp-OAtqvYrB0DJVrl1PWkKHaIYD99W8R--F3E7NesZ4eAQRk0EDYq9U1hciclCeQIOeS8rL76tk9DkWaNfUPudbbf0lGAwDB-0dFrDzAPPJfKceg_uEXMpwGtBNJVgRVvIYsTY_f6e6pbRx3VoPMfq2YUDQYdU4aZwcwmwVCeKkPsZmccj-ujTj9DqPNsukb_Gxd_9Gkc8wWvR_RTm5r75uHCbhGAxsAvk_4Q-REEMCafwiw2ObdFV34akn972qLhnx8GABxQ_DALZ8kSH2uuYqriOJ-NhN8b3_ycb-F0kYqi6f_mZ7rjdlgtT969jJgD9nEzApHNYam6McErHmPGV16E3k22iBOMexOm468a2-yY4XtSba7PUZRNU-tiQMQXaVlSfgKp1h8ZzKtvKWn9UPqXaoHA3e2n6st2nArpDvLJAqpRpN8JeWOf8HAYEhBQM5HtVcI4fPK80lk3doCEfPDFdsAkhVsKjU8cELYd9e\">https:\/\/www.gva.es\/es\/inicio\/procedimientos?id_proc=20542<\/a><\/p>\n<p>Toda la documentaci\u00f3n al igual que los anexos que deben aportar los solicitantes se podr\u00e1 tramitar en la oficina de la OMIC<\/p>\n<p>Al igual que con la subvenci\u00f3n del Decreto 196\/2019 , Decreto 202\/2019 y Decreto 201\/2019, una vez tramitado por el interesado, ser\u00e1 el personal de TRAGSA quien se encargar\u00e1 de recoger las solicitudes que se presenten en el municipio.<\/p>\n<p>&nbsp;<\/p>\n<\/div>\n<div class=\"_3x-2\" data-ft=\"{&quot;tn&quot;:&quot;H&quot;}\">\n<div data-ft=\"{&quot;tn&quot;:&quot;H&quot;}\">\n<div class=\"mtm\">\n<div class=\"_2a2q _65sr\">\n<div class=\"uiScaledImageContainer\"><\/div>\n<\/div>\n<\/div>\n<\/div>\n<\/div>\n","protected":false},"excerpt":{"rendered":"<p>Dado que nuestro municipio est\u00e1 recogido en el Anexo I del Decreto 237\/2019 de 18 de octubre, publicado en el DOGV n\u00famero 8662 de fecha 23\/10\/2019, se adjunta un resumen con la informaci\u00f3n esencial para que los vecinos afectados puedan tramitar las ayudas en caso de necesitarlas. La ayuda es a personas f\u00edsicas con residencia [&hellip;]<\/p>\n","protected":false},"author":75,"featured_media":11301,"comment_status":"closed","ping_status":"closed","sticky":false,"template":"","format":"standard","meta":{"_et_pb_use_builder":"","_et_pb_old_content":"","_et_gb_content_width":"","footnotes":""},"categories":[64,52,66,406,65],"tags":[],"class_list":["post-11300","post","type-post","status-publish","format-standard","has-post-thumbnail","hentry","category-avisos","category-comercioconsumo","category-inicio","category-sin-categorizar-2","category-tramites-destacados"],"yoast_head":"<!-- This site is optimized with the Yoast SEO plugin v27.4 - https:\/\/yoast.com\/product\/yoast-seo-wordpress\/ -->\n<title>Informaci\u00f3n Decreto 237\/2019 de 18 de octubre de 2019 para ayudas a veh\u00edculos siniestrados por efecto de la DANA - Ajuntament de Santa Pola<\/title>\n<meta name=\"robots\" content=\"index, follow, max-snippet:-1, max-image-preview:large, max-video-preview:-1\" \/>\n<link rel=\"canonical\" href=\"https:\/\/santapola.es\/ca\/informacion-decreto-237-2019-de-18-de-octubre-de-2019-para-ayudas-a-vehiculos-siniestrados-por-efecto-de-la-dana\/\" \/>\n<meta property=\"og:locale\" content=\"ca_ES\" \/>\n<meta property=\"og:type\" content=\"article\" \/>\n<meta property=\"og:title\" content=\"Informaci\u00f3n Decreto 237\/2019 de 18 de octubre de 2019 para ayudas a veh\u00edculos siniestrados por efecto de la DANA - Ajuntament de Santa Pola\" \/>\n<meta property=\"og:description\" content=\"Dado que nuestro municipio est\u00e1 recogido en el Anexo I del Decreto 237\/2019 de 18 de octubre, publicado en el DOGV n\u00famero 8662 de fecha 23\/10\/2019, se adjunta un resumen con la informaci\u00f3n esencial para que los vecinos afectados puedan tramitar las ayudas en caso de necesitarlas. La ayuda es a personas f\u00edsicas con residencia [&hellip;]\" \/>\n<meta property=\"og:url\" content=\"https:\/\/santapola.es\/ca\/informacion-decreto-237-2019-de-18-de-octubre-de-2019-para-ayudas-a-vehiculos-siniestrados-por-efecto-de-la-dana\/\" \/>\n<meta property=\"og:site_name\" content=\"Ajuntament de Santa Pola\" \/>\n<meta property=\"article:publisher\" content=\"https:\/\/www.facebook.com\/AyuntamientoSantaPola\/\" \/>\n<meta property=\"article:published_time\" content=\"2019-10-24T13:10:41+00:00\" \/>\n<meta property=\"article:modified_time\" content=\"2024-03-07T17:37:58+00:00\" \/>\n<meta property=\"og:image\" content=\"https:\/\/santapola.es\/wp-content\/uploads\/2019\/10\/decreto-ayuda-coches-DANA_24-10-19_FOTO-DECRETO.jpg\" \/>\n\t<meta property=\"og:image:width\" content=\"1241\" \/>\n\t<meta property=\"og:image:height\" content=\"1754\" \/>\n\t<meta property=\"og:image:type\" content=\"image\/jpeg\" \/>\n<meta name=\"author\" content=\"\u00c1rea Municipal Alcald\u00eda\" \/>\n<meta name=\"twitter:card\" content=\"summary_large_image\" \/>\n<meta name=\"twitter:creator\" content=\"@SantaPolaAyunt\" \/>\n<meta name=\"twitter:site\" content=\"@SantaPolaAyunt\" \/>\n<script type=\"application\/ld+json\" class=\"yoast-schema-graph\">{\"@context\":\"https:\\\/\\\/schema.org\",\"@graph\":[{\"@type\":\"Article\",\"@id\":\"https:\\\/\\\/santapola.es\\\/ca\\\/informacion-decreto-237-2019-de-18-de-octubre-de-2019-para-ayudas-a-vehiculos-siniestrados-por-efecto-de-la-dana\\\/#article\",\"isPartOf\":{\"@id\":\"https:\\\/\\\/santapola.es\\\/ca\\\/informacion-decreto-237-2019-de-18-de-octubre-de-2019-para-ayudas-a-vehiculos-siniestrados-por-efecto-de-la-dana\\\/\"},\"author\":{\"name\":\"\u00c1rea Municipal Alcald\u00eda\",\"@id\":\"https:\\\/\\\/santapola.es\\\/ca\\\/#\\\/schema\\\/person\\\/c08381290b84c068e06ca5dc1f5a08a7\"},\"headline\":\"Informaci\u00f3n Decreto 237\\\/2019 de 18 de octubre de 2019 para ayudas a veh\u00edculos siniestrados por efecto de la DANA\",\"datePublished\":\"2019-10-24T13:10:41+00:00\",\"dateModified\":\"2024-03-07T17:37:58+00:00\",\"mainEntityOfPage\":{\"@id\":\"https:\\\/\\\/santapola.es\\\/ca\\\/informacion-decreto-237-2019-de-18-de-octubre-de-2019-para-ayudas-a-vehiculos-siniestrados-por-efecto-de-la-dana\\\/\"},\"wordCount\":556,\"image\":{\"@id\":\"https:\\\/\\\/santapola.es\\\/ca\\\/informacion-decreto-237-2019-de-18-de-octubre-de-2019-para-ayudas-a-vehiculos-siniestrados-por-efecto-de-la-dana\\\/#primaryimage\"},\"thumbnailUrl\":\"https:\\\/\\\/santapola.es\\\/wp-content\\\/uploads\\\/2019\\\/10\\\/decreto-ayuda-coches-DANA_24-10-19_FOTO-DECRETO.jpg\",\"articleSection\":[\"Avisos\",\"Comercio\\\/ Consumo\",\"Inicio\",\"Sin categorizar\",\"Tr\u00e1mites destacados\"],\"inLanguage\":\"ca\"},{\"@type\":\"WebPage\",\"@id\":\"https:\\\/\\\/santapola.es\\\/ca\\\/informacion-decreto-237-2019-de-18-de-octubre-de-2019-para-ayudas-a-vehiculos-siniestrados-por-efecto-de-la-dana\\\/\",\"url\":\"https:\\\/\\\/santapola.es\\\/ca\\\/informacion-decreto-237-2019-de-18-de-octubre-de-2019-para-ayudas-a-vehiculos-siniestrados-por-efecto-de-la-dana\\\/\",\"name\":\"Informaci\u00f3n Decreto 237\\\/2019 de 18 de octubre de 2019 para ayudas a veh\u00edculos siniestrados por efecto de la DANA - Ajuntament de Santa Pola\",\"isPartOf\":{\"@id\":\"https:\\\/\\\/santapola.es\\\/ca\\\/#website\"},\"primaryImageOfPage\":{\"@id\":\"https:\\\/\\\/santapola.es\\\/ca\\\/informacion-decreto-237-2019-de-18-de-octubre-de-2019-para-ayudas-a-vehiculos-siniestrados-por-efecto-de-la-dana\\\/#primaryimage\"},\"image\":{\"@id\":\"https:\\\/\\\/santapola.es\\\/ca\\\/informacion-decreto-237-2019-de-18-de-octubre-de-2019-para-ayudas-a-vehiculos-siniestrados-por-efecto-de-la-dana\\\/#primaryimage\"},\"thumbnailUrl\":\"https:\\\/\\\/santapola.es\\\/wp-content\\\/uploads\\\/2019\\\/10\\\/decreto-ayuda-coches-DANA_24-10-19_FOTO-DECRETO.jpg\",\"datePublished\":\"2019-10-24T13:10:41+00:00\",\"dateModified\":\"2024-03-07T17:37:58+00:00\",\"author\":{\"@id\":\"https:\\\/\\\/santapola.es\\\/ca\\\/#\\\/schema\\\/person\\\/c08381290b84c068e06ca5dc1f5a08a7\"},\"breadcrumb\":{\"@id\":\"https:\\\/\\\/santapola.es\\\/ca\\\/informacion-decreto-237-2019-de-18-de-octubre-de-2019-para-ayudas-a-vehiculos-siniestrados-por-efecto-de-la-dana\\\/#breadcrumb\"},\"inLanguage\":\"ca\",\"potentialAction\":[{\"@type\":\"ReadAction\",\"target\":[\"https:\\\/\\\/santapola.es\\\/ca\\\/informacion-decreto-237-2019-de-18-de-octubre-de-2019-para-ayudas-a-vehiculos-siniestrados-por-efecto-de-la-dana\\\/\"]}]},{\"@type\":\"ImageObject\",\"inLanguage\":\"ca\",\"@id\":\"https:\\\/\\\/santapola.es\\\/ca\\\/informacion-decreto-237-2019-de-18-de-octubre-de-2019-para-ayudas-a-vehiculos-siniestrados-por-efecto-de-la-dana\\\/#primaryimage\",\"url\":\"https:\\\/\\\/santapola.es\\\/wp-content\\\/uploads\\\/2019\\\/10\\\/decreto-ayuda-coches-DANA_24-10-19_FOTO-DECRETO.jpg\",\"contentUrl\":\"https:\\\/\\\/santapola.es\\\/wp-content\\\/uploads\\\/2019\\\/10\\\/decreto-ayuda-coches-DANA_24-10-19_FOTO-DECRETO.jpg\",\"width\":1241,\"height\":1754},{\"@type\":\"BreadcrumbList\",\"@id\":\"https:\\\/\\\/santapola.es\\\/ca\\\/informacion-decreto-237-2019-de-18-de-octubre-de-2019-para-ayudas-a-vehiculos-siniestrados-por-efecto-de-la-dana\\\/#breadcrumb\",\"itemListElement\":[{\"@type\":\"ListItem\",\"position\":1,\"name\":\"Inici\",\"item\":\"https:\\\/\\\/santapola.es\\\/ca\\\/\"},{\"@type\":\"ListItem\",\"position\":2,\"name\":\"Informaci\u00f3n Decreto 237\\\/2019 de 18 de octubre de 2019 para ayudas a veh\u00edculos siniestrados por efecto de la DANA\"}]},{\"@type\":\"WebSite\",\"@id\":\"https:\\\/\\\/santapola.es\\\/ca\\\/#website\",\"url\":\"https:\\\/\\\/santapola.es\\\/ca\\\/\",\"name\":\"Ayuntamiento de Santa Pola\",\"description\":\"Web de l'Ajuntament de Santa Pola\",\"potentialAction\":[{\"@type\":\"SearchAction\",\"target\":{\"@type\":\"EntryPoint\",\"urlTemplate\":\"https:\\\/\\\/santapola.es\\\/ca\\\/?s={search_term_string}\"},\"query-input\":{\"@type\":\"PropertyValueSpecification\",\"valueRequired\":true,\"valueName\":\"search_term_string\"}}],\"inLanguage\":\"ca\"},{\"@type\":\"Person\",\"@id\":\"https:\\\/\\\/santapola.es\\\/ca\\\/#\\\/schema\\\/person\\\/c08381290b84c068e06ca5dc1f5a08a7\",\"name\":\"\u00c1rea Municipal Alcald\u00eda\"}]}<\/script>\n<!-- \/ Yoast SEO plugin. -->","yoast_head_json":{"title":"Informaci\u00f3n Decreto 237\/2019 de 18 de octubre de 2019 para ayudas a veh\u00edculos siniestrados por efecto de la DANA - Ajuntament de Santa Pola","robots":{"index":"index","follow":"follow","max-snippet":"max-snippet:-1","max-image-preview":"max-image-preview:large","max-video-preview":"max-video-preview:-1"},"canonical":"https:\/\/santapola.es\/ca\/informacion-decreto-237-2019-de-18-de-octubre-de-2019-para-ayudas-a-vehiculos-siniestrados-por-efecto-de-la-dana\/","og_locale":"ca_ES","og_type":"article","og_title":"Informaci\u00f3n Decreto 237\/2019 de 18 de octubre de 2019 para ayudas a veh\u00edculos siniestrados por efecto de la DANA - Ajuntament de Santa Pola","og_description":"Dado que nuestro municipio est\u00e1 recogido en el Anexo I del Decreto 237\/2019 de 18 de octubre, publicado en el DOGV n\u00famero 8662 de fecha 23\/10\/2019, se adjunta un resumen con la informaci\u00f3n esencial para que los vecinos afectados puedan tramitar las ayudas en caso de necesitarlas. La ayuda es a personas f\u00edsicas con residencia [&hellip;]","og_url":"https:\/\/santapola.es\/ca\/informacion-decreto-237-2019-de-18-de-octubre-de-2019-para-ayudas-a-vehiculos-siniestrados-por-efecto-de-la-dana\/","og_site_name":"Ajuntament de Santa Pola","article_publisher":"https:\/\/www.facebook.com\/AyuntamientoSantaPola\/","article_published_time":"2019-10-24T13:10:41+00:00","article_modified_time":"2024-03-07T17:37:58+00:00","og_image":[{"width":1241,"height":1754,"url":"https:\/\/santapola.es\/wp-content\/uploads\/2019\/10\/decreto-ayuda-coches-DANA_24-10-19_FOTO-DECRETO.jpg","type":"image\/jpeg"}],"author":"\u00c1rea Municipal Alcald\u00eda","twitter_card":"summary_large_image","twitter_creator":"@SantaPolaAyunt","twitter_site":"@SantaPolaAyunt","schema":{"@context":"https:\/\/schema.org","@graph":[{"@type":"Article","@id":"https:\/\/santapola.es\/ca\/informacion-decreto-237-2019-de-18-de-octubre-de-2019-para-ayudas-a-vehiculos-siniestrados-por-efecto-de-la-dana\/#article","isPartOf":{"@id":"https:\/\/santapola.es\/ca\/informacion-decreto-237-2019-de-18-de-octubre-de-2019-para-ayudas-a-vehiculos-siniestrados-por-efecto-de-la-dana\/"},"author":{"name":"\u00c1rea Municipal Alcald\u00eda","@id":"https:\/\/santapola.es\/ca\/#\/schema\/person\/c08381290b84c068e06ca5dc1f5a08a7"},"headline":"Informaci\u00f3n Decreto 237\/2019 de 18 de octubre de 2019 para ayudas a veh\u00edculos siniestrados por efecto de la DANA","datePublished":"2019-10-24T13:10:41+00:00","dateModified":"2024-03-07T17:37:58+00:00","mainEntityOfPage":{"@id":"https:\/\/santapola.es\/ca\/informacion-decreto-237-2019-de-18-de-octubre-de-2019-para-ayudas-a-vehiculos-siniestrados-por-efecto-de-la-dana\/"},"wordCount":556,"image":{"@id":"https:\/\/santapola.es\/ca\/informacion-decreto-237-2019-de-18-de-octubre-de-2019-para-ayudas-a-vehiculos-siniestrados-por-efecto-de-la-dana\/#primaryimage"},"thumbnailUrl":"https:\/\/santapola.es\/wp-content\/uploads\/2019\/10\/decreto-ayuda-coches-DANA_24-10-19_FOTO-DECRETO.jpg","articleSection":["Avisos","Comercio\/ Consumo","Inicio","Sin categorizar","Tr\u00e1mites destacados"],"inLanguage":"ca"},{"@type":"WebPage","@id":"https:\/\/santapola.es\/ca\/informacion-decreto-237-2019-de-18-de-octubre-de-2019-para-ayudas-a-vehiculos-siniestrados-por-efecto-de-la-dana\/","url":"https:\/\/santapola.es\/ca\/informacion-decreto-237-2019-de-18-de-octubre-de-2019-para-ayudas-a-vehiculos-siniestrados-por-efecto-de-la-dana\/","name":"Informaci\u00f3n Decreto 237\/2019 de 18 de octubre de 2019 para ayudas a veh\u00edculos siniestrados por efecto de la DANA - Ajuntament de Santa Pola","isPartOf":{"@id":"https:\/\/santapola.es\/ca\/#website"},"primaryImageOfPage":{"@id":"https:\/\/santapola.es\/ca\/informacion-decreto-237-2019-de-18-de-octubre-de-2019-para-ayudas-a-vehiculos-siniestrados-por-efecto-de-la-dana\/#primaryimage"},"image":{"@id":"https:\/\/santapola.es\/ca\/informacion-decreto-237-2019-de-18-de-octubre-de-2019-para-ayudas-a-vehiculos-siniestrados-por-efecto-de-la-dana\/#primaryimage"},"thumbnailUrl":"https:\/\/santapola.es\/wp-content\/uploads\/2019\/10\/decreto-ayuda-coches-DANA_24-10-19_FOTO-DECRETO.jpg","datePublished":"2019-10-24T13:10:41+00:00","dateModified":"2024-03-07T17:37:58+00:00","author":{"@id":"https:\/\/santapola.es\/ca\/#\/schema\/person\/c08381290b84c068e06ca5dc1f5a08a7"},"breadcrumb":{"@id":"https:\/\/santapola.es\/ca\/informacion-decreto-237-2019-de-18-de-octubre-de-2019-para-ayudas-a-vehiculos-siniestrados-por-efecto-de-la-dana\/#breadcrumb"},"inLanguage":"ca","potentialAction":[{"@type":"ReadAction","target":["https:\/\/santapola.es\/ca\/informacion-decreto-237-2019-de-18-de-octubre-de-2019-para-ayudas-a-vehiculos-siniestrados-por-efecto-de-la-dana\/"]}]},{"@type":"ImageObject","inLanguage":"ca","@id":"https:\/\/santapola.es\/ca\/informacion-decreto-237-2019-de-18-de-octubre-de-2019-para-ayudas-a-vehiculos-siniestrados-por-efecto-de-la-dana\/#primaryimage","url":"https:\/\/santapola.es\/wp-content\/uploads\/2019\/10\/decreto-ayuda-coches-DANA_24-10-19_FOTO-DECRETO.jpg","contentUrl":"https:\/\/santapola.es\/wp-content\/uploads\/2019\/10\/decreto-ayuda-coches-DANA_24-10-19_FOTO-DECRETO.jpg","width":1241,"height":1754},{"@type":"BreadcrumbList","@id":"https:\/\/santapola.es\/ca\/informacion-decreto-237-2019-de-18-de-octubre-de-2019-para-ayudas-a-vehiculos-siniestrados-por-efecto-de-la-dana\/#breadcrumb","itemListElement":[{"@type":"ListItem","position":1,"name":"Inici","item":"https:\/\/santapola.es\/ca\/"},{"@type":"ListItem","position":2,"name":"Informaci\u00f3n Decreto 237\/2019 de 18 de octubre de 2019 para ayudas a veh\u00edculos siniestrados por efecto de la DANA"}]},{"@type":"WebSite","@id":"https:\/\/santapola.es\/ca\/#website","url":"https:\/\/santapola.es\/ca\/","name":"Ayuntamiento de Santa Pola","description":"Web de l'Ajuntament de Santa Pola","potentialAction":[{"@type":"SearchAction","target":{"@type":"EntryPoint","urlTemplate":"https:\/\/santapola.es\/ca\/?s={search_term_string}"},"query-input":{"@type":"PropertyValueSpecification","valueRequired":true,"valueName":"search_term_string"}}],"inLanguage":"ca"},{"@type":"Person","@id":"https:\/\/santapola.es\/ca\/#\/schema\/person\/c08381290b84c068e06ca5dc1f5a08a7","name":"\u00c1rea Municipal Alcald\u00eda"}]}},"_links":{"self":[{"href":"https:\/\/santapola.es\/ca\/wp-json\/wp\/v2\/posts\/11300","targetHints":{"allow":["GET"]}}],"collection":[{"href":"https:\/\/santapola.es\/ca\/wp-json\/wp\/v2\/posts"}],"about":[{"href":"https:\/\/santapola.es\/ca\/wp-json\/wp\/v2\/types\/post"}],"author":[{"embeddable":true,"href":"https:\/\/santapola.es\/ca\/wp-json\/wp\/v2\/users\/75"}],"replies":[{"embeddable":true,"href":"https:\/\/santapola.es\/ca\/wp-json\/wp\/v2\/comments?post=11300"}],"version-history":[{"count":0,"href":"https:\/\/santapola.es\/ca\/wp-json\/wp\/v2\/posts\/11300\/revisions"}],"wp:featuredmedia":[{"embeddable":true,"href":"https:\/\/santapola.es\/ca\/wp-json\/wp\/v2\/media\/11301"}],"wp:attachment":[{"href":"https:\/\/santapola.es\/ca\/wp-json\/wp\/v2\/media?parent=11300"}],"wp:term":[{"taxonomy":"category","embeddable":true,"href":"https:\/\/santapola.es\/ca\/wp-json\/wp\/v2\/categories?post=11300"},{"taxonomy":"post_tag","embeddable":true,"href":"https:\/\/santapola.es\/ca\/wp-json\/wp\/v2\/tags?post=11300"}],"curies":[{"name":"wp","href":"https:\/\/api.w.org\/{rel}","templated":true}]}}