{"id":11296,"date":"2019-10-23T11:30:06","date_gmt":"2019-10-23T09:30:06","guid":{"rendered":"https:\/\/www.santapola.es\/?p=11296"},"modified":"2024-03-07T18:37:58","modified_gmt":"2024-03-07T17:37:58","slug":"la-adl-de-santa-pola-firma-un-convenio-de-colaboracion-con-la-camara-de-comercio-de-alicante-y-la-agencia-de-desarrollo-local-de-santa-pola-para-promover-el-empleo-juvenil-a-traves-del-programa-inte","status":"publish","type":"post","link":"https:\/\/santapola.es\/ca\/la-adl-de-santa-pola-firma-un-convenio-de-colaboracion-con-la-camara-de-comercio-de-alicante-y-la-agencia-de-desarrollo-local-de-santa-pola-para-promover-el-empleo-juvenil-a-traves-del-programa-inte\/","title":{"rendered":"La ADL de Santa Pola firma un Convenio de Colaboraci\u00f3n con la C\u00e1mara de Comercio de Alicante y la Agencia de Desarrollo Local de Santa Pola, para promover el Empleo Juvenil, a trav\u00e9s del Programa Integral de Cualificaci\u00f3n y Empleo (PICE)"},"content":{"rendered":"<p class=\"western\" align=\"justify\"><span style=\"font-family: Trebuchet MS, sans-serif;\"><span style=\"font-size: small;\">El pasado viernes d\u00eda 18, tuvo lugar el acto protocolario de firma del <strong>Convenio de Colaboraci\u00f3n entre la C\u00e1mara de Comercio de Alicante y la Agencia de Desarrollo Local de Santa Pola<\/strong>, a trav\u00e9s del cual se llevar\u00e1n a cabo en nuestro municipio cursos de formaci\u00f3n dentro del Programa Integral de Cualificaci\u00f3n y Empleo.<\/span><\/span><\/p>\n<p class=\"western\" align=\"justify\"><span style=\"font-family: Trebuchet MS, sans-serif;\"><span style=\"font-size: small;\">Este programa tiene como objetivo principal el favorecer la formaci\u00f3n de j\u00f3venes menores de 30 a\u00f1os, inscritos en el Sistema Nacional de Garant\u00eda Juvenil, con el fin de que obtengan una cualificaci\u00f3n profesional que les facilite su acceso al mercado laboral con mayores garant\u00edas de \u00e9xito.<\/span><\/span><\/p>\n<p class=\"western\" align=\"justify\"><span style=\"font-family: Trebuchet MS, sans-serif;\"><span style=\"font-size: small;\">Asimismo, gracias a este programa las empresas que contraten a los j\u00f3venes cualificados que participen en el programa PICE podr\u00e1n beneficiar de una ayuda directa de cerca de 5.000 \u20ac por contrato, con una duraci\u00f3n m\u00ednima de 6 meses.<\/span><\/span><\/p>\n<p class=\"western\" align=\"justify\"><span style=\"font-family: Times New Roman, serif;\"><span style=\"font-family: Trebuchet MS, sans-serif;\"><span style=\"font-size: small;\">En ese acto <\/span><\/span><span style=\"font-family: Trebuchet MS, sans-serif;\"><span style=\"font-size: small;\">estuvo<\/span><\/span><span style=\"font-family: Trebuchet MS, sans-serif;\"><span style=\"font-size: small;\"> presente la <strong>Sra. Presidenta-Alcaldesa, <\/strong><\/span><\/span><strong><span style=\"font-family: Trebuchet MS, sans-serif;\"><span style=\"font-size: small;\">D\u00f1a. <\/span><\/span><span style=\"font-family: Trebuchet MS, sans-serif;\"><span style=\"font-size: small;\">M.\u00aa <\/span><\/span><span style=\"font-family: Trebuchet MS, sans-serif;\"><span style=\"font-size: small;\">Loreto Serrano Pomares<\/span><\/span><span style=\"font-family: Trebuchet MS, sans-serif;\"><span style=\"font-size: small;\"> del Organismo Aut\u00f3nomo de Desarrollo Local, y el Presidente de la C\u00e1mara de Comercio de Alicante, <\/span><\/span><span style=\"font-family: Trebuchet MS, sans-serif;\"><span style=\"font-size: small;\">D. Juan Bautista Riera S\u00e1nchez<\/span><\/span><\/strong><span style=\"font-family: Trebuchet MS, sans-serif;\"><span style=\"font-size: small;\"> que han firmado el acuerdo de colaboraci\u00f3n que permitir\u00e1 la realizaci\u00f3n de los cursos PICE en Santa Pola destacando la importancia que tendr\u00e1 este programa entre los j\u00f3venes de la localidad que, sin duda, mejorar\u00e1 su cualificaci\u00f3n profesional y favorecer\u00e1 su empleabilidad.<\/span><\/span><\/span><\/p>\n<p class=\"western\" align=\"justify\"><span style=\"font-family: Times New Roman, serif;\"><span style=\"font-family: Trebuchet MS, sans-serif;\"><span style=\"font-size: small;\">Por \u00faltimo, indicar que, el <\/span><\/span><span style=\"font-family: Trebuchet MS, sans-serif;\"><span style=\"font-size: small;\">pasado<\/span><\/span> <span style=\"font-family: Trebuchet MS, sans-serif;\"><span style=\"font-size: small;\"><b>d\u00eda 21 de octubre<\/b><\/span><\/span><span style=\"font-family: Trebuchet MS, sans-serif;\"><span style=\"font-size: small;\">, d<\/span><\/span><span style=\"font-family: Trebuchet MS, sans-serif;\"><span style=\"font-size: small;\">i\u00f3<\/span><\/span><span style=\"font-family: Trebuchet MS, sans-serif;\"><span style=\"font-size: small;\"> comienzo el primer curso, en la especialidad de <\/span><\/span><span style=\"font-family: Trebuchet MS, sans-serif;\"><span style=\"font-size: small;\"><b>\u201cActividades Auxiliares de comercio y almac\u00e9n\u201d<\/b><\/span><\/span><span style=\"font-family: Trebuchet MS, sans-serif;\"><span style=\"font-size: small;\">, de <\/span><\/span><span style=\"font-family: Trebuchet MS, sans-serif;\"><span style=\"font-size: small;\"><b>155 horas<\/b><\/span><\/span><span style=\"font-family: Trebuchet MS, sans-serif;\"><span style=\"font-size: small;\"> de duraci\u00f3n, en el que participar\u00e1n 22 j\u00f3venes, de entre 18 y 29 a\u00f1os, inscritos en Garant\u00eda Juvenil, a trav\u00e9s del cual lo alumnos podr\u00e1n formarse en m\u00f3dulos de comercio y almac\u00e9n de 90 horas, en el que se incluyen la obtenci\u00f3n del carnet de manipulador de alimentos y de carretilleros, as\u00ed como realizar una formaci\u00f3n troncal de Habilidades Sociales y Empleabilidad de 65 horas, que les facilitar\u00e1, sin duda, las herramientas necesarias para su inserci\u00f3n laboral.<\/span><\/span><\/span><\/p>\n","protected":false},"excerpt":{"rendered":"<p>El pasado viernes d\u00eda 18, tuvo lugar el acto protocolario de firma del Convenio de Colaboraci\u00f3n entre la C\u00e1mara de Comercio de Alicante y la Agencia de Desarrollo Local de Santa Pola, a trav\u00e9s del cual se llevar\u00e1n a cabo en nuestro municipio cursos de formaci\u00f3n dentro del Programa Integral de Cualificaci\u00f3n y Empleo. Este [&hellip;]<\/p>\n","protected":false},"author":75,"featured_media":11297,"comment_status":"closed","ping_status":"closed","sticky":false,"template":"","format":"standard","meta":{"_et_pb_use_builder":"","_et_pb_old_content":"","_et_gb_content_width":"","footnotes":""},"categories":[61,62,66,406,65],"tags":[],"class_list":["post-11296","post","type-post","status-publish","format-standard","has-post-thumbnail","hentry","category-alcaldia","category-emprende","category-inicio","category-sin-categorizar-2","category-tramites-destacados"],"yoast_head":"<!-- This site is optimized with the Yoast SEO plugin v27.4 - https:\/\/yoast.com\/product\/yoast-seo-wordpress\/ -->\n<title>La ADL de Santa Pola firma un Convenio de Colaboraci\u00f3n con la C\u00e1mara de Comercio de Alicante y la Agencia de Desarrollo Local de Santa Pola, para promover el Empleo Juvenil, a trav\u00e9s del Programa Integral de Cualificaci\u00f3n y Empleo (PICE) - Ajuntament de Santa Pola<\/title>\n<meta name=\"robots\" content=\"index, follow, max-snippet:-1, max-image-preview:large, max-video-preview:-1\" \/>\n<link rel=\"canonical\" href=\"https:\/\/santapola.es\/ca\/la-adl-de-santa-pola-firma-un-convenio-de-colaboracion-con-la-camara-de-comercio-de-alicante-y-la-agencia-de-desarrollo-local-de-santa-pola-para-promover-el-empleo-juvenil-a-traves-del-programa-inte\/\" \/>\n<meta property=\"og:locale\" content=\"ca_ES\" \/>\n<meta property=\"og:type\" content=\"article\" \/>\n<meta property=\"og:title\" content=\"La ADL de Santa Pola firma un Convenio de Colaboraci\u00f3n con la C\u00e1mara de Comercio de Alicante y la Agencia de Desarrollo Local de Santa Pola, para promover el Empleo Juvenil, a trav\u00e9s del Programa Integral de Cualificaci\u00f3n y Empleo (PICE) - Ajuntament de Santa Pola\" \/>\n<meta property=\"og:description\" content=\"El pasado viernes d\u00eda 18, tuvo lugar el acto protocolario de firma del Convenio de Colaboraci\u00f3n entre la C\u00e1mara de Comercio de Alicante y la Agencia de Desarrollo Local de Santa Pola, a trav\u00e9s del cual se llevar\u00e1n a cabo en nuestro municipio cursos de formaci\u00f3n dentro del Programa Integral de Cualificaci\u00f3n y Empleo. Este [&hellip;]\" \/>\n<meta property=\"og:url\" content=\"https:\/\/santapola.es\/ca\/la-adl-de-santa-pola-firma-un-convenio-de-colaboracion-con-la-camara-de-comercio-de-alicante-y-la-agencia-de-desarrollo-local-de-santa-pola-para-promover-el-empleo-juvenil-a-traves-del-programa-inte\/\" \/>\n<meta property=\"og:site_name\" content=\"Ajuntament de Santa Pola\" \/>\n<meta property=\"article:publisher\" content=\"https:\/\/www.facebook.com\/AyuntamientoSantaPola\/\" \/>\n<meta property=\"article:published_time\" content=\"2019-10-23T09:30:06+00:00\" \/>\n<meta property=\"article:modified_time\" content=\"2024-03-07T17:37:58+00:00\" \/>\n<meta property=\"og:image\" content=\"https:\/\/santapola.es\/wp-content\/uploads\/2019\/10\/FOTO-CAMARA-COMERCIO-02_18-10-19.jpg\" \/>\n\t<meta property=\"og:image:width\" content=\"3000\" \/>\n\t<meta property=\"og:image:height\" content=\"1694\" \/>\n\t<meta property=\"og:image:type\" content=\"image\/jpeg\" \/>\n<meta name=\"author\" content=\"\u00c1rea Municipal Alcald\u00eda\" \/>\n<meta name=\"twitter:card\" content=\"summary_large_image\" \/>\n<meta name=\"twitter:creator\" content=\"@SantaPolaAyunt\" \/>\n<meta name=\"twitter:site\" content=\"@SantaPolaAyunt\" \/>\n<script type=\"application\/ld+json\" class=\"yoast-schema-graph\">{\"@context\":\"https:\\\/\\\/schema.org\",\"@graph\":[{\"@type\":\"Article\",\"@id\":\"https:\\\/\\\/santapola.es\\\/ca\\\/la-adl-de-santa-pola-firma-un-convenio-de-colaboracion-con-la-camara-de-comercio-de-alicante-y-la-agencia-de-desarrollo-local-de-santa-pola-para-promover-el-empleo-juvenil-a-traves-del-programa-inte\\\/#article\",\"isPartOf\":{\"@id\":\"https:\\\/\\\/santapola.es\\\/ca\\\/la-adl-de-santa-pola-firma-un-convenio-de-colaboracion-con-la-camara-de-comercio-de-alicante-y-la-agencia-de-desarrollo-local-de-santa-pola-para-promover-el-empleo-juvenil-a-traves-del-programa-inte\\\/\"},\"author\":{\"name\":\"\u00c1rea Municipal Alcald\u00eda\",\"@id\":\"https:\\\/\\\/santapola.es\\\/ca\\\/#\\\/schema\\\/person\\\/c08381290b84c068e06ca5dc1f5a08a7\"},\"headline\":\"La ADL de Santa Pola firma un Convenio de Colaboraci\u00f3n con la C\u00e1mara de Comercio de Alicante y la Agencia de Desarrollo Local de Santa Pola, para promover el Empleo Juvenil, a trav\u00e9s del Programa Integral de Cualificaci\u00f3n y Empleo (PICE)\",\"datePublished\":\"2019-10-23T09:30:06+00:00\",\"dateModified\":\"2024-03-07T17:37:58+00:00\",\"mainEntityOfPage\":{\"@id\":\"https:\\\/\\\/santapola.es\\\/ca\\\/la-adl-de-santa-pola-firma-un-convenio-de-colaboracion-con-la-camara-de-comercio-de-alicante-y-la-agencia-de-desarrollo-local-de-santa-pola-para-promover-el-empleo-juvenil-a-traves-del-programa-inte\\\/\"},\"wordCount\":393,\"image\":{\"@id\":\"https:\\\/\\\/santapola.es\\\/ca\\\/la-adl-de-santa-pola-firma-un-convenio-de-colaboracion-con-la-camara-de-comercio-de-alicante-y-la-agencia-de-desarrollo-local-de-santa-pola-para-promover-el-empleo-juvenil-a-traves-del-programa-inte\\\/#primaryimage\"},\"thumbnailUrl\":\"https:\\\/\\\/santapola.es\\\/wp-content\\\/uploads\\\/2019\\\/10\\\/FOTO-CAMARA-COMERCIO-02_18-10-19.jpg\",\"articleSection\":[\"Alcald\u00eda\",\"Emprende Santa Pola\",\"Inicio\",\"Sin categorizar\",\"Tr\u00e1mites destacados\"],\"inLanguage\":\"ca\"},{\"@type\":\"WebPage\",\"@id\":\"https:\\\/\\\/santapola.es\\\/ca\\\/la-adl-de-santa-pola-firma-un-convenio-de-colaboracion-con-la-camara-de-comercio-de-alicante-y-la-agencia-de-desarrollo-local-de-santa-pola-para-promover-el-empleo-juvenil-a-traves-del-programa-inte\\\/\",\"url\":\"https:\\\/\\\/santapola.es\\\/ca\\\/la-adl-de-santa-pola-firma-un-convenio-de-colaboracion-con-la-camara-de-comercio-de-alicante-y-la-agencia-de-desarrollo-local-de-santa-pola-para-promover-el-empleo-juvenil-a-traves-del-programa-inte\\\/\",\"name\":\"La ADL de Santa Pola firma un Convenio de Colaboraci\u00f3n con la C\u00e1mara de Comercio de Alicante y la Agencia de Desarrollo Local de Santa Pola, para promover el Empleo Juvenil, a trav\u00e9s del Programa Integral de Cualificaci\u00f3n y Empleo (PICE) - Ajuntament de Santa Pola\",\"isPartOf\":{\"@id\":\"https:\\\/\\\/santapola.es\\\/ca\\\/#website\"},\"primaryImageOfPage\":{\"@id\":\"https:\\\/\\\/santapola.es\\\/ca\\\/la-adl-de-santa-pola-firma-un-convenio-de-colaboracion-con-la-camara-de-comercio-de-alicante-y-la-agencia-de-desarrollo-local-de-santa-pola-para-promover-el-empleo-juvenil-a-traves-del-programa-inte\\\/#primaryimage\"},\"image\":{\"@id\":\"https:\\\/\\\/santapola.es\\\/ca\\\/la-adl-de-santa-pola-firma-un-convenio-de-colaboracion-con-la-camara-de-comercio-de-alicante-y-la-agencia-de-desarrollo-local-de-santa-pola-para-promover-el-empleo-juvenil-a-traves-del-programa-inte\\\/#primaryimage\"},\"thumbnailUrl\":\"https:\\\/\\\/santapola.es\\\/wp-content\\\/uploads\\\/2019\\\/10\\\/FOTO-CAMARA-COMERCIO-02_18-10-19.jpg\",\"datePublished\":\"2019-10-23T09:30:06+00:00\",\"dateModified\":\"2024-03-07T17:37:58+00:00\",\"author\":{\"@id\":\"https:\\\/\\\/santapola.es\\\/ca\\\/#\\\/schema\\\/person\\\/c08381290b84c068e06ca5dc1f5a08a7\"},\"breadcrumb\":{\"@id\":\"https:\\\/\\\/santapola.es\\\/ca\\\/la-adl-de-santa-pola-firma-un-convenio-de-colaboracion-con-la-camara-de-comercio-de-alicante-y-la-agencia-de-desarrollo-local-de-santa-pola-para-promover-el-empleo-juvenil-a-traves-del-programa-inte\\\/#breadcrumb\"},\"inLanguage\":\"ca\",\"potentialAction\":[{\"@type\":\"ReadAction\",\"target\":[\"https:\\\/\\\/santapola.es\\\/ca\\\/la-adl-de-santa-pola-firma-un-convenio-de-colaboracion-con-la-camara-de-comercio-de-alicante-y-la-agencia-de-desarrollo-local-de-santa-pola-para-promover-el-empleo-juvenil-a-traves-del-programa-inte\\\/\"]}]},{\"@type\":\"ImageObject\",\"inLanguage\":\"ca\",\"@id\":\"https:\\\/\\\/santapola.es\\\/ca\\\/la-adl-de-santa-pola-firma-un-convenio-de-colaboracion-con-la-camara-de-comercio-de-alicante-y-la-agencia-de-desarrollo-local-de-santa-pola-para-promover-el-empleo-juvenil-a-traves-del-programa-inte\\\/#primaryimage\",\"url\":\"https:\\\/\\\/santapola.es\\\/wp-content\\\/uploads\\\/2019\\\/10\\\/FOTO-CAMARA-COMERCIO-02_18-10-19.jpg\",\"contentUrl\":\"https:\\\/\\\/santapola.es\\\/wp-content\\\/uploads\\\/2019\\\/10\\\/FOTO-CAMARA-COMERCIO-02_18-10-19.jpg\",\"width\":3000,\"height\":1694},{\"@type\":\"BreadcrumbList\",\"@id\":\"https:\\\/\\\/santapola.es\\\/ca\\\/la-adl-de-santa-pola-firma-un-convenio-de-colaboracion-con-la-camara-de-comercio-de-alicante-y-la-agencia-de-desarrollo-local-de-santa-pola-para-promover-el-empleo-juvenil-a-traves-del-programa-inte\\\/#breadcrumb\",\"itemListElement\":[{\"@type\":\"ListItem\",\"position\":1,\"name\":\"Inici\",\"item\":\"https:\\\/\\\/santapola.es\\\/ca\\\/\"},{\"@type\":\"ListItem\",\"position\":2,\"name\":\"La ADL de Santa Pola firma un Convenio de Colaboraci\u00f3n con la C\u00e1mara de Comercio de Alicante y la Agencia de Desarrollo Local de Santa Pola, para promover el Empleo Juvenil, a trav\u00e9s del Programa Integral de Cualificaci\u00f3n y Empleo (PICE)\"}]},{\"@type\":\"WebSite\",\"@id\":\"https:\\\/\\\/santapola.es\\\/ca\\\/#website\",\"url\":\"https:\\\/\\\/santapola.es\\\/ca\\\/\",\"name\":\"Ayuntamiento de Santa Pola\",\"description\":\"Web de l'Ajuntament de Santa Pola\",\"potentialAction\":[{\"@type\":\"SearchAction\",\"target\":{\"@type\":\"EntryPoint\",\"urlTemplate\":\"https:\\\/\\\/santapola.es\\\/ca\\\/?s={search_term_string}\"},\"query-input\":{\"@type\":\"PropertyValueSpecification\",\"valueRequired\":true,\"valueName\":\"search_term_string\"}}],\"inLanguage\":\"ca\"},{\"@type\":\"Person\",\"@id\":\"https:\\\/\\\/santapola.es\\\/ca\\\/#\\\/schema\\\/person\\\/c08381290b84c068e06ca5dc1f5a08a7\",\"name\":\"\u00c1rea Municipal Alcald\u00eda\"}]}<\/script>\n<!-- \/ Yoast SEO plugin. -->","yoast_head_json":{"title":"La ADL de Santa Pola firma un Convenio de Colaboraci\u00f3n con la C\u00e1mara de Comercio de Alicante y la Agencia de Desarrollo Local de Santa Pola, para promover el Empleo Juvenil, a trav\u00e9s del Programa Integral de Cualificaci\u00f3n y Empleo (PICE) - Ajuntament de Santa Pola","robots":{"index":"index","follow":"follow","max-snippet":"max-snippet:-1","max-image-preview":"max-image-preview:large","max-video-preview":"max-video-preview:-1"},"canonical":"https:\/\/santapola.es\/ca\/la-adl-de-santa-pola-firma-un-convenio-de-colaboracion-con-la-camara-de-comercio-de-alicante-y-la-agencia-de-desarrollo-local-de-santa-pola-para-promover-el-empleo-juvenil-a-traves-del-programa-inte\/","og_locale":"ca_ES","og_type":"article","og_title":"La ADL de Santa Pola firma un Convenio de Colaboraci\u00f3n con la C\u00e1mara de Comercio de Alicante y la Agencia de Desarrollo Local de Santa Pola, para promover el Empleo Juvenil, a trav\u00e9s del Programa Integral de Cualificaci\u00f3n y Empleo (PICE) - Ajuntament de Santa Pola","og_description":"El pasado viernes d\u00eda 18, tuvo lugar el acto protocolario de firma del Convenio de Colaboraci\u00f3n entre la C\u00e1mara de Comercio de Alicante y la Agencia de Desarrollo Local de Santa Pola, a trav\u00e9s del cual se llevar\u00e1n a cabo en nuestro municipio cursos de formaci\u00f3n dentro del Programa Integral de Cualificaci\u00f3n y Empleo. Este [&hellip;]","og_url":"https:\/\/santapola.es\/ca\/la-adl-de-santa-pola-firma-un-convenio-de-colaboracion-con-la-camara-de-comercio-de-alicante-y-la-agencia-de-desarrollo-local-de-santa-pola-para-promover-el-empleo-juvenil-a-traves-del-programa-inte\/","og_site_name":"Ajuntament de Santa Pola","article_publisher":"https:\/\/www.facebook.com\/AyuntamientoSantaPola\/","article_published_time":"2019-10-23T09:30:06+00:00","article_modified_time":"2024-03-07T17:37:58+00:00","og_image":[{"width":3000,"height":1694,"url":"https:\/\/santapola.es\/wp-content\/uploads\/2019\/10\/FOTO-CAMARA-COMERCIO-02_18-10-19.jpg","type":"image\/jpeg"}],"author":"\u00c1rea Municipal Alcald\u00eda","twitter_card":"summary_large_image","twitter_creator":"@SantaPolaAyunt","twitter_site":"@SantaPolaAyunt","schema":{"@context":"https:\/\/schema.org","@graph":[{"@type":"Article","@id":"https:\/\/santapola.es\/ca\/la-adl-de-santa-pola-firma-un-convenio-de-colaboracion-con-la-camara-de-comercio-de-alicante-y-la-agencia-de-desarrollo-local-de-santa-pola-para-promover-el-empleo-juvenil-a-traves-del-programa-inte\/#article","isPartOf":{"@id":"https:\/\/santapola.es\/ca\/la-adl-de-santa-pola-firma-un-convenio-de-colaboracion-con-la-camara-de-comercio-de-alicante-y-la-agencia-de-desarrollo-local-de-santa-pola-para-promover-el-empleo-juvenil-a-traves-del-programa-inte\/"},"author":{"name":"\u00c1rea Municipal Alcald\u00eda","@id":"https:\/\/santapola.es\/ca\/#\/schema\/person\/c08381290b84c068e06ca5dc1f5a08a7"},"headline":"La ADL de Santa Pola firma un Convenio de Colaboraci\u00f3n con la C\u00e1mara de Comercio de Alicante y la Agencia de Desarrollo Local de Santa Pola, para promover el Empleo Juvenil, a trav\u00e9s del Programa Integral de Cualificaci\u00f3n y Empleo (PICE)","datePublished":"2019-10-23T09:30:06+00:00","dateModified":"2024-03-07T17:37:58+00:00","mainEntityOfPage":{"@id":"https:\/\/santapola.es\/ca\/la-adl-de-santa-pola-firma-un-convenio-de-colaboracion-con-la-camara-de-comercio-de-alicante-y-la-agencia-de-desarrollo-local-de-santa-pola-para-promover-el-empleo-juvenil-a-traves-del-programa-inte\/"},"wordCount":393,"image":{"@id":"https:\/\/santapola.es\/ca\/la-adl-de-santa-pola-firma-un-convenio-de-colaboracion-con-la-camara-de-comercio-de-alicante-y-la-agencia-de-desarrollo-local-de-santa-pola-para-promover-el-empleo-juvenil-a-traves-del-programa-inte\/#primaryimage"},"thumbnailUrl":"https:\/\/santapola.es\/wp-content\/uploads\/2019\/10\/FOTO-CAMARA-COMERCIO-02_18-10-19.jpg","articleSection":["Alcald\u00eda","Emprende Santa Pola","Inicio","Sin categorizar","Tr\u00e1mites destacados"],"inLanguage":"ca"},{"@type":"WebPage","@id":"https:\/\/santapola.es\/ca\/la-adl-de-santa-pola-firma-un-convenio-de-colaboracion-con-la-camara-de-comercio-de-alicante-y-la-agencia-de-desarrollo-local-de-santa-pola-para-promover-el-empleo-juvenil-a-traves-del-programa-inte\/","url":"https:\/\/santapola.es\/ca\/la-adl-de-santa-pola-firma-un-convenio-de-colaboracion-con-la-camara-de-comercio-de-alicante-y-la-agencia-de-desarrollo-local-de-santa-pola-para-promover-el-empleo-juvenil-a-traves-del-programa-inte\/","name":"La ADL de Santa Pola firma un Convenio de Colaboraci\u00f3n con la C\u00e1mara de Comercio de Alicante y la Agencia de Desarrollo Local de Santa Pola, para promover el Empleo Juvenil, a trav\u00e9s del Programa Integral de Cualificaci\u00f3n y Empleo (PICE) - Ajuntament de Santa Pola","isPartOf":{"@id":"https:\/\/santapola.es\/ca\/#website"},"primaryImageOfPage":{"@id":"https:\/\/santapola.es\/ca\/la-adl-de-santa-pola-firma-un-convenio-de-colaboracion-con-la-camara-de-comercio-de-alicante-y-la-agencia-de-desarrollo-local-de-santa-pola-para-promover-el-empleo-juvenil-a-traves-del-programa-inte\/#primaryimage"},"image":{"@id":"https:\/\/santapola.es\/ca\/la-adl-de-santa-pola-firma-un-convenio-de-colaboracion-con-la-camara-de-comercio-de-alicante-y-la-agencia-de-desarrollo-local-de-santa-pola-para-promover-el-empleo-juvenil-a-traves-del-programa-inte\/#primaryimage"},"thumbnailUrl":"https:\/\/santapola.es\/wp-content\/uploads\/2019\/10\/FOTO-CAMARA-COMERCIO-02_18-10-19.jpg","datePublished":"2019-10-23T09:30:06+00:00","dateModified":"2024-03-07T17:37:58+00:00","author":{"@id":"https:\/\/santapola.es\/ca\/#\/schema\/person\/c08381290b84c068e06ca5dc1f5a08a7"},"breadcrumb":{"@id":"https:\/\/santapola.es\/ca\/la-adl-de-santa-pola-firma-un-convenio-de-colaboracion-con-la-camara-de-comercio-de-alicante-y-la-agencia-de-desarrollo-local-de-santa-pola-para-promover-el-empleo-juvenil-a-traves-del-programa-inte\/#breadcrumb"},"inLanguage":"ca","potentialAction":[{"@type":"ReadAction","target":["https:\/\/santapola.es\/ca\/la-adl-de-santa-pola-firma-un-convenio-de-colaboracion-con-la-camara-de-comercio-de-alicante-y-la-agencia-de-desarrollo-local-de-santa-pola-para-promover-el-empleo-juvenil-a-traves-del-programa-inte\/"]}]},{"@type":"ImageObject","inLanguage":"ca","@id":"https:\/\/santapola.es\/ca\/la-adl-de-santa-pola-firma-un-convenio-de-colaboracion-con-la-camara-de-comercio-de-alicante-y-la-agencia-de-desarrollo-local-de-santa-pola-para-promover-el-empleo-juvenil-a-traves-del-programa-inte\/#primaryimage","url":"https:\/\/santapola.es\/wp-content\/uploads\/2019\/10\/FOTO-CAMARA-COMERCIO-02_18-10-19.jpg","contentUrl":"https:\/\/santapola.es\/wp-content\/uploads\/2019\/10\/FOTO-CAMARA-COMERCIO-02_18-10-19.jpg","width":3000,"height":1694},{"@type":"BreadcrumbList","@id":"https:\/\/santapola.es\/ca\/la-adl-de-santa-pola-firma-un-convenio-de-colaboracion-con-la-camara-de-comercio-de-alicante-y-la-agencia-de-desarrollo-local-de-santa-pola-para-promover-el-empleo-juvenil-a-traves-del-programa-inte\/#breadcrumb","itemListElement":[{"@type":"ListItem","position":1,"name":"Inici","item":"https:\/\/santapola.es\/ca\/"},{"@type":"ListItem","position":2,"name":"La ADL de Santa Pola firma un Convenio de Colaboraci\u00f3n con la C\u00e1mara de Comercio de Alicante y la Agencia de Desarrollo Local de Santa Pola, para promover el Empleo Juvenil, a trav\u00e9s del Programa Integral de Cualificaci\u00f3n y Empleo (PICE)"}]},{"@type":"WebSite","@id":"https:\/\/santapola.es\/ca\/#website","url":"https:\/\/santapola.es\/ca\/","name":"Ayuntamiento de Santa Pola","description":"Web de l'Ajuntament de Santa Pola","potentialAction":[{"@type":"SearchAction","target":{"@type":"EntryPoint","urlTemplate":"https:\/\/santapola.es\/ca\/?s={search_term_string}"},"query-input":{"@type":"PropertyValueSpecification","valueRequired":true,"valueName":"search_term_string"}}],"inLanguage":"ca"},{"@type":"Person","@id":"https:\/\/santapola.es\/ca\/#\/schema\/person\/c08381290b84c068e06ca5dc1f5a08a7","name":"\u00c1rea Municipal Alcald\u00eda"}]}},"_links":{"self":[{"href":"https:\/\/santapola.es\/ca\/wp-json\/wp\/v2\/posts\/11296","targetHints":{"allow":["GET"]}}],"collection":[{"href":"https:\/\/santapola.es\/ca\/wp-json\/wp\/v2\/posts"}],"about":[{"href":"https:\/\/santapola.es\/ca\/wp-json\/wp\/v2\/types\/post"}],"author":[{"embeddable":true,"href":"https:\/\/santapola.es\/ca\/wp-json\/wp\/v2\/users\/75"}],"replies":[{"embeddable":true,"href":"https:\/\/santapola.es\/ca\/wp-json\/wp\/v2\/comments?post=11296"}],"version-history":[{"count":0,"href":"https:\/\/santapola.es\/ca\/wp-json\/wp\/v2\/posts\/11296\/revisions"}],"wp:featuredmedia":[{"embeddable":true,"href":"https:\/\/santapola.es\/ca\/wp-json\/wp\/v2\/media\/11297"}],"wp:attachment":[{"href":"https:\/\/santapola.es\/ca\/wp-json\/wp\/v2\/media?parent=11296"}],"wp:term":[{"taxonomy":"category","embeddable":true,"href":"https:\/\/santapola.es\/ca\/wp-json\/wp\/v2\/categories?post=11296"},{"taxonomy":"post_tag","embeddable":true,"href":"https:\/\/santapola.es\/ca\/wp-json\/wp\/v2\/tags?post=11296"}],"curies":[{"name":"wp","href":"https:\/\/api.w.org\/{rel}","templated":true}]}}