{"id":11251,"date":"2019-10-03T10:06:09","date_gmt":"2019-10-03T08:06:09","guid":{"rendered":"https:\/\/www.santapola.es\/?p=11251"},"modified":"2024-03-07T18:37:54","modified_gmt":"2024-03-07T17:37:54","slug":"la-concejalia-de-juventud-lanza-el-programa-de-corresponsales-juveniles-con-becas-para-fomentar-la-participacion","status":"publish","type":"post","link":"https:\/\/santapola.es\/ca\/la-concejalia-de-juventud-lanza-el-programa-de-corresponsales-juveniles-con-becas-para-fomentar-la-participacion\/","title":{"rendered":"LA CONCEJALIA DE JUVENTUD LANZA EL PROGRAMA DE CORRESPONSALES JUVENILES, CON BECAS PARA FOMENTAR LA PARTICIPACI\u00d3N."},"content":{"rendered":"<p align=\"justify\">Conocer y transmitir informaci\u00f3n es uno de los factores que m\u00e1s influye en el transcurso de la vida de una persona, y de esto depender\u00e1, en parte, su mayor o menor autonom\u00eda y capacidad de decisi\u00f3n, as\u00ed como de participaci\u00f3n activa.<\/p>\n<p align=\"justify\">Con esta premisa nace el proyecto de Corresponsales Juveniles, a trav\u00e9s del cual, el Rac\u00f3 Jove de la Concejal\u00eda de Juventud pretende consolidar nuevas v\u00edas de comunicaci\u00f3n entre los estudiantes y la propia Concejal\u00eda, en el que los propios j\u00f3venes se convertir\u00e1n en gestores de la informaci\u00f3n.<\/p>\n<p align=\"justify\">Los Corresponsales Juveniles son alumnado de los dos institutos de secundaria de Santa Pola que realizar\u00e1n un trabajo de voluntariado, informando a sus compa\u00f1eros de todo lo que corresponde en cuanto a servicios y actividades del Rac\u00f3 Jove o el IVAJ. Entre sus tareas est\u00e1n la de recopilar informaci\u00f3n de la Concejalia y exponerla en un punto informativo en el IES, asistir a reuniones puntuales en el Rac\u00f3 Jove y difundir informaci\u00f3n en diferentes canales como redes, grupos de wahtsaap, etc.<\/p>\n<p align=\"justify\"><b> Becas por valor de 200 euros.<\/b><\/p>\n<p align=\"justify\">Para la presente convocatoria, que estar\u00e1 abierta hasta el 15 de octubre, la Concejal\u00eda ha mantenido reuniones con la direcci\u00f3n de los centros para ofrecer la informaci\u00f3n entre el alumnado de tercero y cuarto de la ESO y primero de Bachiller. Los j\u00f3venes interesados en esta convocatoria deber\u00e1n presentar documentaci\u00f3n en las instalaciones del Rac\u00f3 Jove, y se seleccionar\u00e1n a dos personas que ocupar\u00e1n el cargo de Corresponsales Juveniles durante el presente curso, con el aliciente de ser becados con una cuant\u00eda de 200 euros por persona, traducido en un vale de material escolar a elegir.<\/p>\n<p align=\"justify\">La figura del Corresponsal Juvenil se viene consolidando en muchos municipios que pretenden integrar pol\u00edticas municipales de participaci\u00f3n entre los j\u00f3venes, siguiendo la l\u00ednea marcada por el IVAJ en la nueva ley auton\u00f3mica de Pol\u00edticas Integrales de Juventud.<\/p>\n","protected":false},"excerpt":{"rendered":"<p>Conocer y transmitir informaci\u00f3n es uno de los factores que m\u00e1s influye en el transcurso de la vida de una persona, y de esto depender\u00e1, en parte, su mayor o menor autonom\u00eda y capacidad de decisi\u00f3n, as\u00ed como de participaci\u00f3n activa. Con esta premisa nace el proyecto de Corresponsales Juveniles, a trav\u00e9s del cual, el [&hellip;]<\/p>\n","protected":false},"author":75,"featured_media":11252,"comment_status":"closed","ping_status":"closed","sticky":false,"template":"","format":"standard","meta":{"_et_pb_use_builder":"","_et_pb_old_content":"","_et_gb_content_width":"","footnotes":""},"categories":[60,66,406,65],"tags":[],"class_list":["post-11251","post","type-post","status-publish","format-standard","has-post-thumbnail","hentry","category-educacion-juventud","category-inicio","category-sin-categorizar-2","category-tramites-destacados"],"yoast_head":"<!-- This site is optimized with the Yoast SEO plugin v27.4 - https:\/\/yoast.com\/product\/yoast-seo-wordpress\/ -->\n<title>LA CONCEJALIA DE JUVENTUD LANZA EL PROGRAMA DE CORRESPONSALES JUVENILES, CON BECAS PARA FOMENTAR LA PARTICIPACI\u00d3N. - Ajuntament de Santa Pola<\/title>\n<meta name=\"robots\" content=\"index, follow, max-snippet:-1, max-image-preview:large, max-video-preview:-1\" \/>\n<link rel=\"canonical\" href=\"https:\/\/santapola.es\/ca\/la-concejalia-de-juventud-lanza-el-programa-de-corresponsales-juveniles-con-becas-para-fomentar-la-participacion\/\" \/>\n<meta property=\"og:locale\" content=\"ca_ES\" \/>\n<meta property=\"og:type\" content=\"article\" \/>\n<meta property=\"og:title\" content=\"LA CONCEJALIA DE JUVENTUD LANZA EL PROGRAMA DE CORRESPONSALES JUVENILES, CON BECAS PARA FOMENTAR LA PARTICIPACI\u00d3N. - Ajuntament de Santa Pola\" \/>\n<meta property=\"og:description\" content=\"Conocer y transmitir informaci\u00f3n es uno de los factores que m\u00e1s influye en el transcurso de la vida de una persona, y de esto depender\u00e1, en parte, su mayor o menor autonom\u00eda y capacidad de decisi\u00f3n, as\u00ed como de participaci\u00f3n activa. Con esta premisa nace el proyecto de Corresponsales Juveniles, a trav\u00e9s del cual, el [&hellip;]\" \/>\n<meta property=\"og:url\" content=\"https:\/\/santapola.es\/ca\/la-concejalia-de-juventud-lanza-el-programa-de-corresponsales-juveniles-con-becas-para-fomentar-la-participacion\/\" \/>\n<meta property=\"og:site_name\" content=\"Ajuntament de Santa Pola\" \/>\n<meta property=\"article:publisher\" content=\"https:\/\/www.facebook.com\/AyuntamientoSantaPola\/\" \/>\n<meta property=\"article:published_time\" content=\"2019-10-03T08:06:09+00:00\" \/>\n<meta property=\"article:modified_time\" content=\"2024-03-07T17:37:54+00:00\" \/>\n<meta property=\"og:image\" content=\"https:\/\/santapola.es\/wp-content\/uploads\/2019\/10\/03-10-19_CORRESPONSALES-JUVENILES-foto.jpg\" \/>\n\t<meta property=\"og:image:width\" content=\"3000\" \/>\n\t<meta property=\"og:image:height\" content=\"1300\" \/>\n\t<meta property=\"og:image:type\" content=\"image\/jpeg\" \/>\n<meta name=\"author\" content=\"\u00c1rea Municipal Alcald\u00eda\" \/>\n<meta name=\"twitter:card\" content=\"summary_large_image\" \/>\n<meta name=\"twitter:creator\" content=\"@SantaPolaAyunt\" \/>\n<meta name=\"twitter:site\" content=\"@SantaPolaAyunt\" \/>\n<script type=\"application\/ld+json\" class=\"yoast-schema-graph\">{\"@context\":\"https:\\\/\\\/schema.org\",\"@graph\":[{\"@type\":\"Article\",\"@id\":\"https:\\\/\\\/santapola.es\\\/ca\\\/la-concejalia-de-juventud-lanza-el-programa-de-corresponsales-juveniles-con-becas-para-fomentar-la-participacion\\\/#article\",\"isPartOf\":{\"@id\":\"https:\\\/\\\/santapola.es\\\/ca\\\/la-concejalia-de-juventud-lanza-el-programa-de-corresponsales-juveniles-con-becas-para-fomentar-la-participacion\\\/\"},\"author\":{\"name\":\"\u00c1rea Municipal Alcald\u00eda\",\"@id\":\"https:\\\/\\\/santapola.es\\\/ca\\\/#\\\/schema\\\/person\\\/c08381290b84c068e06ca5dc1f5a08a7\"},\"headline\":\"LA CONCEJALIA DE JUVENTUD LANZA EL PROGRAMA DE CORRESPONSALES JUVENILES, CON BECAS PARA FOMENTAR LA PARTICIPACI\u00d3N.\",\"datePublished\":\"2019-10-03T08:06:09+00:00\",\"dateModified\":\"2024-03-07T17:37:54+00:00\",\"mainEntityOfPage\":{\"@id\":\"https:\\\/\\\/santapola.es\\\/ca\\\/la-concejalia-de-juventud-lanza-el-programa-de-corresponsales-juveniles-con-becas-para-fomentar-la-participacion\\\/\"},\"wordCount\":356,\"image\":{\"@id\":\"https:\\\/\\\/santapola.es\\\/ca\\\/la-concejalia-de-juventud-lanza-el-programa-de-corresponsales-juveniles-con-becas-para-fomentar-la-participacion\\\/#primaryimage\"},\"thumbnailUrl\":\"https:\\\/\\\/santapola.es\\\/wp-content\\\/uploads\\\/2019\\\/10\\\/03-10-19_CORRESPONSALES-JUVENILES-foto.jpg\",\"articleSection\":[\"Educaci\u00f3n \\\/ Juventud\",\"Inicio\",\"Sin categorizar\",\"Tr\u00e1mites destacados\"],\"inLanguage\":\"ca\"},{\"@type\":\"WebPage\",\"@id\":\"https:\\\/\\\/santapola.es\\\/ca\\\/la-concejalia-de-juventud-lanza-el-programa-de-corresponsales-juveniles-con-becas-para-fomentar-la-participacion\\\/\",\"url\":\"https:\\\/\\\/santapola.es\\\/ca\\\/la-concejalia-de-juventud-lanza-el-programa-de-corresponsales-juveniles-con-becas-para-fomentar-la-participacion\\\/\",\"name\":\"LA CONCEJALIA DE JUVENTUD LANZA EL PROGRAMA DE CORRESPONSALES JUVENILES, CON BECAS PARA FOMENTAR LA PARTICIPACI\u00d3N. - Ajuntament de Santa Pola\",\"isPartOf\":{\"@id\":\"https:\\\/\\\/santapola.es\\\/ca\\\/#website\"},\"primaryImageOfPage\":{\"@id\":\"https:\\\/\\\/santapola.es\\\/ca\\\/la-concejalia-de-juventud-lanza-el-programa-de-corresponsales-juveniles-con-becas-para-fomentar-la-participacion\\\/#primaryimage\"},\"image\":{\"@id\":\"https:\\\/\\\/santapola.es\\\/ca\\\/la-concejalia-de-juventud-lanza-el-programa-de-corresponsales-juveniles-con-becas-para-fomentar-la-participacion\\\/#primaryimage\"},\"thumbnailUrl\":\"https:\\\/\\\/santapola.es\\\/wp-content\\\/uploads\\\/2019\\\/10\\\/03-10-19_CORRESPONSALES-JUVENILES-foto.jpg\",\"datePublished\":\"2019-10-03T08:06:09+00:00\",\"dateModified\":\"2024-03-07T17:37:54+00:00\",\"author\":{\"@id\":\"https:\\\/\\\/santapola.es\\\/ca\\\/#\\\/schema\\\/person\\\/c08381290b84c068e06ca5dc1f5a08a7\"},\"breadcrumb\":{\"@id\":\"https:\\\/\\\/santapola.es\\\/ca\\\/la-concejalia-de-juventud-lanza-el-programa-de-corresponsales-juveniles-con-becas-para-fomentar-la-participacion\\\/#breadcrumb\"},\"inLanguage\":\"ca\",\"potentialAction\":[{\"@type\":\"ReadAction\",\"target\":[\"https:\\\/\\\/santapola.es\\\/ca\\\/la-concejalia-de-juventud-lanza-el-programa-de-corresponsales-juveniles-con-becas-para-fomentar-la-participacion\\\/\"]}]},{\"@type\":\"ImageObject\",\"inLanguage\":\"ca\",\"@id\":\"https:\\\/\\\/santapola.es\\\/ca\\\/la-concejalia-de-juventud-lanza-el-programa-de-corresponsales-juveniles-con-becas-para-fomentar-la-participacion\\\/#primaryimage\",\"url\":\"https:\\\/\\\/santapola.es\\\/wp-content\\\/uploads\\\/2019\\\/10\\\/03-10-19_CORRESPONSALES-JUVENILES-foto.jpg\",\"contentUrl\":\"https:\\\/\\\/santapola.es\\\/wp-content\\\/uploads\\\/2019\\\/10\\\/03-10-19_CORRESPONSALES-JUVENILES-foto.jpg\",\"width\":3000,\"height\":1300},{\"@type\":\"BreadcrumbList\",\"@id\":\"https:\\\/\\\/santapola.es\\\/ca\\\/la-concejalia-de-juventud-lanza-el-programa-de-corresponsales-juveniles-con-becas-para-fomentar-la-participacion\\\/#breadcrumb\",\"itemListElement\":[{\"@type\":\"ListItem\",\"position\":1,\"name\":\"Inici\",\"item\":\"https:\\\/\\\/santapola.es\\\/ca\\\/\"},{\"@type\":\"ListItem\",\"position\":2,\"name\":\"LA CONCEJALIA DE JUVENTUD LANZA EL PROGRAMA DE CORRESPONSALES JUVENILES, CON BECAS PARA FOMENTAR LA PARTICIPACI\u00d3N.\"}]},{\"@type\":\"WebSite\",\"@id\":\"https:\\\/\\\/santapola.es\\\/ca\\\/#website\",\"url\":\"https:\\\/\\\/santapola.es\\\/ca\\\/\",\"name\":\"Ayuntamiento de Santa Pola\",\"description\":\"Web de l'Ajuntament de Santa Pola\",\"potentialAction\":[{\"@type\":\"SearchAction\",\"target\":{\"@type\":\"EntryPoint\",\"urlTemplate\":\"https:\\\/\\\/santapola.es\\\/ca\\\/?s={search_term_string}\"},\"query-input\":{\"@type\":\"PropertyValueSpecification\",\"valueRequired\":true,\"valueName\":\"search_term_string\"}}],\"inLanguage\":\"ca\"},{\"@type\":\"Person\",\"@id\":\"https:\\\/\\\/santapola.es\\\/ca\\\/#\\\/schema\\\/person\\\/c08381290b84c068e06ca5dc1f5a08a7\",\"name\":\"\u00c1rea Municipal Alcald\u00eda\"}]}<\/script>\n<!-- \/ Yoast SEO plugin. -->","yoast_head_json":{"title":"LA CONCEJALIA DE JUVENTUD LANZA EL PROGRAMA DE CORRESPONSALES JUVENILES, CON BECAS PARA FOMENTAR LA PARTICIPACI\u00d3N. - Ajuntament de Santa Pola","robots":{"index":"index","follow":"follow","max-snippet":"max-snippet:-1","max-image-preview":"max-image-preview:large","max-video-preview":"max-video-preview:-1"},"canonical":"https:\/\/santapola.es\/ca\/la-concejalia-de-juventud-lanza-el-programa-de-corresponsales-juveniles-con-becas-para-fomentar-la-participacion\/","og_locale":"ca_ES","og_type":"article","og_title":"LA CONCEJALIA DE JUVENTUD LANZA EL PROGRAMA DE CORRESPONSALES JUVENILES, CON BECAS PARA FOMENTAR LA PARTICIPACI\u00d3N. - Ajuntament de Santa Pola","og_description":"Conocer y transmitir informaci\u00f3n es uno de los factores que m\u00e1s influye en el transcurso de la vida de una persona, y de esto depender\u00e1, en parte, su mayor o menor autonom\u00eda y capacidad de decisi\u00f3n, as\u00ed como de participaci\u00f3n activa. Con esta premisa nace el proyecto de Corresponsales Juveniles, a trav\u00e9s del cual, el [&hellip;]","og_url":"https:\/\/santapola.es\/ca\/la-concejalia-de-juventud-lanza-el-programa-de-corresponsales-juveniles-con-becas-para-fomentar-la-participacion\/","og_site_name":"Ajuntament de Santa Pola","article_publisher":"https:\/\/www.facebook.com\/AyuntamientoSantaPola\/","article_published_time":"2019-10-03T08:06:09+00:00","article_modified_time":"2024-03-07T17:37:54+00:00","og_image":[{"width":3000,"height":1300,"url":"https:\/\/santapola.es\/wp-content\/uploads\/2019\/10\/03-10-19_CORRESPONSALES-JUVENILES-foto.jpg","type":"image\/jpeg"}],"author":"\u00c1rea Municipal Alcald\u00eda","twitter_card":"summary_large_image","twitter_creator":"@SantaPolaAyunt","twitter_site":"@SantaPolaAyunt","schema":{"@context":"https:\/\/schema.org","@graph":[{"@type":"Article","@id":"https:\/\/santapola.es\/ca\/la-concejalia-de-juventud-lanza-el-programa-de-corresponsales-juveniles-con-becas-para-fomentar-la-participacion\/#article","isPartOf":{"@id":"https:\/\/santapola.es\/ca\/la-concejalia-de-juventud-lanza-el-programa-de-corresponsales-juveniles-con-becas-para-fomentar-la-participacion\/"},"author":{"name":"\u00c1rea Municipal Alcald\u00eda","@id":"https:\/\/santapola.es\/ca\/#\/schema\/person\/c08381290b84c068e06ca5dc1f5a08a7"},"headline":"LA CONCEJALIA DE JUVENTUD LANZA EL PROGRAMA DE CORRESPONSALES JUVENILES, CON BECAS PARA FOMENTAR LA PARTICIPACI\u00d3N.","datePublished":"2019-10-03T08:06:09+00:00","dateModified":"2024-03-07T17:37:54+00:00","mainEntityOfPage":{"@id":"https:\/\/santapola.es\/ca\/la-concejalia-de-juventud-lanza-el-programa-de-corresponsales-juveniles-con-becas-para-fomentar-la-participacion\/"},"wordCount":356,"image":{"@id":"https:\/\/santapola.es\/ca\/la-concejalia-de-juventud-lanza-el-programa-de-corresponsales-juveniles-con-becas-para-fomentar-la-participacion\/#primaryimage"},"thumbnailUrl":"https:\/\/santapola.es\/wp-content\/uploads\/2019\/10\/03-10-19_CORRESPONSALES-JUVENILES-foto.jpg","articleSection":["Educaci\u00f3n \/ Juventud","Inicio","Sin categorizar","Tr\u00e1mites destacados"],"inLanguage":"ca"},{"@type":"WebPage","@id":"https:\/\/santapola.es\/ca\/la-concejalia-de-juventud-lanza-el-programa-de-corresponsales-juveniles-con-becas-para-fomentar-la-participacion\/","url":"https:\/\/santapola.es\/ca\/la-concejalia-de-juventud-lanza-el-programa-de-corresponsales-juveniles-con-becas-para-fomentar-la-participacion\/","name":"LA CONCEJALIA DE JUVENTUD LANZA EL PROGRAMA DE CORRESPONSALES JUVENILES, CON BECAS PARA FOMENTAR LA PARTICIPACI\u00d3N. - Ajuntament de Santa Pola","isPartOf":{"@id":"https:\/\/santapola.es\/ca\/#website"},"primaryImageOfPage":{"@id":"https:\/\/santapola.es\/ca\/la-concejalia-de-juventud-lanza-el-programa-de-corresponsales-juveniles-con-becas-para-fomentar-la-participacion\/#primaryimage"},"image":{"@id":"https:\/\/santapola.es\/ca\/la-concejalia-de-juventud-lanza-el-programa-de-corresponsales-juveniles-con-becas-para-fomentar-la-participacion\/#primaryimage"},"thumbnailUrl":"https:\/\/santapola.es\/wp-content\/uploads\/2019\/10\/03-10-19_CORRESPONSALES-JUVENILES-foto.jpg","datePublished":"2019-10-03T08:06:09+00:00","dateModified":"2024-03-07T17:37:54+00:00","author":{"@id":"https:\/\/santapola.es\/ca\/#\/schema\/person\/c08381290b84c068e06ca5dc1f5a08a7"},"breadcrumb":{"@id":"https:\/\/santapola.es\/ca\/la-concejalia-de-juventud-lanza-el-programa-de-corresponsales-juveniles-con-becas-para-fomentar-la-participacion\/#breadcrumb"},"inLanguage":"ca","potentialAction":[{"@type":"ReadAction","target":["https:\/\/santapola.es\/ca\/la-concejalia-de-juventud-lanza-el-programa-de-corresponsales-juveniles-con-becas-para-fomentar-la-participacion\/"]}]},{"@type":"ImageObject","inLanguage":"ca","@id":"https:\/\/santapola.es\/ca\/la-concejalia-de-juventud-lanza-el-programa-de-corresponsales-juveniles-con-becas-para-fomentar-la-participacion\/#primaryimage","url":"https:\/\/santapola.es\/wp-content\/uploads\/2019\/10\/03-10-19_CORRESPONSALES-JUVENILES-foto.jpg","contentUrl":"https:\/\/santapola.es\/wp-content\/uploads\/2019\/10\/03-10-19_CORRESPONSALES-JUVENILES-foto.jpg","width":3000,"height":1300},{"@type":"BreadcrumbList","@id":"https:\/\/santapola.es\/ca\/la-concejalia-de-juventud-lanza-el-programa-de-corresponsales-juveniles-con-becas-para-fomentar-la-participacion\/#breadcrumb","itemListElement":[{"@type":"ListItem","position":1,"name":"Inici","item":"https:\/\/santapola.es\/ca\/"},{"@type":"ListItem","position":2,"name":"LA CONCEJALIA DE JUVENTUD LANZA EL PROGRAMA DE CORRESPONSALES JUVENILES, CON BECAS PARA FOMENTAR LA PARTICIPACI\u00d3N."}]},{"@type":"WebSite","@id":"https:\/\/santapola.es\/ca\/#website","url":"https:\/\/santapola.es\/ca\/","name":"Ayuntamiento de Santa Pola","description":"Web de l'Ajuntament de Santa Pola","potentialAction":[{"@type":"SearchAction","target":{"@type":"EntryPoint","urlTemplate":"https:\/\/santapola.es\/ca\/?s={search_term_string}"},"query-input":{"@type":"PropertyValueSpecification","valueRequired":true,"valueName":"search_term_string"}}],"inLanguage":"ca"},{"@type":"Person","@id":"https:\/\/santapola.es\/ca\/#\/schema\/person\/c08381290b84c068e06ca5dc1f5a08a7","name":"\u00c1rea Municipal Alcald\u00eda"}]}},"_links":{"self":[{"href":"https:\/\/santapola.es\/ca\/wp-json\/wp\/v2\/posts\/11251","targetHints":{"allow":["GET"]}}],"collection":[{"href":"https:\/\/santapola.es\/ca\/wp-json\/wp\/v2\/posts"}],"about":[{"href":"https:\/\/santapola.es\/ca\/wp-json\/wp\/v2\/types\/post"}],"author":[{"embeddable":true,"href":"https:\/\/santapola.es\/ca\/wp-json\/wp\/v2\/users\/75"}],"replies":[{"embeddable":true,"href":"https:\/\/santapola.es\/ca\/wp-json\/wp\/v2\/comments?post=11251"}],"version-history":[{"count":0,"href":"https:\/\/santapola.es\/ca\/wp-json\/wp\/v2\/posts\/11251\/revisions"}],"wp:featuredmedia":[{"embeddable":true,"href":"https:\/\/santapola.es\/ca\/wp-json\/wp\/v2\/media\/11252"}],"wp:attachment":[{"href":"https:\/\/santapola.es\/ca\/wp-json\/wp\/v2\/media?parent=11251"}],"wp:term":[{"taxonomy":"category","embeddable":true,"href":"https:\/\/santapola.es\/ca\/wp-json\/wp\/v2\/categories?post=11251"},{"taxonomy":"post_tag","embeddable":true,"href":"https:\/\/santapola.es\/ca\/wp-json\/wp\/v2\/tags?post=11251"}],"curies":[{"name":"wp","href":"https:\/\/api.w.org\/{rel}","templated":true}]}}