{"id":10960,"date":"2019-09-10T19:17:57","date_gmt":"2019-09-10T17:17:57","guid":{"rendered":"https:\/\/www.santapola.es\/?p=10960"},"modified":"2024-03-07T18:37:52","modified_gmt":"2024-03-07T17:37:52","slug":"aviso-de-riesgos-meteorologicos-en-la-comunidad-valenciana","status":"publish","type":"post","link":"https:\/\/santapola.es\/ca\/aviso-de-riesgos-meteorologicos-en-la-comunidad-valenciana\/","title":{"rendered":"AVISO de RIESGOS METEOROLOGICOS en la Comunidad Valenciana"},"content":{"rendered":"<div id=\"entradilla\">\n<p>Entre la DANA -gota fr\u00eda- y las tormentas que ahora surcan el Mediterr\u00e1neo, en la pr\u00f3xima madrugada podr\u00eda aparecer un medicane en el mar Balear.<\/p>\n<p>Se preve\u00e9 para esta madrugada que la zona m\u00e1s fr\u00eda de la DANA sobrepase el mar Balear, y la peque\u00f1a borrasca se dirija hacia el suroeste hasta llegar a las ciudades de Valencia y Alicante. Por eso, desde el Centro de Coordinaci\u00f3n de Emergencias de la Generalitat establece la situaci\u00f3n de PREEMERGENCIA NIVEL NARANJA en la Comunidad Valenciana. Si finalmente apareciera el Medicane, <strong>el viento podr\u00eda presentar rachas cercanas a los 100 kilom\u00e9tros por hora en el Golfo de Valencia, e incluso superiores, y las olas alcanzar los 4 o 5 metros de altura<\/strong>. Todo esto hasta el mediod\u00eda de ma\u00f1ana. Desde el Ayuntamiento de Santa Pola, se hace un llamamiento a la ciudadan\u00eda para que prime la especial atenci\u00f3n a las previsiones metereol\u00f3gicas y que por seguridad tomen las precauciones oportunas.<\/p>\n<p>Debiendo consultar para mayor informaci\u00f3n, las p\u00e1ginas oficiales tanto del Ayuntamiento como de la polic\u00eda local y no debiendo de tener en cuenta las noticias o mensajes que circulen por redes sociales; siendo este Ayuntamiento quien informar\u00e1 en caso de ser necesario cualquier medida preventiva hacia los ciudadanos de la localidad, siendo \u00e9stos los cauces oficiales la p\u00e1gina de facebook del Ayuntamiento de Santa Pola y la de la Polic\u00eda Local de Santa Pola, siendo \u00e9sta a su vez el canal oficial que dar\u00e1 cuenta de aquellas circunstancias puntuales que limite el tr\u00e1fico en algunas v\u00edas de circulaci\u00f3n de la localidad.<\/p>\n<p>&nbsp;<\/p>\n<\/div>\n","protected":false},"excerpt":{"rendered":"<p>Entre la DANA -gota fr\u00eda- y las tormentas que ahora surcan el Mediterr\u00e1neo, en la pr\u00f3xima madrugada podr\u00eda aparecer un medicane en el mar Balear. Se preve\u00e9 para esta madrugada que la zona m\u00e1s fr\u00eda de la DANA sobrepase el mar Balear, y la peque\u00f1a borrasca se dirija hacia el suroeste hasta llegar a las [&hellip;]<\/p>\n","protected":false},"author":75,"featured_media":10962,"comment_status":"closed","ping_status":"closed","sticky":false,"template":"","format":"standard","meta":{"_et_pb_use_builder":"","_et_pb_old_content":"","_et_gb_content_width":"","footnotes":""},"categories":[64,66,56,406],"tags":[],"class_list":["post-10960","post","type-post","status-publish","format-standard","has-post-thumbnail","hentry","category-avisos","category-inicio","category-seguridad-ciudadana-proteccion-civil","category-sin-categorizar-2"],"yoast_head":"<!-- This site is optimized with the Yoast SEO plugin v27.4 - https:\/\/yoast.com\/product\/yoast-seo-wordpress\/ -->\n<title>AVISO de RIESGOS METEOROLOGICOS en la Comunidad Valenciana - Ajuntament de Santa Pola<\/title>\n<meta name=\"robots\" content=\"index, follow, max-snippet:-1, max-image-preview:large, max-video-preview:-1\" \/>\n<link rel=\"canonical\" href=\"https:\/\/santapola.es\/ca\/aviso-de-riesgos-meteorologicos-en-la-comunidad-valenciana\/\" \/>\n<meta property=\"og:locale\" content=\"ca_ES\" \/>\n<meta property=\"og:type\" content=\"article\" \/>\n<meta property=\"og:title\" content=\"AVISO de RIESGOS METEOROLOGICOS en la Comunidad Valenciana - Ajuntament de Santa Pola\" \/>\n<meta property=\"og:description\" content=\"Entre la DANA -gota fr\u00eda- y las tormentas que ahora surcan el Mediterr\u00e1neo, en la pr\u00f3xima madrugada podr\u00eda aparecer un medicane en el mar Balear. Se preve\u00e9 para esta madrugada que la zona m\u00e1s fr\u00eda de la DANA sobrepase el mar Balear, y la peque\u00f1a borrasca se dirija hacia el suroeste hasta llegar a las [&hellip;]\" \/>\n<meta property=\"og:url\" content=\"https:\/\/santapola.es\/ca\/aviso-de-riesgos-meteorologicos-en-la-comunidad-valenciana\/\" \/>\n<meta property=\"og:site_name\" content=\"Ajuntament de Santa Pola\" \/>\n<meta property=\"article:publisher\" content=\"https:\/\/www.facebook.com\/AyuntamientoSantaPola\/\" \/>\n<meta property=\"article:published_time\" content=\"2019-09-10T17:17:57+00:00\" \/>\n<meta property=\"article:modified_time\" content=\"2024-03-07T17:37:52+00:00\" \/>\n<meta property=\"og:image\" content=\"https:\/\/santapola.es\/wp-content\/uploads\/2019\/09\/DANA_09-09-19.jpg\" \/>\n\t<meta property=\"og:image:width\" content=\"911\" \/>\n\t<meta property=\"og:image:height\" content=\"683\" \/>\n\t<meta property=\"og:image:type\" content=\"image\/jpeg\" \/>\n<meta name=\"author\" content=\"\u00c1rea Municipal Alcald\u00eda\" \/>\n<meta name=\"twitter:card\" content=\"summary_large_image\" \/>\n<meta name=\"twitter:creator\" content=\"@SantaPolaAyunt\" \/>\n<meta name=\"twitter:site\" content=\"@SantaPolaAyunt\" \/>\n<script type=\"application\/ld+json\" class=\"yoast-schema-graph\">{\"@context\":\"https:\\\/\\\/schema.org\",\"@graph\":[{\"@type\":\"Article\",\"@id\":\"https:\\\/\\\/santapola.es\\\/ca\\\/aviso-de-riesgos-meteorologicos-en-la-comunidad-valenciana\\\/#article\",\"isPartOf\":{\"@id\":\"https:\\\/\\\/santapola.es\\\/ca\\\/aviso-de-riesgos-meteorologicos-en-la-comunidad-valenciana\\\/\"},\"author\":{\"name\":\"\u00c1rea Municipal Alcald\u00eda\",\"@id\":\"https:\\\/\\\/santapola.es\\\/ca\\\/#\\\/schema\\\/person\\\/c08381290b84c068e06ca5dc1f5a08a7\"},\"headline\":\"AVISO de RIESGOS METEOROLOGICOS en la Comunidad Valenciana\",\"datePublished\":\"2019-09-10T17:17:57+00:00\",\"dateModified\":\"2024-03-07T17:37:52+00:00\",\"mainEntityOfPage\":{\"@id\":\"https:\\\/\\\/santapola.es\\\/ca\\\/aviso-de-riesgos-meteorologicos-en-la-comunidad-valenciana\\\/\"},\"wordCount\":288,\"image\":{\"@id\":\"https:\\\/\\\/santapola.es\\\/ca\\\/aviso-de-riesgos-meteorologicos-en-la-comunidad-valenciana\\\/#primaryimage\"},\"thumbnailUrl\":\"https:\\\/\\\/santapola.es\\\/wp-content\\\/uploads\\\/2019\\\/09\\\/DANA_09-09-19.jpg\",\"articleSection\":[\"Avisos\",\"Inicio\",\"Seguridad Ciudadana \\\/ Protecci\u00f3n Civil\",\"Sin categorizar\"],\"inLanguage\":\"ca\"},{\"@type\":\"WebPage\",\"@id\":\"https:\\\/\\\/santapola.es\\\/ca\\\/aviso-de-riesgos-meteorologicos-en-la-comunidad-valenciana\\\/\",\"url\":\"https:\\\/\\\/santapola.es\\\/ca\\\/aviso-de-riesgos-meteorologicos-en-la-comunidad-valenciana\\\/\",\"name\":\"AVISO de RIESGOS METEOROLOGICOS en la Comunidad Valenciana - Ajuntament de Santa Pola\",\"isPartOf\":{\"@id\":\"https:\\\/\\\/santapola.es\\\/ca\\\/#website\"},\"primaryImageOfPage\":{\"@id\":\"https:\\\/\\\/santapola.es\\\/ca\\\/aviso-de-riesgos-meteorologicos-en-la-comunidad-valenciana\\\/#primaryimage\"},\"image\":{\"@id\":\"https:\\\/\\\/santapola.es\\\/ca\\\/aviso-de-riesgos-meteorologicos-en-la-comunidad-valenciana\\\/#primaryimage\"},\"thumbnailUrl\":\"https:\\\/\\\/santapola.es\\\/wp-content\\\/uploads\\\/2019\\\/09\\\/DANA_09-09-19.jpg\",\"datePublished\":\"2019-09-10T17:17:57+00:00\",\"dateModified\":\"2024-03-07T17:37:52+00:00\",\"author\":{\"@id\":\"https:\\\/\\\/santapola.es\\\/ca\\\/#\\\/schema\\\/person\\\/c08381290b84c068e06ca5dc1f5a08a7\"},\"breadcrumb\":{\"@id\":\"https:\\\/\\\/santapola.es\\\/ca\\\/aviso-de-riesgos-meteorologicos-en-la-comunidad-valenciana\\\/#breadcrumb\"},\"inLanguage\":\"ca\",\"potentialAction\":[{\"@type\":\"ReadAction\",\"target\":[\"https:\\\/\\\/santapola.es\\\/ca\\\/aviso-de-riesgos-meteorologicos-en-la-comunidad-valenciana\\\/\"]}]},{\"@type\":\"ImageObject\",\"inLanguage\":\"ca\",\"@id\":\"https:\\\/\\\/santapola.es\\\/ca\\\/aviso-de-riesgos-meteorologicos-en-la-comunidad-valenciana\\\/#primaryimage\",\"url\":\"https:\\\/\\\/santapola.es\\\/wp-content\\\/uploads\\\/2019\\\/09\\\/DANA_09-09-19.jpg\",\"contentUrl\":\"https:\\\/\\\/santapola.es\\\/wp-content\\\/uploads\\\/2019\\\/09\\\/DANA_09-09-19.jpg\",\"width\":911,\"height\":683},{\"@type\":\"BreadcrumbList\",\"@id\":\"https:\\\/\\\/santapola.es\\\/ca\\\/aviso-de-riesgos-meteorologicos-en-la-comunidad-valenciana\\\/#breadcrumb\",\"itemListElement\":[{\"@type\":\"ListItem\",\"position\":1,\"name\":\"Inici\",\"item\":\"https:\\\/\\\/santapola.es\\\/ca\\\/\"},{\"@type\":\"ListItem\",\"position\":2,\"name\":\"AVISO de RIESGOS METEOROLOGICOS en la Comunidad Valenciana\"}]},{\"@type\":\"WebSite\",\"@id\":\"https:\\\/\\\/santapola.es\\\/ca\\\/#website\",\"url\":\"https:\\\/\\\/santapola.es\\\/ca\\\/\",\"name\":\"Ayuntamiento de Santa Pola\",\"description\":\"Web de l'Ajuntament de Santa Pola\",\"potentialAction\":[{\"@type\":\"SearchAction\",\"target\":{\"@type\":\"EntryPoint\",\"urlTemplate\":\"https:\\\/\\\/santapola.es\\\/ca\\\/?s={search_term_string}\"},\"query-input\":{\"@type\":\"PropertyValueSpecification\",\"valueRequired\":true,\"valueName\":\"search_term_string\"}}],\"inLanguage\":\"ca\"},{\"@type\":\"Person\",\"@id\":\"https:\\\/\\\/santapola.es\\\/ca\\\/#\\\/schema\\\/person\\\/c08381290b84c068e06ca5dc1f5a08a7\",\"name\":\"\u00c1rea Municipal Alcald\u00eda\"}]}<\/script>\n<!-- \/ Yoast SEO plugin. -->","yoast_head_json":{"title":"AVISO de RIESGOS METEOROLOGICOS en la Comunidad Valenciana - Ajuntament de Santa Pola","robots":{"index":"index","follow":"follow","max-snippet":"max-snippet:-1","max-image-preview":"max-image-preview:large","max-video-preview":"max-video-preview:-1"},"canonical":"https:\/\/santapola.es\/ca\/aviso-de-riesgos-meteorologicos-en-la-comunidad-valenciana\/","og_locale":"ca_ES","og_type":"article","og_title":"AVISO de RIESGOS METEOROLOGICOS en la Comunidad Valenciana - Ajuntament de Santa Pola","og_description":"Entre la DANA -gota fr\u00eda- y las tormentas que ahora surcan el Mediterr\u00e1neo, en la pr\u00f3xima madrugada podr\u00eda aparecer un medicane en el mar Balear. Se preve\u00e9 para esta madrugada que la zona m\u00e1s fr\u00eda de la DANA sobrepase el mar Balear, y la peque\u00f1a borrasca se dirija hacia el suroeste hasta llegar a las [&hellip;]","og_url":"https:\/\/santapola.es\/ca\/aviso-de-riesgos-meteorologicos-en-la-comunidad-valenciana\/","og_site_name":"Ajuntament de Santa Pola","article_publisher":"https:\/\/www.facebook.com\/AyuntamientoSantaPola\/","article_published_time":"2019-09-10T17:17:57+00:00","article_modified_time":"2024-03-07T17:37:52+00:00","og_image":[{"width":911,"height":683,"url":"https:\/\/santapola.es\/wp-content\/uploads\/2019\/09\/DANA_09-09-19.jpg","type":"image\/jpeg"}],"author":"\u00c1rea Municipal Alcald\u00eda","twitter_card":"summary_large_image","twitter_creator":"@SantaPolaAyunt","twitter_site":"@SantaPolaAyunt","schema":{"@context":"https:\/\/schema.org","@graph":[{"@type":"Article","@id":"https:\/\/santapola.es\/ca\/aviso-de-riesgos-meteorologicos-en-la-comunidad-valenciana\/#article","isPartOf":{"@id":"https:\/\/santapola.es\/ca\/aviso-de-riesgos-meteorologicos-en-la-comunidad-valenciana\/"},"author":{"name":"\u00c1rea Municipal Alcald\u00eda","@id":"https:\/\/santapola.es\/ca\/#\/schema\/person\/c08381290b84c068e06ca5dc1f5a08a7"},"headline":"AVISO de RIESGOS METEOROLOGICOS en la Comunidad Valenciana","datePublished":"2019-09-10T17:17:57+00:00","dateModified":"2024-03-07T17:37:52+00:00","mainEntityOfPage":{"@id":"https:\/\/santapola.es\/ca\/aviso-de-riesgos-meteorologicos-en-la-comunidad-valenciana\/"},"wordCount":288,"image":{"@id":"https:\/\/santapola.es\/ca\/aviso-de-riesgos-meteorologicos-en-la-comunidad-valenciana\/#primaryimage"},"thumbnailUrl":"https:\/\/santapola.es\/wp-content\/uploads\/2019\/09\/DANA_09-09-19.jpg","articleSection":["Avisos","Inicio","Seguridad Ciudadana \/ Protecci\u00f3n Civil","Sin categorizar"],"inLanguage":"ca"},{"@type":"WebPage","@id":"https:\/\/santapola.es\/ca\/aviso-de-riesgos-meteorologicos-en-la-comunidad-valenciana\/","url":"https:\/\/santapola.es\/ca\/aviso-de-riesgos-meteorologicos-en-la-comunidad-valenciana\/","name":"AVISO de RIESGOS METEOROLOGICOS en la Comunidad Valenciana - Ajuntament de Santa Pola","isPartOf":{"@id":"https:\/\/santapola.es\/ca\/#website"},"primaryImageOfPage":{"@id":"https:\/\/santapola.es\/ca\/aviso-de-riesgos-meteorologicos-en-la-comunidad-valenciana\/#primaryimage"},"image":{"@id":"https:\/\/santapola.es\/ca\/aviso-de-riesgos-meteorologicos-en-la-comunidad-valenciana\/#primaryimage"},"thumbnailUrl":"https:\/\/santapola.es\/wp-content\/uploads\/2019\/09\/DANA_09-09-19.jpg","datePublished":"2019-09-10T17:17:57+00:00","dateModified":"2024-03-07T17:37:52+00:00","author":{"@id":"https:\/\/santapola.es\/ca\/#\/schema\/person\/c08381290b84c068e06ca5dc1f5a08a7"},"breadcrumb":{"@id":"https:\/\/santapola.es\/ca\/aviso-de-riesgos-meteorologicos-en-la-comunidad-valenciana\/#breadcrumb"},"inLanguage":"ca","potentialAction":[{"@type":"ReadAction","target":["https:\/\/santapola.es\/ca\/aviso-de-riesgos-meteorologicos-en-la-comunidad-valenciana\/"]}]},{"@type":"ImageObject","inLanguage":"ca","@id":"https:\/\/santapola.es\/ca\/aviso-de-riesgos-meteorologicos-en-la-comunidad-valenciana\/#primaryimage","url":"https:\/\/santapola.es\/wp-content\/uploads\/2019\/09\/DANA_09-09-19.jpg","contentUrl":"https:\/\/santapola.es\/wp-content\/uploads\/2019\/09\/DANA_09-09-19.jpg","width":911,"height":683},{"@type":"BreadcrumbList","@id":"https:\/\/santapola.es\/ca\/aviso-de-riesgos-meteorologicos-en-la-comunidad-valenciana\/#breadcrumb","itemListElement":[{"@type":"ListItem","position":1,"name":"Inici","item":"https:\/\/santapola.es\/ca\/"},{"@type":"ListItem","position":2,"name":"AVISO de RIESGOS METEOROLOGICOS en la Comunidad Valenciana"}]},{"@type":"WebSite","@id":"https:\/\/santapola.es\/ca\/#website","url":"https:\/\/santapola.es\/ca\/","name":"Ayuntamiento de Santa Pola","description":"Web de l'Ajuntament de Santa Pola","potentialAction":[{"@type":"SearchAction","target":{"@type":"EntryPoint","urlTemplate":"https:\/\/santapola.es\/ca\/?s={search_term_string}"},"query-input":{"@type":"PropertyValueSpecification","valueRequired":true,"valueName":"search_term_string"}}],"inLanguage":"ca"},{"@type":"Person","@id":"https:\/\/santapola.es\/ca\/#\/schema\/person\/c08381290b84c068e06ca5dc1f5a08a7","name":"\u00c1rea Municipal Alcald\u00eda"}]}},"_links":{"self":[{"href":"https:\/\/santapola.es\/ca\/wp-json\/wp\/v2\/posts\/10960","targetHints":{"allow":["GET"]}}],"collection":[{"href":"https:\/\/santapola.es\/ca\/wp-json\/wp\/v2\/posts"}],"about":[{"href":"https:\/\/santapola.es\/ca\/wp-json\/wp\/v2\/types\/post"}],"author":[{"embeddable":true,"href":"https:\/\/santapola.es\/ca\/wp-json\/wp\/v2\/users\/75"}],"replies":[{"embeddable":true,"href":"https:\/\/santapola.es\/ca\/wp-json\/wp\/v2\/comments?post=10960"}],"version-history":[{"count":0,"href":"https:\/\/santapola.es\/ca\/wp-json\/wp\/v2\/posts\/10960\/revisions"}],"wp:featuredmedia":[{"embeddable":true,"href":"https:\/\/santapola.es\/ca\/wp-json\/wp\/v2\/media\/10962"}],"wp:attachment":[{"href":"https:\/\/santapola.es\/ca\/wp-json\/wp\/v2\/media?parent=10960"}],"wp:term":[{"taxonomy":"category","embeddable":true,"href":"https:\/\/santapola.es\/ca\/wp-json\/wp\/v2\/categories?post=10960"},{"taxonomy":"post_tag","embeddable":true,"href":"https:\/\/santapola.es\/ca\/wp-json\/wp\/v2\/tags?post=10960"}],"curies":[{"name":"wp","href":"https:\/\/api.w.org\/{rel}","templated":true}]}}